{"id":1644,"date":"2021-01-04T17:18:18","date_gmt":"2021-01-04T14:18:18","guid":{"rendered":"https:\/\/flags-world.com\/lv\/2021\/01\/04\/serbijas-karogs-nozme-un-krsas\/"},"modified":"2021-01-04T17:18:18","modified_gmt":"2021-01-04T14:18:18","slug":"serbijas-karogs-nozme-un-krsas","status":"publish","type":"post","link":"https:\/\/flags-world.com\/lv\/serbijas-karogs-nozme-un-krsas\/","title":{"rendered":"Serbijas karogs: noz\u012bme un kr\u0101sas"},"content":{"rendered":"<p style=\"text-align: justify\">Serbija ir neparasta valsts, kas atrodas Eiropas krustcel\u0113s. Serbija ir bag\u0101ta ne tikai ar savas dabas skaistumu, ar\u012b ar daudziem revolucion\u0101riem, v\u0113sturiskiem un politiskiem notikumiem, ar kuriem vi\u0146i taj\u0101 ie\u0146\u0113ma personisku s\u0101kumu, bet p\u0113c kuriem vi\u0146i tos atvilka vis\u0101 sav\u0101 zem\u0113.<\/p>\n<p style=\"text-align: justify\">T\u0101tad m\u016bsdienu Serbijas karogs izskat\u0101s \u0161\u0101di:<\/p>\n<p style=\"text-align: justify\"><span itemprop=\"image\" itemscope itemtype=\"https:\/\/schema.org\/ImageObject\"><img itemprop=\"url image\" loading=\"lazy\" decoding=\"async\" class=\"alignnone size-full wp-image-4136\" src=\"\/wp-content\/uploads\/2021\/01\/flag-of-serbia_1.png\" width=\"500\" height=\"333\" alt=\"Serbijas karogs-1\" \/><meta itemprop=\"width\" content=\"500\"><meta itemprop=\"height\" content=\"333\"><\/span><\/p>\n<h2 style=\"text-align: justify\">Serbijas v\u0113stures karogs<\/h2>\n<p style=\"text-align: justify\">Pirm\u0101 saglab\u0101t\u0101 inform\u0101cija par karogu ir par Serbijas Karalistes past\u0101v\u0113\u0161anas laiku (1217-1346).) valdnieka Stefana Vladislava vad\u012bb\u0101, pirmk\u0101rt.<\/p>\n<p style=\"text-align: justify\"><span itemprop=\"image\" itemscope itemtype=\"https:\/\/schema.org\/ImageObject\"><img itemprop=\"url image\" loading=\"lazy\" decoding=\"async\" class=\"alignnone size-full wp-image-4137\" src=\"\/wp-content\/uploads\/2021\/01\/flag-of-serbia_2.png\" width=\"500\" height=\"250\" alt=\"Serbijas karogs-2\" \/><meta itemprop=\"width\" content=\"500\"><meta itemprop=\"height\" content=\"250\"><\/span><\/p>\n<p style=\"text-align: justify\">L\u012bdz Serbu Grie\u0137ijas karalistes izveido\u0161anai (1346-1371.), valstij jau ir 2. z\u012bme (1339 g.), kas da\u013c\u0113ji main\u012bj\u0101s imp\u0113rijas past\u0101v\u0113\u0161anas laik\u0101.<\/p>\n<p style=\"text-align: justify\"><span itemprop=\"image\" itemscope itemtype=\"https:\/\/schema.org\/ImageObject\"><img itemprop=\"url image\" loading=\"lazy\" decoding=\"async\" class=\"alignnone size-full wp-image-4138\" src=\"\/wp-content\/uploads\/2021\/01\/flag-of-serbia_3.png\" width=\"500\" height=\"333\" alt=\"Serbijas karogs-3\" \/><meta itemprop=\"width\" content=\"500\"><meta itemprop=\"height\" content=\"333\"><\/span><\/p>\n<p style=\"text-align: justify\">P\u0113d\u0113j\u0101 monarha n\u0101ves beig\u0101s valsts non\u0101ca Turcijas vasa\u013cu pak\u013caut\u012bb\u0101, un no 1459. g. Piln\u012bb\u0101 p\u0101r\u0146emts ar Osma\u0146anovu.<\/p>\n<p style=\"text-align: justify\"><span itemprop=\"image\" itemscope itemtype=\"https:\/\/schema.org\/ImageObject\"><img itemprop=\"url image\" loading=\"lazy\" decoding=\"async\" class=\"alignnone size-full wp-image-4139\" src=\"\/wp-content\/uploads\/2021\/01\/flag-of-serbia_4.png\" width=\"500\" height=\"333\" alt=\"Serbijas karogs-4\" \/><meta itemprop=\"width\" content=\"500\"><meta itemprop=\"height\" content=\"333\"><\/span><\/p>\n<p style=\"text-align: justify\">S\u0101kum\u0101, 19. gadsimt\u0101 Serbij\u0101, draugs otraj\u0101 notika: 2. un 1. Tagad partiz\u0101ni uzst\u0101j\u0101s zem da\u017e\u0101diem karogiem. Starp saglab\u0101taj\u0101m sug\u0101m ir p\u0101ris iesp\u0113ju:<\/p>\n<p style=\"text-align: justify\"><span itemprop=\"image\" itemscope itemtype=\"https:\/\/schema.org\/ImageObject\"><img itemprop=\"url image\" loading=\"lazy\" decoding=\"async\" class=\"alignnone size-full wp-image-4140\" src=\"\/wp-content\/uploads\/2021\/01\/flag-of-serbia_6.png\" width=\"500\" height=\"483\" alt=\"Serbijas karogs-5\" \/><meta itemprop=\"width\" content=\"500\"><meta itemprop=\"height\" content=\"483\"><\/span> <span itemprop=\"image\" itemscope itemtype=\"https:\/\/schema.org\/ImageObject\"><img itemprop=\"url image\" loading=\"lazy\" decoding=\"async\" class=\"alignnone size-full wp-image-4141\" src=\"\/wp-content\/uploads\/2021\/01\/flag-of-serbia_5.png\" width=\"500\" height=\"500\" alt=\"Serbijas karogs-6\" \/><meta itemprop=\"width\" content=\"500\"><meta itemprop=\"height\" content=\"500\"><\/span><\/p>\n<p style=\"text-align: justify\"><span itemprop=\"image\" itemscope itemtype=\"https:\/\/schema.org\/ImageObject\"><img itemprop=\"url image\" loading=\"lazy\" decoding=\"async\" class=\"alignnone size-full wp-image-4142\" src=\"\/wp-content\/uploads\/2021\/01\/flag-of-serbia_7.png\" alt=\"Serbijas karogs-7\" width=\"450\" height=\"324\" \/><meta itemprop=\"width\" content=\"450\"><meta itemprop=\"height\" content=\"324\"><\/span> <span itemprop=\"image\" itemscope itemtype=\"https:\/\/schema.org\/ImageObject\"><img itemprop=\"url image\" loading=\"lazy\" decoding=\"async\" class=\"alignnone size-full wp-image-4143\" src=\"\/wp-content\/uploads\/2021\/01\/flag-of-serbia_8.png\" width=\"500\" height=\"365\" alt=\"Serbijas karogs-8\" \/><meta itemprop=\"width\" content=\"500\"><meta itemprop=\"height\" content=\"365\"><\/span> <span itemprop=\"image\" itemscope itemtype=\"https:\/\/schema.org\/ImageObject\"><img itemprop=\"url image\" loading=\"lazy\" decoding=\"async\" class=\"alignnone size-full wp-image-4144\" src=\"\/wp-content\/uploads\/2021\/01\/flag-of-serbia_9.png\" width=\"415\" height=\"500\" alt=\"Serbijas karogs-9\" \/><meta itemprop=\"width\" content=\"415\"><meta itemprop=\"height\" content=\"500\"><\/span> <span itemprop=\"image\" itemscope itemtype=\"https:\/\/schema.org\/ImageObject\"><img itemprop=\"url image\" loading=\"lazy\" decoding=\"async\" class=\"alignnone size-full wp-image-4145\" src=\"\/wp-content\/uploads\/2021\/01\/flag-of-serbia_11.png\" width=\"500\" height=\"334\" alt=\"Serbijas karogs-10\" \/><meta itemprop=\"width\" content=\"500\"><meta itemprop=\"height\" content=\"334\"><\/span><\/p>\n<p style=\"text-align: justify\">C\u012b\u0146a par neatkar\u012bbu galu gal\u0101 deva labus rezult\u0101tus. XIX gadsimta 30. gadu pirmaj\u0101 pus\u0113 Serbija ieguva br\u012bvo statusu, un p\u0113c 5 gadiem vi\u0146a pie\u0146\u0113ma savu konstit\u016bciju, kas tika samaks\u0101ta vietai, lai aprakst\u012btu ofici\u0101lo z\u012bmi.<\/p>\n<p style=\"text-align: justify\"><span itemprop=\"image\" itemscope itemtype=\"https:\/\/schema.org\/ImageObject\"><img itemprop=\"url image\" loading=\"lazy\" decoding=\"async\" class=\"alignnone size-full wp-image-4146\" src=\"\/wp-content\/uploads\/2021\/01\/flag-of-serbia_10.png\" width=\"500\" height=\"457\" alt=\"Serbijas karogs-11\" \/><meta itemprop=\"width\" content=\"500\"><meta itemprop=\"height\" content=\"457\"><\/span><\/p>\n<p style=\"text-align: justify\">\u0160obr\u012bd tika izmantoti citi karogi:<\/p>\n<ul style=\"text-align: justify\">\n<li>Sarkanzili balts audums ar \u0123erboni centr\u0101 un 3 pusm\u0113ne\u0161iem virs vi\u0146a;<\/li>\n<li>l\u012bdz\u012bgi k\u0101 aug\u0161pus\u0113 ar 4 se\u0161staru zvaigzn\u0113m.<\/li>\n<\/ul>\n<p style=\"text-align: justify\"><span itemprop=\"image\" itemscope itemtype=\"https:\/\/schema.org\/ImageObject\"><img itemprop=\"url image\" loading=\"lazy\" decoding=\"async\" class=\"alignnone size-full wp-image-4147\" src=\"\/wp-content\/uploads\/2021\/01\/flag-of-serbia_12.png\" width=\"500\" height=\"333\" alt=\"Serbijas karogs-12\" \/><meta itemprop=\"width\" content=\"500\"><meta itemprop=\"height\" content=\"333\"><\/span><\/p>\n<p style=\"text-align: justify\">1878. gada beig\u0101s saska\u0146\u0101 ar Krievijas un Turcijas kara rezult\u0101tiem Serbija ieguva starptautisku atzin\u012bbu, un tuv\u0101kaj\u0101 n\u0101kotn\u0113 karaliste pazi\u0146oja. Valsts simbols tika main\u012bts uz valsts statusu. \u0160\u0101d\u0101 form\u0101 tas past\u0101v\u0113ja l\u012bdz Pirm\u0101 pasaules kara beig\u0101m.<\/p>\n<p style=\"text-align: justify\"><span itemprop=\"image\" itemscope itemtype=\"https:\/\/schema.org\/ImageObject\"><img itemprop=\"url image\" loading=\"lazy\" decoding=\"async\" class=\"alignnone size-full wp-image-4148\" src=\"\/wp-content\/uploads\/2021\/01\/flag-of-serbia_13.png\" width=\"500\" height=\"333\" alt=\"Serbijas karogs-13\" \/><meta itemprop=\"width\" content=\"500\"><meta itemprop=\"height\" content=\"333\"><\/span><\/p>\n<p style=\"text-align: justify\">1918. gada decembr\u012b. Tika izveidota jauna valsts &#8211; serbu, horv\u0101tu un slov\u0113\u0146u karaliste, kas 1929.g. T\u0101 tika p\u0101rd\u0113v\u0113ta par Dienvidsl\u0101vijas karalisti. Abos gad\u012bjumos valsts ofici\u0101l\u0101 z\u012bme bija horizont\u0101ls tr\u012bskr\u0101sains.<\/p>\n<p style=\"text-align: justify\"><span itemprop=\"image\" itemscope itemtype=\"https:\/\/schema.org\/ImageObject\"><img itemprop=\"url image\" loading=\"lazy\" decoding=\"async\" class=\"alignnone size-full wp-image-4149\" src=\"\/wp-content\/uploads\/2021\/01\/flag-of-serbia_14.png\" width=\"500\" height=\"333\" alt=\"Serbijas karogs-14\" \/><meta itemprop=\"width\" content=\"500\"><meta itemprop=\"height\" content=\"333\"><\/span><\/p>\n<p style=\"text-align: justify\">Dienvidsl\u0101vijas okup\u0101cijas laik\u0101 tika izveidota valsts gl\u0101b\u0161anas vald\u012bba, kurai bija personisks simbols.<\/p>\n<p style=\"text-align: justify\"><span itemprop=\"image\" itemscope itemtype=\"https:\/\/schema.org\/ImageObject\"><img itemprop=\"url image\" loading=\"lazy\" decoding=\"async\" class=\"alignnone size-full wp-image-4150\" src=\"\/wp-content\/uploads\/2021\/01\/flag-of-serbia_15.png\" width=\"500\" height=\"335\" alt=\"Serbijas karogs-15\" \/><meta itemprop=\"width\" content=\"500\"><meta itemprop=\"height\" content=\"335\"><\/span><\/p>\n<p style=\"text-align: justify\">2. glob\u0101l\u0101s pasaules beig\u0101s \u0161aj\u0101 apvid\u016b tika organiz\u0113ta feder\u0101l\u0101 (n\u0101kam\u0101 soci\u0101listisk\u0101) Dienvidsl\u0101vijas Tautas Republika, kuras sast\u0101v\u0101 bija Serbijas Soci\u0101listisk\u0101 Republika, kurai ir simbolisms.<\/p>\n<p style=\"text-align: justify\"><span itemprop=\"image\" itemscope itemtype=\"https:\/\/schema.org\/ImageObject\"><img itemprop=\"url image\" loading=\"lazy\" decoding=\"async\" class=\"alignnone size-full wp-image-4151\" src=\"\/wp-content\/uploads\/2021\/01\/flag-of-serbia_16.png\" width=\"500\" height=\"250\" alt=\"Serbijas karogs-16\" \/><meta itemprop=\"width\" content=\"500\"><meta itemprop=\"height\" content=\"250\"><\/span><\/p>\n<p style=\"text-align: justify\">Dienvidsl\u0101vijas sabrukums 1992. Vi\u0146\u0161 noveda pie 2 valstu alianses izveides: un Serbijas Melnkalnes, kuras ofici\u0101l\u0101 z\u012bme apstiprin\u0101ja 1918.\u20131945.\u00a0gada perioda simbolisma versiju. Atsevi\u0161\u0137i sev Serbijas Republika apstiprin\u0101ja karoga 2.skatu, mainot balt\u0101s un sarkan\u0101s sv\u012btras.<\/p>\n<p style=\"text-align: justify\"><span itemprop=\"image\" itemscope itemtype=\"https:\/\/schema.org\/ImageObject\"><img itemprop=\"url image\" loading=\"lazy\" decoding=\"async\" class=\"alignnone size-full wp-image-4152\" src=\"\/wp-content\/uploads\/2021\/01\/flag-of-serbia_17.png\" width=\"500\" height=\"250\" alt=\"Serbijas karogs-17\" \/><meta itemprop=\"width\" content=\"500\"><meta itemprop=\"height\" content=\"250\"><\/span><\/p>\n<p style=\"text-align: justify\">Serbijas un Melnkalnes savien\u012bbai nebija senas v\u0113stures, un 2004. gad\u0101 t\u0101 sabruka, un Serbija vienlaikus pazi\u0146oja par atsevi\u0161\u0137as valsts att\u012bst\u012bbu. \u0160im nol\u016bkam vi\u0146as simbolika tika main\u012bta &#8211; tr\u012bskr\u0101sainam tika uzlikts roku att\u0113ls.<\/p>\n<p style=\"text-align: justify\"><span itemprop=\"image\" itemscope itemtype=\"https:\/\/schema.org\/ImageObject\"><img itemprop=\"url image\" loading=\"lazy\" decoding=\"async\" class=\"alignnone size-full wp-image-4153\" src=\"\/wp-content\/uploads\/2021\/01\/flag-of-serbia_18.png\" width=\"500\" height=\"333\" alt=\"Serbijas karogs-18\" \/><meta itemprop=\"width\" content=\"500\"><meta itemprop=\"height\" content=\"333\"><\/span><\/p>\n<p style=\"text-align: justify\">M\u016bsdienu valsts karogs ir apstiprin\u0101ts 2010. gad\u0101. Tas praktiski atk\u0101rto iepriek\u0161\u0113jo versiju, da\u013c\u0113ji mainot \u0123erbo\u0146a izskatu.<\/p>\n<h2 style=\"text-align: justify\">Apraksts<\/h2>\n<p style=\"text-align: justify\">Serbijas valsts simbols ir taisnst\u016brveida audums, kas saloc\u012bts no trim vien\u0101d\u0101m horizont\u0101l\u0101m sv\u012btr\u0101m:<\/p>\n<ol style=\"text-align: justify\">\n<li>Sarkans &#8211; aug\u0161da\u013ca;<\/li>\n<li>Zils &#8211; vid\u0113ji;<\/li>\n<li>Balts &#8211; apak\u0161\u0101.<\/li>\n<\/ol>\n<p style=\"text-align: justify\">1\/7 att\u0101lum\u0101 no karoga garuma no koka puses rakst\u012bts Serbijas maz\u0101 \u0123erbo\u0146a skats.<\/p>\n<p style=\"text-align: justify\"><span itemprop=\"image\" itemscope itemtype=\"https:\/\/schema.org\/ImageObject\"><img itemprop=\"url image\" loading=\"lazy\" decoding=\"async\" class=\"alignnone size-full wp-image-4154\" src=\"\/wp-content\/uploads\/2021\/01\/flag-of-serbia_19.png\" width=\"253\" height=\"500\" alt=\"Serbijas karogs-19\" \/><meta itemprop=\"width\" content=\"253\"><meta itemprop=\"height\" content=\"500\"><\/span><\/p>\n<p style=\"text-align: justify\">Mazais \u0123erbonis, kas att\u0113lots uz z\u012bmes, sast\u0101v no 2 baltiem \u0113rg\u013ciem ar atv\u0113rtiem kn\u0101bjiem un slauc\u0101m\u0101m pus\u0113m. Tie ir att\u0113loti uz sarkan\u0101 fona vairoga, virs kura galv\u0101m ir vainags. Serbijas krusts, pamatojoties uz embl\u0113mu, kas ierakst\u012bta \u0123erbo\u0146a centr\u0101laj\u0101 da\u013c\u0101 Bizantijas periods 13.\u00a0gs.<\/p>\n<p style=\"text-align: justify\"><span itemprop=\"image\" itemscope itemtype=\"https:\/\/schema.org\/ImageObject\"><img itemprop=\"url image\" loading=\"lazy\" decoding=\"async\" class=\"alignnone size-full wp-image-4155\" src=\"\/wp-content\/uploads\/2021\/01\/flag-of-serbia_20.png\" width=\"500\" height=\"500\" alt=\"Serbijas karogs-20\" \/><meta itemprop=\"width\" content=\"500\"><meta itemprop=\"height\" content=\"500\"><\/span><\/p>\n<p style=\"text-align: justify\">At\u0161\u0137ir\u012bba ir t\u0101da, ka &quot;Ohaio&quot; simbols un krusts ir balt\u0101 serbu versij\u0101, bet bizantie\u0161u valod\u0101 &#8211; dzelten\u0101.<\/p>\n<p style=\"text-align: justify\"><span itemprop=\"image\" itemscope itemtype=\"https:\/\/schema.org\/ImageObject\"><img itemprop=\"url image\" loading=\"lazy\" decoding=\"async\" class=\"alignnone size-full wp-image-4156\" src=\"\/wp-content\/uploads\/2021\/01\/flag-of-serbia_21.png\" width=\"500\" height=\"281\" alt=\"Serbijas karogs-21\" \/><meta itemprop=\"width\" content=\"500\"><meta itemprop=\"height\" content=\"281\"><\/span><\/p>\n<h2 style=\"text-align: justify\">Serbijas kr\u0101su karogs<\/h2>\n<p style=\"text-align: justify\">Serbijas ofici\u0101lajam simbolam ir tr\u012bs galven\u0101s kr\u0101sas: sarkana, zila, balta. Neskaitot tos, kas izmantoti tiem pa\u0161iem papildu to\u0146iem maz\u0101 \u0123erbo\u0146a att\u0113lam: dzeltens, melns.<\/p>\n<h2 style=\"text-align: justify\">Serbijas karoga kr\u0101su noz\u012bme<\/h2>\n<p style=\"text-align: justify\">Karoga kr\u0101s\u0101s izmantot\u0101s kr\u0101sas tiek \u0146emtas, lai apr\u0113\u0137in\u0101tu panslavyan to\u0146us, ne\u0146emot v\u0113r\u0101 faktu, ka t\u0101da pati kr\u0101su palete ir pieejama ar\u012b N\u012bderland\u0113. Nor\u0101d\u012bt\u0101s kr\u0101sas:<\/p>\n<ol style=\"text-align: justify\">\n<li>Zils &#8211; simboliz\u0113 serbu tautas god\u012bgumu un \u0161\u0137\u012bst\u012bbu;<\/li>\n<li>Sarkans &#8211; personific\u0113 serbu m\u012blest\u012bbu un drosmi, kuri par vienot\u012bbu un m\u012blest\u012bbu pret savu valsti c\u012bn\u012bj\u0101s vis\u0101s c\u012b\u0146\u0101s, kas krita uz vi\u0146as smago da\u013cu;<\/li>\n<li>Di\u017ecilt\u012bba &#8211; un balt\u0101 pasaules z\u012bme.<\/li>\n<\/ol>\n<h2 style=\"text-align: justify\">Citi karogi<\/h2>\n<p style=\"text-align: justify\">Republik\u0101 tiek ra\u017eoti karogi un izk\u0101rtnes pils\u0113tb\u016bvniec\u012bb\u0101m un da\u017e\u0101d\u0101m iest\u0101d\u0113m. Starp vi\u0146iem:<\/p>\n<ul style=\"text-align: justify\">\n<li>Vald\u012bbas<\/li>\n<\/ul>\n<p>Valsts prezidenta standarts (pane\u013cu skatam ir milz\u012bga l\u012bdz\u012bba ar kara\u013ca karali Aleksandru Pirmo);<\/p>\n<p style=\"text-align: justify\"><span itemprop=\"image\" itemscope itemtype=\"https:\/\/schema.org\/ImageObject\"><img itemprop=\"url image\" loading=\"lazy\" decoding=\"async\" class=\"alignnone size-full wp-image-4157\" src=\"\/wp-content\/uploads\/2021\/01\/flag-of-serbia_22.png\" width=\"500\" height=\"500\" alt=\"Serbijas karogs-22\" \/><meta itemprop=\"width\" content=\"500\"><meta itemprop=\"height\" content=\"500\"><\/span><\/p>\n<ul>\n<li>Republikas Valsts asamblejas prezidenta standarts,<\/li>\n<\/ul>\n<p style=\"text-align: justify\"><span itemprop=\"image\" itemscope itemtype=\"https:\/\/schema.org\/ImageObject\"><img itemprop=\"url image\" loading=\"lazy\" decoding=\"async\" class=\"alignnone size-full wp-image-4158\" src=\"\/wp-content\/uploads\/2021\/01\/flag-of-serbia_23.png\" width=\"500\" height=\"500\" alt=\"Serbijas karogs-23\" \/><meta itemprop=\"width\" content=\"500\"><meta itemprop=\"height\" content=\"500\"><\/span><\/p>\n<ul style=\"text-align: justify\">\n<li>Armija<\/li>\n<\/ul>\n<p>Serbijas sauszemes armiju brig\u0101de;<\/p>\n<p style=\"text-align: justify\"><span itemprop=\"image\" itemscope itemtype=\"https:\/\/schema.org\/ImageObject\"><img itemprop=\"url image\" loading=\"lazy\" decoding=\"async\" class=\"alignnone size-full wp-image-4159\" src=\"\/wp-content\/uploads\/2021\/01\/flag-of-serbia_1.jpg\" width=\"500\" height=\"243\" alt=\"Serbijas karogs-24\" \/><meta itemprop=\"width\" content=\"500\"><meta itemprop=\"height\" content=\"243\"><\/span><\/p>\n<ul>\n<li>VVS brig\u0101de;<\/li>\n<\/ul>\n<p style=\"text-align: justify\"><span itemprop=\"image\" itemscope itemtype=\"https:\/\/schema.org\/ImageObject\"><img itemprop=\"url image\" loading=\"lazy\" decoding=\"async\" class=\"alignnone size-full wp-image-4160\" src=\"\/wp-content\/uploads\/2021\/01\/flag-of-serbia_2.jpg\" width=\"500\" height=\"243\" alt=\"Serbijas karogs-25\" \/><meta itemprop=\"width\" content=\"500\"><meta itemprop=\"height\" content=\"243\"><\/span><\/p>\n<ul>\n<li>Milit\u0101r\u0101 policija;<\/li>\n<\/ul>\n<p style=\"text-align: justify\"><span itemprop=\"image\" itemscope itemtype=\"https:\/\/schema.org\/ImageObject\"><img itemprop=\"url image\" loading=\"lazy\" decoding=\"async\" class=\"alignnone size-full wp-image-4161\" src=\"\/wp-content\/uploads\/2021\/01\/flag-of-serbia_3.jpg\" width=\"500\" height=\"243\" alt=\"Serbijas karogs-26\" \/><meta itemprop=\"width\" content=\"500\"><meta itemprop=\"height\" content=\"243\"><\/span><\/p>\n<ul>\n<li>Serbijas gvarde;<\/li>\n<\/ul>\n<p style=\"text-align: justify\"><span itemprop=\"image\" itemscope itemtype=\"https:\/\/schema.org\/ImageObject\"><img itemprop=\"url image\" loading=\"lazy\" decoding=\"async\" class=\"alignnone size-full wp-image-4162\" src=\"\/wp-content\/uploads\/2021\/01\/flag-of-serbia_4.jpg\" width=\"500\" height=\"243\" alt=\"Serbijas karogs-27\" \/><meta itemprop=\"width\" content=\"500\"><meta itemprop=\"height\" content=\"243\"><\/span><\/p>\n<ul>\n<li>valsts armijas upju flote;<\/li>\n<\/ul>\n<p style=\"text-align: justify\"><span itemprop=\"image\" itemscope itemtype=\"https:\/\/schema.org\/ImageObject\"><img itemprop=\"url image\" loading=\"lazy\" decoding=\"async\" class=\"alignnone size-full wp-image-4163\" src=\"\/wp-content\/uploads\/2021\/01\/flag-of-serbia_24.png\" width=\"500\" height=\"333\" alt=\"Serbijas karogs-28\" \/><meta itemprop=\"width\" content=\"500\"><meta itemprop=\"height\" content=\"333\"><\/span><\/p>\n<ul>\n<li>Inform\u0101cijas dro\u0161\u012bbas a\u0123ent\u016bra.<\/li>\n<\/ul>\n<p style=\"text-align: justify\"><span itemprop=\"image\" itemscope itemtype=\"https:\/\/schema.org\/ImageObject\"><img itemprop=\"url image\" loading=\"lazy\" decoding=\"async\" class=\"alignnone size-full wp-image-4164\" src=\"\/wp-content\/uploads\/2021\/01\/flag-of-serbia_5.jpg\" width=\"500\" height=\"498\" alt=\"Serbijas karogs-29\" \/><meta itemprop=\"width\" content=\"500\"><meta itemprop=\"height\" content=\"498\"><\/span><\/p>\n<ul style=\"text-align: justify\">\n<li>Teritori\u0101l\u0101<\/li>\n<\/ul>\n<p style=\"text-align: justify\">Serbijas Republikai ir br\u012bva Vojvodinas province. T\u0101s ofici\u0101l\u0101 z\u012bme ir sarkanzils audums ar 3 zvaigzn\u0113m uz zila fona.<\/p>\n<p style=\"text-align: justify\"><span itemprop=\"image\" itemscope itemtype=\"https:\/\/schema.org\/ImageObject\"><img itemprop=\"url image\" loading=\"lazy\" decoding=\"async\" class=\"alignnone size-full wp-image-4165\" src=\"\/wp-content\/uploads\/2021\/01\/flag-of-serbia_25.png\" width=\"500\" height=\"250\" alt=\"Serbijas karogs-30\" \/><meta itemprop=\"width\" content=\"500\"><meta itemprop=\"height\" content=\"250\"><\/span><\/p>\n<p style=\"text-align: justify\">Salonos ir at\u013cauts ieviest un izmantot otro ofici\u0101lo anul\u0113\u0161anas simbolu.<\/p>\n<p style=\"text-align: justify\"><span itemprop=\"image\" itemscope itemtype=\"https:\/\/schema.org\/ImageObject\"><img itemprop=\"url image\" loading=\"lazy\" decoding=\"async\" class=\"alignnone size-full wp-image-4166\" src=\"\/wp-content\/uploads\/2021\/01\/flag-of-serbia_26.png\" width=\"500\" height=\"309\" alt=\"Serbijas karogs-31\" \/><meta itemprop=\"width\" content=\"500\"><meta itemprop=\"height\" content=\"309\"><\/span><\/p>\n<p style=\"text-align: justify\">Kop\u0101 ar cit\u0101m z\u012bm\u0113m Serbijas pareiztic\u012bgo bazn\u012bcai ir personisk\u0101 karoga versija.<\/p>\n<p style=\"text-align: justify\"><span itemprop=\"image\" itemscope itemtype=\"https:\/\/schema.org\/ImageObject\"><img itemprop=\"url image\" loading=\"lazy\" decoding=\"async\" class=\"alignnone size-full wp-image-4167\" src=\"\/wp-content\/uploads\/2021\/01\/flag-of-serbia_27.png\" width=\"500\" height=\"131\" alt=\"Serbijas karogs-32\" \/><meta itemprop=\"width\" content=\"500\"><meta itemprop=\"height\" content=\"131\"><\/span><\/p>\n<h2 style=\"text-align: justify\">Interesanti fakti par karogu<\/h2>\n<p style=\"text-align: justify\">Publiskajai \u012bsteno\u0161anai karoga opcija ir at\u013cauta bez \u0123erbo\u0146a, kas ir Serbijas Republikas k\u0101 Bosnijas un Hercegovinas da\u013cas ofici\u0101l\u0101 z\u012bme.<\/p>\n<p style=\"text-align: justify\"><span itemprop=\"image\" itemscope itemtype=\"https:\/\/schema.org\/ImageObject\"><img itemprop=\"url image\" loading=\"lazy\" decoding=\"async\" class=\"alignnone size-full wp-image-4168\" src=\"\/wp-content\/uploads\/2021\/01\/flag-of-serbia_28.png\" width=\"500\" height=\"250\" alt=\"Serbijas karogs-33\" \/><meta itemprop=\"width\" content=\"500\"><meta itemprop=\"height\" content=\"250\"><\/span><\/p>\n<h2 style=\"text-align: justify\">Nespecializ\u0113ta inform\u0101cija par Serbiju<\/h2>\n<table>\n<tbody>\n<tr>\n<td>Ofici\u0101l\u0101 valoda<\/td>\n<td>serbu<\/td>\n<\/tr>\n<tr>\n<td>Kapit\u0101ls<\/td>\n<td>Belgrada<\/td>\n<\/tr>\n<tr>\n<td>Teritorija<\/td>\n<td>88 407 km2<\/td>\n<\/tr>\n<tr>\n<td>Popul\u0101cija<\/td>\n<td>6 963 764 cilv\u0113ki<\/td>\n<\/tr>\n<tr>\n<td>Val\u016bta<\/td>\n<td>Serbijas din\u0101rs (RSD, kods 941)<\/td>\n<\/tr>\n<tr>\n<td>Telefona kods<\/td>\n<td>+381<\/td>\n<\/tr>\n<\/tbody>\n<\/table>\n","protected":false},"excerpt":{"rendered":"<p>Serbija ir neparasta valsts, kas atrodas Eiropas krustcel\u0113s. Serbija ir bag\u0101ta ne tikai ar savas dabas skaistumu, ar\u012b ar daudziem revolucion\u0101riem, v\u0113sturiskiem un politiskiem notikumiem, ar kuriem vi\u0146i&#8230;<\/p>\n","protected":false},"author":1,"featured_media":5943,"comment_status":"open","ping_status":"open","sticky":false,"template":"","format":"standard","meta":{"footnotes":""},"categories":[3],"tags":[],"class_list":["post-1644","post","type-post","status-publish","format-standard","has-post-thumbnail","","category-eiropas-karogi"],"aioseo_notices":[],"_links":{"self":[{"href":"https:\/\/flags-world.com\/lv\/wp-json\/wp\/v2\/posts\/1644","targetHints":{"allow":["GET"]}}],"collection":[{"href":"https:\/\/flags-world.com\/lv\/wp-json\/wp\/v2\/posts"}],"about":[{"href":"https:\/\/flags-world.com\/lv\/wp-json\/wp\/v2\/types\/post"}],"author":[{"embeddable":true,"href":"https:\/\/flags-world.com\/lv\/wp-json\/wp\/v2\/users\/1"}],"replies":[{"embeddable":true,"href":"https:\/\/flags-world.com\/lv\/wp-json\/wp\/v2\/comments?post=1644"}],"version-history":[{"count":0,"href":"https:\/\/flags-world.com\/lv\/wp-json\/wp\/v2\/posts\/1644\/revisions"}],"wp:featuredmedia":[{"embeddable":true,"href":"https:\/\/flags-world.com\/lv\/wp-json\/wp\/v2\/media\/5943"}],"wp:attachment":[{"href":"https:\/\/flags-world.com\/lv\/wp-json\/wp\/v2\/media?parent=1644"}],"wp:term":[{"taxonomy":"category","embeddable":true,"href":"https:\/\/flags-world.com\/lv\/wp-json\/wp\/v2\/categories?post=1644"},{"taxonomy":"post_tag","embeddable":true,"href":"https:\/\/flags-world.com\/lv\/wp-json\/wp\/v2\/tags?post=1644"}],"curies":[{"name":"wp","href":"https:\/\/api.w.org\/{rel}","templated":true}]}}