{"id":1643,"date":"2021-01-04T17:18:18","date_gmt":"2021-01-04T14:18:18","guid":{"rendered":"https:\/\/flags-world.com\/lv\/2021\/01\/04\/seneglas-karogs-nozme-un-krsas\/"},"modified":"2021-01-04T17:18:18","modified_gmt":"2021-01-04T14:18:18","slug":"seneglas-karogs-nozme-un-krsas","status":"publish","type":"post","link":"https:\/\/flags-world.com\/lv\/seneglas-karogs-nozme-un-krsas\/","title":{"rendered":"Seneg\u0101las karogs: noz\u012bme un kr\u0101sas"},"content":{"rendered":"<p style=\"text-align: justify\">Seneg\u0101las Republika &#8211; Rietum\u0101frikas valsts, kuras nosaukums c\u0113lies no t\u0101s pa\u0161as upes. T\u0101s teritorija ir 196.7 t\u016bksto\u0161i.kv.km., un iedz\u012bvot\u0101ju skaits ir 14 miljoni. Cilv\u0113ks.<\/p>\n<p style=\"text-align: justify\">T\u0101tad m\u016bsdienu Seneg\u0101las karogs izskat\u0101s:<\/p>\n<p style=\"text-align: justify\"><span itemprop=\"image\" itemscope itemtype=\"https:\/\/schema.org\/ImageObject\"><img itemprop=\"url image\" loading=\"lazy\" decoding=\"async\" class=\"alignnone size-full wp-image-4180\" src=\"\/wp-content\/uploads\/2021\/01\/flag-of-senegal-meaning-and-colors_1.png\" width=\"500\" height=\"333\" alt=\"Seneg\u0101las karogs-1\" \/><meta itemprop=\"width\" content=\"500\"><meta itemprop=\"height\" content=\"333\"><\/span><\/p>\n<h2 style=\"text-align: justify\">Seneg\u0101las v\u0113stures karogs<\/h2>\n<p style=\"text-align: justify\">L\u012bdz otr\u0101s t\u016bksto\u0161gades vidum. NS. \u0100frikas rietumu re\u0123ion\u0101 valstu veido\u0161an\u0101s no \u0161aj\u0101 viet\u0101 dz\u012bvojo\u0161ajiem, taut\u0101m un etniskaj\u0101m grup\u0101m. XV gadsimt\u0101 Seneg\u0101l\u0101 par\u0101d\u012bj\u0101s pirmie eiropie\u0161i &#8211; portug\u0101\u013ci. No 17. l\u012bdz 19. gadsimta beig\u0101m \u0161o re\u0123ionu pak\u0101peniski koloniz\u0113ja fran\u010di, un saprotamiem notikumiem k\u0101 z\u012bmi izmantoja fran\u010du tr\u012bskr\u0101su.<\/p>\n<p style=\"text-align: justify\"><span itemprop=\"image\" itemscope itemtype=\"https:\/\/schema.org\/ImageObject\"><img itemprop=\"url image\" loading=\"lazy\" decoding=\"async\" class=\"alignnone size-full wp-image-4181\" src=\"\/wp-content\/uploads\/2021\/01\/flag-of-senegal-meaning-and-colors_2.png\" width=\"500\" height=\"333\" alt=\"Seneg\u0101las karogs-2\" \/><meta itemprop=\"width\" content=\"500\"><meta itemprop=\"height\" content=\"333\"><\/span><\/p>\n<p style=\"text-align: justify\">Ar divdesmit\u0101 gadsimta s\u0101kumu un pirms vi\u0146a vidus Seneg\u0101la bija cie\u0161\u0101ka saikne ar citu fran\u010du koloniju &#8211; Mali, un 1959-1960 tika administrat\u012bvi apvienota ar vi\u0146u Mali feder\u0101cij\u0101. T\u0101 laika ofici\u0101l\u0101 z\u012bme bija audums, kas l\u012bdz\u012bgs m\u016bsdienu karogam, tikai ar at\u0161\u0137ir\u012bbu, ka centr\u0101 bija cilv\u0113ka siluets.<\/p>\n<p style=\"text-align: justify\"><span itemprop=\"image\" itemscope itemtype=\"https:\/\/schema.org\/ImageObject\"><img itemprop=\"url image\" loading=\"lazy\" decoding=\"async\" class=\"alignnone size-full wp-image-4182\" src=\"\/wp-content\/uploads\/2021\/01\/flag-of-senegal-meaning-and-colors_3.png\" width=\"500\" height=\"333\" alt=\"Seneg\u0101las karogs-3\" \/><meta itemprop=\"width\" content=\"500\"><meta itemprop=\"height\" content=\"333\"><\/span><\/p>\n<p style=\"text-align: justify\">Pirms iest\u0101\u0161an\u0101s feder\u0101cij\u0101 divdesmit\u0101 gadsimta 50. gadu otraj\u0101 pus\u0113 Seneg\u0101la tika pasludin\u0101ta par Francijas sabiedr\u012bbas pa\u0161p\u0101rvaldes teritoriju ar savu simboliku.<\/p>\n<p style=\"text-align: justify\"><span itemprop=\"image\" itemscope itemtype=\"https:\/\/schema.org\/ImageObject\"><img itemprop=\"url image\" loading=\"lazy\" decoding=\"async\" class=\"alignnone size-full wp-image-4183\" src=\"\/wp-content\/uploads\/2021\/01\/flag-of-senegal-meaning-and-colors_4.png\" width=\"500\" height=\"333\" alt=\"Seneg\u0101las karogs-4\" \/><meta itemprop=\"width\" content=\"500\"><meta itemprop=\"height\" content=\"333\"><\/span><\/p>\n<p style=\"text-align: justify\">Mali feder\u0101cijas politisko nesaska\u0146u rezult\u0101t\u0101\u00a0gados un 20.\u00a0gadsimta 60. pus\u0113 Seneg\u0101la ieguva neatkar\u012bbu. August\u0101 tika pie\u0146emta jauna karoga versija.<\/p>\n<h2 style=\"text-align: justify\">Apraksts<\/h2>\n<p style=\"text-align: justify\">Seneg\u0101las karogs &#8211; tas ir taisnst\u016bra formas audums, kura malas atbilst proporcij\u0101m no 2 l\u012bdz 3. Attiec\u012bgaj\u0101 valsts Satversmes pant\u0101 t\u0101s apraksts att\u0113lots saloc\u012bts no vertik\u0101l\u0101m tr\u012bs formas sloksn\u0113m &#8211; za\u013ca, zelta un sarkana. Zelta Lizas centr\u0101 ir att\u0113lota za\u013cganas kr\u0101sas piecstaru zvaigzne.<\/p>\n<blockquote>\n<p style=\"text-align: justify\">Praks\u0113 zelta kr\u0101sas viet\u0101 vid\u0113jai sloksnei, gandr\u012bz vismaz cikos, tiek izmantota dzelten\u012bga.<\/p>\n<\/blockquote>\n<h2 style=\"text-align: justify\">Seneg\u0101las kr\u0101su karogs<\/h2>\n<p style=\"text-align: justify\">Republikas z\u012bm\u0113 izmantotas tr\u012bs kr\u0101sas:<\/p>\n<ol>\n<li style=\"text-align: justify\">Za\u013c\u0161;<\/li>\n<li style=\"text-align: justify\">Dzeltens (zelts);<\/li>\n<li style=\"text-align: justify\">sarkans.<\/li>\n<\/ol>\n<h2 style=\"text-align: justify\">Kr\u0101su karogs Seneg\u0101la<\/h2>\n<p style=\"text-align: justify\">Kr\u0101su z\u012bmei ir piem\u0113rota kr\u0101sa Pan\u0101frikas valst\u012bm.<\/p>\n<ol style=\"text-align: justify\">\n<li>Za\u013c\u0101 \u2013 musulma\u0146u iedz\u012bvot\u0101jiem ir pravie\u0161a kr\u0101sa, kristie\u0161iem t\u0101 ir augl\u012bba un cer\u012bbas z\u012bme.<\/li>\n<li>Dzeltens &#8211; bag\u0101t\u012bba str\u0101dniekiem, atbilde uz vi\u0146a ekonomiskaj\u0101m probl\u0113m\u0101m. Zelts (dzeltens) simboliz\u0113 pr\u0101tu, prasmi, rakst\u012b\u0161anu.<\/li>\n<li>Sarkans &#8211; asinis, upuru piemi\u0146a no visas civiliz\u0101cijas puses un likte\u0146a kr\u0101sa, katra iedz\u012bvot\u0101ja dedz\u012bba c\u012b\u0146\u0101 pret nepietiekamu att\u012bst\u012bbu.<\/li>\n<\/ol>\n<blockquote>\n<p style=\"text-align: justify\">Piecstaru zvaigzne simboliz\u0113 dedz\u012bbas un augsta gar\u012bguma debesis. Za\u013cais tonis ir Seneg\u0101las Republikas neatkar\u012bba un cer\u012bba uz n\u0101kotni. 5 zvaigznes stari noz\u012bm\u0113 valsti 5 kontinentos.<\/p>\n<\/blockquote>\n<h2 style=\"text-align: justify\">L\u012bdz\u012bgi karogi<\/h2>\n<p style=\"text-align: justify\">Seneg\u0101las Republikas karogam ir l\u012bdz\u012bbas ar t\u0101du valstu valsts z\u012bm\u0113m k\u0101:<\/p>\n<ul style=\"text-align: justify\">\n<li>Kamer\u016bna,<\/li>\n<\/ul>\n<p style=\"text-align: justify\"><span itemprop=\"image\" itemscope itemtype=\"https:\/\/schema.org\/ImageObject\"><img itemprop=\"url image\" loading=\"lazy\" decoding=\"async\" class=\"alignnone size-full wp-image-4184\" src=\"\/wp-content\/uploads\/2021\/01\/flag-of-senegal-meaning-and-colors_5.png\" width=\"500\" height=\"333\" alt=\"Seneg\u0101las karogs-5\" \/><meta itemprop=\"width\" content=\"500\"><meta itemprop=\"height\" content=\"333\"><\/span><\/p>\n<ul style=\"text-align: justify\">\n<li>Gvineja,<\/li>\n<\/ul>\n<p style=\"text-align: justify\"><span itemprop=\"image\" itemscope itemtype=\"https:\/\/schema.org\/ImageObject\"><img itemprop=\"url image\" loading=\"lazy\" decoding=\"async\" class=\"alignnone size-full wp-image-4185\" src=\"\/wp-content\/uploads\/2021\/01\/flag-of-senegal-meaning-and-colors_6.png\" width=\"500\" height=\"333\" alt=\"Seneg\u0101las karogs-6\" \/><meta itemprop=\"width\" content=\"500\"><meta itemprop=\"height\" content=\"333\"><\/span><\/p>\n<ul style=\"text-align: justify\">\n<li>Mali.<\/li>\n<\/ul>\n<p style=\"text-align: justify\"><span itemprop=\"image\" itemscope itemtype=\"https:\/\/schema.org\/ImageObject\"><img itemprop=\"url image\" loading=\"lazy\" decoding=\"async\" class=\"alignnone size-full wp-image-4186\" src=\"\/wp-content\/uploads\/2021\/01\/flag-of-senegal-meaning-and-colors_7.png\" width=\"500\" height=\"333\" alt=\"Seneg\u0101las karogs-7\" \/><meta itemprop=\"width\" content=\"500\"><meta itemprop=\"height\" content=\"333\"><\/span><\/p>\n<h2 style=\"text-align: justify\">Interesanti fakti par karogu<\/h2>\n<p style=\"text-align: justify\">Valsts ofici\u0101l\u0101s z\u012bmes kr\u0101sas un 2. interpret\u0101cija. Tr\u012bs kr\u0101sas ir tr\u012bs politisk\u0101s partijas, kas apvienoju\u0161\u0101s Seneg\u0101las progresa savien\u012bb\u0101 (\u0161obr\u012bd Soci\u0101listisk\u0101 partija Seneg\u0101la:<\/p>\n<ol style=\"text-align: justify\">\n<li>Za\u013cais &#8211; demokr\u0101tiskais bloks;<\/li>\n<li>Dzeltens &#8211; cilv\u0113ku kust\u012bba;<\/li>\n<li>Sarkan\u0101 &#8211; Soci\u0101listisk\u0101s darb\u012bbas partija.<\/li>\n<\/ol>\n<blockquote>\n<p style=\"text-align: justify\">Piecstaru zvaigzne atg\u0101dina cilv\u0113ka ideogrammu, kas att\u0113lota sal\u016bzu\u0161\u0101s Mali feder\u0101cijas z\u012bmes centr\u0101.<\/p>\n<\/blockquote>\n<h2 style=\"text-align: justify\">Nespecializ\u0113ta inform\u0101cija par Seneg\u0101lu<\/h2>\n<table>\n<tbody>\n<tr style=\"text-align: justify\">\n<td>Ofici\u0101l\u0101 valoda<\/td>\n<td>Fran\u010du, ar\u0101bu valodai (Tr\u016bce) ir valsts valodas statuss<\/td>\n<\/tr>\n<tr style=\"text-align: justify\">\n<td>Kapit\u0101ls<\/td>\n<td>Dak\u0101ra<\/td>\n<\/tr>\n<tr style=\"text-align: justify\">\n<td>Teritorija<\/td>\n<td>196 722 km2<\/td>\n<\/tr>\n<tr style=\"text-align: justify\">\n<td>Popul\u0101cija<\/td>\n<td>13 300 410 cilv\u0113ki<\/td>\n<\/tr>\n<tr style=\"text-align: justify\">\n<td>Val\u016bta<\/td>\n<td>Frenks CFA<\/td>\n<\/tr>\n<tr>\n<td style=\"text-align: justify\">Telefona kods<\/td>\n<td style=\"text-align: justify\">+221<\/td>\n<\/tr>\n<\/tbody>\n<\/table>\n","protected":false},"excerpt":{"rendered":"<p>Seneg\u0101las Republika &#8211; Rietum\u0101frikas valsts, kuras nosaukums c\u0113lies no t\u0101s pa\u0161as upes. T\u0101s teritorija ir 196.7 t\u016bksto\u0161i.kv.km., un iedz\u012bvot\u0101ju skaits ir 14 miljoni. Cilv\u0113ks. T\u0101tad m\u016bsdienu Seneg\u0101las karogs&#8230;<\/p>\n","protected":false},"author":1,"featured_media":5942,"comment_status":"open","ping_status":"open","sticky":false,"template":"","format":"standard","meta":{"footnotes":""},"categories":[5],"tags":[],"class_list":["post-1643","post","type-post","status-publish","format-standard","has-post-thumbnail","","category-frikas-valstu-karogi"],"aioseo_notices":[],"_links":{"self":[{"href":"https:\/\/flags-world.com\/lv\/wp-json\/wp\/v2\/posts\/1643","targetHints":{"allow":["GET"]}}],"collection":[{"href":"https:\/\/flags-world.com\/lv\/wp-json\/wp\/v2\/posts"}],"about":[{"href":"https:\/\/flags-world.com\/lv\/wp-json\/wp\/v2\/types\/post"}],"author":[{"embeddable":true,"href":"https:\/\/flags-world.com\/lv\/wp-json\/wp\/v2\/users\/1"}],"replies":[{"embeddable":true,"href":"https:\/\/flags-world.com\/lv\/wp-json\/wp\/v2\/comments?post=1643"}],"version-history":[{"count":0,"href":"https:\/\/flags-world.com\/lv\/wp-json\/wp\/v2\/posts\/1643\/revisions"}],"wp:featuredmedia":[{"embeddable":true,"href":"https:\/\/flags-world.com\/lv\/wp-json\/wp\/v2\/media\/5942"}],"wp:attachment":[{"href":"https:\/\/flags-world.com\/lv\/wp-json\/wp\/v2\/media?parent=1643"}],"wp:term":[{"taxonomy":"category","embeddable":true,"href":"https:\/\/flags-world.com\/lv\/wp-json\/wp\/v2\/categories?post=1643"},{"taxonomy":"post_tag","embeddable":true,"href":"https:\/\/flags-world.com\/lv\/wp-json\/wp\/v2\/tags?post=1643"}],"curies":[{"name":"wp","href":"https:\/\/api.w.org\/{rel}","templated":true}]}}