{"id":1642,"date":"2021-01-04T17:18:18","date_gmt":"2021-01-04T14:18:18","guid":{"rendered":"https:\/\/flags-world.com\/lv\/2021\/01\/04\/seielu-salu-karogs-nozme-un-krsas\/"},"modified":"2021-01-04T17:18:18","modified_gmt":"2021-01-04T14:18:18","slug":"seielu-salu-karogs-nozme-un-krsas","status":"publish","type":"post","link":"https:\/\/flags-world.com\/lv\/seielu-salu-karogs-nozme-un-krsas\/","title":{"rendered":"Sei\u0161elu salu karogs: noz\u012bme un kr\u0101sas"},"content":{"rendered":"<p style=\"text-align: justify\">Sei\u0161elu salu vald\u012bba atrodas uz dienvidiem no ekvatora Indijas oke\u0101na rietumu da\u013c\u0101. Republika sast\u0101v no 115 sal\u0101m, no kur\u0101m tikai 33 ir apdz\u012bvotas. Iedz\u012bvot\u0101ju skaits ir aptuveni 100 t\u016bksto\u0161i cilv\u0113ku, plat\u012bba 455 kvadr\u0101tmetri. km.<\/p>\n<p style=\"text-align: justify\">T\u0101tad m\u016bsdienu Sei\u0161elu salu karogs:<\/p>\n<p style=\"text-align: justify\"><span itemprop=\"image\" itemscope itemtype=\"https:\/\/schema.org\/ImageObject\"><img itemprop=\"url image\" loading=\"lazy\" decoding=\"async\" class=\"alignnone size-full wp-image-4661\" src=\"\/wp-content\/uploads\/2021\/01\/flag-of-seychelles_1.png\" width=\"500\" height=\"250\" alt=\"Sei\u0161elu salu karogs-1\" \/><meta itemprop=\"width\" content=\"500\"><meta itemprop=\"height\" content=\"250\"><\/span><\/p>\n<h2 style=\"text-align: justify\">Sei\u0161elu salu v\u0113stures karogs<\/h2>\n<p style=\"text-align: justify\">Salu atkl\u0101\u0161ana dat\u0113ta ar 1502. gadu. Pirmie eiropie\u0161i, kas izk\u0101pa arhipel\u0101g\u0101 1609. gad\u0101, bija briti. 18. gadsimt\u0101 fran\u010di tr\u012bs reizes tika st\u0101d\u012bti arhipel\u0101g\u0101, un 18. gadsimta 2. pus\u0113 vi\u0146\u0161 tika nodots Francijas \u012bpa\u0161um\u0101. Papildus tam teritorija tika nosaukta par godu Francijas Moro de Sihela ministrijas vad\u012bt\u0101jam. Perioda z\u012bme, ko apkalpo Francijas karaliskais standarts (Burbonu \u0123imene).<\/p>\n<p style=\"text-align: justify\"><span itemprop=\"image\" itemscope itemtype=\"https:\/\/schema.org\/ImageObject\"><img itemprop=\"url image\" loading=\"lazy\" decoding=\"async\" class=\"alignnone size-full wp-image-4662\" src=\"\/wp-content\/uploads\/2021\/01\/flag-of-seychelles_2.png\" width=\"500\" height=\"333\" alt=\"Sei\u0161elu salu karogs-2\" \/><meta itemprop=\"width\" content=\"500\"><meta itemprop=\"height\" content=\"333\"><\/span><\/p>\n<p style=\"text-align: justify\">Saska\u0146\u0101 ar Francijas revol\u016bcijas kariem un Napoleona perioda beig\u0101m salas tika piln\u012bb\u0101 nodro\u0161in\u0101tas k\u0101 Anglijas \u012bpa\u0161ums. 1903. gad\u0101 vi\u0146i ieguva atsevi\u0161\u0137as kolonijas statusu, un, t\u0101pat k\u0101 citiem l\u012bdz\u012bgiem \u012bpa\u0161umiem, tai tika izveidota personisk\u0101 z\u012bme.<\/p>\n<p style=\"text-align: justify\"><span itemprop=\"image\" itemscope itemtype=\"https:\/\/schema.org\/ImageObject\"><img itemprop=\"url image\" loading=\"lazy\" decoding=\"async\" class=\"alignnone size-full wp-image-4663\" src=\"\/wp-content\/uploads\/2021\/01\/flag-of-seychelles_3.png\" alt=\"Sei\u0161elu salu karogs-3\" width=\"432\" height=\"216\" \/><meta itemprop=\"width\" content=\"432\"><meta itemprop=\"height\" content=\"216\"><\/span><\/p>\n<p style=\"text-align: justify\">\u0160\u012b iesp\u0113ja past\u0101v\u0113ja l\u012bdz 1961. gadam. No 1961. l\u012bdz 1976. gadam. vi\u0146\u0161 netika p\u0101rveidots.<\/p>\n<p style=\"text-align: justify\"><span itemprop=\"image\" itemscope itemtype=\"https:\/\/schema.org\/ImageObject\"><img itemprop=\"url image\" loading=\"lazy\" decoding=\"async\" class=\"alignnone size-full wp-image-4664\" src=\"\/wp-content\/uploads\/2021\/01\/flag-of-seychelles_4.png\" alt=\"Sei\u0161elu salu karogs-4\" width=\"432\" height=\"216\" \/><meta itemprop=\"width\" content=\"432\"><meta itemprop=\"height\" content=\"216\"><\/span><\/p>\n<p style=\"text-align: justify\">1976. gad\u0101. Salas ieguva neatkar\u012bbu no Lielbrit\u0101nijas, un pirmaj\u0101 gad\u0101 tika izmantota jauna br\u012bvas valsts z\u012bme. Vi\u0146a kr\u0101sas un krustveida izvietojums noz\u012bm\u0113ja, ka britus un fran\u010dus k\u0101dreiz p\u0101rvald\u012bja salas.<\/p>\n<p style=\"text-align: justify\"><span itemprop=\"image\" itemscope itemtype=\"https:\/\/schema.org\/ImageObject\"><img itemprop=\"url image\" loading=\"lazy\" decoding=\"async\" class=\"alignnone size-full wp-image-4665\" src=\"\/wp-content\/uploads\/2021\/01\/flag-of-seychelles_5.png\" width=\"500\" height=\"250\" alt=\"Sei\u0161elu salu karogs-5\" \/><meta itemprop=\"width\" content=\"500\"><meta itemprop=\"height\" content=\"250\"><\/span><\/p>\n<p style=\"text-align: justify\">Turkl\u0101t \u0161\u012b z\u012bme apvienoja komandas, kas simboliz\u0113 2 vado\u0161\u0101s partijas:<\/p>\n<ul style=\"text-align: justify\">\n<li>Apvienot\u0101 tautas partija (ONP),<\/li>\n<\/ul>\n<p style=\"text-align: justify\"><span itemprop=\"image\" itemscope itemtype=\"https:\/\/schema.org\/ImageObject\"><img itemprop=\"url image\" loading=\"lazy\" decoding=\"async\" class=\"alignnone size-full wp-image-4666\" src=\"\/wp-content\/uploads\/2021\/01\/flag-of-seychelles_6.png\" alt=\"Sei\u0161elu salu karogs-6\" width=\"84\" height=\"87\" \/><meta itemprop=\"width\" content=\"84\"><meta itemprop=\"height\" content=\"87\"><\/span><\/p>\n<ul style=\"text-align: justify\">\n<li>Demokr\u0101tisk\u0101 partija (DP).<\/li>\n<\/ul>\n<p style=\"text-align: justify\"><span itemprop=\"image\" itemscope itemtype=\"https:\/\/schema.org\/ImageObject\"><img itemprop=\"url image\" loading=\"lazy\" decoding=\"async\" class=\"alignnone size-full wp-image-4667\" src=\"\/wp-content\/uploads\/2021\/01\/flag-of-seychelles_7.png\" alt=\"Sei\u0161elu salu karogs-7\" width=\"170\" height=\"107\" \/><meta itemprop=\"width\" content=\"170\"><meta itemprop=\"height\" content=\"107\"><\/span><\/p>\n<p style=\"text-align: justify\">1977. gad\u0101. apv\u0113rsuma rezult\u0101t\u0101, kas n\u0101ca pie varas, main\u012bja UNP ofici\u0101los simbolus. Lai to izdar\u012btu b\u0101zei, bija atsaukta partijas z\u012bme, bet vi\u0146\u0161 no\u0146\u0113ma saules att\u0113lu. \u0160\u012b iesp\u0113ja past\u0101v\u0113ja l\u012bdz 1996. gada j\u016bnijam, ko pie\u0146\u0113ma m\u016bsdienu karogs.<\/p>\n<p style=\"text-align: justify\"><span itemprop=\"image\" itemscope itemtype=\"https:\/\/schema.org\/ImageObject\"><img itemprop=\"url image\" loading=\"lazy\" decoding=\"async\" class=\"alignnone size-full wp-image-4668\" src=\"\/wp-content\/uploads\/2021\/01\/flag-of-seychelles_8.png\" width=\"500\" height=\"250\" alt=\"Sei\u0161elu salu karogs-8\" \/><meta itemprop=\"width\" content=\"500\"><meta itemprop=\"height\" content=\"250\"><\/span><\/p>\n<h2 style=\"text-align: justify\">Apraksts<\/h2>\n<p style=\"text-align: justify\">Taisnst\u016bra pane\u013ca malu attiec\u012bba ir no 1 l\u012bdz 2. Vi\u0146a s\u0101nu da\u013ca sadal\u012bta tr\u012bs vien\u0101d\u0101s da\u013c\u0101s gan garum\u0101, gan platum\u0101. No apak\u0161\u0113j\u0101 kreis\u0101 st\u016bra (uz v\u0101rpstas) ir \u010detras sijas, kas ir drupin\u0101ts audums 5 daudzkr\u0101saini sl\u012bpi sektori. To atra\u0161an\u0101s vietas sec\u012bba ir \u0161\u0101da:<\/p>\n<ol style=\"text-align: justify\">\n<li>Blu;<\/li>\n<li>Dzeltens;<\/li>\n<li>Sarkans;<\/li>\n<li>Balts;<\/li>\n<li>Za\u013c\u0161.<\/li>\n<\/ol>\n<h2 style=\"text-align: justify\">Sei\u0161elu salu kr\u0101su karogs<\/h2>\n<p style=\"text-align: justify\">Karogam ir 5 kr\u0101sas:<\/p>\n<ol>\n<li style=\"text-align: justify\">Zils;<\/li>\n<li style=\"text-align: justify\">Dzeltens;<\/li>\n<li style=\"text-align: justify\">Sarkans;<\/li>\n<li style=\"text-align: justify\">Balts;<\/li>\n<li style=\"text-align: justify\">Za\u013c\u0161.<\/li>\n<\/ol>\n<h2 style=\"text-align: justify\">Noz\u012bm\u0113 kr\u0101su karoga Sei\u0161elu salas<\/h2>\n<p style=\"text-align: justify\">Izmantot\u0101s karoga kr\u0101sas att\u0113lo:<\/p>\n<ol style=\"text-align: justify\">\n<li>Zils &#8211; debesis un j\u016bra, kas ieskauj Sei\u0161elu salas;<\/li>\n<li>Dzeltens &#8211; saule;<\/li>\n<li>Sarkans &#8211; vi\u0146u vienot\u012bba un cilv\u0113ku degsme darbojas miera, taisn\u012bguma un m\u012blest\u012bbas v\u0101rd\u0101;<\/li>\n<li>Balt\u0101 kr\u0101sa ir likuma priorit\u0101te;<\/li>\n<li>Za\u013c\u0161 &#8211; dz\u012bv\u0101 Zemes daba un bag\u0101t\u012bga ve\u0123et\u0101cija.<\/li>\n<\/ol>\n<p style=\"text-align: justify\">Kr\u0101su to\u0146u karogs Sei\u0161elu sal\u0101m ir 2. apz\u012bm\u0113jums. Sarkans, balts un za\u013c\u0161 &#8211; \u0161\u012bs ir partijas progres\u012bv\u0101s Sei\u0161elu salu tautas frontes kr\u0101sas, un balt\u0101 un dzelten\u0101 pieder pie br\u012bv\u0101s partijas Sei\u0161elu salu kr\u0101s\u0101m.<\/p>\n<blockquote>\n<p style=\"text-align: justify\">Par pak\u0101penisku nozaru papla\u0161in\u0101\u0161anos liecina Sei\u0161elu salu att\u012bst\u012bba un to iedz\u012bvot\u0101ju ener\u0123ija.<\/p>\n<\/blockquote>\n<h2 style=\"text-align: justify\">Citi karogi<\/h2>\n<p style=\"text-align: justify\">Valsts prezidenta standarts izskat\u0101s tikpat labi k\u0101 valsts simbols, bet ar \u0123erboni uz Sarkan\u0101s sv\u012btras.<\/p>\n<p style=\"text-align: justify\"><span itemprop=\"image\" itemscope itemtype=\"https:\/\/schema.org\/ImageObject\"><img itemprop=\"url image\" loading=\"lazy\" decoding=\"async\" class=\"alignnone size-full wp-image-4669\" src=\"\/wp-content\/uploads\/2021\/01\/flag-of-seychelles_9.png\" width=\"500\" height=\"250\" alt=\"Sei\u0161elu salu karogs-9\" \/><meta itemprop=\"width\" content=\"500\"><meta itemprop=\"height\" content=\"250\"><\/span><\/p>\n<p style=\"text-align: justify\">Valstij ir karogi, kas nav der\u012bgi otraj\u0101m valsts strukt\u016br\u0101m:<\/p>\n<ul style=\"text-align: justify\">\n<li>Armijas karoga sejas puse, groz\u0101ma;<\/li>\n<\/ul>\n<p style=\"text-align: justify\"><span itemprop=\"image\" itemscope itemtype=\"https:\/\/schema.org\/ImageObject\"><img itemprop=\"url image\" loading=\"lazy\" decoding=\"async\" class=\"alignnone size-full wp-image-4670\" src=\"\/wp-content\/uploads\/2021\/01\/flag-of-seychelles_1.jpg\" width=\"500\" height=\"279\" alt=\"Sei\u0161elu salu karogs-10\" \/><meta itemprop=\"width\" content=\"500\"><meta itemprop=\"height\" content=\"279\"><\/span> <span itemprop=\"image\" itemscope itemtype=\"https:\/\/schema.org\/ImageObject\"><img itemprop=\"url image\" loading=\"lazy\" decoding=\"async\" class=\"alignnone size-full wp-image-4671\" src=\"\/wp-content\/uploads\/2021\/01\/flag-of-seychelles_2.jpg\" width=\"500\" height=\"279\" alt=\"Sei\u0161elu salu karogs-11\" \/><meta itemprop=\"width\" content=\"500\"><meta itemprop=\"height\" content=\"279\"><\/span><\/p>\n<ul style=\"text-align: justify\">\n<li>Sauszemes armijas;<\/li>\n<\/ul>\n<p style=\"text-align: justify\"><span itemprop=\"image\" itemscope itemtype=\"https:\/\/schema.org\/ImageObject\"><img itemprop=\"url image\" loading=\"lazy\" decoding=\"async\" class=\"alignnone size-full wp-image-4672\" src=\"\/wp-content\/uploads\/2021\/01\/flag-of-seychelles_3.jpg\" width=\"435\" height=\"500\" alt=\"Sei\u0161elu salu karogs-12\" \/><meta itemprop=\"width\" content=\"435\"><meta itemprop=\"height\" content=\"500\"><\/span><\/p>\n<ul style=\"text-align: justify\">\n<li>Gaisa armija;<\/li>\n<\/ul>\n<p style=\"text-align: justify\"><span itemprop=\"image\" itemscope itemtype=\"https:\/\/schema.org\/ImageObject\"><img itemprop=\"url image\" loading=\"lazy\" decoding=\"async\" class=\"alignnone size-full wp-image-4673\" src=\"\/wp-content\/uploads\/2021\/01\/flag-of-seychelles_4.jpg\" width=\"437\" height=\"500\" alt=\"Sei\u0161elu salu karogs-13\" \/><meta itemprop=\"width\" content=\"437\"><meta itemprop=\"height\" content=\"500\"><\/span><\/p>\n<ul style=\"text-align: justify\">\n<li>Navy.<\/li>\n<\/ul>\n<p style=\"text-align: justify\"><span itemprop=\"image\" itemscope itemtype=\"https:\/\/schema.org\/ImageObject\"><img itemprop=\"url image\" loading=\"lazy\" decoding=\"async\" class=\"alignnone size-full wp-image-4674\" src=\"\/wp-content\/uploads\/2021\/01\/flag-of-seychelles_5.jpg\" width=\"434\" height=\"500\" alt=\"Sei\u0161elu salu karogs-14\" \/><meta itemprop=\"width\" content=\"434\"><meta itemprop=\"height\" content=\"500\"><\/span><\/p>\n<h2 style=\"text-align: justify\">Nespecializ\u0113ta inform\u0101cija par Sei\u0161elu sal\u0101m<\/h2>\n<table>\n<tbody>\n<tr style=\"text-align: justify\">\n<td>Ofici\u0101l\u0101 valoda<\/td>\n<td>fran\u010du, Sei\u0161elu un ang\u013cu<\/td>\n<\/tr>\n<tr style=\"text-align: justify\">\n<td>Kapit\u0101ls<\/td>\n<td>Viktorija<\/td>\n<\/tr>\n<tr style=\"text-align: justify\">\n<td>Teritorija<\/td>\n<td>455 km2<\/td>\n<\/tr>\n<tr style=\"text-align: justify\">\n<td>Popul\u0101cija<\/td>\n<td>90 024 cilv\u0113ki<\/td>\n<\/tr>\n<tr style=\"text-align: justify\">\n<td>Val\u016bta<\/td>\n<td>Sei\u0161elu salu r\u016bpija<\/td>\n<\/tr>\n<tr>\n<td style=\"text-align: justify\">Telefona kods<\/td>\n<td style=\"text-align: justify\">+248<\/td>\n<\/tr>\n<\/tbody>\n<\/table>\n","protected":false},"excerpt":{"rendered":"<p>Sei\u0161elu salu vald\u012bba atrodas uz dienvidiem no ekvatora Indijas oke\u0101na rietumu da\u013c\u0101. Republika sast\u0101v no 115 sal\u0101m, no kur\u0101m tikai 33 ir apdz\u012bvotas. Iedz\u012bvot\u0101ju skaits ir aptuveni 100&#8230;<\/p>\n","protected":false},"author":1,"featured_media":5941,"comment_status":"open","ping_status":"open","sticky":false,"template":"","format":"standard","meta":{"footnotes":""},"categories":[5],"tags":[],"class_list":["post-1642","post","type-post","status-publish","format-standard","has-post-thumbnail","","category-frikas-valstu-karogi"],"aioseo_notices":[],"_links":{"self":[{"href":"https:\/\/flags-world.com\/lv\/wp-json\/wp\/v2\/posts\/1642","targetHints":{"allow":["GET"]}}],"collection":[{"href":"https:\/\/flags-world.com\/lv\/wp-json\/wp\/v2\/posts"}],"about":[{"href":"https:\/\/flags-world.com\/lv\/wp-json\/wp\/v2\/types\/post"}],"author":[{"embeddable":true,"href":"https:\/\/flags-world.com\/lv\/wp-json\/wp\/v2\/users\/1"}],"replies":[{"embeddable":true,"href":"https:\/\/flags-world.com\/lv\/wp-json\/wp\/v2\/comments?post=1642"}],"version-history":[{"count":0,"href":"https:\/\/flags-world.com\/lv\/wp-json\/wp\/v2\/posts\/1642\/revisions"}],"wp:featuredmedia":[{"embeddable":true,"href":"https:\/\/flags-world.com\/lv\/wp-json\/wp\/v2\/media\/5941"}],"wp:attachment":[{"href":"https:\/\/flags-world.com\/lv\/wp-json\/wp\/v2\/media?parent=1642"}],"wp:term":[{"taxonomy":"category","embeddable":true,"href":"https:\/\/flags-world.com\/lv\/wp-json\/wp\/v2\/categories?post=1642"},{"taxonomy":"post_tag","embeddable":true,"href":"https:\/\/flags-world.com\/lv\/wp-json\/wp\/v2\/tags?post=1642"}],"curies":[{"name":"wp","href":"https:\/\/api.w.org\/{rel}","templated":true}]}}