{"id":1641,"date":"2021-01-04T17:18:18","date_gmt":"2021-01-04T14:18:18","guid":{"rendered":"https:\/\/flags-world.com\/lv\/2021\/01\/04\/sada-arbijas-karogs-nozme-un-krsas\/"},"modified":"2021-01-04T17:18:18","modified_gmt":"2021-01-04T14:18:18","slug":"sada-arbijas-karogs-nozme-un-krsas","status":"publish","type":"post","link":"https:\/\/flags-world.com\/lv\/sada-arbijas-karogs-nozme-un-krsas\/","title":{"rendered":"Sa\u016bda Ar\u0101bijas karogs: noz\u012bme un kr\u0101sas"},"content":{"rendered":"<p style=\"text-align: justify\">M\u016bsdienu Sa\u016bda Ar\u0101bijas pa\u0161vald\u012bbas karogs tika apstiprin\u0101ts XX gadsimta 70. gadu pirmaj\u0101 pus\u0113. Rad\u012b\u0161anas v\u0113sture un uz t\u0101s att\u0113lot\u0101s z\u012bmes ir liels entuziasms.<\/p>\n<p style=\"text-align: justify\">T\u0101tad m\u016bsdienu Sa\u016bda Ar\u0101bijas karogs izskat\u0101s:<\/p>\n<p style=\"text-align: justify\"><span itemprop=\"image\" itemscope itemtype=\"https:\/\/schema.org\/ImageObject\"><img itemprop=\"url image\" loading=\"lazy\" decoding=\"async\" class=\"alignnone size-full wp-image-4189\" src=\"\/wp-content\/uploads\/2021\/01\/flag-of-saudi-arabia_1.png\" width=\"500\" height=\"334\" alt=\"Sa\u016bda Ar\u0101bijas karogs-1\" \/><meta itemprop=\"width\" content=\"500\"><meta itemprop=\"height\" content=\"334\"><\/span><\/p>\n<h2 style=\"text-align: justify\">Sa\u016bda Ar\u0101bijas v\u0113stures karogs<\/h2>\n<p style=\"text-align: justify\">Valsts nosaukums c\u0113lies no rupj\u0101s Sa\u016bda Ar\u0101bijas \u0123imenes. Sa\u016bda Ar\u0101bijas priek\u0161te\u010di bija ned\u0113\u013cas un Hijaz.<\/p>\n<p style=\"text-align: justify\">Asto\u0146padsmit\u0101 gadsimta 40. gadu pirmaj\u0101 pus\u0113 Mohammeds Abdel-Vahabs un Mohammeds Ibn Sauds nodibin\u0101ja Sa\u016bda Ar\u0101bijas pirmo vald\u012bbas Diri\u0161u emir\u0101tu. Centr\u0101lais padotais bija padotais. Nenijas karogs no 1744. l\u012bdz 1891. gadam. Tas bija za\u013cgans taisnst\u016brveida audums ar baltu pusm\u0113ness.<\/p>\n<p style=\"text-align: justify\"><span itemprop=\"image\" itemscope itemtype=\"https:\/\/schema.org\/ImageObject\"><img itemprop=\"url image\" loading=\"lazy\" decoding=\"async\" class=\"alignnone size-full wp-image-4190\" src=\"\/wp-content\/uploads\/2021\/01\/flag-of-saudi-arabia_2.png\" width=\"500\" height=\"345\" alt=\"Sa\u016bda Ar\u0101bijas karogs-2\" \/><meta itemprop=\"width\" content=\"500\"><meta itemprop=\"height\" content=\"345\"><\/span><\/p>\n<p style=\"text-align: justify\">1818. gad\u0101 \u0113\u0123iptie\u0161i sak\u0101va 1. Sa\u016bda Ar\u0101bijas vald\u012bbu. Uz iepriek\u0161 padots valstij, haoss un civilais dzin\u0113js. Valdnieks bija turki no Sa\u016bda Ar\u0101bijas s\u0101nzara, un kura beig\u0101s &#8211; vi\u0146a p\u0113cn\u0101c\u0113js Faisals. Tika izveidota jaun\u0101 Sa\u016bda Ar\u0101bijas vald\u012bba.<\/p>\n<p style=\"text-align: justify\">Padotie sa\u016bdi taj\u0101 laik\u0101 bija emir\u0101ts Jebel-Shammar. T\u0101 s\u0101k\u0101s c\u012b\u0146a par varu starp \u0123imen\u0113m. Kl\u0101ns Al-Ra\u0161ids. \u0160\u012bs \u0123imenes karogs bija sarkans audums ar dzelten\u012bgu pusm\u0113ness partiju un asto\u0146staru zvaigzni aug\u0161\u0113j\u0101 labaj\u0101 st\u016br\u012b. \u0160is rekl\u0101mkarogs past\u0101v\u0113ja no 1835. l\u012bdz 1920. gadam.<\/p>\n<p style=\"text-align: justify\"><span itemprop=\"image\" itemscope itemtype=\"https:\/\/schema.org\/ImageObject\"><img itemprop=\"url image\" loading=\"lazy\" decoding=\"async\" class=\"alignnone size-full wp-image-4191\" src=\"\/wp-content\/uploads\/2021\/01\/flag-of-saudi-arabia_3.png\" width=\"500\" height=\"345\" alt=\"Sa\u016bda Ar\u0101bijas karogs-3\" \/><meta itemprop=\"width\" content=\"500\"><meta itemprop=\"height\" content=\"345\"><\/span><\/p>\n<p style=\"text-align: justify\">L\u012bdz 1891. gadam. Otr\u0101 Sa\u016bda Ar\u0101bijas vald\u012bba izjuka. Emir\u0101ts Jebel-Shammar pastiprin\u0101j\u0101s, piesaistot sev liel\u0101ko da\u013cu no pus\u0113m.<\/p>\n<p style=\"text-align: justify\">1902. gad\u0101 Abdul-Azizs, kas ir valdo\u0161\u0101s \u0123imenes p\u0113ctecis, sa\u0146\u0113ma pal\u012bdz\u012bbu no em\u012bra Kuveitas cilv\u0113ku un iero\u010du veid\u0101. Abduls-Azizs drosm\u012bgi ierad\u0101s un ie\u0146\u0113ma Sa\u016bda \u0101tr\u0101s pal\u012bdz\u012bbas Rij\u0101das visp\u0101r\u0113jo ligzdu. Vi\u0146\u0161 iec\u0113la sevi par jaun\u0101s Sa\u016bda Ar\u0101bijas valsts valdniekiem. Rekl\u0101mkarogs bija taisnst\u016brveida audums za\u013cgan\u0101 kr\u0101s\u0101 ar baltu sv\u012btru kok\u0101 un baltu uzrakstu ar\u0101bu valod\u0101. Karogs past\u0101v\u0113ja l\u012bdz 1921. gadam. Iez\u012bm\u0113taj\u0101 gad\u0101 Abdul-Azizu piln\u012bb\u0101 p\u0101r\u0146\u0113ma D\u017eebela \u0160amara un iec\u0113la sevi par valdnieku, ieg\u016bstot sult\u0101na titulu.<\/p>\n<p style=\"text-align: justify\"><span itemprop=\"image\" itemscope itemtype=\"https:\/\/schema.org\/ImageObject\"><img itemprop=\"url image\" loading=\"lazy\" decoding=\"async\" class=\"alignnone size-full wp-image-4192\" src=\"\/wp-content\/uploads\/2021\/01\/flag-of-saudi-arabia_4.png\" width=\"500\" height=\"345\" alt=\"Sa\u016bda Ar\u0101bijas karogs-4\" \/><meta itemprop=\"width\" content=\"500\"><meta itemprop=\"height\" content=\"345\"><\/span><\/p>\n<p style=\"text-align: justify\">Sultan\u0101ta karogs no 1921. l\u012bdz 1926. gadam. bija \u013coti l\u012bdz\u012bgs m\u016bsdienu banerim Ar\u0101bu Emir\u0101ti &#8211; za\u013c\u0161 taisnst\u016bris ar baltu uzrakstu un zobenu.<\/p>\n<p style=\"text-align: justify\"><span itemprop=\"image\" itemscope itemtype=\"https:\/\/schema.org\/ImageObject\"><img itemprop=\"url image\" loading=\"lazy\" decoding=\"async\" class=\"alignnone size-full wp-image-4193\" src=\"\/wp-content\/uploads\/2021\/01\/flag-of-saudi-arabia_5.png\" width=\"500\" height=\"333\" alt=\"Sa\u016bda Ar\u0101bijas karogs-5\" \/><meta itemprop=\"width\" content=\"500\"><meta itemprop=\"height\" content=\"333\"><\/span><\/p>\n<p style=\"text-align: justify\">Pirm\u0101s pasaules \u0161erifa Mek\u0101 bija Huseins Ben Ali. Vald\u012bbas vald\u012bba 1915. gad\u0101 deva sol\u012bjumu padar\u012bt to par saimnieku liel\u0101kaj\u0101 da\u013c\u0101 ar\u0101bu zemju. Ticot britiem, Huseins 1916. gad\u0101 izrais\u012bja anti-\u0100zijas sacel\u0161anos. Karogs Hijaz 1916. gad\u0101 bija sarkans taisnst\u016bra audums.<\/p>\n<p style=\"text-align: justify\"><span itemprop=\"image\" itemscope itemtype=\"https:\/\/schema.org\/ImageObject\"><img itemprop=\"url image\" loading=\"lazy\" decoding=\"async\" class=\"alignnone size-full wp-image-4194\" src=\"\/wp-content\/uploads\/2021\/01\/flag-of-saudi-arabia_6.png\" width=\"500\" height=\"300\" alt=\"Sa\u016bda Ar\u0101bijas karogs-6\" \/><meta itemprop=\"width\" content=\"500\"><meta itemprop=\"height\" content=\"300\"><\/span><\/p>\n<p style=\"text-align: justify\">No 1917. l\u012bdz 1926. gadam. Hijazas rekl\u0101mkarog\u0101 par\u0101d\u012bj\u0101s visas ar\u0101bu kr\u0101sas &#8211; ar\u0101bu vienot\u012bbas kr\u0101sas. 1917. gad\u0101. Tika pie\u0146emts karogs taisnst\u016bra form\u0101 ar sarkanu tr\u012bsst\u016bri bez deguna kok\u0101 un 3 horizont\u0101l\u0101m sv\u012btr\u0101m &#8211; melnu no aug\u0161as, za\u013cu centr\u0101 un baltu priedi.<\/p>\n<p style=\"text-align: justify\"><span itemprop=\"image\" itemscope itemtype=\"https:\/\/schema.org\/ImageObject\"><img itemprop=\"url image\" loading=\"lazy\" decoding=\"async\" class=\"alignnone size-full wp-image-4195\" src=\"\/wp-content\/uploads\/2021\/01\/flag-of-saudi-arabia_7.png\" width=\"500\" height=\"333\" alt=\"Sa\u016bda Ar\u0101bijas karogs-7\" \/><meta itemprop=\"width\" content=\"500\"><meta itemprop=\"height\" content=\"333\"><\/span><\/p>\n<ul>\n<li style=\"text-align: justify\">1920. gad\u0101. Balt\u0101s un za\u013c\u0101s sv\u012btras main\u012bja viet\u0101m.<\/li>\n<\/ul>\n<p style=\"text-align: justify\"><span itemprop=\"image\" itemscope itemtype=\"https:\/\/schema.org\/ImageObject\"><img itemprop=\"url image\" loading=\"lazy\" decoding=\"async\" class=\"alignnone size-full wp-image-4196\" src=\"\/wp-content\/uploads\/2021\/01\/flag-of-saudi-arabia_8.png\" width=\"500\" height=\"333\" alt=\"Sa\u016bda Ar\u0101bijas karogs-8\" \/><meta itemprop=\"width\" content=\"500\"><meta itemprop=\"height\" content=\"333\"><\/span><\/p>\n<ul>\n<li style=\"text-align: justify\">Un 1926.-1932. Balt\u0101 kr\u0101sa tika aizst\u0101ta ar dzeltenu, sloksnes tika mais\u012btas \u0161\u0101d\u0101 sec\u012bb\u0101: melna, za\u013ca, dzeltena.<\/li>\n<\/ul>\n<p style=\"text-align: justify\"><span itemprop=\"image\" itemscope itemtype=\"https:\/\/schema.org\/ImageObject\"><img itemprop=\"url image\" loading=\"lazy\" decoding=\"async\" class=\"alignnone size-full wp-image-4197\" src=\"\/wp-content\/uploads\/2021\/01\/flag-of-saudi-arabia_9.png\" width=\"500\" height=\"250\" alt=\"Sa\u016bda Ar\u0101bijas karogs-9\" \/><meta itemprop=\"width\" content=\"500\"><meta itemprop=\"height\" content=\"250\"><\/span><\/p>\n<p style=\"text-align: justify\">Sacel\u0161an\u0101s rezult\u0101ts bija Turcijas neveiksme. Huseins gaid\u012bja, ka Lielbrit\u0101nija pild\u012bs savus pien\u0101kumus, bet briti un fran\u010di izv\u0113l\u0113j\u0101s sadal\u012bt likumu sf\u0113ru ar\u0101bu valst\u012bs. Huseins k\u013cuva par 1. Hijazas kungu. Vi\u0146\u0161 pievienoj\u0101s karam ar n\u0101kamo un zaud\u0113ja vi\u0146u. Abdul-Azizs sag\u016bst\u012bja Hid\u017eazu un pazi\u0146oja par apak\u0161mekl\u0113\u0161anas un Hid\u017eazas valst\u012bbas att\u012bst\u012bbu. Divdesmit\u0101 gadsimta 30. gadu pirmaj\u0101 pus\u0113 t\u0101 tika p\u0101rveidota par Sa\u016bda Ar\u0101biju.<\/p>\n<p style=\"text-align: justify\">1932.-1934.gad\u0101. Sa\u016bda Ar\u0101bijas karogs bija za\u013cgans taisnst\u016bris ar baltu sv\u012btru nobru\u017e\u0101t\u0101. Centr\u0101 &#8211; \u0160ahads un Sabrs.<\/p>\n<p style=\"text-align: justify\"><span itemprop=\"image\" itemscope itemtype=\"https:\/\/schema.org\/ImageObject\"><img itemprop=\"url image\" loading=\"lazy\" decoding=\"async\" class=\"alignnone size-full wp-image-4198\" src=\"\/wp-content\/uploads\/2021\/01\/flag-of-saudi-arabia_10.png\" width=\"500\" height=\"333\" alt=\"Sa\u016bda Ar\u0101bijas karogs-10\" \/><meta itemprop=\"width\" content=\"500\"><meta itemprop=\"height\" content=\"333\"><\/span><\/p>\n<ul>\n<li style=\"text-align: justify\">1934.-1938.gad\u0101.G.\u00a0bija iesp\u0113ja ar \u0161aur\u0101ku baltu sv\u012btru.<\/li>\n<\/ul>\n<p style=\"text-align: justify\"><span itemprop=\"image\" itemscope itemtype=\"https:\/\/schema.org\/ImageObject\"><img itemprop=\"url image\" loading=\"lazy\" decoding=\"async\" class=\"alignnone size-full wp-image-4199\" src=\"\/wp-content\/uploads\/2021\/01\/flag-of-saudi-arabia_11.png\" width=\"500\" height=\"333\" alt=\"Sa\u016bda Ar\u0101bijas karogs-11\" \/><meta itemprop=\"width\" content=\"500\"><meta itemprop=\"height\" content=\"333\"><\/span><\/p>\n<ul>\n<li style=\"text-align: justify\">1938.-1973.gad\u0101. lietota opcija bez sloksnes.<\/li>\n<\/ul>\n<p style=\"text-align: justify\"><span itemprop=\"image\" itemscope itemtype=\"https:\/\/schema.org\/ImageObject\"><img itemprop=\"url image\" loading=\"lazy\" decoding=\"async\" class=\"alignnone size-full wp-image-4200\" src=\"\/wp-content\/uploads\/2021\/01\/flag-of-saudi-arabia_12.png\" width=\"500\" height=\"333\" alt=\"Sa\u016bda Ar\u0101bijas karogs-12\" \/><meta itemprop=\"width\" content=\"500\"><meta itemprop=\"height\" content=\"333\"><\/span><\/p>\n<p style=\"text-align: justify\">1973. gada 15. mart\u0101 tika apstiprin\u0101ta Sa\u016bda Ar\u0101bijas pa\u0161vald\u012bbas karoga ofici\u0101l\u0101 versija, kas tiek pat\u0113r\u0113ta \u012bstaj\u0101 laik\u0101.<\/p>\n<h2 style=\"text-align: justify\">Apraksts<\/h2>\n<p style=\"text-align: justify\">Tas ir taisnst\u016brveida audums za\u013cgan\u0101 kr\u0101s\u0101 ar platuma attiec\u012bbu pret garumu 2:3.<\/p>\n<p style=\"text-align: justify\">Centr\u0101 &#8211; sudraba (balts) ar\u0101bu uzraksts, saukts par Shahada.<\/p>\n<p style=\"text-align: justify\">Ar\u0101bu uzraksti tiek las\u012bti labaj\u0101 un kreisaj\u0101 pus\u0113.<\/p>\n<p style=\"text-align: justify\">\u0160ahada &#8211; pier\u0101d\u012bjums tic\u012bbai All\u0101ham. Tas noz\u012bm\u0113: &quot;Nav Augst\u0101k\u0101, ja neskaita All\u0101hu un Mukhamedu &#8211; Vi\u0146a pravieti&quot;.<\/p>\n<p style=\"text-align: justify\">Uzraksts ir izgatavots Slyus stil\u0101, kuram ir pie\u0146emamas sav\u012bt\u0101s da\u013cas, noapa\u013cotas burtu formas.<\/p>\n<p style=\"text-align: justify\">Zem Shahada ir sudraba (balts) zobens bez apvalka. Asmens pagriez\u0101s pa kreisi.<\/p>\n<p style=\"text-align: justify\">Lai \u0161aha b\u016btu nolas\u0101ma no ab\u0101m pus\u0113m, karogs ir iz\u0161\u016bts no 2 vien\u0101d\u0101m dr\u0101n\u0101m, saloc\u012btas kop\u0101 ar neder\u012bgo pusi iek\u0161pus\u0113.<\/p>\n<h2 style=\"text-align: justify\">Kr\u0101su Sa\u016bda Ar\u0101bijas karogs<\/h2>\n<p style=\"text-align: justify\">Divas kr\u0101sas:<\/p>\n<ol style=\"text-align: justify\">\n<li>Za\u013c\u0101 kr\u0101sa atbilst Pantone 330c;<\/li>\n<li>Balts.<\/li>\n<\/ol>\n<p style=\"text-align: justify\">Uz ANO karoga tiek izmantota za\u013c\u0101 kr\u0101sa, atbilsto\u0161\u0101 Pantone 349.<\/p>\n<h2 style=\"text-align: justify\">Sa\u016bda Ar\u0101bijas karoga kr\u0101su noz\u012bme<\/h2>\n<ol style=\"text-align: justify\">\n<li>Za\u013c\u0161 fons &#8211; nav slikta kr\u0101sa isl\u0101ms.<\/li>\n<li>\u0160ahada &#8211; All\u0101ha tic\u012bbas simbols.<\/li>\n<li>Saber &#8211; dibin\u0101t\u0101ja taisn\u012bgums un simbols Abdul-Aziz Ibn Abdurrahman Ibn Faisal Al Saud valsts uzvar\u0101m.<\/li>\n<\/ol>\n<h2 style=\"text-align: justify\">Citi karogi<\/h2>\n<p style=\"text-align: justify\">Civilais karogs &#8211; za\u013c\u0161 taisnst\u016bris. Aug\u0161\u0113j\u0101 labaj\u0101 st\u016br\u012b, ko pie\u0161\u0137ir Baltais r\u0101mis &#8211; White Shahada un Saber.<\/p>\n<p style=\"text-align: justify\"><span itemprop=\"image\" itemscope itemtype=\"https:\/\/schema.org\/ImageObject\"><img itemprop=\"url image\" loading=\"lazy\" decoding=\"async\" class=\"alignnone size-full wp-image-4201\" src=\"\/wp-content\/uploads\/2021\/01\/flag-of-saudi-arabia_13.png\" width=\"500\" height=\"333\" alt=\"Sa\u016bda Ar\u0101bijas karogs-13\" \/><meta itemprop=\"width\" content=\"500\"><meta itemprop=\"height\" content=\"333\"><\/span><\/p>\n<p style=\"text-align: justify\">J\u016bras kara flotes karogs ir za\u013c\u0161 taisnst\u016bris ar zilu sv\u012btru kok\u0101, ko atdala \u0161aura balta sv\u012btra. Uz za\u013ca fona &#8211; White Shahad un Saber. Uz zil\u0101s joslas &#8211; Navy embl\u0113ma, kur\u0101 redzama st\u016bre ar plaukstu un sakrustotiem zobeniem centr\u0101, braucot &#8211; enkurs. Sarkan\u0101s lentes apak\u0161\u0101 ir ier\u0101m\u0113jums palmu lapu veid\u0101. Embl\u0113ma ir kron\u0113ta ar vainagu. platumu un garuma attiec\u012bba 12:25.<\/p>\n<p style=\"text-align: justify\"><span itemprop=\"image\" itemscope itemtype=\"https:\/\/schema.org\/ImageObject\"><img itemprop=\"url image\" loading=\"lazy\" decoding=\"async\" class=\"alignnone size-full wp-image-4202\" src=\"\/wp-content\/uploads\/2021\/01\/flag-of-saudi-arabia_14.png\" width=\"500\" height=\"250\" alt=\"Sa\u016bda Ar\u0101bijas karogs-14\" \/><meta itemprop=\"width\" content=\"500\"><meta itemprop=\"height\" content=\"250\"><\/span><\/p>\n<p style=\"text-align: justify\">J\u016bras karogs ar malu attiec\u012bbu 2:3 ir zils taisnst\u016bris ar NMS z\u012bmi centr\u0101.<\/p>\n<p style=\"text-align: justify\"><span itemprop=\"image\" itemscope itemtype=\"https:\/\/schema.org\/ImageObject\"><img itemprop=\"url image\" loading=\"lazy\" decoding=\"async\" class=\"alignnone size-full wp-image-4203\" src=\"\/wp-content\/uploads\/2021\/01\/flag-of-saudi-arabia_15.png\" width=\"500\" height=\"333\" alt=\"Sa\u016bda Ar\u0101bijas karogs-15\" \/><meta itemprop=\"width\" content=\"500\"><meta itemprop=\"height\" content=\"333\"><\/span><\/p>\n<p style=\"text-align: justify\">Kara\u013ca karogs \u2013 za\u013c\u0161 taisnst\u016bris ar malu attiec\u012bbu 2:3. Centr\u0101 &#8211; Sudraba (Balt\u0101) \u0160ahada un Saber. Apak\u0161\u0113j\u0101 labaj\u0101 st\u016br\u012b &#8211; zeltainas (dzeltenas) palmas un zem t\u0101m divi sakrustoti zobeni.<\/p>\n<p style=\"text-align: justify\"><span itemprop=\"image\" itemscope itemtype=\"https:\/\/schema.org\/ImageObject\"><img itemprop=\"url image\" loading=\"lazy\" decoding=\"async\" class=\"alignnone size-full wp-image-4204\" src=\"\/wp-content\/uploads\/2021\/01\/flag-of-saudi-arabia_16.png\" width=\"500\" height=\"333\" alt=\"Sa\u016bda Ar\u0101bijas karogs-16\" \/><meta itemprop=\"width\" content=\"500\"><meta itemprop=\"height\" content=\"333\"><\/span><\/p>\n<h2 style=\"text-align: justify\">Interesanti fakti par karogu<\/h2>\n<p style=\"text-align: justify\">Sa\u016bda Ar\u0101bijas valsts karogs tiek izmantots tikai ofici\u0101liem m\u0113r\u0137iem.<\/p>\n<p style=\"text-align: justify\"><span itemprop=\"image\" itemscope itemtype=\"https:\/\/schema.org\/ImageObject\"><img itemprop=\"url image\" loading=\"lazy\" decoding=\"async\" class=\"alignnone size-full wp-image-4205\" src=\"\/wp-content\/uploads\/2021\/01\/flag-of-saudi-arabia_1.jpg\" width=\"500\" height=\"375\" alt=\"Sa\u016bda Ar\u0101bijas karogs-17\" \/><meta itemprop=\"width\" content=\"500\"><meta itemprop=\"height\" content=\"375\"><\/span><\/p>\n<p style=\"text-align: justify\">Stingri at\u013cauts atrast karoga att\u0113lu uz dr\u0113b\u0113m, otro priek\u0161metu. Sa\u016bda Ar\u0101bijas vald\u012bba 2002. Izteica protestu par valsts rekl\u0101mkaroga att\u0113lu uz futbola bumb\u0101m Pasaules kausa izc\u012b\u0146\u0101. Vi\u0146i pazi\u0146oja, ka ir nepie\u0146emami un zaimojo\u0161i sist pa sv\u0113taj\u0101m k\u0101j\u0101m par visiem musulma\u0146u uzrakstiem &#8211; Shahad.<\/p>\n<p style=\"text-align: justify\">2007. gad\u0101. Amerikas armija nol\u0113ma sniegt \u0101rk\u0101rtas hum\u0101no pal\u012bdz\u012bbu afg\u0101\u0146u b\u0113rniem. Vi\u0146i no helikopteriem nometa bumbas ar da\u017e\u0101du valstu karogu att\u0113liem. Sa\u016bda Ar\u0101bij\u0101 \u0161aj\u0101 gad\u012bjum\u0101 notika demonstr\u0101cijas, kur\u0101s pilso\u0146i pauda protestu pret \u0161o veicin\u0101\u0161anu.<\/p>\n<blockquote>\n<p style=\"text-align: justify\">Tiek izmantots tikai horizont\u0101ls karoga novietojums. Retos gad\u012bjumos, kad tiek izveidotas rekl\u0101mkaroga vertik\u0101l\u0101s opcijas, Shahad un zobens tiek pagriezti par 90 gr\u0101diem, t.Uz. \u0161\u012bs z\u012bmes netiks izgrieztas, lai att\u0113lotu.<\/p>\n<\/blockquote>\n<h2 style=\"text-align: justify\">Nespecializ\u0113ta inform\u0101cija par Sa\u016bda Ar\u0101biju<\/h2>\n<table>\n<tbody>\n<tr style=\"text-align: justify\">\n<td>Ofici\u0101l\u0101 valoda<\/td>\n<td>ar\u0101bs<\/td>\n<\/tr>\n<tr style=\"text-align: justify\">\n<td>Kapit\u0101ls<\/td>\n<td>Er-Rij\u0101da<\/td>\n<\/tr>\n<tr style=\"text-align: justify\">\n<td>Teritorija<\/td>\n<td>2 149 690 km2<\/td>\n<\/tr>\n<tr style=\"text-align: justify\">\n<td>Popul\u0101cija<\/td>\n<td>34 218 169 cilv\u0113ki<\/td>\n<\/tr>\n<tr style=\"text-align: justify\">\n<td>Val\u016bta<\/td>\n<td>Sa\u016bda Ar\u0101bijas ri\u0101ls<\/td>\n<\/tr>\n<tr>\n<td style=\"text-align: justify\">Telefona kods<\/td>\n<td>+966<\/td>\n<\/tr>\n<\/tbody>\n<\/table>\n","protected":false},"excerpt":{"rendered":"<p>M\u016bsdienu Sa\u016bda Ar\u0101bijas pa\u0161vald\u012bbas karogs tika apstiprin\u0101ts XX gadsimta 70. gadu pirmaj\u0101 pus\u0113. Rad\u012b\u0161anas v\u0113sture un uz t\u0101s att\u0113lot\u0101s z\u012bmes ir liels entuziasms. T\u0101tad m\u016bsdienu Sa\u016bda Ar\u0101bijas karogs&#8230;<\/p>\n","protected":false},"author":1,"featured_media":5940,"comment_status":"open","ping_status":"open","sticky":false,"template":"","format":"standard","meta":{"footnotes":""},"categories":[2],"tags":[],"class_list":["post-1641","post","type-post","status-publish","format-standard","has-post-thumbnail","","category-zijas-karogi"],"aioseo_notices":[],"_links":{"self":[{"href":"https:\/\/flags-world.com\/lv\/wp-json\/wp\/v2\/posts\/1641","targetHints":{"allow":["GET"]}}],"collection":[{"href":"https:\/\/flags-world.com\/lv\/wp-json\/wp\/v2\/posts"}],"about":[{"href":"https:\/\/flags-world.com\/lv\/wp-json\/wp\/v2\/types\/post"}],"author":[{"embeddable":true,"href":"https:\/\/flags-world.com\/lv\/wp-json\/wp\/v2\/users\/1"}],"replies":[{"embeddable":true,"href":"https:\/\/flags-world.com\/lv\/wp-json\/wp\/v2\/comments?post=1641"}],"version-history":[{"count":0,"href":"https:\/\/flags-world.com\/lv\/wp-json\/wp\/v2\/posts\/1641\/revisions"}],"wp:featuredmedia":[{"embeddable":true,"href":"https:\/\/flags-world.com\/lv\/wp-json\/wp\/v2\/media\/5940"}],"wp:attachment":[{"href":"https:\/\/flags-world.com\/lv\/wp-json\/wp\/v2\/media?parent=1641"}],"wp:term":[{"taxonomy":"category","embeddable":true,"href":"https:\/\/flags-world.com\/lv\/wp-json\/wp\/v2\/categories?post=1641"},{"taxonomy":"post_tag","embeddable":true,"href":"https:\/\/flags-world.com\/lv\/wp-json\/wp\/v2\/tags?post=1641"}],"curies":[{"name":"wp","href":"https:\/\/api.w.org\/{rel}","templated":true}]}}