{"id":1639,"date":"2021-01-04T17:18:17","date_gmt":"2021-01-04T14:18:17","guid":{"rendered":"https:\/\/flags-world.com\/lv\/2021\/01\/04\/salvadoras-karogs-nozme-un-krsas\/"},"modified":"2021-01-04T17:18:17","modified_gmt":"2021-01-04T14:18:17","slug":"salvadoras-karogs-nozme-un-krsas","status":"publish","type":"post","link":"https:\/\/flags-world.com\/lv\/salvadoras-karogs-nozme-un-krsas\/","title":{"rendered":"Salvadoras karogs: noz\u012bme un kr\u0101sas"},"content":{"rendered":"<p style=\"text-align: justify\">Salvadoras Republika &#8211; vald\u012bba, kuras dienvidu da\u013cu mazg\u0101 \u012bss oke\u0101ns. Pirms \u0161odien ieg\u0101d\u0101ties savu, vi\u0146a z\u012bme ir piedz\u012bvojusi diezgan daudz p\u0101rv\u0113rt\u012bbu.<\/p>\n<p style=\"text-align: justify\">T\u0101tad m\u016bsdienu Salvadoras karogs izskat\u0101s:<\/p>\n<p style=\"text-align: justify\"><span itemprop=\"image\" itemscope itemtype=\"https:\/\/schema.org\/ImageObject\"><img itemprop=\"url image\" loading=\"lazy\" decoding=\"async\" class=\"alignnone size-full wp-image-3905\" src=\"\/wp-content\/uploads\/2021\/01\/flag-of-el-salvador_1.png\" width=\"500\" height=\"282\" alt=\"Salvadoras karogs-1\" \/><meta itemprop=\"width\" content=\"500\"><meta itemprop=\"height\" content=\"282\"><\/span><\/p>\n<h2 style=\"text-align: justify\">Salvadoras v\u0113stures karogs<\/h2>\n<p style=\"text-align: justify\">No 1821. l\u012bdz 1822. gadam tika izmantots Sp\u0101nijas karogs (t\u0101 iesp\u0113ja bez \u0123erbo\u0146a), v\u0113l\u0101k.<\/p>\n<p style=\"text-align: justify\"><span itemprop=\"image\" itemscope itemtype=\"https:\/\/schema.org\/ImageObject\"><img itemprop=\"url image\" loading=\"lazy\" decoding=\"async\" class=\"alignnone size-full wp-image-3906\" src=\"\/wp-content\/uploads\/2021\/01\/flag-of-el-salvador_2.png\" width=\"500\" height=\"333\" alt=\"Salvadoras karogs-2\" \/><meta itemprop=\"width\" content=\"500\"><meta itemprop=\"height\" content=\"333\"><\/span><\/p>\n<p style=\"text-align: justify\">Toreiz, kad republika non\u0101ca Centr\u0101lamerikas Savienoto Valstu sast\u0101v\u0101, t\u0101 lik\u0101s 2.- ar 2 zil\u0101m un vienu baltu sv\u012btru. Ar vecumu vi\u0146\u0161 main\u012bj\u0101s &#8211; \u0123erbonis par\u0101d\u012bj\u0101s vid\u0113j\u0101 josl\u0101, vispirms apa\u013ca, v\u0113l\u0101k apa\u013ca forma.<\/p>\n<p style=\"text-align: justify\"><span itemprop=\"image\" itemscope itemtype=\"https:\/\/schema.org\/ImageObject\"><img itemprop=\"url image\" loading=\"lazy\" decoding=\"async\" class=\"alignnone size-full wp-image-3907\" src=\"\/wp-content\/uploads\/2021\/01\/flag-of-el-salvador_3.png\" alt=\"Salvadoras karogs-3\" width=\"500\" height=\"300\" \/><meta itemprop=\"width\" content=\"500\"><meta itemprop=\"height\" content=\"300\"><\/span> <span itemprop=\"image\" itemscope itemtype=\"https:\/\/schema.org\/ImageObject\"><img itemprop=\"url image\" loading=\"lazy\" decoding=\"async\" class=\"alignnone size-full wp-image-3908\" src=\"\/wp-content\/uploads\/2021\/01\/flag-of-el-salvador_4.png\" width=\"500\" height=\"333\" alt=\"Salvadoras karogs-4\" \/><meta itemprop=\"width\" content=\"500\"><meta itemprop=\"height\" content=\"333\"><\/span> <span itemprop=\"image\" itemscope itemtype=\"https:\/\/schema.org\/ImageObject\"><img itemprop=\"url image\" loading=\"lazy\" decoding=\"async\" class=\"alignnone size-full wp-image-3909\" src=\"\/wp-content\/uploads\/2021\/01\/flag-of-el-salvador_5.png\" width=\"500\" height=\"333\" alt=\"Salvadoras karogs-5\" \/><meta itemprop=\"width\" content=\"500\"><meta itemprop=\"height\" content=\"333\"><\/span><\/p>\n<p style=\"text-align: justify\">Centr\u0101lamerikas Savienot\u0101s Valstis &#8211; vald\u012bba, kas past\u0101v\u0113ja no 1823. l\u012bdz 1840. gadam. Taj\u0101 ietilpa (neskaitot Salvadoru) Hondurasa, Gvatemala, Nikaragva, Kostarika un Losaltosa.<\/p>\n<p style=\"text-align: justify\">No 1865. l\u012bdz 1912. gadam tika izmantota v\u0113l viena z\u012bme &#8211; audums ar devi\u0146\u0101m sv\u012btr\u0101m, un t\u0101s aug\u0161\u0113j\u0101 kreisaj\u0101 st\u016br\u012b \u0137ibeles, &#8211; sarkans taisnst\u016bris ar balt\u0101m zvaigzn\u0113m. Zvaig\u017e\u0146u skaits uz karoga re\u017e\u0123a pieauga.<\/p>\n<p style=\"text-align: justify\"><span itemprop=\"image\" itemscope itemtype=\"https:\/\/schema.org\/ImageObject\"><img itemprop=\"url image\" loading=\"lazy\" decoding=\"async\" class=\"alignnone size-full wp-image-3910\" src=\"\/wp-content\/uploads\/2021\/01\/flag-of-el-salvador_6.png\" width=\"500\" height=\"286\" alt=\"Salvadoras karogs-6\" \/><meta itemprop=\"width\" content=\"500\"><meta itemprop=\"height\" content=\"286\"><\/span> <span itemprop=\"image\" itemscope itemtype=\"https:\/\/schema.org\/ImageObject\"><img itemprop=\"url image\" loading=\"lazy\" decoding=\"async\" class=\"alignnone size-full wp-image-3911\" src=\"\/wp-content\/uploads\/2021\/01\/flag-of-el-salvador_7.png\" width=\"500\" height=\"286\" alt=\"Salvadora karogs-7\" \/><meta itemprop=\"width\" content=\"500\"><meta itemprop=\"height\" content=\"286\"><\/span> <span itemprop=\"image\" itemscope itemtype=\"https:\/\/schema.org\/ImageObject\"><img itemprop=\"url image\" loading=\"lazy\" decoding=\"async\" class=\"alignnone size-full wp-image-3912\" src=\"\/wp-content\/uploads\/2021\/01\/flag-of-el-salvador_8.png\" width=\"500\" height=\"286\" alt=\"Salvadoras karogs-8\" \/><meta itemprop=\"width\" content=\"500\"><meta itemprop=\"height\" content=\"286\"><\/span> <span itemprop=\"image\" itemscope itemtype=\"https:\/\/schema.org\/ImageObject\"><img itemprop=\"url image\" loading=\"lazy\" decoding=\"async\" class=\"alignnone size-full wp-image-3913\" src=\"\/wp-content\/uploads\/2021\/01\/flag-of-el-salvador_9.png\" width=\"500\" height=\"286\" alt=\"Salvadoras karogs-9\" \/><meta itemprop=\"width\" content=\"500\"><meta itemprop=\"height\" content=\"286\"><\/span> <span itemprop=\"image\" itemscope itemtype=\"https:\/\/schema.org\/ImageObject\"><img itemprop=\"url image\" loading=\"lazy\" decoding=\"async\" class=\"alignnone size-full wp-image-3914\" src=\"\/wp-content\/uploads\/2021\/01\/flag-of-el-salvador_10.png\" width=\"500\" height=\"286\" alt=\"Salvadoras karogs-10\" \/><meta itemprop=\"width\" content=\"500\"><meta itemprop=\"height\" content=\"286\"><\/span> <span itemprop=\"image\" itemscope itemtype=\"https:\/\/schema.org\/ImageObject\"><img itemprop=\"url image\" loading=\"lazy\" decoding=\"async\" class=\"alignnone size-full wp-image-3915\" src=\"\/wp-content\/uploads\/2021\/01\/flag-of-el-salvador_11.png\" width=\"500\" height=\"300\" alt=\"Salvadoras karogs-11\" \/><meta itemprop=\"width\" content=\"500\"><meta itemprop=\"height\" content=\"300\"><\/span>\u00a0<span itemprop=\"image\" itemscope itemtype=\"https:\/\/schema.org\/ImageObject\"><img itemprop=\"url image\" loading=\"lazy\" decoding=\"async\" class=\"alignnone size-full wp-image-3916\" src=\"\/wp-content\/uploads\/2021\/01\/flag-of-el-salvador_12.png\" width=\"500\" height=\"286\" alt=\"Salvadoras karogs-12\" \/><meta itemprop=\"width\" content=\"500\"><meta itemprop=\"height\" content=\"286\"><\/span><\/p>\n<p style=\"text-align: justify\">Vald\u012bba ieguva neatkar\u012bbu no Sp\u0101nijas 1839. Z\u012bme ofici\u0101li apstiprin\u0101ta 1912. gada 17. maij\u0101.<\/p>\n<h2 style=\"text-align: justify\">Apraksts<\/h2>\n<p style=\"text-align: justify\">Apz\u012bm\u0113 tr\u012bs horizont\u0101las sv\u012btras, div\u0101m p\u0113d\u0113j\u0101m ir viena kr\u0101sa, centr\u0101l\u0101 &#8211; 2. Steika malu attiec\u012bba &#8211; 189 pret 335.<\/p>\n<h2 style=\"text-align: justify\">Salvadoras kr\u0101su karogs<\/h2>\n<p style=\"text-align: justify\">Zils un balts.<\/p>\n<h2 style=\"text-align: justify\">Noz\u012bm\u0113 kr\u0101su karogs Salvadora<\/h2>\n<ol style=\"text-align: justify\">\n<li>Zils &#8211; mui\u017eniec\u012bba, lojalit\u0101te un god\u012bgums;<\/li>\n<li>Balts &#8211; t\u012br\u012bba.<\/li>\n<\/ol>\n<p style=\"text-align: justify\">\u012apa\u0161a esence ielikta valsts \u0123erbon\u012b, kas atrodas pane\u013ca centr\u0101. Vi\u0146am ir tr\u012bsst\u016bra forma. Tr\u012bsst\u016bris ir visas tautas vienl\u012bdz\u012bba, un t\u0101s partijas &#8211; kuras varai tauta pak\u013caujas. Kalni &#8211; 5 valstis Centr\u0101lamerika. Frisian Cap, kas atrodas virs tiem, &#8211; Neatkar\u012bba. Zelta stari &#8211; visu Salvadoras iedz\u012bvot\u0101ju labas domas. \u010cetrpadsmit lapas &#8211; \u010detrpadsmit provinces. Varav\u012bksne, kas kar\u0101jas no aug\u0161as, &#8211; miera simbols vis\u0101 pasaul\u0113.<\/p>\n<blockquote>\n<p style=\"text-align: justify\">Daudzi ir p\u0101rliecin\u0101ti, ka tr\u012bsst\u016bris uz karoga ir saist\u012bts ar m\u016brniekiem.<\/p>\n<\/blockquote>\n<h2 style=\"text-align: justify\">Citi karogi<\/h2>\n<ul style=\"text-align: justify\">\n<li>Civil\u0101s j\u016bras un valsts &#8211; z\u012bmes bez \u0123erbo\u0146a vai ar valsts dev\u012bzi &quot;DIOS UNION LIBERTAD&quot; &#8211; &quot;Visaugst\u0101k\u0101 savien\u012bba, br\u012bv\u012bba&quot;, kas rakst\u012bts uz centr\u0101l\u0101s joslas dzeltena.<\/li>\n<\/ul>\n<p style=\"text-align: justify\"><span itemprop=\"image\" itemscope itemtype=\"https:\/\/schema.org\/ImageObject\"><img itemprop=\"url image\" loading=\"lazy\" decoding=\"async\" class=\"alignnone size-full wp-image-3917\" src=\"\/wp-content\/uploads\/2021\/01\/flag-of-el-salvador_13.png\" width=\"500\" height=\"300\" alt=\"Salvadoras karogs-13\" \/><meta itemprop=\"width\" content=\"500\"><meta itemprop=\"height\" content=\"300\"><\/span><\/p>\n<ul style=\"text-align: justify\">\n<li>Civilais karogs<\/li>\n<\/ul>\n<p style=\"text-align: justify\"><span itemprop=\"image\" itemscope itemtype=\"https:\/\/schema.org\/ImageObject\"><img itemprop=\"url image\" loading=\"lazy\" decoding=\"async\" class=\"alignnone size-full wp-image-3918\" src=\"\/wp-content\/uploads\/2021\/01\/flag-of-el-salvador_14.png\" width=\"500\" height=\"300\" alt=\"Salvadoras karogs-14\" \/><meta itemprop=\"width\" content=\"500\"><meta itemprop=\"height\" content=\"300\"><\/span><\/p>\n<p style=\"text-align: justify\">Salvadorie\u0161i, maz\u0101k\u0101s Centr\u0101lamerikas valsts iedz\u012bvot\u0101ji, ir \u013coti m\u012bl\u0113ti ar person\u012bgo karogu un lepojas ar vi\u0146iem.<\/p>\n<h2 style=\"text-align: justify\">Nespecializ\u0113ta inform\u0101cija par Salvadoru<\/h2>\n<table>\n<tbody>\n<tr>\n<td>Ofici\u0101l\u0101 valoda<\/td>\n<td>sp\u0101\u0146u valoda<\/td>\n<\/tr>\n<tr>\n<td>Kapit\u0101ls<\/td>\n<td>Sansalvadora<\/td>\n<\/tr>\n<tr>\n<td>Teritorija<\/td>\n<td>21 400 km2<\/td>\n<\/tr>\n<tr>\n<td>Popul\u0101cija<\/td>\n<td>6\u00a0460\u00a0000 cilv\u0113ku<\/td>\n<\/tr>\n<tr>\n<td>Val\u016bta<\/td>\n<td>Salvadoras kols (l\u012bdz 2001.); ASV dol\u0101rs (USD, kods 840)<\/td>\n<\/tr>\n<tr>\n<td>Telefona kods<\/td>\n<td>+503<\/td>\n<\/tr>\n<\/tbody>\n<\/table>\n","protected":false},"excerpt":{"rendered":"<p>Salvadoras Republika &#8211; vald\u012bba, kuras dienvidu da\u013cu mazg\u0101 \u012bss oke\u0101ns. Pirms \u0161odien ieg\u0101d\u0101ties savu, vi\u0146a z\u012bme ir piedz\u012bvojusi diezgan daudz p\u0101rv\u0113rt\u012bbu. T\u0101tad m\u016bsdienu Salvadoras karogs izskat\u0101s: Salvadoras v\u0113stures&#8230;<\/p>\n","protected":false},"author":1,"featured_media":5938,"comment_status":"open","ping_status":"open","sticky":false,"template":"","format":"standard","meta":{"footnotes":""},"categories":[6],"tags":[],"class_list":["post-1639","post","type-post","status-publish","format-standard","has-post-thumbnail","","category-ziemeamerikas-karogi"],"aioseo_notices":[],"_links":{"self":[{"href":"https:\/\/flags-world.com\/lv\/wp-json\/wp\/v2\/posts\/1639","targetHints":{"allow":["GET"]}}],"collection":[{"href":"https:\/\/flags-world.com\/lv\/wp-json\/wp\/v2\/posts"}],"about":[{"href":"https:\/\/flags-world.com\/lv\/wp-json\/wp\/v2\/types\/post"}],"author":[{"embeddable":true,"href":"https:\/\/flags-world.com\/lv\/wp-json\/wp\/v2\/users\/1"}],"replies":[{"embeddable":true,"href":"https:\/\/flags-world.com\/lv\/wp-json\/wp\/v2\/comments?post=1639"}],"version-history":[{"count":0,"href":"https:\/\/flags-world.com\/lv\/wp-json\/wp\/v2\/posts\/1639\/revisions"}],"wp:featuredmedia":[{"embeddable":true,"href":"https:\/\/flags-world.com\/lv\/wp-json\/wp\/v2\/media\/5938"}],"wp:attachment":[{"href":"https:\/\/flags-world.com\/lv\/wp-json\/wp\/v2\/media?parent=1639"}],"wp:term":[{"taxonomy":"category","embeddable":true,"href":"https:\/\/flags-world.com\/lv\/wp-json\/wp\/v2\/categories?post=1639"},{"taxonomy":"post_tag","embeddable":true,"href":"https:\/\/flags-world.com\/lv\/wp-json\/wp\/v2\/tags?post=1639"}],"curies":[{"name":"wp","href":"https:\/\/api.w.org\/{rel}","templated":true}]}}