{"id":1638,"date":"2021-01-04T17:18:17","date_gmt":"2021-01-04T14:18:17","guid":{"rendered":"https:\/\/flags-world.com\/lv\/2021\/01\/04\/rumnijas-karogi-krsas-un-nozme\/"},"modified":"2021-01-04T17:18:17","modified_gmt":"2021-01-04T14:18:17","slug":"rumnijas-karogi-krsas-un-nozme","status":"publish","type":"post","link":"https:\/\/flags-world.com\/lv\/rumnijas-karogi-krsas-un-nozme\/","title":{"rendered":"Rum\u0101nijas karogi: kr\u0101sas un noz\u012bme"},"content":{"rendered":"<p style=\"text-align: justify\">Vienai no Rum\u0101nijas pa\u0161vald\u012bbas z\u012bm\u0113m ir karogs.<\/p>\n<p style=\"text-align: justify\">T\u0101tad m\u016bsdienu Rum\u0101nijas karogs izskat\u0101s:<\/p>\n<p style=\"text-align: justify\"><span itemprop=\"image\" itemscope itemtype=\"https:\/\/schema.org\/ImageObject\"><img itemprop=\"url image\" loading=\"lazy\" decoding=\"async\" class=\"alignnone size-full wp-image-4780\" src=\"\/wp-content\/uploads\/2021\/01\/flags-of-romania_1.png\" width=\"500\" height=\"333\" alt=\"Rum\u0101nijas karogs-1\" \/><meta itemprop=\"width\" content=\"500\"><meta itemprop=\"height\" content=\"333\"><\/span><\/p>\n<p style=\"text-align: justify\">Karoga dienu Rum\u0101nij\u0101 atz\u012bm\u0113 26. j\u016bnij\u0101. Br\u012bvdienas tiek rad\u012btas XX gadsimta 90. gadu otraj\u0101 pus\u0113.<\/p>\n<h2 style=\"text-align: justify\">V\u0113stures karogs\u00a0Rum\u0101nija<\/h2>\n<p style=\"text-align: justify\">Saska\u0146\u0101 ar da\u017eiem p\u0113t\u012bjumiem Rum\u0101nijas karoga kr\u0101sas tika izmantotas palielin\u0101t\u0101j\u0101 Stefan\u0101, p\u0101rvaldot Moldovu no 15.\u00a0gadsimta vidus l\u012bdz 16.\u00a0gadsimta s\u0101kumam.<\/p>\n<p style=\"text-align: justify\">Diezgan skaidri ir skaidrs par 3 kr\u0101su izcelsmi uz Misha Brave Banner, kas vald\u012bja Valahia no 1593. l\u012bdz 1601. gadam. Vi\u0146am uz \u012bsu br\u012bdi izdev\u0101s savienot visus Donavas principus zem sava karoga.<\/p>\n<p style=\"text-align: justify\">Jauns Banner Valahia piemin\u0113jums attiecas uz 1834. gadu. Princim Aleksandram Gikam bija dzelten\u012bgs audums. Kreisaj\u0101 augstaj\u0101 da\u013c\u0101 bija att\u0113lots zils \u0113rglis, kas tur \u0137ep\u0101s scepteri un asmeni. \u0112rglis tika kron\u0113ts ar 3 baltas kr\u0101sas zvaigzn\u0113m.<\/p>\n<p style=\"text-align: justify\">Kara tiesas Valahia 19. gadsimt\u0101 staig\u0101ja zem z\u012bm\u0113m taisnst\u016bru form\u0101 ar 3 horizont\u0101l\u0101m sv\u012btr\u0101m &#8211; sarkanu, dzeltenu, zilu. Centr\u0101 &#8211; \u0112rglis ar krustu un zvaigzni. St\u016bros bija di\u017esk\u0101bardis &quot;A&quot;. Relikvija glab\u0101j\u0101s Rum\u0101nijas armijas muzej\u0101.<\/p>\n<p style=\"text-align: justify\">Starp 19. gadsimt\u0101 Moldovas armijas baneri. Tie izskat\u012bj\u0101s k\u0101 zili kvadr\u0101ti ar rudmati centr\u0101. Galva ir kron\u0113ta vainaga. Katr\u0101 audekla st\u016br\u012b &#8211; sarkans kvadr\u0101ts ar asto\u0146staru zvaigzni. Uz muguras &#8211; Sv\u0113t\u0101 \u017dora, caurdurot \u010d\u016bsku.<\/p>\n<blockquote>\n<p style=\"text-align: justify\">XIX gadsimta 20. gadu pirmaj\u0101 pus\u0113 izc\u0113l\u0101s Valash sacel\u0161an\u0101s, kuru vad\u012bja Tudors Vladimirsku. Dr\u012bz vi\u0146\u0161 k\u013cuva par Valahijas valdnieku. Zils-dzeltens-sarkans tr\u012bskr\u0101sains par\u0101d\u012bj\u0101s z\u012bme sacel\u0161an\u0101s.<\/p>\n<\/blockquote>\n<p style=\"text-align: justify\">Ofici\u0101li zili dzeltensarkano karogu pagaidu vald\u012bba apstiprin\u0101ja devi\u0146padsmit\u0101 gadsimta 40. gadu otraj\u0101 pus\u0113, Donavas principu revol\u016bcijas laik\u0101. Tika izmantoti divi karoga varianti &#8211; ar horizont\u0101l\u0101m un vertik\u0101l\u0101m sv\u012btr\u0101m &#8211; zilu, dzeltenu un sarkanu. Centr\u0101 bija uzraksts: &quot;Taisn\u012bgums, br\u0101l\u012bba&quot;. Revolucion\u0101ri izskaidroja ziedu izv\u0113li, lai apvienotu Valahii zilo karogu ar septi\u0146u pak\u0101pju zeltu un sarkano Moldovu.<\/p>\n<p style=\"text-align: justify\"><span itemprop=\"image\" itemscope itemtype=\"https:\/\/schema.org\/ImageObject\"><img itemprop=\"url image\" loading=\"lazy\" decoding=\"async\" class=\"alignnone size-full wp-image-4781\" src=\"\/wp-content\/uploads\/2021\/01\/flags-of-romania_2.png\" width=\"500\" height=\"333\" alt=\"Rum\u0101nijas karogs-2\" \/><meta itemprop=\"width\" content=\"500\"><meta itemprop=\"height\" content=\"333\"><\/span><\/p>\n<ul>\n<li style=\"text-align: justify\">1859.-1866.gad\u0101. Apvienot\u0101s Valahijas un Moldovas karogs bija horizont\u0101la sarkana-dzeltenzila tr\u012bskr\u0101saina form\u0101.<\/li>\n<\/ul>\n<p style=\"text-align: justify\"><span itemprop=\"image\" itemscope itemtype=\"https:\/\/schema.org\/ImageObject\"><img itemprop=\"url image\" loading=\"lazy\" decoding=\"async\" class=\"alignnone size-full wp-image-4782\" src=\"\/wp-content\/uploads\/2021\/01\/flags-of-romania_3.png\" width=\"500\" height=\"333\" alt=\"Rum\u0101nijas karogs-3\" \/><meta itemprop=\"width\" content=\"500\"><meta itemprop=\"height\" content=\"333\"><\/span><\/p>\n<p style=\"text-align: justify\">1866. gad\u0101. Valdnieks Pr\u016bsijas princis K\u0101rlis main\u012bja sloks\u0146u izvietojumu uz vertik\u0101lu. \u0160\u012b opcija ir fiks\u0113ta daudzus gadus. Uz dzelten\u0101s centr\u0101l\u0101s joslas bija nor\u0101d\u012bts valdo\u0161\u0101s dzimtas \u0123erbonis.<\/p>\n<blockquote>\n<p style=\"text-align: justify\">1947. gada 30. decembr\u012b Rum\u0101nij\u0101 monarhija tika likvid\u0113ta. Par\u0101d\u012bj\u0101s Rum\u0101nijas Soci\u0101listisk\u0101 Republika.<\/p>\n<\/blockquote>\n<p style=\"text-align: justify\">Uz 1948. gada karoga, kas past\u0101v\u0113ja no janv\u0101ra l\u012bdz apr\u012blim, \u0123erbonis bija traktora att\u0113ls uz austo\u0161\u0101s saules fona. Tur bija ausu vainags. No aug\u0161as &#8211; samazin\u0101jums &quot;RPR&quot;.<\/p>\n<p style=\"text-align: justify\"><span itemprop=\"image\" itemscope itemtype=\"https:\/\/schema.org\/ImageObject\"><img itemprop=\"url image\" loading=\"lazy\" decoding=\"async\" class=\"alignnone size-full wp-image-4784\" src=\"\/wp-content\/uploads\/2021\/01\/flags-of-romania_4.png\" width=\"500\" height=\"333\" alt=\"Rum\u0101nijas karogs-4\" \/><meta itemprop=\"width\" content=\"500\"><meta itemprop=\"height\" content=\"333\"><\/span><\/p>\n<p style=\"text-align: justify\">1948. gada apr\u012bl\u012b \u0123erbonis main\u012bj\u0101s. T\u0101 lik\u0101s kalniem un me\u017eam, k\u0101 rezult\u0101t\u0101 bija saule. Kreisaj\u0101 pus\u0113 par\u0101d\u012bj\u0101s naftas tor\u0146a att\u0113ls. S\u0101nos &#8211; kvie\u0161u v\u0101rpas, apak\u0161\u0113j\u0101 da\u013c\u0101 apt\u012btas ar lenti ar pa\u0161vald\u012bbas kr\u0101s\u0101m. Uz lentes &#8211; uzraksts &quot;RPR&quot; &#8211; republikas sa\u012bsin\u0101tais nosaukums. \u0160\u012b iesp\u0113ja past\u0101v\u0113ja l\u012bdz 1952. gada septembrim.<\/p>\n<p style=\"text-align: justify\"><span itemprop=\"image\" itemscope itemtype=\"https:\/\/schema.org\/ImageObject\"><img itemprop=\"url image\" loading=\"lazy\" decoding=\"async\" class=\"alignnone size-full wp-image-4785\" src=\"\/wp-content\/uploads\/2021\/01\/flags-of-romania_5.png\" width=\"500\" height=\"333\" alt=\"Rum\u0101nijas karogs-5\" \/><meta itemprop=\"width\" content=\"500\"><meta itemprop=\"height\" content=\"333\"><\/span><\/p>\n<ul>\n<li style=\"text-align: justify\">Kop\u0161 1952. gada septembra. L\u012bdz 1965. gada augustam. \u0122erbonis ar piecstaru sarkanu zvaigzni augst\u0101kaj\u0101 da\u013c\u0101.<\/li>\n<\/ul>\n<p style=\"text-align: justify\"><span itemprop=\"image\" itemscope itemtype=\"https:\/\/schema.org\/ImageObject\"><img itemprop=\"url image\" loading=\"lazy\" decoding=\"async\" class=\"alignnone size-full wp-image-4786\" src=\"\/wp-content\/uploads\/2021\/01\/flags-of-romania_6.png\" width=\"500\" height=\"333\" alt=\"Rum\u0101nijas karogs-6\" \/><meta itemprop=\"width\" content=\"500\"><meta itemprop=\"height\" content=\"333\"><\/span><\/p>\n<ul>\n<li style=\"text-align: justify\">1965. gad\u0101. RPR samazin\u0101\u0161anas vietn\u0113 par\u0101d\u012bj\u0101s jaunais valsts nosaukums.<\/li>\n<\/ul>\n<p style=\"text-align: justify\"><span itemprop=\"image\" itemscope itemtype=\"https:\/\/schema.org\/ImageObject\"><img itemprop=\"url image\" loading=\"lazy\" decoding=\"async\" class=\"alignnone size-full wp-image-4787\" src=\"\/wp-content\/uploads\/2021\/01\/flags-of-romania_7.png\" width=\"500\" height=\"333\" alt=\"Rum\u0101nijas karogs-7\" \/><meta itemprop=\"width\" content=\"500\"><meta itemprop=\"height\" content=\"333\"><\/span><\/p>\n<ul>\n<li style=\"text-align: justify\">1989. gad\u0101. Notika revol\u016bcija. Demonstranti izgriezti no valsts tr\u012bskr\u0101su \u0123erbo\u0146a.<\/li>\n<\/ul>\n<p style=\"text-align: justify\"><span itemprop=\"image\" itemscope itemtype=\"https:\/\/schema.org\/ImageObject\"><img itemprop=\"url image\" loading=\"lazy\" decoding=\"async\" class=\"alignnone size-full wp-image-4788\" src=\"\/wp-content\/uploads\/2021\/01\/flags-of-romania_1.jpg\" width=\"500\" height=\"500\" alt=\"Rum\u0101nijas karogs-8\" \/><meta itemprop=\"width\" content=\"500\"><meta itemprop=\"height\" content=\"500\"><\/span><\/p>\n<p style=\"text-align: justify\">Kop\u0161 1989. gada., \u010cau\u0161esku re\u017e\u012bma kri\u0161anas beig\u0101s \u0123erbonis tika atcelts.<\/p>\n<p style=\"text-align: justify\">1989. gada 27. decembr\u012b Rum\u0101nijas valsts karogs atkal ieguva tr\u012bskr\u0101su bez \u0123erbo\u0146a.<\/p>\n<blockquote>\n<p style=\"text-align: justify\">\u0160is karogs ir der\u012bgs \u012bstaj\u0101 laik\u0101.<\/p>\n<\/blockquote>\n<h2 style=\"text-align: justify\">Apraksts<\/h2>\n<p style=\"text-align: justify\">Taisnst\u016bra audums ar garuma un platuma attiec\u012bbu 2:3.<\/p>\n<p style=\"text-align: justify\">Taisnst\u016bris ir vertik\u0101li sadal\u012bts uz trim izometrisk\u0101m sv\u012btr\u0101m. Pa kreisi, tuvu antifr\u012bzam, zils, vid\u0113js &#8211; dzeltens un pa labi, pie br\u012bv\u0101s malas &#8211; sarkans.<\/p>\n<p style=\"text-align: justify\"><span itemprop=\"image\" itemscope itemtype=\"https:\/\/schema.org\/ImageObject\"><img itemprop=\"url image\" loading=\"lazy\" decoding=\"async\" class=\"alignnone size-full wp-image-4789\" src=\"\/wp-content\/uploads\/2021\/01\/flags-of-romania_8.png\" width=\"500\" height=\"426\" alt=\"Rum\u0101nijas karogs-9\" \/><meta itemprop=\"width\" content=\"500\"><meta itemprop=\"height\" content=\"426\"><\/span><\/p>\n<h2 style=\"text-align: justify\">Kr\u0101su karogs\u00a0Rum\u0101nija<\/h2>\n<p style=\"text-align: justify\">Tr\u012bs kr\u0101sas:<\/p>\n<ol style=\"text-align: justify\">\n<li>Zils atbilst 280c visam Pantone;<\/li>\n<li>Dzeltens atbilst 116c visam Pantone;<\/li>\n<li>Sarkans 186c Pantone Collapse.<\/li>\n<\/ol>\n<h2 style=\"text-align: justify\">Noz\u012bm\u0113 kr\u0101sas\u00a0karogs\u00a0Rum\u0101nija<\/h2>\n<p style=\"text-align: justify\">Karalisk\u0101 vald\u012b\u0161anas laikos tos interpret\u0113ja \u0161\u0101di: zils noz\u012bm\u0113ja laim\u012bgas, sv\u0113t\u012btas debesis; Dzeltens &#8211; bag\u0101t\u012bba; Sarkans &#8211; tautas drosme un cent\u012bba.<\/p>\n<p style=\"text-align: justify\">Ar soci\u0101listisko kr\u0101su kr\u0101sa ir izskaidrota cit\u0101 gad\u012bjum\u0101. Zils &#8211; mier\u012bgas debesis virs valsts; Dzeltens &#8211; bezgal\u012bgi gatavu kvie\u0161u lauki; Sarkans &#8211; tautas asinis, kas izlietas par br\u012bv\u012bbu.<\/p>\n<p style=\"text-align: justify\">Pa\u0161reiz\u0113j\u0101 Rum\u0101nijas valsts karoga kr\u0101sas tiek interpret\u0113tas: zil\u0101 kr\u0101sa liecina par neatkar\u012bbu un br\u012bv\u012bbu; Dzeltens &#8211; likums; Sarkans &#8211; br\u0101l\u012bba.<\/p>\n<h2 style=\"text-align: justify\">Citi karogi<\/h2>\n<p style=\"text-align: justify\">Rum\u0101nijas flotes karogs ir pieejams kvadr\u0101t\u0101, kas sadal\u012bts ar trim vertik\u0101l\u0101m valsts kr\u0101su sv\u012btr\u0101m. Zil\u0101s joslas centr\u0101 att\u0113loti divi balti sakrustoti enkuri.<\/p>\n<p style=\"text-align: justify\"><span itemprop=\"image\" itemscope itemtype=\"https:\/\/schema.org\/ImageObject\"><img itemprop=\"url image\" loading=\"lazy\" decoding=\"async\" class=\"alignnone size-full wp-image-4790\" src=\"\/wp-content\/uploads\/2021\/01\/flags-of-romania_9.png\" width=\"500\" height=\"500\" alt=\"Rum\u0101nijas karogs-10\" \/><meta itemprop=\"width\" content=\"500\"><meta itemprop=\"height\" content=\"500\"><\/span><\/p>\n<p style=\"text-align: justify\">Prezidenta etalons ir laukums, ko no 3 br\u012bvaj\u0101m mal\u0101m ierobe\u017eo Zelta Bahs. Aug\u0161\u0113jais un apak\u0161\u0113jais taisnais le\u0146\u0137is &#8211; zelta otas. Uz zila fona &#8211; kvadr\u0101ts, kas piestiprin\u0101ts ar tr\u012bskr\u0101su, kas ievietots balt\u0101 r\u0101m\u012b.<\/p>\n<p style=\"text-align: justify\"><span itemprop=\"image\" itemscope itemtype=\"https:\/\/schema.org\/ImageObject\"><img itemprop=\"url image\" loading=\"lazy\" decoding=\"async\" class=\"alignnone size-full wp-image-4791\" src=\"\/wp-content\/uploads\/2021\/01\/flags-of-romania_10.png\" width=\"472\" height=\"500\" alt=\"Rum\u0101nijas karogs-11\" \/><meta itemprop=\"width\" content=\"472\"><meta itemprop=\"height\" content=\"500\"><\/span><\/p>\n<p style=\"text-align: justify\">Rum\u0101nijas gaisa sp\u0113ku karogs<\/p>\n<p style=\"text-align: justify\"><span itemprop=\"image\" itemscope itemtype=\"https:\/\/schema.org\/ImageObject\"><img itemprop=\"url image\" loading=\"lazy\" decoding=\"async\" class=\"alignnone size-full wp-image-4792\" src=\"\/wp-content\/uploads\/2021\/01\/flags-of-romania_11.png\" alt=\"Rum\u0101nijas karogs-12\" width=\"273\" height=\"273\" \/><meta itemprop=\"width\" content=\"273\"><meta itemprop=\"height\" content=\"273\"><\/span><\/p>\n<h2 style=\"text-align: justify\">L\u012bdz\u012bgi karogi<\/h2>\n<p style=\"text-align: justify\">Rum\u0101nijas karogs ir l\u012bdz\u012bgs Andoras, Moldovas un \u010cadas karogiem.<\/p>\n<p style=\"text-align: justify\">Izsludin\u0101ta Andora un Moldova. Pieejams valsts \u0123erbo\u0146a kl\u0101tb\u016btn\u0113 centr\u0101laj\u0101 josl\u0101. Ne\u0146emot v\u0113r\u0101 to, mold\u0101vu rekl\u0101mkaroga proporcija\u00a01:2.<\/p>\n<p style=\"text-align: justify\"><span itemprop=\"image\" itemscope itemtype=\"https:\/\/schema.org\/ImageObject\"><img itemprop=\"url image\" loading=\"lazy\" decoding=\"async\" class=\"alignnone size-full wp-image-4793\" src=\"\/wp-content\/uploads\/2021\/01\/flags-of-romania_12.png\" width=\"500\" height=\"350\" alt=\"Rum\u0101nijas karogs-13\" \/><meta itemprop=\"width\" content=\"500\"><meta itemprop=\"height\" content=\"350\"><\/span> <span itemprop=\"image\" itemscope itemtype=\"https:\/\/schema.org\/ImageObject\"><img itemprop=\"url image\" loading=\"lazy\" decoding=\"async\" class=\"alignnone size-full wp-image-4794\" src=\"\/wp-content\/uploads\/2021\/01\/flags-of-romania_13.png\" width=\"500\" height=\"250\" alt=\"Rum\u0101nijas karogs-14\" \/><meta itemprop=\"width\" content=\"500\"><meta itemprop=\"height\" content=\"250\"><\/span><\/p>\n<p style=\"text-align: justify\">\u010cadas karogs ir l\u012bdz\u012bgs rum\u0101\u0146u karogam, bet at\u0161\u0137iras ar tum\u0161i zilu joslu.<\/p>\n<p style=\"text-align: justify\"><span itemprop=\"image\" itemscope itemtype=\"https:\/\/schema.org\/ImageObject\"><img itemprop=\"url image\" loading=\"lazy\" decoding=\"async\" class=\"alignnone size-full wp-image-4795\" src=\"\/wp-content\/uploads\/2021\/01\/flags-of-romania_14.png\" width=\"500\" height=\"333\" alt=\"Rum\u0101nijas karogs-15\" \/><meta itemprop=\"width\" content=\"500\"><meta itemprop=\"height\" content=\"333\"><\/span><\/p>\n<h2 style=\"text-align: justify\">Interesanti fakti par karogu<\/h2>\n<p style=\"text-align: justify\">2013. gad\u0101 Rum\u0101nija ir iek\u013cauta Ginesa rekordu gr\u0101mat\u0101. 27. maijs atz\u012bm\u0113ja gadu Klinchi lidost\u0101 tika izvietots m\u0101c\u012bbu programmas valsts karogs. Rum\u0101nijas rekl\u0101mkarogs aiz\u0146\u0113ma 80 t\u016bksto\u0161us lielu plat\u012bbu. kvadr\u0101tmetri, un audekla svars bija 5 t\u016bksto\u0161i kilogramu.<\/p>\n<p style=\"text-align: justify\">2003. gad\u0101 Pentagons sajauca RF un Rum\u0101nijas nacion\u0101l\u0101s z\u012bmes. Incidents notika Rum\u0101nijas prezidenta un ASV aizsardz\u012bbas ministra ofici\u0101laj\u0101s vakari\u0146\u0101s. P\u0101ris izdevumu public\u0113ta fotogr\u0101fija ar apmulsu\u0161\u0101m tr\u012bskr\u0101s\u0101m. ASV Aizsardz\u012bbas ministrijai bija j\u0101atvainojas.<\/p>\n<h2 style=\"text-align: justify\">Nespecializ\u0113ta inform\u0101cija par Rum\u0101niju<\/h2>\n<table>\n<tbody>\n<tr style=\"text-align: justify\">\n<td>Ofici\u0101l\u0101 valoda<\/td>\n<td>rum\u0101\u0146u valoda<\/td>\n<\/tr>\n<tr style=\"text-align: justify\">\n<td>Kapit\u0101ls<\/td>\n<td>Bukareste<\/td>\n<\/tr>\n<tr style=\"text-align: justify\">\n<td>Teritorija<\/td>\n<td>238 391 km2<\/td>\n<\/tr>\n<tr style=\"text-align: justify\">\n<td>Popul\u0101cija<\/td>\n<td>19 401 658 cilv\u0113ki<\/td>\n<\/tr>\n<tr style=\"text-align: justify\">\n<td>Val\u016bta<\/td>\n<td>Lei (RON)<\/td>\n<\/tr>\n<tr>\n<td style=\"text-align: justify\">Telefona kods<\/td>\n<td style=\"text-align: justify\">+40<\/td>\n<\/tr>\n<\/tbody>\n<\/table>\n","protected":false},"excerpt":{"rendered":"<p>Vienai no Rum\u0101nijas pa\u0161vald\u012bbas z\u012bm\u0113m ir karogs. T\u0101tad m\u016bsdienu Rum\u0101nijas karogs izskat\u0101s: Karoga dienu Rum\u0101nij\u0101 atz\u012bm\u0113 26. j\u016bnij\u0101. Br\u012bvdienas tiek rad\u012btas XX gadsimta 90. gadu otraj\u0101 pus\u0113. V\u0113stures&#8230;<\/p>\n","protected":false},"author":1,"featured_media":5937,"comment_status":"open","ping_status":"open","sticky":false,"template":"","format":"standard","meta":{"footnotes":""},"categories":[3],"tags":[],"class_list":["post-1638","post","type-post","status-publish","format-standard","has-post-thumbnail","","category-eiropas-karogi"],"aioseo_notices":[],"_links":{"self":[{"href":"https:\/\/flags-world.com\/lv\/wp-json\/wp\/v2\/posts\/1638","targetHints":{"allow":["GET"]}}],"collection":[{"href":"https:\/\/flags-world.com\/lv\/wp-json\/wp\/v2\/posts"}],"about":[{"href":"https:\/\/flags-world.com\/lv\/wp-json\/wp\/v2\/types\/post"}],"author":[{"embeddable":true,"href":"https:\/\/flags-world.com\/lv\/wp-json\/wp\/v2\/users\/1"}],"replies":[{"embeddable":true,"href":"https:\/\/flags-world.com\/lv\/wp-json\/wp\/v2\/comments?post=1638"}],"version-history":[{"count":0,"href":"https:\/\/flags-world.com\/lv\/wp-json\/wp\/v2\/posts\/1638\/revisions"}],"wp:featuredmedia":[{"embeddable":true,"href":"https:\/\/flags-world.com\/lv\/wp-json\/wp\/v2\/media\/5937"}],"wp:attachment":[{"href":"https:\/\/flags-world.com\/lv\/wp-json\/wp\/v2\/media?parent=1638"}],"wp:term":[{"taxonomy":"category","embeddable":true,"href":"https:\/\/flags-world.com\/lv\/wp-json\/wp\/v2\/categories?post=1638"},{"taxonomy":"post_tag","embeddable":true,"href":"https:\/\/flags-world.com\/lv\/wp-json\/wp\/v2\/tags?post=1638"}],"curies":[{"name":"wp","href":"https:\/\/api.w.org\/{rel}","templated":true}]}}