{"id":1637,"date":"2021-01-04T17:18:17","date_gmt":"2021-01-04T14:18:17","guid":{"rendered":"https:\/\/flags-world.com\/lv\/2021\/01\/04\/ruandas-karogs-nozme-un-krsas\/"},"modified":"2021-01-04T17:18:17","modified_gmt":"2021-01-04T14:18:17","slug":"ruandas-karogs-nozme-un-krsas","status":"publish","type":"post","link":"https:\/\/flags-world.com\/lv\/ruandas-karogs-nozme-un-krsas\/","title":{"rendered":"Ruandas karogs: noz\u012bme un kr\u0101sas"},"content":{"rendered":"<p style=\"text-align: justify\">Ruandas Republika \u2014 Austrum\u0101frikas vald\u012bba, ar teritoriju 26.3 t\u016bksto\u0161i. kv. km. un iedz\u012bvot\u0101ju skaits ir 12.4 miljoni. Cilv\u0113ks. L\u012bdz 1991. gadam. \u0160o valsti sauca par Ruandas Republiku. Par valsts izgl\u012bt\u012bbas gadu tiek uzskat\u012bts 1962. gads, kur\u0101 apgabals, ko sauc par Ruanda Burundi, tika sadal\u012bts div\u0101s da\u013c\u0101s: Ruand\u0101 un Burundi.<\/p>\n<p style=\"text-align: justify\">T\u0101tad m\u016bsdienu Ruandas karogs izskat\u0101s:<\/p>\n<p style=\"text-align: justify\"><span itemprop=\"image\" itemscope itemtype=\"https:\/\/schema.org\/ImageObject\"><img itemprop=\"url image\" loading=\"lazy\" decoding=\"async\" class=\"alignnone size-full wp-image-3921\" src=\"\/wp-content\/uploads\/2021\/01\/flag-of-rwanda_1.png\" width=\"500\" height=\"333\" alt=\"Ruandas karogs-1\" \/><meta itemprop=\"width\" content=\"500\"><meta itemprop=\"height\" content=\"333\"><\/span><\/p>\n<h2 style=\"text-align: justify\">Ruandas karoga v\u0113sture<\/h2>\n<p style=\"text-align: justify\">Ruanda ilgu laiku bija sl\u0113gta teritorija koloni\u0101laj\u0101m Eiropas lielvar\u0101m. Pirmo reizi vi\u0146i \u0161aj\u0101 zem\u0113 ien\u0101ca 1892. gad\u0101 priek\u0161gal\u0101., K\u0101ds bija 1890.\u00a0gada Briseles konferences rezult\u0101ts., Saska\u0146ojot ar to, ka \u0161\u012b teritorija tika nodota V\u0101cijas protektor\u0101tam (2. Reihs). Pirmo reizi valsts noteikusi V\u0101cijas Austrum\u0101friku, p\u0113c kuras beig\u0101m sa\u0146\u0113ma V\u0101cijas vald\u012bba. \u0160\u012b koloni\u0101l\u0101 teritorija ietv\u0113ra Ruandas neskait\u012b\u0161anu taj\u0101 pa\u0161\u0101 reljef\u0101 Burundi\u00a0un Tanz\u0101nij\u0101.<\/p>\n<p style=\"text-align: justify\"><span itemprop=\"image\" itemscope itemtype=\"https:\/\/schema.org\/ImageObject\"><img itemprop=\"url image\" loading=\"lazy\" decoding=\"async\" class=\"alignnone size-full wp-image-3922\" src=\"\/wp-content\/uploads\/2021\/01\/flag-of-rwanda_2.png\" width=\"500\" height=\"333\" alt=\"Ruandas karogs-2\" \/><meta itemprop=\"width\" content=\"500\"><meta itemprop=\"height\" content=\"333\"><\/span><\/p>\n<p style=\"text-align: justify\">Koloni\u0101l\u0101s imp\u0113rijas karogs bija melnbaltsarkans audums ar \u0123erboni centr\u0101.<\/p>\n<p style=\"text-align: justify\"><span itemprop=\"image\" itemscope itemtype=\"https:\/\/schema.org\/ImageObject\"><img itemprop=\"url image\" loading=\"lazy\" decoding=\"async\" class=\"alignnone size-full wp-image-3923\" src=\"\/wp-content\/uploads\/2021\/01\/flag-of-rwanda_3.png\" width=\"500\" height=\"333\" alt=\"Ruandas karogs-3\" \/><meta itemprop=\"width\" content=\"500\"><meta itemprop=\"height\" content=\"333\"><\/span><\/p>\n<p style=\"text-align: justify\">\u012asi pirms pirm\u0101s pasaules Austrum\u0101frikai tika izveidots jauns baneris, kur\u0161 netika pielietots, t. Uz. Kara beig\u0101s da\u013ca t\u0101s reljefa p\u0101rc\u0113l\u0101s Be\u013c\u0123ijas kontrol\u0113 un ieguva jaunu nosaukumu &#8211; Ruanda-Urundi.<\/p>\n<p style=\"text-align: justify\"><span itemprop=\"image\" itemscope itemtype=\"https:\/\/schema.org\/ImageObject\"><img itemprop=\"url image\" loading=\"lazy\" decoding=\"async\" class=\"alignnone size-full wp-image-3924\" src=\"\/wp-content\/uploads\/2021\/01\/flag-of-rwanda_4.png\" width=\"500\" height=\"333\" alt=\"Ruandas karogs-4\" \/><meta itemprop=\"width\" content=\"500\"><meta itemprop=\"height\" content=\"333\"><\/span><\/p>\n<p style=\"text-align: justify\">K\u0101 z\u012bmi izmantoja be\u013c\u0123u simboliku.<\/p>\n<p style=\"text-align: justify\"><span itemprop=\"image\" itemscope itemtype=\"https:\/\/schema.org\/ImageObject\"><img itemprop=\"url image\" loading=\"lazy\" decoding=\"async\" class=\"alignnone size-full wp-image-3925\" src=\"\/wp-content\/uploads\/2021\/01\/flag-of-rwanda_5.png\" width=\"500\" height=\"433\" alt=\"Ruandas karogs-5\" \/><meta itemprop=\"width\" content=\"500\"><meta itemprop=\"height\" content=\"433\"><\/span><\/p>\n<p style=\"text-align: justify\">Pag\u0101ju\u0161\u0101 gadsimta 50.\u00a0gados Be\u013c\u0123ij\u0101\u00a0s\u0101ka veikt reformas, kas k\u013cuva par notikumu ar pretest\u012bbu starp viet\u0113j\u0101m cilt\u012bm (tutsi, hutu). V\u0113l\u0101k tas p\u0101rv\u0113rt\u0101s par ce\u013cojumu uz neatkar\u012bbu. Revol\u016bcijas izmekl\u0113\u0161an\u0101 1959.-1961. Ruandas karaliste tika g\u0101zta 1962. gad\u0101. Republika proklam\u0113ja valsti. 59-61 k\u0101 karogu izmantoja tr\u012bskr\u0101su ar vertik\u0101l\u0101m sarkani dzeltenza\u013c\u0101m sv\u012btr\u0101m.<\/p>\n<p style=\"text-align: justify\"><span itemprop=\"image\" itemscope itemtype=\"https:\/\/schema.org\/ImageObject\"><img itemprop=\"url image\" loading=\"lazy\" decoding=\"async\" class=\"alignnone size-full wp-image-3926\" src=\"\/wp-content\/uploads\/2021\/01\/flag-of-rwanda_6.png\" width=\"500\" height=\"333\" alt=\"Ruandas karogs-6\" \/><meta itemprop=\"width\" content=\"500\"><meta itemprop=\"height\" content=\"333\"><\/span><\/p>\n<p style=\"text-align: justify\">61.-62. T\u0101 pati z\u012bme, uz kuras tika p\u0101rk\u0101rtoti sarkan\u0101s un za\u013c\u0101s vietas ziedi.<\/p>\n<p style=\"text-align: justify\"><span itemprop=\"image\" itemscope itemtype=\"https:\/\/schema.org\/ImageObject\"><img itemprop=\"url image\" loading=\"lazy\" decoding=\"async\" class=\"alignnone size-full wp-image-3927\" src=\"\/wp-content\/uploads\/2021\/01\/flag-of-rwanda_7.png\" width=\"500\" height=\"333\" alt=\"Ruandas karogs-7\" \/><meta itemprop=\"width\" content=\"500\"><meta itemprop=\"height\" content=\"333\"><\/span><\/p>\n<p style=\"text-align: justify\">1962. gada j\u016blij\u0101. Tika pie\u0146emta jauna Ruandas z\u012bme, kas atk\u0101rtota tr\u012bskr\u0101s\u0101 59-61, tikai dzeltenaj\u0101 josl\u0101 tika pievienots lat\u012b\u0146u burts &quot;R&quot;, lai tas at\u0161\u0137irtos no Gvinejas karoga.<\/p>\n<blockquote>\n<p style=\"text-align: justify\">M\u016bsdien\u012bgais z\u012bmes skats tika pie\u0146emts 2001. gada oktobr\u012b.<\/p>\n<\/blockquote>\n<h2 style=\"text-align: justify\">Apraksts<\/h2>\n<p style=\"text-align: justify\">Ruandas z\u012bme ir taisnst\u016bra formas audums ar malu attiec\u012bbu no 2 l\u012bdz 3. Tas ir sadal\u012bts tr\u012bs horizont\u0101l\u0101s josl\u0101s, no kur\u0101m zil\u0101 (no aug\u0161as) aiz\u0146em pusi no karoga platuma, bet otr\u0101 nav laba puse vien\u0101di sadal\u012bta starp dzelten\u0101s un za\u013c\u0101s kr\u0101sas josl\u0101m.<\/p>\n<blockquote>\n<p style=\"text-align: justify\">S\u0101nu aizmugur\u0113 uz zil\u0101s z\u012bmes z\u012bmes ir uzz\u012bm\u0113ta dzeltena saule.<\/p>\n<\/blockquote>\n<h2 style=\"text-align: justify\">Ruandas karoga kr\u0101sas<\/h2>\n<p style=\"text-align: justify\">Republikas karogs ir izgatavots, izmantojot 3 kr\u0101sas:<\/p>\n<ol>\n<li style=\"text-align: justify\">Zils;<\/li>\n<li style=\"text-align: justify\">Dzeltens;<\/li>\n<li style=\"text-align: justify\">Za\u013c\u0161.<\/li>\n<\/ol>\n<h2 style=\"text-align: justify\">Noz\u012bm\u0113 kr\u0101su karogs Ruand\u0101<\/h2>\n<p style=\"text-align: justify\">Kr\u0101sas un z\u012bmes uz karoga simboliz\u0113:<\/p>\n<ol style=\"text-align: justify\">\n<li>Dzeltens &#8211; zelts un citas valsts dabas bag\u0101t\u012bbas;<\/li>\n<li>za\u013c\u0161 &#8211; ve\u0123et\u0101cija, tropu me\u017ei, labkl\u0101j\u012bba;<\/li>\n<li>Zils &#8211; upes un Kivu ezers, laime, miers un dzen\u0101jo\u0161as debesis p\u0101r valsti.<\/li>\n<\/ol>\n<p style=\"text-align: justify\">Saule zilaj\u0101s debes\u012bs simboliz\u0113 cer\u012bbu uz iev\u0113rojamu republikas n\u0101kotni.<\/p>\n<p style=\"text-align: justify\">Jaunais Ruandas karogs simboliz\u0113 nacion\u0101lo vienot\u012bbu, varon\u012bbu un p\u0101rliec\u012bbu par r\u012btdienu. Karoga veida mai\u0146a, kas dikt\u0113ta, lai p\u0101rv\u0113rstu pilso\u0146u kara un genoc\u012bda melno v\u0113sturi, 1994.<\/p>\n<h2 style=\"text-align: justify\">Citi karogi<\/h2>\n<p style=\"text-align: justify\">Nepiev\u0113r\u0161ot uzman\u012bbu nelielajam suver\u0113n\u0101s valsts past\u0101v\u0113\u0161anas periodam, republikai ir cita veida embl\u0113mas un simboli. To vid\u016b:<\/p>\n<ul style=\"text-align: justify\">\n<li>Prezidenta;<\/li>\n<\/ul>\n<p style=\"text-align: justify\"><span itemprop=\"image\" itemscope itemtype=\"https:\/\/schema.org\/ImageObject\"><img itemprop=\"url image\" loading=\"lazy\" decoding=\"async\" class=\"alignnone size-full wp-image-3928\" src=\"\/wp-content\/uploads\/2021\/01\/flag-of-rwanda_8.png\" width=\"500\" height=\"342\" alt=\"Ruandas karogs-8\" \/><meta itemprop=\"width\" content=\"500\"><meta itemprop=\"height\" content=\"342\"><\/span><\/p>\n<ul style=\"text-align: justify\">\n<li>Aizsardz\u012bbas sp\u0113ki, kas ir zeme un gaiss.<\/li>\n<\/ul>\n<p style=\"text-align: justify\"><span itemprop=\"image\" itemscope itemtype=\"https:\/\/schema.org\/ImageObject\"><img itemprop=\"url image\" loading=\"lazy\" decoding=\"async\" class=\"alignnone size-full wp-image-3929\" src=\"\/wp-content\/uploads\/2021\/01\/flag-of-rwanda_9.png\" alt=\"Ruandas karogs-9\" width=\"97\" height=\"101\" \/><meta itemprop=\"width\" content=\"97\"><meta itemprop=\"height\" content=\"101\"><\/span><\/p>\n<h2 style=\"text-align: justify\">Nespecializ\u0113ta inform\u0101cija par Ruandu<\/h2>\n<table>\n<tbody>\n<tr>\n<td>Ofici\u0101l\u0101 valoda<\/td>\n<td>Kinyaruda, ang\u013cu, fran\u010du un svahili<\/td>\n<\/tr>\n<tr>\n<td>Kapit\u0101ls<\/td>\n<td>Kigali<\/td>\n<\/tr>\n<tr>\n<td>Teritorija<\/td>\n<td>26 338 km2<\/td>\n<\/tr>\n<tr>\n<td>Popul\u0101cija<\/td>\n<td>12 374 397 cilv\u0113ki<\/td>\n<\/tr>\n<tr>\n<td>Val\u016bta<\/td>\n<td>Ruandas Frenks<\/td>\n<\/tr>\n<tr>\n<td>Telefona kods<\/td>\n<td>+250<\/td>\n<\/tr>\n<\/tbody>\n<\/table>\n","protected":false},"excerpt":{"rendered":"<p>Ruandas Republika \u2014 Austrum\u0101frikas vald\u012bba, ar teritoriju 26.3 t\u016bksto\u0161i. kv. km. un iedz\u012bvot\u0101ju skaits ir 12.4 miljoni. Cilv\u0113ks. L\u012bdz 1991. gadam. \u0160o valsti sauca par Ruandas Republiku. Par&#8230;<\/p>\n","protected":false},"author":1,"featured_media":5936,"comment_status":"open","ping_status":"open","sticky":false,"template":"","format":"standard","meta":{"footnotes":""},"categories":[5],"tags":[],"class_list":["post-1637","post","type-post","status-publish","format-standard","has-post-thumbnail","","category-frikas-valstu-karogi"],"aioseo_notices":[],"_links":{"self":[{"href":"https:\/\/flags-world.com\/lv\/wp-json\/wp\/v2\/posts\/1637","targetHints":{"allow":["GET"]}}],"collection":[{"href":"https:\/\/flags-world.com\/lv\/wp-json\/wp\/v2\/posts"}],"about":[{"href":"https:\/\/flags-world.com\/lv\/wp-json\/wp\/v2\/types\/post"}],"author":[{"embeddable":true,"href":"https:\/\/flags-world.com\/lv\/wp-json\/wp\/v2\/users\/1"}],"replies":[{"embeddable":true,"href":"https:\/\/flags-world.com\/lv\/wp-json\/wp\/v2\/comments?post=1637"}],"version-history":[{"count":0,"href":"https:\/\/flags-world.com\/lv\/wp-json\/wp\/v2\/posts\/1637\/revisions"}],"wp:featuredmedia":[{"embeddable":true,"href":"https:\/\/flags-world.com\/lv\/wp-json\/wp\/v2\/media\/5936"}],"wp:attachment":[{"href":"https:\/\/flags-world.com\/lv\/wp-json\/wp\/v2\/media?parent=1637"}],"wp:term":[{"taxonomy":"category","embeddable":true,"href":"https:\/\/flags-world.com\/lv\/wp-json\/wp\/v2\/categories?post=1637"},{"taxonomy":"post_tag","embeddable":true,"href":"https:\/\/flags-world.com\/lv\/wp-json\/wp\/v2\/tags?post=1637"}],"curies":[{"name":"wp","href":"https:\/\/api.w.org\/{rel}","templated":true}]}}