{"id":1636,"date":"2021-01-04T17:18:17","date_gmt":"2021-01-04T14:18:17","guid":{"rendered":"https:\/\/flags-world.com\/lv\/2021\/01\/04\/krievijas-karogs-krsas-un-nozmes\/"},"modified":"2021-01-04T17:18:17","modified_gmt":"2021-01-04T14:18:17","slug":"krievijas-karogs-krsas-un-nozmes","status":"publish","type":"post","link":"https:\/\/flags-world.com\/lv\/krievijas-karogs-krsas-un-nozmes\/","title":{"rendered":"Krievijas karogs: kr\u0101sas un noz\u012bmes"},"content":{"rendered":"<p style=\"text-align: justify\">Krievijas karogs ne vienm\u0113r bija tr\u012bskr\u0101su. Reizi gad\u0101 22. august\u0101 Krievijas Feder\u0101cij\u0101 tiek svin\u0113ta Pa\u0161vald\u012bbas karoga diena.<\/p>\n<p style=\"text-align: justify\">T\u0101tad m\u016bsdienu Krievijas Feder\u0101cijas karogs izskat\u0101s: foto<\/p>\n<p style=\"text-align: justify\"><span itemprop=\"image\" itemscope itemtype=\"https:\/\/schema.org\/ImageObject\"><img itemprop=\"url image\" loading=\"lazy\" decoding=\"async\" class=\"alignnone size-full wp-image-3932\" src=\"\/wp-content\/uploads\/2021\/01\/russian-flags_1.png\" width=\"500\" height=\"333\" alt=\"Krievijas karogs-1\" \/><meta itemprop=\"width\" content=\"500\"><meta itemprop=\"height\" content=\"333\"><\/span><\/p>\n<blockquote>\n<p style=\"text-align: justify\">Liel\u0101kais audums tika izvietots Elbrus\u0101 2016.\u00a0gad\u0101. T\u0101s izm\u0113rs bija 25 x 38 m.<\/p>\n<\/blockquote>\n<h2 style=\"text-align: justify\">Krievijas Feder\u0101cijas v\u0113stures karogs<\/h2>\n<p style=\"text-align: justify\">O\u013cega un Svjatoslava Princes draugi piev\u0113rs\u0101s p\u0101rg\u0101jieniem zem sarkan\u0101 prin\u010da. Svjatoslavs pievienoja izl\u0113c\u0113ju, kas v\u0113l\u0101k tika aizst\u0101ts ar pareiztic\u012bgo krustu.<\/p>\n<p style=\"text-align: justify\">V\u0113stures arh\u012bvu izp\u0113te par\u0101d\u012bja, ka mongo\u013cu-tat\u0101ru jogas laik\u0101 Krievijas pa\u0161vald\u012bbu kr\u0101sa bija melna. T\u0101ds bija ar\u012b Maskavas Firstistes rekl\u0101mkarogs. Citam pie\u0146\u0113mumam baneris bija gofr\u0113ts, t.Uz. Meriliz\u0101cijas korespondenti sagroz\u012bja v\u0101rdu &quot;\u0137irsis&quot; (sarkans), uzrakstot &quot;melns&quot;.<\/p>\n<p style=\"text-align: justify\">Beidzoties atbr\u012bvo\u0161anai no mongo\u013cu-tat\u0101riem un varas p\u0101rejas uz Lielo princi, valdnieka apdruka un rekl\u0101mkarogs k\u013c\u016bst sarkans.<\/p>\n<p style=\"text-align: justify\">Uz 16. un 17. gadsimta z\u012bm\u0113m tika att\u0113loti sv\u0113tie. Bija trapecveida forma ar sl\u012bpu br\u012bvu malu.<\/p>\n<p style=\"text-align: justify\">Tika saglab\u0101ta inform\u0101cija par &quot;Visa Gl\u0101b\u0113ja&quot; saiti ar J\u0113zus Kristus seju. Zem \u0161\u012b karoga XVI gadsimta 50. gadu pirmaj\u0101 pus\u0113 Ivana Barg\u0101 karasp\u0113ks uzbruka Kaza\u0146ai.<\/p>\n<p style=\"text-align: justify\"><span itemprop=\"image\" itemscope itemtype=\"https:\/\/schema.org\/ImageObject\"><img itemprop=\"url image\" loading=\"lazy\" decoding=\"async\" class=\"alignnone size-full wp-image-3933\" src=\"\/wp-content\/uploads\/2021\/01\/russian-flags_2.png\" width=\"500\" height=\"261\" alt=\"Krievijas karogs-2\" \/><meta itemprop=\"width\" content=\"500\"><meta itemprop=\"height\" content=\"261\"><\/span><\/p>\n<p style=\"text-align: justify\">Saist\u012bt\u0101 kara\u013ca Ivana Groznija &quot;Lielais iestud\u0113jums&quot;. Uz audekla debeszils trape\u0161u form\u0101 att\u0113lots zirgs Erce\u0146\u0123elis Mi\u0161a un Kristus laiz\u012btis. Kamikas aukla un mago\u0146u ziedi.<\/p>\n<p style=\"text-align: justify\"><span itemprop=\"image\" itemscope itemtype=\"https:\/\/schema.org\/ImageObject\"><img itemprop=\"url image\" loading=\"lazy\" decoding=\"async\" class=\"alignnone size-full wp-image-3934\" src=\"\/wp-content\/uploads\/2021\/01\/russian-flags_3.png\" width=\"500\" height=\"211\" alt=\"Krievijas karogs-3\" \/><meta itemprop=\"width\" content=\"500\"><meta itemprop=\"height\" content=\"211\"><\/span><\/p>\n<p style=\"text-align: justify\">Po\u017earska k\u0146aza tautas milicija 1612. gad\u0101 uzst\u0101j\u0101s ar ave\u0146u z\u012bmogu. Vien\u0101 pus\u0113 bija Kristus att\u0113ls, otr\u0101 &#8211; Erce\u0146\u0123elis Mi\u0161a.<\/p>\n<p style=\"text-align: justify\"><span itemprop=\"image\" itemscope itemtype=\"https:\/\/schema.org\/ImageObject\"><img itemprop=\"url image\" loading=\"lazy\" decoding=\"async\" class=\"alignnone size-full wp-image-3935\" src=\"\/wp-content\/uploads\/2021\/01\/russian-flags_4.png\" width=\"327\" height=\"500\" alt=\"Krievijas karogs-4\" \/><meta itemprop=\"width\" content=\"327\"><meta itemprop=\"height\" content=\"500\"><\/span><\/p>\n<p style=\"text-align: justify\">Alekseja Mihailovi\u010da rekl\u0101mkarog\u0101 uz sarkana fona bija att\u0113lots gl\u0101b\u0113js.<\/p>\n<p style=\"text-align: justify\">Septi\u0146padsmit\u0101 gadsimta 60. gadu otraj\u0101 pus\u0113 valdnieks Aleksejs Mihailovi\u010ds Petra T\u0113vs Pirmais uzaicin\u0101ja po\u013cu gleznot\u0101jus izgatavot \u0123erboni. Tika izveidots audums ar sl\u012bpumu, vid\u016b &#8211; divgalvains \u0113rglis, kas rot\u0101ts ar vainagiem. Sokolas centr\u0101 tika novietots j\u0101tnieku line\u0101ls, kas caurd\u016bra \u010d\u016bsku. Audekls bija balts ar sarkanu griezumu. \u0122erbonis ir izgatavots no zelta.<\/p>\n<p style=\"text-align: justify\">P\u0113teris Lielais, sekojot t\u0113va galvas piem\u0113ram, izdar\u012bja personisku. P\u0113d\u0113j\u0101s formas patv\u0113rum\u0101 virs j\u016bras Par\u012bzes Zelta \u0113rglis. Centr\u0101 Sokol &#8211; Lik Rescuer, un net\u0101lu no apustu\u013ciem P\u0113tera un P\u0101vila.<\/p>\n<p style=\"text-align: justify\"><span itemprop=\"image\" itemscope itemtype=\"https:\/\/schema.org\/ImageObject\"><img itemprop=\"url image\" loading=\"lazy\" decoding=\"async\" class=\"alignnone size-full wp-image-3937\" src=\"\/wp-content\/uploads\/2021\/01\/russian-flags_5.png\" width=\"500\" height=\"351\" alt=\"Krievijas karogs-5\" \/><meta itemprop=\"width\" content=\"500\"><meta itemprop=\"height\" content=\"351\"><\/span><\/p>\n<p style=\"text-align: justify\">1. v\u0113stur\u0113 Krievijas Feder\u0101cijas karogs Tr\u012bskr\u0101sains tika pacelts uz milit\u0101r\u0101 ku\u0123a &quot;\u0112rglis&quot; ar pirm\u0101 Alekseja Mihailovi\u010da P\u0113tera t\u0113va dekr\u0113tu.<\/p>\n<p style=\"text-align: justify\">Iepriek\u0161 ties\u0101m pa\u0161vald\u012bbas karogs nav nepiecie\u0161ams, t.Uz. tiesas staig\u0101ja ap Aqua l\u012bdz art\u0113rij\u0101m valst\u012b, un nebija vajadz\u012bbas noteikt nacion\u0101lo pieder\u012bbu. L\u012bdz ar j\u016bras ku\u0123u b\u016bvniec\u012bbu karogi k\u013c\u016bst piem\u0113roti. &quot;\u0112rglis&quot; tika uzcelts septi\u0146padsmit\u0101 gadsimta 60. gadu otraj\u0101 pus\u0113 un dev\u0101s peld\u0113ties sk\u0101bekli. Vi\u0146am un otraj\u0101m ties\u0101m, kas apz\u012bm\u0113tas ar tr\u012bskr\u0101su, tika pied\u0113v\u0113ts pien\u0101kums aizsarg\u0101t tirdzniec\u012bbas ku\u0123us Volg\u0101 un Kaspijas j\u016br\u0101. Bet slavenais &quot;\u0112rglis&quot; past\u0101v\u0113ja jau sen. Vi\u0146u s\u0113rfoja zemnieki, kuri atbalst\u012bja Stepana Razina sacel\u0161anos.<\/p>\n<p style=\"text-align: justify\"><span itemprop=\"image\" itemscope itemtype=\"https:\/\/schema.org\/ImageObject\"><img itemprop=\"url image\" loading=\"lazy\" decoding=\"async\" class=\"alignnone size-full wp-image-3938\" src=\"\/wp-content\/uploads\/2021\/01\/russian-flags_6.png\" width=\"500\" height=\"333\" alt=\"Krievijas karogs-6\" \/><meta itemprop=\"width\" content=\"500\"><meta itemprop=\"height\" content=\"333\"><\/span><\/p>\n<p style=\"text-align: justify\">17.gadsimta beig\u0101s pie &quot;Sv\u0113t\u0101 P\u0113tera&quot;, Milit\u0101r\u0101s jahtas P\u0113tera Liel\u0101, tika pacelta tr\u012bskr\u0101sa ar zelta divgalvu piek\u016bnu. \u0160obr\u012bd \u0161o daudzpus\u012bgo rekl\u0101mkarogu var novietot Centr\u0101laj\u0101 J\u016bras sp\u0113ku muzej\u0101, kas atrodas Sanktp\u0113terburg\u0101. P\u0113terburga.<\/p>\n<p style=\"text-align: justify\"><span itemprop=\"image\" itemscope itemtype=\"https:\/\/schema.org\/ImageObject\"><img itemprop=\"url image\" loading=\"lazy\" decoding=\"async\" class=\"alignnone size-full wp-image-3939\" src=\"\/wp-content\/uploads\/2021\/01\/russian-flags_1.jpg\" width=\"500\" height=\"456\" alt=\"Krievijas karogs-7\" \/><meta itemprop=\"width\" content=\"500\"><meta itemprop=\"height\" content=\"456\"><\/span><\/p>\n<p style=\"text-align: justify\">Ar P\u0113tera dekr\u0113tu pirmo kop\u0161 1705.\u00a0gada visiem tirdzniec\u012bbas ku\u0123iem bija j\u0101pace\u013c tr\u012bskr\u0101sa. P\u0113teris pats uzz\u012bm\u0113ja piem\u0113ru un nor\u0101d\u012bja joslu sec\u012bbu.<\/p>\n<p style=\"text-align: justify\">L\u012bdz 10.\u00a0gadsimtam p\u0101r kaujas ku\u0123iem vald\u012bja tr\u012bskr\u0101su karogs, l\u012bdz Andrejevska karogs vi\u0146u main\u012bja. 1720.\u00a0gada hart\u0101 P\u0113teris 1. iez\u012bm\u0113ja j\u016bras kara karogu k\u0101 baltu audeklu ar Zilo Andrejevska krustu, ar kuru vi\u0146\u0161 apgaismoja Krieviju.<\/p>\n<p style=\"text-align: justify\"><span itemprop=\"image\" itemscope itemtype=\"https:\/\/schema.org\/ImageObject\"><img itemprop=\"url image\" loading=\"lazy\" decoding=\"async\" class=\"alignnone size-full wp-image-3940\" src=\"\/wp-content\/uploads\/2021\/01\/russian-flags_7.png\" width=\"500\" height=\"333\" alt=\"Krievijas karogs-8\" \/><meta itemprop=\"width\" content=\"500\"><meta itemprop=\"height\" content=\"333\"><\/span><\/p>\n<p style=\"text-align: justify\">Devi\u0146padsmit\u0101 gadsimta 50. gadu 2. pus\u0113 valdnieks Aleksandrs II izdeva dekr\u0113tu par melnu, dzelten\u012bgu un baltu ziedu uzlik\u0161anu uz melnas, dzeltenas un baltas kr\u0101sas z\u012bm\u0113m, kas atrad\u0101s pie pa\u0161vald\u012bbas \u0123erbo\u0146a. Un kop\u0161 1865. gada tie k\u013cuva par ofici\u0101laj\u0101m pa\u0161vald\u012bbu kr\u0101s\u0101m. \u0160ie baneri past\u0101v\u0113ja l\u012bdz 1883. gadam.<\/p>\n<p style=\"text-align: justify\"><span itemprop=\"image\" itemscope itemtype=\"https:\/\/schema.org\/ImageObject\"><img itemprop=\"url image\" loading=\"lazy\" decoding=\"async\" class=\"alignnone size-full wp-image-3941\" src=\"\/wp-content\/uploads\/2021\/01\/russian-flags_8.png\" width=\"500\" height=\"333\" alt=\"Krievijas karogs-9\" \/><meta itemprop=\"width\" content=\"500\"><meta itemprop=\"height\" content=\"333\"><\/span><\/p>\n<ul>\n<li style=\"text-align: justify\">Jaunais valdnieks Aleksandrs III pav\u0113l\u0113ja tikai krievu tr\u012bskr\u0101su: balts-zils-sarkans.<\/li>\n<\/ul>\n<p style=\"text-align: justify\"><span itemprop=\"image\" itemscope itemtype=\"https:\/\/schema.org\/ImageObject\"><img itemprop=\"url image\" loading=\"lazy\" decoding=\"async\" class=\"alignnone size-full wp-image-3942\" src=\"\/wp-content\/uploads\/2021\/01\/russian-flags_9.png\" width=\"500\" height=\"333\" alt=\"Krievijas karogs-10\" \/><meta itemprop=\"width\" content=\"500\"><meta itemprop=\"height\" content=\"333\"><\/span><\/p>\n<p style=\"text-align: justify\">P\u0113d\u0113jais Krievijas valdnieks Nikolajs II izdeva jaut\u0101jumu par karogu izskat\u012b\u0161anai pl\u0101no sasaukt l\u012bdzska\u0146u nozari Tieslietu ministrij\u0101. Rezol\u016bcij\u0101 teikts, ka balti-zili-sarkans karogs pamatoti var\u0113tu attiekties uz pa\u0161vald\u012bbu. Ofici\u0101l\u0101 kr\u0101su simbolika tika formul\u0113ta harmonij\u0101. Balts noz\u012bm\u0113ja neatkar\u012bbu un br\u012bv\u012bbu, zils iemiesoja Dieva M\u0101ti, kuras aizst\u0101v\u012bb\u0101 ir Krievijas Feder\u0101cija, un sarkan\u0101 simboliz\u0113ja sp\u0113ku. Bez tam kr\u0101sas apz\u012bm\u0113ja Krievijas Feder\u0101cijas 3.da\u013cas \u2013 balto, mazo un lielo \u2013 salied\u0113t\u012bbu.<\/p>\n<p style=\"text-align: justify\">Pagaidu vald\u012bba febru\u0101ra revol\u016bcijas beig\u0101s k\u0101du laiku izmantoja tr\u012bskr\u0101su.<\/p>\n<p style=\"text-align: justify\">PSRS \u0161o karogu noraid\u012bja tikai 1918. gad\u0101, kad Jakovs Sverdlovs izteica priek\u0161likumu atz\u012bt kaujas sarkano karogu ar Jaun\u0101s Krievijas Feder\u0101cijas valsts z\u012bmi. Kop\u0161 vair\u0101k nek\u0101 70 gadu laika ir valsts \u012bpa\u0161um\u0101.<\/p>\n<p style=\"text-align: justify\"><span itemprop=\"image\" itemscope itemtype=\"https:\/\/schema.org\/ImageObject\"><img itemprop=\"url image\" loading=\"lazy\" decoding=\"async\" class=\"alignnone size-full wp-image-3943\" src=\"\/wp-content\/uploads\/2021\/01\/russian-flags_2.jpg\" width=\"500\" height=\"281\" alt=\"Krievijas karogs-11\" \/><meta itemprop=\"width\" content=\"500\"><meta itemprop=\"height\" content=\"281\"><\/span><\/p>\n<p style=\"text-align: justify\">Pilso\u0146u kara laik\u0101 Tricolor izmantoja balto kust\u012bbu Sarkan\u0101 karoga pretsvaros. V\u0113l\u0101k vi\u0146u s\u0101ka izmantot emigranti.<\/p>\n<p style=\"text-align: justify\">gados un divdesmit\u0101 gadsimta 90. pus\u0113 RSFSR Augst\u0101k\u0101 padome apstiprin\u0101ja tr\u012bskr\u0101su k\u0101 Krievijas Feder\u0101cijas karogu.<\/p>\n<p style=\"text-align: justify\"><span itemprop=\"image\" itemscope itemtype=\"https:\/\/schema.org\/ImageObject\"><img itemprop=\"url image\" loading=\"lazy\" decoding=\"async\" class=\"alignnone size-full wp-image-3944\" src=\"\/wp-content\/uploads\/2021\/01\/russian-flags_10.png\" width=\"500\" height=\"250\" alt=\"Krievijas karogs-12\" \/><meta itemprop=\"width\" content=\"500\"><meta itemprop=\"height\" content=\"250\"><\/span><\/p>\n<p style=\"text-align: justify\">90. gadu pirmaj\u0101 pus\u0113 un gados statusu nodro\u0161in\u0101ja Krievijas Feder\u0101cijas prezidenta apstiprin\u0101tie noteikumi par valsts karogu.<\/p>\n<p style=\"text-align: justify\">XX gadsimta 90. gadu pirmaj\u0101 pus\u0113 tika apstiprin\u0101tas Valsts karoga dienas, kas tiek svin\u0113tas 22. august\u0101.<\/p>\n<blockquote>\n<p style=\"text-align: justify\">2000.\u00a0gada likums nostiprin\u0101ja karoga aprakstu.<\/p>\n<\/blockquote>\n<p style=\"text-align: justify\">Vladivostokas iedz\u012bvot\u0101ji izgatavoja visliel\u0101ko &quot;dz\u012bvo karogu&quot; ar 707 metru garumu. Vi\u0146i sast\u0101j\u0101s rind\u0101 uz tilta, turot rok\u0101s baltos, zilos un sarkanos karogus. Rezult\u0101ts tika iek\u013cauts Ginesa rekordu gr\u0101mat\u0101. Pas\u0101kums tika public\u0113ts 2013.<\/p>\n<h2 style=\"text-align: justify\">Krievijas Feder\u0101cijas karoga atra\u0161an\u0101s vietas kr\u0101sas<\/h2>\n<p style=\"text-align: justify\">Taisnst\u016bris, horizont\u0101ls uz trim vien\u0101d\u0101m sv\u012btr\u0101m:<\/p>\n<ol>\n<li style=\"text-align: justify\">Aug\u0161\u0113jais &#8211; balts;<\/li>\n<li style=\"text-align: justify\">Centr\u0101lais &#8211; zils;<\/li>\n<li style=\"text-align: justify\">Apak\u0161\u0113jais &#8211; sarkans.<\/li>\n<\/ol>\n<blockquote>\n<p style=\"text-align: justify\">Platuma attiec\u012bba un Krievijas karoga garums: 2:3.<\/p>\n<\/blockquote>\n<p style=\"text-align: justify\"><span itemprop=\"image\" itemscope itemtype=\"https:\/\/schema.org\/ImageObject\"><img itemprop=\"url image\" loading=\"lazy\" decoding=\"async\" class=\"alignnone size-full wp-image-3945\" src=\"\/wp-content\/uploads\/2021\/01\/russian-flags_11.png\" width=\"500\" height=\"357\" alt=\"Krievijas karogs-13\" \/><meta itemprop=\"width\" content=\"500\"><meta itemprop=\"height\" content=\"357\"><\/span><\/p>\n<p style=\"text-align: justify\">Karogam ir atbilsto\u0161s GOST R 51130-98, kur\u0101 ir nor\u0101d\u012btas pareiz\u0101s kr\u0101sas un citas tehnisk\u0101s pras\u012bbas.<\/p>\n<h2 style=\"text-align: justify\">Krievijas karoga kr\u0101sa<\/h2>\n<p style=\"text-align: justify\">Tr\u012bs kr\u0101sas:<\/p>\n<ol style=\"text-align: justify\">\n<li>Balts atbilst baltajam Pantone kopum\u0101;<\/li>\n<li>Blue 286c no Pantone;<\/li>\n<li>Sarkans 485C Pantone.<\/li>\n<\/ol>\n<h2 style=\"text-align: justify\">Kr\u0101sas un noz\u012bmes\u00a0Krievijas\u00a0karogs<\/h2>\n<p style=\"text-align: justify\">Nav ofici\u0101las kr\u0101su interpret\u0101cijas, bet neofici\u0101las interpret\u0101cijas nor\u0101da:<\/p>\n<ol style=\"text-align: justify\">\n<li>Balt\u0101 kr\u0101sa ir br\u012bv\u012bbas, mui\u017eniec\u012bbas, v\u0101juma, t\u012br\u012bbas un miera simbols.<\/li>\n<li>Zils liecina par lojalit\u0101ti, god\u012bgumu un \u0161\u0137\u012bst\u012bbu. \u0160\u012b ir Jaunavas &#8211; Krievijas Feder\u0101cijas gar\u012bg\u0101s patrones &#8211; kr\u0101sa.<\/li>\n<li>Sarkans &#8211; drosme, m\u012blest\u012bba, drosme, cent\u012bba, mui\u017eniec\u012bba.<\/li>\n<\/ol>\n<h2 style=\"text-align: justify\">Citi karogi<\/h2>\n<p style=\"text-align: justify\">J\u016bras karogs ir balts taisnst\u016bris ar zilu diagon\u0101lu krustu. Platumi un garuma attiec\u012bba 2:3.<\/p>\n<p style=\"text-align: justify\"><span itemprop=\"image\" itemscope itemtype=\"https:\/\/schema.org\/ImageObject\"><img itemprop=\"url image\" loading=\"lazy\" decoding=\"async\" class=\"alignnone size-full wp-image-3946\" src=\"\/wp-content\/uploads\/2021\/01\/russian-flags_12.png\" width=\"500\" height=\"333\" alt=\"Krievijas karogs-14\" \/><meta itemprop=\"width\" content=\"500\"><meta itemprop=\"height\" content=\"333\"><\/span><\/p>\n<p style=\"text-align: justify\">Ties\u0101m, kur\u0101m tiek pie\u0161\u0137irts aizsargu tituls, ir karogs, kur\u0101 att\u0113lota Georgievska lente. Tas atrodas horizont\u0101li audekla apak\u0161\u0101, sasiets ar banti, fini\u0161s strauji lido.<\/p>\n<p style=\"text-align: justify\"><span itemprop=\"image\" itemscope itemtype=\"https:\/\/schema.org\/ImageObject\"><img itemprop=\"url image\" loading=\"lazy\" decoding=\"async\" class=\"alignnone size-full wp-image-3947\" src=\"\/wp-content\/uploads\/2021\/01\/russian-flags_13.png\" width=\"500\" height=\"333\" alt=\"Krievijas karogs-15\" \/><meta itemprop=\"width\" content=\"500\"><meta itemprop=\"height\" content=\"333\"><\/span><\/p>\n<p style=\"text-align: justify\">J\u016bras sp\u0113ku karoga ordenis tiek pie\u0161\u0137irts ties\u0101m, kur\u0101m pie\u0161\u0137irts ordenis. \u0160\u012bs balvas att\u0113ls ir ievietots audekla aug\u0161\u0113j\u0101 kreisaj\u0101 st\u016br\u012b.<\/p>\n<p style=\"text-align: justify\"><span itemprop=\"image\" itemscope itemtype=\"https:\/\/schema.org\/ImageObject\"><img itemprop=\"url image\" loading=\"lazy\" decoding=\"async\" class=\"alignnone size-full wp-image-3948\" src=\"\/wp-content\/uploads\/2021\/01\/russian-flags_14.png\" width=\"500\" height=\"333\" alt=\"Krievijas karogs-16\" \/><meta itemprop=\"width\" content=\"500\"><meta itemprop=\"height\" content=\"333\"><\/span><\/p>\n<p style=\"text-align: justify\">Krievijas Feder\u0101cijas armijas karogs tika izveidots 2000. gad\u0101. Frekvences sarkans taisnst\u016bris ar apmali, kas dekor\u0113ta ar ornamentu. Katr\u0101 st\u016br\u012b &#8211; zila zvaigzne. Kalaka un audums pa perimetru ir p\u0101rkl\u0101ti ar zelta pinumu. Priek\u0161\u0113j\u0101 da\u013c\u0101 &#8211; zelta divgalvainais \u0113rglis. Pagriezien\u0101 &#8211; armijas embl\u0113ma. Auduma izm\u0113rs ir 130 x 170 cm.<\/p>\n<p style=\"text-align: justify\"><span itemprop=\"image\" itemscope itemtype=\"https:\/\/schema.org\/ImageObject\"><img itemprop=\"url image\" loading=\"lazy\" decoding=\"async\" class=\"alignnone size-full wp-image-3949\" src=\"\/wp-content\/uploads\/2021\/01\/russian-flags_15.png\" width=\"500\" height=\"382\" alt=\"Krievijas karogs-17\" \/><meta itemprop=\"width\" content=\"500\"><meta itemprop=\"height\" content=\"382\"><\/span><\/p>\n<p style=\"text-align: justify\">Krievijas Feder\u0101cijas prezidenta standarts. APSTIPRIN\u0100TS B.N. Je\u013ccins XX gadsimta 90. gadu pirmaj\u0101 pus\u0113. Tr\u012bskr\u0101su m\u0113r\u012b\u0161ana 2.5&#215;2.5\u00a0m. Centr\u0101 &#8211; \u0123erbonis. Standarts tiek izmantots, pievienojoties amatam un kura beig\u0101s tiek ievietots biroj\u0101 Krievijas Feder\u0101cijas vad\u012bt\u0101ja darbam. Dublik\u0101ts pace\u013cas virs valsts vad\u012bt\u0101ja dz\u012bvesvietas.<\/p>\n<p style=\"text-align: justify\"><span itemprop=\"image\" itemscope itemtype=\"https:\/\/schema.org\/ImageObject\"><img itemprop=\"url image\" loading=\"lazy\" decoding=\"async\" class=\"alignnone size-full wp-image-3950\" src=\"\/wp-content\/uploads\/2021\/01\/russian-flags_3.jpg\" width=\"500\" height=\"333\" alt=\"Krievijas karogs-18\" \/><meta itemprop=\"width\" content=\"500\"><meta itemprop=\"height\" content=\"333\"><\/span><\/p>\n<p style=\"text-align: justify\">Atbilsto\u0161i 2007. gada likumam Uzvaras karoga eksempl\u0101ru uzvaras dien\u0101 9. maij\u0101 var\u0113s karin\u0101t karoga mastos, mastos un m\u0101j\u0101s kop\u0101 ar valsts karogu.<\/p>\n<h2 style=\"text-align: justify\">L\u012bdz\u012bgi otro valstu karogi<\/h2>\n<p style=\"text-align: justify\">Tr\u012bs sv\u012btras uz karoga t\u0101d\u0101 pa\u0161\u0101 sec\u012bb\u0101 k\u0101 uz Krievijas, uz Slov\u0101kijas un Slov\u0113nijas karogiem neskait\u0101s. Bet uz vi\u0146u z\u012bm\u0113m reiting\u0101 (aug\u0161\u0113jais kreisais st\u016bris, tr\u012bce) ir \u0161o valstu embl\u0113mu att\u0113li.<\/p>\n<p style=\"text-align: justify\"><span itemprop=\"image\" itemscope itemtype=\"https:\/\/schema.org\/ImageObject\"><img itemprop=\"url image\" loading=\"lazy\" decoding=\"async\" class=\"alignnone size-full wp-image-3951\" src=\"\/wp-content\/uploads\/2021\/01\/russian-flags_16.png\" width=\"500\" height=\"250\" alt=\"Krievijas karogs-19\" \/><meta itemprop=\"width\" content=\"500\"><meta itemprop=\"height\" content=\"250\"><\/span> <span itemprop=\"image\" itemscope itemtype=\"https:\/\/schema.org\/ImageObject\"><img itemprop=\"url image\" loading=\"lazy\" decoding=\"async\" class=\"alignnone size-full wp-image-3952\" src=\"\/wp-content\/uploads\/2021\/01\/russian-flags_17.png\" width=\"500\" height=\"333\" alt=\"Krievijas karogs-20\" \/><meta itemprop=\"width\" content=\"500\"><meta itemprop=\"height\" content=\"333\"><\/span><\/p>\n<p style=\"text-align: justify\">Serbijas rekl\u0101mkarogs, neskaitot to, ir tr\u012bskr\u0101sains. Bet kr\u0101sas ir cit\u0101 sec\u012bb\u0101.<\/p>\n<p style=\"text-align: justify\"><span itemprop=\"image\" itemscope itemtype=\"https:\/\/schema.org\/ImageObject\"><img itemprop=\"url image\" loading=\"lazy\" decoding=\"async\" class=\"alignnone size-full wp-image-3953\" src=\"\/wp-content\/uploads\/2021\/01\/russian-flags_18.png\" width=\"500\" height=\"333\" alt=\"Krievijas karogs-21\" \/><meta itemprop=\"width\" content=\"500\"><meta itemprop=\"height\" content=\"333\"><\/span><\/p>\n<p style=\"text-align: justify\">Az\u0101nijas karogs pasludin\u0101ja valsti Som\u0101lij\u0101, piln\u012bb\u0101 sapl\u016bst ar Krievijas tr\u012bskr\u0101su. Bet at\u0161\u0137ir\u012bba ir ietverta to\u0146os un sarkan\u0101 kr\u0101s\u0101. Az\u0101nijas z\u012bm\u0113 vi\u0146u nav vair\u0101k.<\/p>\n<p style=\"text-align: justify\"><span itemprop=\"image\" itemscope itemtype=\"https:\/\/schema.org\/ImageObject\"><img itemprop=\"url image\" loading=\"lazy\" decoding=\"async\" class=\"alignnone size-full wp-image-3954\" src=\"\/wp-content\/uploads\/2021\/01\/russian-flags_19.png\" width=\"500\" height=\"333\" alt=\"Krievijas karogs-22\" \/><meta itemprop=\"width\" content=\"500\"><meta itemprop=\"height\" content=\"333\"><\/span><\/p>\n<p style=\"text-align: justify\">L\u012bdz 1918. gadam l\u012bdz\u012bgam karogam bija Duchy Extreme, kas uztur\u0113j\u0101s Austrij\u0101-Ung\u0101rij\u0101.<\/p>\n<h2 style=\"text-align: justify\">Interesanti fakti par karogu<\/h2>\n<p style=\"text-align: justify\">Pirmk\u0101rt, likums par valsts karogu kareiv\u012bgi ierobe\u017eoja subjektu loku, kuriem bija iesp\u0113ja to izmantot. Personisk\u0101m sej\u0101m, piem\u0113ram, bija ties\u012bbas to izmantot tikai, izsniedzot milit\u0101rus pagodin\u0101jumus apbed\u012b\u0161anas laik\u0101, neskaitot to citos patiesi nor\u0101d\u012btajos gad\u012bjumos. Par likuma p\u0101rk\u0101pumu tika piem\u0113rota administrat\u012bv\u0101 atbild\u012bba.<\/p>\n<p style=\"text-align: justify\">2008. gad\u0101 likum\u0101 ir veiktas izmai\u0146as. Joproj\u0101m ir at\u013cauts ieviest citos gad\u012bjumos, ja t\u0101 nav z\u012bmes \u013caunpr\u0101t\u012bga izmanto\u0161ana.<\/p>\n<p style=\"text-align: justify\">Karoga apg\u0101n\u012b\u0161ana paredz krimin\u0101latbild\u012bbu saska\u0146\u0101 ar Art.Krievijas Feder\u0101cijas Krimin\u0101lkodeksa 329. Par \u0161\u0101d\u0101m darb\u012bb\u0101m paredz\u0113ts sods uz 1 gadu cietum\u0101.<\/p>\n<p style=\"text-align: justify\">Pasaules \u0161aha \u010dempion\u0101t\u0101 9. gadsimta pirmaj\u0101 pus\u0113 \u0145ujork\u0101 notiku\u0161aj\u0101 ma\u010d\u0101 2013. gada Harijs Kasparovs un Anatolijs Karpovs tik\u0101s piektaj\u0101 geim\u0101. Jau pirms pirm\u0101 g\u0101jiena Kasparovs pret\u012b PSRS karogam, zem kura sp\u0113l\u0113ja Karpovs, uzst\u0101d\u012bja Krievijas Feder\u0101cijas karogu. 2 izsp\u0113l\u0113to partiju beig\u0101s ar protestu izc\u0113l\u0101s Anatolija Karpova puse. Lai ar\u012b divas partijas, \u0161aha feder\u0101cija karogus no\u0146\u0113ma. Liel\u0101k\u0101 da\u013ca koment\u0113t\u0101ju bija vienispr\u0101tis par pasauli, ka \u0161is ma\u010ds bija saspringt\u0101kais \u010dempionu titulu v\u0113stur\u0113, c\u012bn\u012bj\u0101s ne tikai sportisti, bet c\u012bn\u012bj\u0101s divi politiskie agreg\u0101ti.<\/p>\n<p style=\"text-align: justify\">Uz Borisa Je\u013ccina kapa, Krievijas Feder\u0101cijas pirm\u0101 noda\u013ca, apbed\u012bta Maskav\u0101 Novodevi\u010das kaps\u0113t\u0101, uzst\u0101d\u012bja akmens tr\u012bskr\u0101su. Balta sloksne ir izgrebta no marmora, zila ir izgatavota no bizantie\u0161u moza\u012bkas, bet sarkan\u0101 &#8211; no Porphyra.<\/p>\n<blockquote>\n<p style=\"text-align: justify\">Sociolo\u0123iskie p\u0113t\u012bjumi liecina, ka liel\u0101k\u0101 da\u013ca krievu ar cie\u0146u un godbij\u012bbu pieder pie valsts karoga. Daudzi zina vi\u0146a st\u0101stu, gandr\u012bz katrs var\u0113tu vi\u0146u piln\u012bb\u0101 aprakst\u012bt.<\/p>\n<\/blockquote>\n<h2 style=\"text-align: justify\">Nespecializ\u0113ta inform\u0101cija par Krievijas Feder\u0101ciju<\/h2>\n<table>\n<tbody>\n<tr style=\"text-align: justify\">\n<td>Ofici\u0101l\u0101 valoda<\/td>\n<td>krievu valoda<\/td>\n<\/tr>\n<tr style=\"text-align: justify\">\n<td>Kapit\u0101ls<\/td>\n<td>Maskava<\/td>\n<\/tr>\n<tr style=\"text-align: justify\">\n<td>Teritorija<\/td>\n<td>17 125 191 km2<\/td>\n<\/tr>\n<tr style=\"text-align: justify\">\n<td>Popul\u0101cija<\/td>\n<td>146 748 590 cilv\u0113ki<\/td>\n<\/tr>\n<tr style=\"text-align: justify\">\n<td>Val\u016bta<\/td>\n<td>Rublis, (RUR, 1991-1998 RUR)<\/td>\n<\/tr>\n<tr>\n<td style=\"text-align: justify\">Telefona kods<\/td>\n<td style=\"text-align: justify\">+7<\/td>\n<\/tr>\n<\/tbody>\n<\/table>\n","protected":false},"excerpt":{"rendered":"<p>Krievijas karogs ne vienm\u0113r bija tr\u012bskr\u0101su. Reizi gad\u0101 22. august\u0101 Krievijas Feder\u0101cij\u0101 tiek svin\u0113ta Pa\u0161vald\u012bbas karoga diena. T\u0101tad m\u016bsdienu Krievijas Feder\u0101cijas karogs izskat\u0101s: foto Liel\u0101kais audums tika izvietots&#8230;<\/p>\n","protected":false},"author":1,"featured_media":5877,"comment_status":"open","ping_status":"open","sticky":false,"template":"","format":"standard","meta":{"footnotes":""},"categories":[3],"tags":[],"class_list":["post-1636","post","type-post","status-publish","format-standard","has-post-thumbnail","","category-eiropas-karogi"],"aioseo_notices":[],"_links":{"self":[{"href":"https:\/\/flags-world.com\/lv\/wp-json\/wp\/v2\/posts\/1636","targetHints":{"allow":["GET"]}}],"collection":[{"href":"https:\/\/flags-world.com\/lv\/wp-json\/wp\/v2\/posts"}],"about":[{"href":"https:\/\/flags-world.com\/lv\/wp-json\/wp\/v2\/types\/post"}],"author":[{"embeddable":true,"href":"https:\/\/flags-world.com\/lv\/wp-json\/wp\/v2\/users\/1"}],"replies":[{"embeddable":true,"href":"https:\/\/flags-world.com\/lv\/wp-json\/wp\/v2\/comments?post=1636"}],"version-history":[{"count":0,"href":"https:\/\/flags-world.com\/lv\/wp-json\/wp\/v2\/posts\/1636\/revisions"}],"wp:featuredmedia":[{"embeddable":true,"href":"https:\/\/flags-world.com\/lv\/wp-json\/wp\/v2\/media\/5877"}],"wp:attachment":[{"href":"https:\/\/flags-world.com\/lv\/wp-json\/wp\/v2\/media?parent=1636"}],"wp:term":[{"taxonomy":"category","embeddable":true,"href":"https:\/\/flags-world.com\/lv\/wp-json\/wp\/v2\/categories?post=1636"},{"taxonomy":"post_tag","embeddable":true,"href":"https:\/\/flags-world.com\/lv\/wp-json\/wp\/v2\/tags?post=1636"}],"curies":[{"name":"wp","href":"https:\/\/api.w.org\/{rel}","templated":true}]}}