{"id":1635,"date":"2021-01-04T17:18:17","date_gmt":"2021-01-04T14:18:17","guid":{"rendered":"https:\/\/flags-world.com\/lv\/2021\/01\/04\/puertoriko-karogs-nozme-un-krsas\/"},"modified":"2021-01-04T17:18:17","modified_gmt":"2021-01-04T14:18:17","slug":"puertoriko-karogs-nozme-un-krsas","status":"publish","type":"post","link":"https:\/\/flags-world.com\/lv\/puertoriko-karogs-nozme-un-krsas\/","title":{"rendered":"Puertoriko karogs: noz\u012bme un kr\u0101sas"},"content":{"rendered":"<p style=\"text-align: justify\">Puertoriko asoci\u0113t\u0101 vald\u012bba ir atkar\u012bga no ASV. Ofici\u0101li pa\u0161vald\u012bbas karogs tika apstiprin\u0101ts tikai 20. gadsimta vid\u016b.<\/p>\n<p style=\"text-align: justify\">T\u0101tad m\u016bsdienu Puertoriko karogs izskat\u0101s:<\/p>\n<p style=\"text-align: justify\"><span itemprop=\"image\" itemscope itemtype=\"https:\/\/schema.org\/ImageObject\"><img itemprop=\"url image\" loading=\"lazy\" decoding=\"async\" class=\"alignnone size-full wp-image-3894\" src=\"\/wp-content\/uploads\/2021\/01\/flag-of-puerto-rico_1.png\" width=\"500\" height=\"333\" alt=\"Puertoriko karogs-1\" \/><meta itemprop=\"width\" content=\"500\"><meta itemprop=\"height\" content=\"333\"><\/span><\/p>\n<h2 style=\"text-align: justify\">Puertoriko v\u0113stures karogs<\/h2>\n<p style=\"text-align: justify\">P\u0101ris gadsimtus Puertoriko palika koloni\u0101l\u0101 atkar\u012bb\u0101 no Sp\u0101nijas.<\/p>\n<p style=\"text-align: justify\">1868. gada 23. septembr\u012b Laresas pils\u0113t\u0101 izc\u0113l\u0101s sacel\u0161an\u0101s Puertoriko, slavenais nosaukums &quot;El Grit ode Lares&quot;, kas tiek tulkots k\u0101 Creek Lares. Sacel\u0161an\u0101s z\u012bme bija taisnst\u016brveida audums, kas ar balt\u0101m horizont\u0101l\u0101m un vertik\u0101l\u0101m sv\u012btr\u0101m sadal\u012bts 4 taisnst\u016bros. Aug\u0161\u0101 &#8211; zils, apak\u0161\u0101 &#8211; sarkans. Aug\u0161\u0113j\u0101 labaj\u0101 taisnst\u016br\u012b &#8211; balta piecstaru zvaigzne. Sacel\u0161an\u0101s tika apspiesta. \u0160obr\u012bd \u0161\u012b diena tiek atz\u012bm\u0113ta k\u0101 pa\u0161vald\u012bbas sv\u0113tki.<\/p>\n<p style=\"text-align: justify\"><span itemprop=\"image\" itemscope itemtype=\"https:\/\/schema.org\/ImageObject\"><img itemprop=\"url image\" loading=\"lazy\" decoding=\"async\" class=\"alignnone size-full wp-image-3895\" src=\"\/wp-content\/uploads\/2021\/01\/flag-of-puerto-rico_2.png\" alt=\"Puertoriko karogs-2\" width=\"300\" height=\"272\" \/><meta itemprop=\"width\" content=\"300\"><meta itemprop=\"height\" content=\"272\"><\/span><\/p>\n<blockquote>\n<p style=\"text-align: justify\">\u0160obr\u012bd \u0161\u012b diena tiek atz\u012bm\u0113ta k\u0101 pa\u0161vald\u012bbas sv\u0113tki.<\/p>\n<\/blockquote>\n<p style=\"text-align: justify\">Koloni\u0101l\u0101s Sp\u0101nijas karogs 1793-1873 un 1875-1898. Att\u0113lots taisnst\u016bris, kas sadal\u012bts tr\u012bs horizont\u0101l\u0101s josl\u0101s. Aug\u0161\u0113jais un apak\u0161\u0113jais sarkans. Vid\u0113ja, plat\u0101ka, dzeltena. Uz dzelten\u012bg\u0101s joslas, tuv\u0101k kokam, cieta embl\u0113ma, ov\u0101ls, vertik\u0101li sadal\u012bts div\u0101s vien\u0101d\u0101s da\u013c\u0101s. Pa kreisi &#8211; sarkana kr\u0101sa ar dzelten\u012bgas pils att\u0113lu, pa labi &#8211; balta ar sarkanu lauvas att\u0113lu. Embl\u0113ma ir kron\u0113ta.<\/p>\n<p style=\"text-align: justify\"><span itemprop=\"image\" itemscope itemtype=\"https:\/\/schema.org\/ImageObject\"><img itemprop=\"url image\" loading=\"lazy\" decoding=\"async\" class=\"alignnone size-full wp-image-3896\" src=\"\/wp-content\/uploads\/2021\/01\/flag-of-puerto-rico_3.png\" width=\"500\" height=\"333\" alt=\"Puertoriko karogs-3\" \/><meta itemprop=\"width\" content=\"500\"><meta itemprop=\"height\" content=\"333\"><\/span><\/p>\n<p style=\"text-align: justify\">Sp\u0101nijas koloni\u0101lais karogs 1873-1875. Att\u0113lots taisnst\u016bris, kas sadal\u012bts ar dzelten\u0101m horizont\u0101l\u0101m un vertik\u0101l\u0101m sv\u012btr\u0101m 4 vien\u0101dos sarkanos taisnst\u016bros. Uz \u0161\u0137\u0113rsot\u0101m sloksn\u0113m &#8211; za\u013cas kr\u0101sas koloni\u0101ls vairogs, kas vainagots ar vainagu.<\/p>\n<p style=\"text-align: justify\"><span itemprop=\"image\" itemscope itemtype=\"https:\/\/schema.org\/ImageObject\"><img itemprop=\"url image\" loading=\"lazy\" decoding=\"async\" class=\"alignnone size-full wp-image-3897\" src=\"\/wp-content\/uploads\/2021\/01\/flag-of-puerto-rico_1.jpg\" alt=\"Puertoriko karogs-4\" width=\"340\" height=\"228\" \/><meta itemprop=\"width\" content=\"340\"><meta itemprop=\"height\" content=\"228\"><\/span><\/p>\n<p style=\"text-align: justify\">1895. gad\u0101 Kubas revolucion\u0101r\u0101s partijas Puertoriko atzara p\u0101rst\u0101vji, kas c\u012bn\u012bj\u0101s ar kolonizatoriem, izgatavoja karogu, kas atg\u0101dina Kubas karogu, mainot vietas zil\u0101 un sarkan\u0101 kr\u0101s\u0101. T\u0101tad par\u0101d\u012bj\u0101s m\u016bsdienu Puertoriko karogs.<\/p>\n<p style=\"text-align: justify\">1898. gada j\u016blij\u0101 Sp\u0101nijas un Amerikas kara laik\u0101 amerik\u0101\u0146u armija iebruka Puertoriko. Sp\u0101nijai vajadz\u0113tu atteikties no savas kolonijas ASV. No 1899.\u00a0gada l\u012bdz 1952.\u00a0gadam vien\u012bgais ofici\u0101lais karogs bija ASV karogs.<\/p>\n<p style=\"text-align: justify\">Beidzoties komisijai 1950.g. Puertoriko atdal\u012b\u0161an\u0101s m\u0113\u0123in\u0101jum\u0101 pret Ameriku Prezidents Tr\u016bmens, p\u0113d\u0113jais, ir piekritis Puertoriko r\u012bkot referendumu par t\u0101s konstit\u016bcijas pie\u0146em\u0161anu. Konstit\u016bcija tika pie\u0146emta 50. gadu pirmaj\u0101 pus\u0113 un gados. 24. j\u016blij\u0101 tika apstiprin\u0101ts 1895. gada parauga valsts karogs.<\/p>\n<p style=\"text-align: justify\"><span itemprop=\"image\" itemscope itemtype=\"https:\/\/schema.org\/ImageObject\"><img itemprop=\"url image\" loading=\"lazy\" decoding=\"async\" class=\"alignnone size-full wp-image-3898\" src=\"\/wp-content\/uploads\/2021\/01\/flag-of-puerto-rico_4.png\" width=\"500\" height=\"333\" alt=\"Puertoriko karogs-5\" \/><meta itemprop=\"width\" content=\"500\"><meta itemprop=\"height\" content=\"333\"><\/span><\/p>\n<h2 style=\"text-align: justify\">Apraksts<\/h2>\n<p style=\"text-align: justify\">Taisnst\u016bris ar garuma un platuma attiec\u012bbu 2:3.<\/p>\n<p style=\"text-align: justify\">Horizont\u0101li sadal\u012bts 5 izometrisk\u0101s josl\u0101s. Aug\u0161\u0113j\u0101, centr\u0101l\u0101 un apak\u0161\u0113j\u0101 &#8211; sarkana, starp div\u0101m balt\u0101m sv\u012btr\u0101m.<\/p>\n<p style=\"text-align: justify\">Aukla atrodas zil\u0101 vien\u0101dmalu tr\u012bsst\u016br\u012b, kura malas garums ir vien\u0101ds ar karoga platumu.<\/p>\n<blockquote>\n<p style=\"text-align: justify\">Tr\u012bsst\u016bra centr\u0101 &#8211; piecstaru balta zvaigzne.<\/p>\n<\/blockquote>\n<h2 style=\"text-align: justify\">Puertoriko karoga kr\u0101sas<\/h2>\n<p style=\"text-align: justify\">Tr\u012bs kr\u0101sas:<\/p>\n<ol style=\"text-align: justify\">\n<li>Sarkans;<\/li>\n<li>Zils;<\/li>\n<li>Balts.<\/li>\n<\/ol>\n<blockquote>\n<p style=\"text-align: justify\">Kr\u0101sas nav regul\u0113tas. Redzami da\u017e\u0101di to\u0146i un sarkani ziedi.<\/p>\n<\/blockquote>\n<h2 style=\"text-align: justify\">Noz\u012bm\u0113 Puertoriko karoga kr\u0101sas<\/h2>\n<p style=\"text-align: justify\">1895.\u00a0gad\u0101 karoga veidot\u0101ji par pamatu izmantoja Kubas revolucion\u0101ru karogu, audzinot kr\u0101sas. Vi\u0146i nor\u0101d\u012bja katra elementa un kr\u0101sas simboliku.<\/p>\n<ol style=\"text-align: justify\">\n<li>Sarkanas sv\u012btras simboliz\u0113 asinis, kas izpl\u016bst valsts neatkar\u012bb\u0101.<\/li>\n<li>Baltas sv\u012btras &#8211; miers un piekri\u0161ana.<\/li>\n<li>Zvaigzne simboliz\u0113 Puertoriko pussalu.<\/li>\n<li>Zils tr\u012bsst\u016bris\u00a0\u2014 zils \u016bdens, mazg\u0101\u0161an\u0101s valsts un atkal savienotas debesis virs debes\u012bm.<\/li>\n<\/ol>\n<h2 style=\"text-align: justify\">Citi karogi<\/h2>\n<p style=\"text-align: justify\">Gubernatora standarts \u2013 taisnst\u016brveida balts audums ar Puertoriko \u0123erboni.<\/p>\n<p style=\"text-align: justify\"><span itemprop=\"image\" itemscope itemtype=\"https:\/\/schema.org\/ImageObject\"><img itemprop=\"url image\" loading=\"lazy\" decoding=\"async\" class=\"alignnone size-full wp-image-3899\" src=\"\/wp-content\/uploads\/2021\/01\/flag-of-puerto-rico_5.png\" width=\"500\" height=\"342\" alt=\"Puertoriko karogs-6\" \/><meta itemprop=\"width\" content=\"500\"><meta itemprop=\"height\" content=\"342\"><\/span><\/p>\n<p style=\"text-align: justify\">\u0122erbonis ir za\u013c\u0161 vairogs ar baltu j\u0113ru, karogu un gr\u0101matu ar septi\u0146\u0101m pil\u012bm. Vairoga ier\u0101m\u0113jums main\u012bgu Karalistes rakstz\u012bmju veid\u0101, kas ir pak\u013cautas Sp\u0101nijas kronim.<\/p>\n<p style=\"text-align: justify\">Labaj\u0101 pus\u0113 no burta F un p\u0101rsietu bultu kaudze ir no\u017e\u0113lojami par Ferdinandu II. Burts Y un Yarmo pa labi &#8211; Isabella Castilskaya.<\/p>\n<p style=\"text-align: justify\">Zem\u0101k uz att\u012bsto\u0161\u0101s lentes &#8211; dev\u012bze sp\u0101\u0146u valod\u0101, kas tiek tulkota k\u0101 &quot;J\u0101\u0146a v\u0101rds&quot; (cit\u0101ts no eva\u0146\u0123\u0113lija). Moto run\u0101 par J\u0101ni Krist\u012bt\u0101ju un atg\u0101dina, ka pussalu iepriek\u0161 sauca par Sanhuan Bautistu.<\/p>\n<p style=\"text-align: justify\">\u0122erbonis ir pieejams no visiem jauno gaismas valstu \u0123erbo\u0146iem. Puertoriko vi\u0146u atdeva Sp\u0101nijas kronim 1511.\u00a0gad\u0101.<\/p>\n<h2 style=\"text-align: justify\">Interesanti fakti par karogu<\/h2>\n<p style=\"text-align: justify\">2016. gad\u0101 viens no Krievijas kan\u0101liem, zi\u0146ojot par Kubas uzvar\u0113t\u0101ja Fidela Kastro n\u0101vi, r\u0101d\u012bja vi\u0146a portretu uz puertorik\u0101nie\u0161u fona.<\/p>\n<p style=\"text-align: justify\">2013. gad\u0101 Venecu\u0113las prezidents sajauca nor\u0101d\u012btos karogus. Puertoriko izcelsmes dzied\u0101t\u0101js Rikijs M\u0101rtins sav\u0101 tviter\u012b smiekl\u012bgi izsm\u0113ja Venecu\u0113las izlases \u0161\u0137\u0113rsli. Bet ne tik ilgi atlicis gaid\u012bt, Martins atnesa atvaino\u0161anos par \u0146irg\u0101\u0161anos un rakst\u012bja, ka m\u012bl Venecu\u0113lu. Prezidents Maduro dzied\u0101t\u0101jam atbild\u0113ja: &quot;Venecu\u0113la ar tevi neskait\u0101s. Lai dz\u012bvo Puertoriko!&quot;. Notikums bija tik izsmelts.<\/p>\n<h2 style=\"text-align: justify\">Nespecializ\u0113ta inform\u0101cija par Puertoriko<\/h2>\n<table>\n<tbody>\n<tr>\n<td>Ofici\u0101l\u0101 valoda<\/td>\n<td>sp\u0101\u0146u, ang\u013cu<\/td>\n<\/tr>\n<tr>\n<td>Kapit\u0101ls<\/td>\n<td>Sanhuana<\/td>\n<\/tr>\n<tr>\n<td>Teritorija<\/td>\n<td>9104 km2<\/td>\n<\/tr>\n<tr>\n<td>Popul\u0101cija<\/td>\n<td>3 195 153 cilv\u0113ki<\/td>\n<\/tr>\n<tr>\n<td>Val\u016bta<\/td>\n<td>ASV dol\u0101rs (USD, kods 840)<\/td>\n<\/tr>\n<tr>\n<td>Telefona kods<\/td>\n<td>+1 (787) un 1 (939)<\/td>\n<\/tr>\n<\/tbody>\n<\/table>\n","protected":false},"excerpt":{"rendered":"<p>Puertoriko asoci\u0113t\u0101 vald\u012bba ir atkar\u012bga no ASV. Ofici\u0101li pa\u0161vald\u012bbas karogs tika apstiprin\u0101ts tikai 20. gadsimta vid\u016b. T\u0101tad m\u016bsdienu Puertoriko karogs izskat\u0101s: Puertoriko v\u0113stures karogs P\u0101ris gadsimtus Puertoriko palika&#8230;<\/p>\n","protected":false},"author":1,"featured_media":5935,"comment_status":"open","ping_status":"open","sticky":false,"template":"","format":"standard","meta":{"footnotes":""},"categories":[6],"tags":[],"class_list":["post-1635","post","type-post","status-publish","format-standard","has-post-thumbnail","","category-ziemeamerikas-karogi"],"aioseo_notices":[],"_links":{"self":[{"href":"https:\/\/flags-world.com\/lv\/wp-json\/wp\/v2\/posts\/1635","targetHints":{"allow":["GET"]}}],"collection":[{"href":"https:\/\/flags-world.com\/lv\/wp-json\/wp\/v2\/posts"}],"about":[{"href":"https:\/\/flags-world.com\/lv\/wp-json\/wp\/v2\/types\/post"}],"author":[{"embeddable":true,"href":"https:\/\/flags-world.com\/lv\/wp-json\/wp\/v2\/users\/1"}],"replies":[{"embeddable":true,"href":"https:\/\/flags-world.com\/lv\/wp-json\/wp\/v2\/comments?post=1635"}],"version-history":[{"count":0,"href":"https:\/\/flags-world.com\/lv\/wp-json\/wp\/v2\/posts\/1635\/revisions"}],"wp:featuredmedia":[{"embeddable":true,"href":"https:\/\/flags-world.com\/lv\/wp-json\/wp\/v2\/media\/5935"}],"wp:attachment":[{"href":"https:\/\/flags-world.com\/lv\/wp-json\/wp\/v2\/media?parent=1635"}],"wp:term":[{"taxonomy":"category","embeddable":true,"href":"https:\/\/flags-world.com\/lv\/wp-json\/wp\/v2\/categories?post=1635"},{"taxonomy":"post_tag","embeddable":true,"href":"https:\/\/flags-world.com\/lv\/wp-json\/wp\/v2\/tags?post=1635"}],"curies":[{"name":"wp","href":"https:\/\/api.w.org\/{rel}","templated":true}]}}