{"id":1634,"date":"2021-01-04T17:18:17","date_gmt":"2021-01-04T14:18:17","guid":{"rendered":"https:\/\/flags-world.com\/lv\/2021\/01\/04\/portugles-karogs-nozme-un-krsas\/"},"modified":"2021-01-04T17:18:17","modified_gmt":"2021-01-04T14:18:17","slug":"portugles-karogs-nozme-un-krsas","status":"publish","type":"post","link":"https:\/\/flags-world.com\/lv\/portugles-karogs-nozme-un-krsas\/","title":{"rendered":"Portug\u0101les karogs: noz\u012bme un kr\u0101sas"},"content":{"rendered":"<p>Portug\u0101les Republikas pa\u0161vald\u012bbas karogam ir sena v\u0113sture. T\u0101tad m\u016bsdienu Portug\u0101les karogs izskat\u0101s: <span itemprop=\"image\" itemscope itemtype=\"https:\/\/schema.org\/ImageObject\"><img itemprop=\"url image\" loading=\"lazy\" decoding=\"async\" class=\"alignnone size-full wp-image-3879\" src=\"\/wp-content\/uploads\/2021\/01\/flags-of-portugal_1.png\" width=\"500\" height=\"333\" alt=\"Portug\u0101les karogs-1\" \/><meta itemprop=\"width\" content=\"500\"><meta itemprop=\"height\" content=\"333\"><\/span><\/p>\n<h2>V\u0113stures\u00a0karogs\u00a0Portug\u0101le<\/h2>\n<p>Portug\u0101les 1. heraldisk\u0101 z\u012bme, kas min\u0113ta avotos, bija zils krusts uz balta fona. T\u0101tad skat\u012bj\u0101s Heinriha Burgundska vairogu XI gadsimt\u0101. <span itemprop=\"image\" itemscope itemtype=\"https:\/\/schema.org\/ImageObject\"><img itemprop=\"url image\" loading=\"lazy\" decoding=\"async\" class=\"alignnone size-full wp-image-3880\" src=\"\/wp-content\/uploads\/2021\/01\/flags-of-portugal_2.png\" width=\"500\" height=\"500\" alt=\"Portug\u0101les karogs-2\" \/><meta itemprop=\"width\" content=\"500\"><meta itemprop=\"height\" content=\"500\"><\/span><\/p>\n<p>Afonus\u0101 palielin\u0101jumi, kurus vi\u0146\u0161 atz\u012bm\u0113ja par Portug\u0101les Kungu, uz karoga tika att\u0113lots tas pats zils krusts uz balta kvadr\u0101tveida lauka. Neatkar\u012bbas atz\u012b\u0161anas beig\u0101s 12. gadsimt\u0101 Vladiks Atosu person\u012bgajam vairogam pievienoja 5 mazu vairogu att\u0113lus no mu\u013c\u0137\u012bb\u0101m (\u0123erbonis mazu kr\u016bz\u012b\u0161u veid\u0101), izsists uz zil\u0101 krusta. <span itemprop=\"image\" itemscope itemtype=\"https:\/\/schema.org\/ImageObject\"><img itemprop=\"url image\" loading=\"lazy\" decoding=\"async\" class=\"alignnone size-full wp-image-3881\" src=\"\/wp-content\/uploads\/2021\/01\/flags-of-portugal_3.png\" width=\"500\" height=\"500\" alt=\"Portug\u0101les karogs-3\" \/><meta itemprop=\"width\" content=\"500\"><meta itemprop=\"height\" content=\"500\"><\/span><\/p>\n<p>Vi\u0146a p\u0113cn\u0101c\u0113ja Santa I laik\u0101 Krusta zil\u0101 kr\u0101sa bija sviedri un izdz\u0113sta. Sakar\u0101 ar to notika pa\u0161vald\u012bbas z\u012bmes evol\u016bcijas princips. Nelieli vairogi ir k\u013cuvu\u0161i izol\u0113ti, lai novietotu tos, tikai atg\u0101dina pag\u0101tnes krustu. Apak\u0161\u0113jie st\u016bri bija v\u0113rsti uz centru.<\/p>\n<p><span itemprop=\"image\" itemscope itemtype=\"https:\/\/schema.org\/ImageObject\"><img itemprop=\"url image\" loading=\"lazy\" decoding=\"async\" class=\"alignnone size-full wp-image-3882\" src=\"\/wp-content\/uploads\/2021\/01\/flags-of-portugal_4.png\" width=\"500\" height=\"500\" alt=\"Portug\u0101les karogs-4\" \/><meta itemprop=\"width\" content=\"500\"><meta itemprop=\"height\" content=\"500\"><\/span><\/p>\n<p>Majanky zilo vairogu izcelsme ar mu\u013c\u0137\u012bb\u0101m ir saist\u012bta ar le\u0123endu. XII gadsimt\u0101, \u012bsi pirms galven\u0101s kaujas, topo\u0161ajam karalim Afonam par\u0101d\u012bj\u0101s vientu\u013cnieks, sakot, ka vi\u0146\u0161 ir Augst\u0101k\u0101 v\u0113stnesis. Vecais v\u012brs deva padomu dienas laik\u0101, pie pirmaj\u0101m zvana ska\u0146\u0101m, izk\u0101pt no p\u0101rg\u0101jienu telts un paskat\u012bties debes\u012bs. Afonusa dar\u012bja un dar\u012bja. R\u012btausm\u0101 atst\u0101jis telti, vi\u0146\u0161 ieraudz\u012bja Kristu, krust\u0101 sistu priek\u0161gal\u0101. Gl\u0101b\u0113js pazi\u0146oja par uzvaru un par Dieva aizsardz\u012bbu. Iedvesmojoties no \u0161\u012bs par\u0101d\u012bbas, Tsarevi\u010ds uzvar\u0113ja sp\u0113c\u012bgu ienaidnieku. C\u012b\u0146\u0101 vi\u0146\u0161 nogalin\u0101ja 5 maurit\u0101nie\u0161us, pa\u0146\u0113ma valdniekus k\u0101 trofejas vi\u0146u vairogos. Par godu \u0161im aktam Afons \u0123erbon\u012b uzlika 5 vairogu att\u0113lu. Un 5 mu\u013c\u0137\u012bbas uz katra no t\u0101m simboliz\u0113ja krust\u0101 sist\u0101 Kristus br\u016bces. Le\u0123enda ved uz, t. Uz. \u0160\u0137ita tikai XV gs. Simtprocent\u012bgi var b\u016bt, ka t\u0101s m\u0113r\u0137is ir noskaidrot Portug\u0101les Dievi\u0161\u0137\u0101s Providences v\u0113sturi. N\u0101kotnes heraldisk\u0101s konfigur\u0101cijas Portug\u0101l\u0113 rad\u0101s 13. gadsimt\u0101. Afons III, kur\u0161 st\u0101j\u0101s tron\u012b, nebija tie\u0161ais mantinieks un vi\u0146am nebija ties\u012bbu izmantot pag\u0101tnes kara\u013ca z\u012bmes, neizveidojot to sav\u0101s konfigur\u0101cij\u0101s. Ie\u0146emot Kast\u012blijas kara\u013ca meitas sievu, monarhs zaud\u0113 vair\u0101ku no Kast\u012blijas vairoga aizg\u016btu sl\u0113dze\u0146u att\u0113lu uz sarkan\u0101 griezuma. Pareiz\u0101 summa tika re\u0123istr\u0113ta tikai 16. gadsimta beig\u0101s.<\/p>\n<p><span itemprop=\"image\" itemscope itemtype=\"https:\/\/schema.org\/ImageObject\"><img itemprop=\"url image\" loading=\"lazy\" decoding=\"async\" class=\"alignnone size-full wp-image-3883\" src=\"\/wp-content\/uploads\/2021\/01\/flags-of-portugal_5.png\" width=\"500\" height=\"500\" alt=\"Portug\u0101les karogs-5\" \/><meta itemprop=\"width\" content=\"500\"><meta itemprop=\"height\" content=\"500\"><\/span><\/p>\n<p>Vladyk Zhuan I pievienoju za\u013cganu liliju uz vairoga griezuma ar 4 mal\u0101m. Karogs ar \u0161o vairogu past\u0101v\u0113ja 100 gadus. <span itemprop=\"image\" itemscope itemtype=\"https:\/\/schema.org\/ImageObject\"><img itemprop=\"url image\" loading=\"lazy\" decoding=\"async\" class=\"alignnone size-full wp-image-3884\" src=\"\/wp-content\/uploads\/2021\/01\/flags-of-portugal_6.png\" width=\"500\" height=\"500\" alt=\"Portug\u0101les karogs-6\" \/><meta itemprop=\"width\" content=\"500\"><meta itemprop=\"height\" content=\"500\"><\/span><\/p>\n<p>15. gadsimta beig\u0101s karogs main\u012bj\u0101s. Lilijas no vairoga izkrita caur augsni, sl\u0113dze\u0146u skaits samazin\u0101j\u0101s l\u012bdz 7, un mu\u013c\u0137\u012bbu skaits samazin\u0101j\u0101s l\u012bdz 5. Tas bija p\u0113d\u0113jais taisnst\u016brveida vairogs.<\/p>\n<p><span itemprop=\"image\" itemscope itemtype=\"https:\/\/schema.org\/ImageObject\"><img itemprop=\"url image\" loading=\"lazy\" decoding=\"async\" class=\"alignnone size-full wp-image-3885\" src=\"\/wp-content\/uploads\/2021\/01\/flags-of-portugal_7.png\" width=\"500\" height=\"500\" alt=\"Portug\u0101les karogs-7\" \/><meta itemprop=\"width\" content=\"500\"><meta itemprop=\"height\" content=\"500\"><\/span><\/p>\n<p>15. gadsimta beig\u0101s tika veiktas konstrukt\u012bvas konfigur\u0101cijas. Vairogs zaud\u0113 taisnst\u016bra formu, apak\u0161\u0113j\u0101 mala ir iegarena. Virs vairoga par\u0101d\u0101s vainags. <span itemprop=\"image\" itemscope itemtype=\"https:\/\/schema.org\/ImageObject\"><img itemprop=\"url image\" loading=\"lazy\" decoding=\"async\" class=\"alignnone size-full wp-image-3886\" src=\"\/wp-content\/uploads\/2021\/01\/flags-of-portugal_8.png\" width=\"500\" height=\"333\" alt=\"Portug\u0101les karogs-8\" \/><meta itemprop=\"width\" content=\"500\"><meta itemprop=\"height\" content=\"333\"><\/span><\/p>\n<p>Karoga dizains ar neliel\u0101m izmai\u0146\u0101m past\u0101v\u0113ja l\u012bdz 1830. gadam. Beig\u0101s balts audums tika vertik\u0101li sadal\u012bts uz div\u0101m vien\u0101d\u0101m zilas un baltas kr\u0101sas sv\u012btr\u0101m, uzliktas uz to vairoga. <span itemprop=\"image\" itemscope itemtype=\"https:\/\/schema.org\/ImageObject\"><img itemprop=\"url image\" loading=\"lazy\" decoding=\"async\" class=\"alignnone size-full wp-image-3887\" src=\"\/wp-content\/uploads\/2021\/01\/flags-of-portugal_9.png\" width=\"500\" height=\"333\" alt=\"Portug\u0101les karogs-9\" \/><meta itemprop=\"width\" content=\"500\"><meta itemprop=\"height\" content=\"333\"><\/span><\/p>\n<p>1910. gad\u0101 Portug\u0101l\u0113 monarhija tika g\u0101zta. Nepiecie\u0161am\u012bba p\u0113c jaun\u0101m valsts z\u012bm\u0113m. Kr\u0101su izv\u0113le bija vienpr\u0101t\u012bga. Vi\u0146i k\u013cuva sarkani un za\u013ci. Lai apstiprin\u0101tu karogu, tika izveidota nestandarta komisija. \u0160aj\u0101 strukt\u016br\u0101 ietilpst premjerministrs, gleznot\u0101js, rakstnieks, sabiedriskie darbinieki no virsniekiem.<\/p>\n<p>Komisija nol\u0113ma, ka sarkan\u0101s kr\u0101sas izv\u0113le ir saist\u012bta ar to, ka t\u0101 simboliz\u0113 kaisli, velt\u012btu c\u012b\u0146u, asinis, gandar\u012bjumu un uzvaru. Za\u013c\u0101 kr\u0101sa Portug\u0101les simbolos bija neparasta.<\/p>\n<p>Karoga veidot\u0101ji savu izv\u0113li skaidroja ar to, ka vi\u0146\u0161 atrad\u0101s uz revolucion\u0101ru karoga devi\u0146padsmit\u0101 gadsimta 90. gadu pirmaj\u0101 pus\u0113.<\/p>\n<p>Par balto, saska\u0146ojot ar komisijas nost\u0101ju, liecina skaistums, t\u012br\u012bba, pietic\u012bba, miers un labsaj\u016bta. Taj\u0101 sapl\u016bda citas kr\u0101sas. Viena no karoga da\u013c\u0101m bija armil\u0101r\u0101 sf\u0113ra, kas personific\u0113ja portug\u0101\u013cu lielos \u0123eogr\u0101fiskos atkl\u0101jumus.<\/p>\n<p>Vairogs, kas novietots sf\u0113ras aug\u0161pus\u0113, koordin\u0113jot no komisiju viedok\u013ca, noz\u012bm\u0113 portug\u0101\u013cu pag\u0101tni un patieso di\u017eenumu, vi\u0146u drosmi, neatlaid\u012bbu un ener\u0123iju.<\/p>\n<blockquote><p>Jaunais karogs tika pacelts \u012bstaj\u0101 laik\u0101 Lisabon\u0101 1910. gada 1. decembr\u012b.<\/p><\/blockquote>\n<h2>Apraksts<\/h2>\n<p>Taisnst\u016bris ir sadal\u012bts vertik\u0101li div\u0101s da\u013c\u0101s. Kreis\u0101 platums veido 2\/5 no pane\u013ca garuma, lab\u0101 &#8211; 3\/5 no pane\u013ca garuma. Kreis\u0101 puse nokr\u0101sota za\u013c\u0101 kr\u0101s\u0101, lab\u0101 &#8211; sarkan\u0101 kr\u0101s\u0101. Karoga platuma un garuma attiec\u012bba 2:3. Uz joslas, atdalot joslu, un vienmu\u013c\u0101 att\u0101lum\u0101 no aug\u0161\u0113j\u0101s un apak\u0161\u0113j\u0101s malas ir novietota Portug\u0101les embl\u0113ma. \u0160\u012b ir armil\u0101ra sf\u0113ra un uz t\u0101s uzlikts vairogs. Armil\u0101r\u0101 sf\u0113ra ir pirmo Portug\u0101les j\u016brnieku galven\u0101 ier\u012bce. T\u0101 diametrs uz karoga ir 1\/2 no pane\u013ca platuma. Sf\u0113rai ir loku p\u0101ris. Portug\u0101les karog\u0101 ir att\u0113lots 1 plats loks un 4 mazi. Liels atbilst ikgad\u0113j\u0101s saules kust\u012bbas p\u0101rraides joslai. Mazie loki apz\u012bm\u0113 ekvatoru un divus tropus un Me\u017e\u0101zis V\u0113zis. Sf\u0113ra Zelta (Dzeltena) ar melniem elementiem. M\u016bsdien\u012bgs vairoga dizains &#8211; \u010detrst\u016bris ar apa\u013cu dibenu. Augstums veido 7\/10 lodes rievu, bet platums &#8211; 6\/10. Vid\u0113js vairogs\u00a0\u2014 sudrabs (balts). Pa perimetru iet plata sarkana apmale, apvelt\u012bta ar \u0161auru baltu sv\u012btru. Vairog\u0101 uz balta fona ir 5 zili vairogi. Tie atrodas vertik\u0101l\u0101 st\u0101vokl\u012b. To izvietojums veido krustu. Katr\u0101 ir 5 sudraba (baltas) mu\u013c\u0137\u012bbas &#8211; 2 no aug\u0161as, 2 apak\u0161as un 1 centr\u0101. Sarkanaj\u0101 laik\u0101 ir 7 zelta (dzeltenas) sl\u0113dzenes ar vismaz 3 tor\u0146iem. V\u0101rti ir aizv\u0113rti. 5 aug\u0161\u0113j\u0101m sl\u0113dzen\u0113m ir vertik\u0101ls st\u0101voklis, 2 apak\u0161\u0113j\u0101m &#8211; zem sl\u012bpuma. <span itemprop=\"image\" itemscope itemtype=\"https:\/\/schema.org\/ImageObject\"><img itemprop=\"url image\" loading=\"lazy\" decoding=\"async\" class=\"alignnone size-full wp-image-3888\" src=\"\/wp-content\/uploads\/2021\/01\/flags-of-portugal_10.png\" width=\"500\" height=\"333\" alt=\"Portug\u0101les karogs-10\" \/><meta itemprop=\"width\" content=\"500\"><meta itemprop=\"height\" content=\"333\"><\/span><\/p>\n<p>Par necie\u0146u pret valsts simbolu Portug\u0101l\u0113 noteikta krimin\u0101latbild\u012bba. Sods var turpin\u0101ties ar br\u012bv\u012bbas at\u0146em\u0161anu uz 2 gadiem.<\/p>\n<h2>Portug\u0101les kr\u0101su karogs<\/h2>\n<p>Juridiski uzticamas kr\u0101sas nav noteiktas. Aptuven\u0101s pamatkr\u0101su kr\u0101sas tiek preciz\u0113tas \u0161\u0101di. 6 kr\u0101sas:<\/p>\n<ol>\n<li>Red atbilst 255-0-0 RGB kombin\u0101cijai;<\/li>\n<li>Za\u013c\u0161 &#8211; 0-102-0 RGB;<\/li>\n<li>Dzeltens &#8211; 255-255-0 RGB;<\/li>\n<li>zils 0-51-153 RGB;<\/li>\n<li>balts 255-255-255 RGB;<\/li>\n<li>Melnais 0-0-0.<\/li>\n<\/ol>\n<h2>Noz\u012bm\u0113 kr\u0101sas\u00a0karogs\u00a0Portug\u0101le<\/h2>\n<p>Za\u013c\u0101 un sarkan\u0101 kr\u0101sa l\u012bdz 1910. gadam nebija valsts karoga kr\u0101sas. Bet vi\u0146i abi bija uz valsts valdnieku z\u012bm\u0113m.<\/p>\n<ol>\n<li>Za\u013c\u0161 \u2014 Republik\u0101\u0146u partijas simbols. Vi\u0146\u0161 tika interpret\u0113ts k\u0101 cer\u012bbas kr\u0101sa.<\/li>\n<li>Sarkans &#8211; asins kr\u0101sa, drosme un neatlaid\u012bba, aizz\u012bmogo\u0161ana uzvarai.<\/li>\n<li>Armil\u0101r\u0101 sf\u0113ra ir simbols lielajiem portug\u0101\u013cu navigatoriem, kuri ir devu\u0161i noz\u012bm\u012bgu ieguld\u012bjumu jaunu zemju att\u012bst\u012bb\u0101.<\/li>\n<li>Tam virs\u016b uzliktais vairogs ir viens no valsts visnoplukt\u0101kajiem simboliem. Nor\u0101da Portug\u0101les kr\u0101\u0161\u0146o v\u0113sturi.<\/li>\n<\/ol>\n<h2>Citi karogi<\/h2>\n<p>flotes karogs, Portug\u0101le &#8211; sarkanais laukums pla\u0161\u0101, za\u013c\u0101 r\u0101m\u012b. Centr\u0101 &#8211; vairogs, kas atrodas virs armil\u0101r\u0101s sf\u0113ras. <span itemprop=\"image\" itemscope itemtype=\"https:\/\/schema.org\/ImageObject\"><img itemprop=\"url image\" loading=\"lazy\" decoding=\"async\" class=\"alignnone size-full wp-image-3889\" src=\"\/wp-content\/uploads\/2021\/01\/flags-of-portugal_11.png\" width=\"500\" height=\"500\" alt=\"Portug\u0101les karogs-11\" \/><meta itemprop=\"width\" content=\"500\"><meta itemprop=\"height\" content=\"500\"><\/span><\/p>\n<p>Portug\u0101les armijas karogs ir taisnst\u016bris ar malu attiec\u012bbu 12:13. Tas ir sadal\u012bts pa vertik\u0101li pa kreisi un pa labi un sarkanza\u013ci taisnst\u016bri. Centr\u0101 &#8211; vairogs virs armil\u0101r\u0101s sf\u0113ras, ko ieskauj zari. Apak\u0161\u0101 &#8211; balta lente ar uzrakstu, kas v\u0113sta par m\u012blest\u012bbu un lojalit\u0101ti T\u0113vzemei.<\/p>\n<p><span itemprop=\"image\" itemscope itemtype=\"https:\/\/schema.org\/ImageObject\"><img itemprop=\"url image\" loading=\"lazy\" decoding=\"async\" class=\"alignnone size-full wp-image-3890\" src=\"\/wp-content\/uploads\/2021\/01\/flags-of-portugal_12.png\" width=\"500\" height=\"461\" alt=\"Portug\u0101les karogs-12\" \/><meta itemprop=\"width\" content=\"500\"><meta itemprop=\"height\" content=\"461\"><\/span><\/p>\n<p>Prezidenta karogs ir za\u013c\u0161 taisnst\u016bris ar pastiprin\u0101juma sf\u0113ru un vairogu.<\/p>\n<p><span itemprop=\"image\" itemscope itemtype=\"https:\/\/schema.org\/ImageObject\"><img itemprop=\"url image\" loading=\"lazy\" decoding=\"async\" class=\"alignnone size-full wp-image-3891\" src=\"\/wp-content\/uploads\/2021\/01\/flags-of-portugal_1.jpg\" width=\"500\" height=\"330\" alt=\"Portug\u0101les karogs-13\" \/><meta itemprop=\"width\" content=\"500\"><meta itemprop=\"height\" content=\"330\"><\/span><\/p>\n<h2>Interesanti fakti par karogu<\/h2>\n<p>Atbild\u012bba par karoga \u013caunpr\u0101t\u012bgu izmanto\u0161anu tika ieviesta lidojum\u0101 t\u0101 izveides beig\u0101s 1910. Vain\u012bgais noties\u0101ts uz datumu vai saiti. Ofici\u0101los pas\u0101kumos ir \u012bpa\u0161a karoga loc\u012b\u0161anas k\u0101rt\u012bba. \u010cetriem cilv\u0113kiem, kas tur audumu horizont\u0101l\u0101 st\u0101vokl\u012b, j\u0101veic virkne manipul\u0101ciju, lai saloc\u012bt\u0101 skat\u0101 no aug\u0161as b\u016btu vairogs.<\/p>\n<h2>Nespecializ\u0113ta inform\u0101cija par Portug\u0101li<\/h2>\n<table>\n<tbody>\n<tr>\n<td>Ofici\u0101l\u0101 valoda<\/td>\n<td>portug\u0101\u013cu, Miranda (re\u0123ion\u0101l\u0101 valoda)<\/td>\n<\/tr>\n<tr>\n<td>Kapit\u0101ls<\/td>\n<td>Lisabona<\/td>\n<\/tr>\n<tr>\n<td>Teritorija<\/td>\n<td>92\u00a0225.61 km2<\/td>\n<\/tr>\n<tr>\n<td>Popul\u0101cija<\/td>\n<td>10 276 617 cilv\u0113ki<\/td>\n<\/tr>\n<tr>\n<td>Val\u016bta<\/td>\n<td>Eiro (EUR, \u20ac), Portug\u0101les eiro mon\u0113tas<\/td>\n<\/tr>\n<tr>\n<td>Telefona kods<\/td>\n<td>+351<\/td>\n<\/tr>\n<\/tbody>\n<\/table>\n","protected":false},"excerpt":{"rendered":"<p>Portug\u0101les Republikas pa\u0161vald\u012bbas karogam ir sena v\u0113sture. T\u0101tad m\u016bsdienu Portug\u0101les karogs izskat\u0101s: V\u0113stures\u00a0karogs\u00a0Portug\u0101le Portug\u0101les 1. heraldisk\u0101 z\u012bme, kas min\u0113ta avotos, bija zils krusts uz balta fona. T\u0101tad skat\u012bj\u0101s&#8230;<\/p>\n","protected":false},"author":1,"featured_media":5934,"comment_status":"open","ping_status":"open","sticky":false,"template":"","format":"standard","meta":{"footnotes":""},"categories":[3],"tags":[],"class_list":["post-1634","post","type-post","status-publish","format-standard","has-post-thumbnail","","category-eiropas-karogi"],"aioseo_notices":[],"_links":{"self":[{"href":"https:\/\/flags-world.com\/lv\/wp-json\/wp\/v2\/posts\/1634","targetHints":{"allow":["GET"]}}],"collection":[{"href":"https:\/\/flags-world.com\/lv\/wp-json\/wp\/v2\/posts"}],"about":[{"href":"https:\/\/flags-world.com\/lv\/wp-json\/wp\/v2\/types\/post"}],"author":[{"embeddable":true,"href":"https:\/\/flags-world.com\/lv\/wp-json\/wp\/v2\/users\/1"}],"replies":[{"embeddable":true,"href":"https:\/\/flags-world.com\/lv\/wp-json\/wp\/v2\/comments?post=1634"}],"version-history":[{"count":0,"href":"https:\/\/flags-world.com\/lv\/wp-json\/wp\/v2\/posts\/1634\/revisions"}],"wp:featuredmedia":[{"embeddable":true,"href":"https:\/\/flags-world.com\/lv\/wp-json\/wp\/v2\/media\/5934"}],"wp:attachment":[{"href":"https:\/\/flags-world.com\/lv\/wp-json\/wp\/v2\/media?parent=1634"}],"wp:term":[{"taxonomy":"category","embeddable":true,"href":"https:\/\/flags-world.com\/lv\/wp-json\/wp\/v2\/categories?post=1634"},{"taxonomy":"post_tag","embeddable":true,"href":"https:\/\/flags-world.com\/lv\/wp-json\/wp\/v2\/tags?post=1634"}],"curies":[{"name":"wp","href":"https:\/\/api.w.org\/{rel}","templated":true}]}}