{"id":1633,"date":"2021-01-04T17:18:17","date_gmt":"2021-01-04T14:18:17","guid":{"rendered":"https:\/\/flags-world.com\/lv\/2021\/01\/04\/polijas-karogs-krsas-un-nozme\/"},"modified":"2021-01-04T17:18:17","modified_gmt":"2021-01-04T14:18:17","slug":"polijas-karogs-krsas-un-nozme","status":"publish","type":"post","link":"https:\/\/flags-world.com\/lv\/polijas-karogs-krsas-un-nozme\/","title":{"rendered":"Polijas karogs: kr\u0101sas un noz\u012bme"},"content":{"rendered":"<p>Polijas karogs ir viena no valsts rakstz\u012bm\u0113m. T\u0101tad Polijas karogs izskat\u0101s \u0161odien: foto<\/p>\n<p><span itemprop=\"image\" itemscope itemtype=\"https:\/\/schema.org\/ImageObject\"><img itemprop=\"url image\" loading=\"lazy\" decoding=\"async\" class=\"alignnone wp-image-4014\" src=\"\/wp-content\/uploads\/2021\/01\/flags-poland_1.png\" width=\"500\" height=\"312\" alt=\"Polijas karogs-1\" \/><meta itemprop=\"width\" content=\"500\"><meta itemprop=\"height\" content=\"312\"><\/span><\/p>\n<h2>V\u0113stures karogs\u00a0Polija<\/h2>\n<p>Polijas karogam ir sena v\u0113sture. 1025. gad\u0101 par\u0101d\u012bj\u0101s Polijas karaliste. Par pirmo kungu k\u013cuva drosm\u012bgais k\u0146azs Bo\u013ceslavs I. Vi\u0146a rekl\u0101mkarogs iedom\u0101j\u0101s sarkanu taisnst\u016bri ar iegriezumu labaj\u0101 gabal\u0101 taisnst\u016bra trapeces form\u0101. Sarkan\u0101 lauka labais aug\u0161\u0113jais st\u016bris bija ass. Rekl\u0101mkarogs att\u0113lo balto \u0113rgli Zelta kron\u012b. \u0160\u012b iesp\u0113ja past\u0101v\u0113ja pirms jaun\u0101k\u0101s Sadraudz\u012bbas valsts izveido\u0161anas XVI gadsimta 60. gadu 2. pus\u0113.<\/p>\n<p><span itemprop=\"image\" itemscope itemtype=\"https:\/\/schema.org\/ImageObject\"><img itemprop=\"url image\" loading=\"lazy\" decoding=\"async\" class=\"alignnone wp-image-4015\" src=\"\/wp-content\/uploads\/2021\/01\/flags-poland_2.png\" width=\"500\" height=\"374\" alt=\"Polijas-2 karogs\" \/><meta itemprop=\"width\" content=\"500\"><meta itemprop=\"height\" content=\"374\"><\/span><\/p>\n<p>Piespiedu runas vad\u012bt\u0101ju sauca par po\u013cu un lietuvie\u0161u k\u0146azu. Karogs bija taisnst\u016bris, horizont\u0101li izsmelts l\u012bdz trim vien\u0101d\u0101m sv\u012btr\u0101m &#8211; p\u0113d\u0113j\u0101s divas sarkanas, centr\u0101l\u0101s &#8211; baltas. Sloksnes br\u012bv\u0101 mala darboj\u0101s tr\u012bsst\u016bru form\u0101. Rekl\u0101mkaroga centr\u0101 bija \u0123erbonis zelta (dzelten\u0101) r\u0101m\u012b, sadal\u012bts 4 da\u013c\u0101s. Kreisaj\u0101 aug\u0161\u0113j\u0101 un labaj\u0101 apak\u0161\u0101 bija balt\u0101 piek\u016bna att\u0113li &#8211; Polijas z\u012bme. Labaj\u0101 aug\u0161da\u013c\u0101 un kreisaj\u0101 apak\u0161\u0113j\u0101 da\u013c\u0101 bija Lietuvas z\u012bme &#8211; J\u0101tnieku bru\u0146inieks. No aug\u0161as Vallen Crown \u0123erbonis. <span itemprop=\"image\" itemscope itemtype=\"https:\/\/schema.org\/ImageObject\"><img itemprop=\"url image\" loading=\"lazy\" decoding=\"async\" class=\"alignnone size-full wp-image-4016\" src=\"\/wp-content\/uploads\/2021\/01\/flags-poland_3.png\" width=\"500\" height=\"300\" alt=\"Polijas karogs-3\" \/><meta itemprop=\"width\" content=\"500\"><meta itemprop=\"height\" content=\"300\"><\/span><\/p>\n<p>1587-1668 g. Valsts noteikumi, zviedru V\u0101su \u0123imene (V\u0101ze). Vi\u0146as p\u0101rst\u0101vji uzreiz k\u013cuva par Zviedrijas tro\u0146a mantiniekiem. Pamatojoties uz \u0161o \u0123erboni uz Sadraudz\u012bbas karoga, Perezp\u00f6llow main\u0101s. Uz pag\u0101tnes \u0123erbo\u0146a ar Sokolu un j\u0101tnieku tika uzlikts \u0123erbonis ar zelta z\u012bm\u0113m &#8211; lauv\u0101m un zviedru kro\u0146iem. Centrs balti-zili-sarkanaj\u0101 lauk\u0101 novietojis Vasas m\u0101jas simbolu &#8211; Zelta k\u016bli. \u0122erboni ieskauj \u0137\u0113de, un taj\u0101 ir zelta r\u016bnu k\u0101rt\u012bba.<\/p>\n<p><span itemprop=\"image\" itemscope itemtype=\"https:\/\/schema.org\/ImageObject\"><img itemprop=\"url image\" loading=\"lazy\" decoding=\"async\" class=\"alignnone size-full wp-image-4017\" src=\"\/wp-content\/uploads\/2021\/01\/flags-poland_4.png\" width=\"500\" height=\"333\" alt=\"Polijas karogs-4\" \/><meta itemprop=\"width\" content=\"500\"><meta itemprop=\"height\" content=\"333\"><\/span><\/p>\n<p>1697.-1763.gad\u0101. Atp\u016btas Herma\u0146u \u0123imene. Uz valsts karoga \u0161obr\u012bd valdo\u0161\u0101s dzimtas \u0123erbonis, rot\u0101ts ar kroni. Vi\u0146\u0161 saloc\u012bja no 2 da\u013c\u0101m. Pa kreisi &#8211; sadal\u012bts horizont\u0101li aug\u0161\u0113jam melnajam un apak\u0161\u0113jam baltajam reljefam, virs kura ir att\u0113loti divi krustojo\u0161i sarkanas kr\u0101sas asme\u0146i. Pa labi &#8211; horizont\u0101lu p\u0101rmai\u0146us zelta un melnu sv\u012btru veid\u0101 ar uzliktu labo p\u0101rs\u0113ju saknes vainaga veid\u0101. <span itemprop=\"image\" itemscope itemtype=\"https:\/\/schema.org\/ImageObject\"><img itemprop=\"url image\" loading=\"lazy\" decoding=\"async\" class=\"alignnone size-full wp-image-4018\" src=\"\/wp-content\/uploads\/2021\/01\/flags-poland_5.png\" width=\"500\" height=\"302\" alt=\"Polijas karogs-5\" \/><meta itemprop=\"width\" content=\"500\"><meta itemprop=\"height\" content=\"302\"><\/span><\/p>\n<p>1764.-1795.gad\u0101. Noteikumu st\u0101voklis Sta\u0146islavs Augusts saprata. Vi\u0146\u0161 bija p\u0113d\u0113jais Sadraudz\u012bbas valdnieks. Uz vi\u0146a karoga valsts \u0123erbo\u0146a aug\u0161pus\u0113 \u0123erbonis &quot;Ciolek&quot; &#8211; sarkans te\u013c\u0161 balt\u0101 (sudraba) lauk\u0101, rot\u0101ts ar vainagu.<\/p>\n<p><span itemprop=\"image\" itemscope itemtype=\"https:\/\/schema.org\/ImageObject\"><img itemprop=\"url image\" loading=\"lazy\" decoding=\"async\" class=\"alignnone size-full wp-image-4019\" src=\"\/wp-content\/uploads\/2021\/01\/flags-poland_6.png\" width=\"500\" height=\"333\" alt=\"Polijas-6 karogs\" \/><meta itemprop=\"width\" content=\"500\"><meta itemprop=\"height\" content=\"333\"><\/span><\/p>\n<p>Var\u0161avas hercogistes karogs, past\u0101v\u0113jis 1807.\u20131815., Tur bija taisnst\u016brveida audums, kas sadal\u012bts div\u0101s horizont\u0101l\u0101s vienmu\u013ca platuma sv\u012btr\u0101s &#8211; aug\u0161\u0101 balt\u0101 un apak\u0161\u0113j\u0101 sarkan\u0101. <span itemprop=\"image\" itemscope itemtype=\"https:\/\/schema.org\/ImageObject\"><img itemprop=\"url image\" loading=\"lazy\" decoding=\"async\" class=\"alignnone size-full wp-image-4020\" src=\"\/wp-content\/uploads\/2021\/01\/flags-poland_7.png\" width=\"500\" height=\"312\" alt=\"Polijas-7 karogs\" \/><meta itemprop=\"width\" content=\"500\"><meta itemprop=\"height\" content=\"312\"><\/span><\/p>\n<p>Kop\u0161 1815. gada, saska\u0146\u0101 ar Napoleona karu rezult\u0101tiem, Polijas karaliste ien\u0101ca Krievijas Feder\u0101cij\u0101. Vi\u0146a karogs 1815-1832gg. Tas bija balts taisnst\u016brveida audums ar divgalvu piek\u016bnu \u2013 Krievijas Feder\u0101cijas z\u012bmi. Sokola galvas rot\u0101ja kro\u0146us. 3.\u00a0visu \u0123erboni vainagoja liels kronis ar zilu pl\u012bvojo\u0161u lenti. Viena \u0137epa \u0112rglis tur\u0113ja scepteri, 2. &#8211; sp\u0113ks. Uz divgalvain\u0101 \u0113rg\u013ca kr\u016bt\u012bm bija parakst\u012bts Polijas \u0123erbonis &#8211; baltais \u0113rglis vainag\u0101. \u0160is \u0123erbonis p\u0101rkl\u0101ja imperatora mantiju un apprec\u0113j\u0101s ar imperatora kroni. <span itemprop=\"image\" itemscope itemtype=\"https:\/\/schema.org\/ImageObject\"><img itemprop=\"url image\" loading=\"lazy\" decoding=\"async\" class=\"alignnone size-full wp-image-4021\" src=\"\/wp-content\/uploads\/2021\/01\/flags-poland_8.png\" width=\"500\" height=\"333\" alt=\"Polijas karogs-8\" \/><meta itemprop=\"width\" content=\"500\"><meta itemprop=\"height\" content=\"333\"><\/span><\/p>\n<p>Saska\u0146ojot ar V\u012bnes kongresa atbildi, Var\u0161avas hercogistes rietumu viet\u0113jie iedz\u012bvot\u0101ji iek\u013cuva Lielhercogist\u0113. Prince\u0161u karogs 1815-1848. Tas bija taisnst\u016brveida audums ar 2 vien\u0101d\u0101m horizont\u0101l\u0101m sv\u012btr\u0101m. Aug\u0161\u0101 &#8211; sarkans, apak\u0161\u0101 &#8211; balts.<\/p>\n<p><span itemprop=\"image\" itemscope itemtype=\"https:\/\/schema.org\/ImageObject\"><img itemprop=\"url image\" loading=\"lazy\" decoding=\"async\" class=\"alignnone size-full wp-image-4022\" src=\"\/wp-content\/uploads\/2021\/01\/flags-poland_9.png\" width=\"500\" height=\"333\" alt=\"Polijas karogs-9\" \/><meta itemprop=\"width\" content=\"500\"><meta itemprop=\"height\" content=\"333\"><\/span><\/p>\n<p>Polijas valsts karogu Seims juridiski apstiprin\u0101ja XIX gadsimta 30. gadu pirmaj\u0101 pus\u0113. Patriotiski noska\u0146otu iedz\u012bvot\u0101ju pras\u012bb\u0101m p\u0113c ilgsto\u0161as \u200b\u200bun atpaz\u012bstamas valsts z\u012bmes veido\u0161an\u0101s notika \u0161is notikums. Tika izv\u0113l\u0113tas divas Polijai labdab\u012bgas kr\u0101sas. Taj\u0101 laik\u0101, taj\u0101 laik\u0101, laik\u0101, kad valsts non\u0101ca KF, nacion\u0101l\u0101s z\u012bmes bija aizliegtas. Neatkar\u012bbas atjauno\u0161anas beig\u0101s 1918. gad\u0101 baneris atgriez\u0101s. 2. pasaules beig\u0101s Polijas iedz\u012bvot\u0101ji izmantoja valsts karogu k\u0101 komunistisk\u0101 re\u017e\u012bma apkaro\u0161anas z\u012bmi, izkarinot to streiku gait\u0101. 1980.\u00a0gada likums atzina valsts z\u012bmi, nevis pa\u0161u karogu, un kr\u0101sas un balt\u0101 sarkan\u0101 kr\u0101sa bija atsevi\u0161\u0137as sv\u012btras. \u0160obr\u012bd, saska\u0146ojot ar vald\u012bbas r\u012bkojumu, valsts karogs tiek izcelts neder\u012bg\u0101 k\u0101rt\u012bb\u0101 sekojo\u0161\u0101s svin\u012bg\u0101s dien\u0101s: starptautisk\u0101s darba dienas, kas tiek atz\u012bm\u0113tas 1. maij\u0101; Turpm\u0101kaj\u0101s dien\u0101s 2. un 3. mart\u0101 &#8211; karoga un Satversmes Deneke un 11. novembr\u012b, Neatkar\u012bbas dien\u0101.<\/p>\n<h2>Apraksts<\/h2>\n<p>Saska\u0146ojot ar 1980. gada 31. janv\u0101ra likumu, karogs ir taisnst\u016bris ar Polijas \u0123erbo\u0146a kr\u0101s\u0101m. Audekls ir sadal\u012bts horizont\u0101li div\u0101s areometrisk\u0101s josl\u0101s. Aug\u0161da\u013ca &#8211; Balta, Apak\u0161\u0113j\u0101 &#8211; Sarkana. Platuma attiec\u012bba un karoga garums 5:8.<\/p>\n<h2>Kr\u0101su karogs\u00a0Polija<\/h2>\n<p>Divas galven\u0101s kr\u0101sas:<\/p>\n<ol>\n<li>Sarkans;<\/li>\n<li>Balts.<\/li>\n<\/ol>\n<p>Normat\u012bvajos dokumentos vair\u0101k nek\u0101 vienu reizi tika preciz\u0113ts sarkan\u0101 nokr\u0101sa. Tas tika defin\u0113ts k\u0101 &quot;j\u016bras asara kr\u0101sa&quot; un v\u0113l\u0101k k\u0101 sarkans. 80. gadu pirmaj\u0101 pus\u0113 un gados kr\u0101sas tiek fiks\u0113tas. Sarkans atbilst RGB (hex) # D4213D un balts RGB (hex) # E9E8E7. Pirmk\u0101rt, t\u0101 viet\u0101, lai Sarkan\u0101 valsts tiktu uzskat\u012bta par violetu, par\u0101dot savu gar\u012bgo bag\u0101t\u012bbu un tautas di\u017eenumu. Bet kr\u0101svielas milz\u012bg\u0101s cenas d\u0113\u013c vi\u0146am bija iesp\u0113ja tikai bag\u0101tiem cilv\u0113kiem.<\/p>\n<h2>Noz\u012bm\u0113 kr\u0101sas\u00a0\u2014 karogs\u00a0Polija<\/h2>\n<p>Balt\u0101 kr\u0101sa heraldik\u0101 atbilst sudrabam vai \u016bdenim un liecina par augst\u0101kiem gar\u012bgajiem d\u0101rgumiem, mor\u0101li un t\u012br\u012bbas piln\u012bbu. Sarkanie to\u0146i personific\u0113 drosmi, drosmi, drosmi, pa\u0161atdevi. Polijas rekl\u0101mkaroga kr\u0101sas ir l\u012bdz\u012bgas t\u0101m, kas izmantotas \u0123erbo\u0146a att\u0113l\u0101. No \u0161\u012bs v\u0113l viena interpret\u0101cija. Cilv\u0113ki dzi\u013ci godin\u0101ja balto \u0113rgli. Un sarkans liecina par saulrietu zem \u0161\u012b putna sp\u0101rniem. Po\u013ciem baltais \u0113rglis &#8211; patiesi popul\u0101rs putns. Saska\u0146ojot ar le\u0123endu, princis Lehs ieraudz\u012bja lepni \u0161\u016bpo\u0161anos uz Balt\u0101 \u0113rg\u013ca koka. Vi\u0146\u0161 to uzskat\u012bja par z\u012bmi vair\u0101k. Lehs \u0161aj\u0101 viet\u0101 nodibin\u0101ja pirmo galvaspils\u0113tu un nosauca savu ligzdu. Balt\u0101 sv\u012btra atrodas virs sarkan\u0101s, t. Uz. \u0122erbonis atkl\u0101jas virs fona, uz kura tas atrodas.<\/p>\n<h2>Citi Polijas karogi<\/h2>\n<p>Saska\u0146ojot ar likumu par valsts simboliem, Polij\u0101 ir v\u0113l viens valsts atz\u012bts karogs. Vi\u0146u iepaz\u012bstin\u0101ja 1919. \u0160is ir divvirzienu analogs<span itemprop=\"image\" itemscope itemtype=\"https:\/\/schema.org\/ImageObject\"><img itemprop=\"url image\" loading=\"lazy\" decoding=\"async\" class=\"alignnone size-full wp-image-4023\" src=\"\/wp-content\/uploads\/2021\/01\/flags-poland_10.png\" width=\"500\" height=\"312\" alt=\"Polijas karogs-10\" \/><meta itemprop=\"width\" content=\"500\"><meta itemprop=\"height\" content=\"312\"><\/span><\/p>\n<p>Opcija, bet ar \u0123erboni augst\u0101k\u0101s da\u013cas centr\u0101. To neizmanto visur. Paredz\u0113ts diplom\u0101tiskaj\u0101m p\u0101rst\u0101vniec\u012bb\u0101m un konsul\u0101tiem, k\u0101 ar\u012b iepirk\u0161an\u0101s ku\u0123iem. 10 gadu laik\u0101, kop\u0161 1928. gada, tikai uz komerci\u0101liem ku\u0123iem, par at\u0161\u0137ir\u012bbu no Starptautisk\u0101 sign\u0101la kodeksa karoga, kuram ir t\u0101das pa\u0161as kr\u0101sas. V\u0113l\u0101k karoga ietekme izplat\u012bj\u0101s civilaj\u0101s lidost\u0101s, lidost\u0101s un lidma\u0161\u012bn\u0101s \u0101rvalst\u012bs, k\u0101 ar\u012b ostu kontrol\u0113. J\u016bras karoga malu attiec\u012bba ir 10:21. Balta sv\u012btra no aug\u0161as, sarkana apak\u0161a. Augst\u0101kaj\u0101 da\u013c\u0101 &#8211; \u0123erbonis. Br\u012bvaj\u0101 pus\u0113 ir tr\u012bsst\u016brveida izgriezums. <span itemprop=\"image\" itemscope itemtype=\"https:\/\/schema.org\/ImageObject\"><img itemprop=\"url image\" loading=\"lazy\" decoding=\"async\" class=\"alignnone size-full wp-image-4024\" src=\"\/wp-content\/uploads\/2021\/01\/flags-poland_11.png\" width=\"500\" height=\"238\" alt=\"Polijas karogs-11\" \/><meta itemprop=\"width\" content=\"500\"><meta itemprop=\"height\" content=\"238\"><\/span><\/p>\n<h2>L\u012bdz\u012bgi otro valstu karogi<\/h2>\n<p>\u010cehijas v\u0113sturiskajam karogam ir l\u012bdz\u012bbas pirms sajauk\u0161anas ar po\u013cu. Tie at\u0161\u0137iras tikai ar malu attiec\u012bbu. Karogi Indon\u0113zija un Monako Neatkar\u012bgi no \u0161\u012bs reizes no 2 horizont\u0101l\u0101m sloksn\u0113m &#8211; sarkan\u0101 un balt\u0101. Bet abi \u0161ie karogi ir apgriezti po\u013cu. Malu attiec\u012bba nekonver\u0123\u0113. Indon\u0113zij\u0101 tas veido 2:3, bet Monako karogam &#8211; 4:5, savuk\u0101rt Polijas karoga attiec\u012bba ir 5:8. At\u0161\u0137ir\u012bba ir ar\u012b sarkanajos to\u0146os.<\/p>\n<p><span itemprop=\"image\" itemscope itemtype=\"https:\/\/schema.org\/ImageObject\"><img itemprop=\"url image\" loading=\"lazy\" decoding=\"async\" class=\"alignnone size-full wp-image-4026\" src=\"\/wp-content\/uploads\/2021\/01\/flags-poland_12.png\" width=\"500\" height=\"400\" alt=\"Polijas karogs-13\" \/><meta itemprop=\"width\" content=\"500\"><meta itemprop=\"height\" content=\"400\"><\/span><\/p>\n<p>Atsevi\u0161\u0137u valstu z\u012bmju l\u012bdz\u012bba rada \u0161os incidentus. T\u0101, piem\u0113ram, Dienvidaustrum\u0101zijas bukletos, kas sagatavoti 29. sp\u0113l\u0113m, Polijas Rekl\u0101mkarogs, kuram nav nek\u0101da iemesla uz re\u0123ionu. Tas bija rakst\u012bts Indon\u0113zijas rekl\u0101mkaroga viet\u0101. \u0160is fakts izrais\u012bja Indon\u0113zijas puses sa\u0161utumu, kas piepras\u012bja atk\u0101rtoti izdruk\u0101t bukletus. \u0160obr\u012bd valsts svin\u012bgo dienu laik\u0101 patriotiski stabi ripina lentes pie ap\u0123\u0113rba, atk\u0101rtojot valsts z\u012bmes kr\u0101sas.<\/p>\n<h2>Nespecializ\u0113ta inform\u0101cija par Poliju<\/h2>\n<table>\n<tbody>\n<tr>\n<td>Ofici\u0101l\u0101 valoda<\/td>\n<td>po\u013cu<\/td>\n<\/tr>\n<tr>\n<td>Kapit\u0101ls<\/td>\n<td>Var\u0161ava<\/td>\n<\/tr>\n<tr>\n<td>Teritorija<\/td>\n<td>312 679 km2<\/td>\n<\/tr>\n<tr>\n<td>Popul\u0101cija<\/td>\n<td>38 313 035 cilv\u0113ki<\/td>\n<\/tr>\n<tr>\n<td>Val\u016bta<\/td>\n<td>Polijas zlots (PLN)<\/td>\n<\/tr>\n<tr>\n<td>Telefona kods<\/td>\n<td>+48<\/td>\n<\/tr>\n<\/tbody>\n<\/table>\n","protected":false},"excerpt":{"rendered":"<p>Polijas karogs ir viena no valsts rakstz\u012bm\u0113m. T\u0101tad Polijas karogs izskat\u0101s \u0161odien: foto V\u0113stures karogs\u00a0Polija Polijas karogam ir sena v\u0113sture. 1025. gad\u0101 par\u0101d\u012bj\u0101s Polijas karaliste. Par pirmo kungu&#8230;<\/p>\n","protected":false},"author":1,"featured_media":5933,"comment_status":"open","ping_status":"open","sticky":false,"template":"","format":"standard","meta":{"footnotes":""},"categories":[3],"tags":[],"class_list":["post-1633","post","type-post","status-publish","format-standard","has-post-thumbnail","","category-eiropas-karogi"],"aioseo_notices":[],"_links":{"self":[{"href":"https:\/\/flags-world.com\/lv\/wp-json\/wp\/v2\/posts\/1633","targetHints":{"allow":["GET"]}}],"collection":[{"href":"https:\/\/flags-world.com\/lv\/wp-json\/wp\/v2\/posts"}],"about":[{"href":"https:\/\/flags-world.com\/lv\/wp-json\/wp\/v2\/types\/post"}],"author":[{"embeddable":true,"href":"https:\/\/flags-world.com\/lv\/wp-json\/wp\/v2\/users\/1"}],"replies":[{"embeddable":true,"href":"https:\/\/flags-world.com\/lv\/wp-json\/wp\/v2\/comments?post=1633"}],"version-history":[{"count":0,"href":"https:\/\/flags-world.com\/lv\/wp-json\/wp\/v2\/posts\/1633\/revisions"}],"wp:featuredmedia":[{"embeddable":true,"href":"https:\/\/flags-world.com\/lv\/wp-json\/wp\/v2\/media\/5933"}],"wp:attachment":[{"href":"https:\/\/flags-world.com\/lv\/wp-json\/wp\/v2\/media?parent=1633"}],"wp:term":[{"taxonomy":"category","embeddable":true,"href":"https:\/\/flags-world.com\/lv\/wp-json\/wp\/v2\/categories?post=1633"},{"taxonomy":"post_tag","embeddable":true,"href":"https:\/\/flags-world.com\/lv\/wp-json\/wp\/v2\/tags?post=1633"}],"curies":[{"name":"wp","href":"https:\/\/api.w.org\/{rel}","templated":true}]}}