{"id":1632,"date":"2021-01-04T17:18:17","date_gmt":"2021-01-04T14:18:17","guid":{"rendered":"https:\/\/flags-world.com\/lv\/2021\/01\/04\/peru-karogs-nozme-un-krsas\/"},"modified":"2021-01-04T17:18:17","modified_gmt":"2021-01-04T14:18:17","slug":"peru-karogs-nozme-un-krsas","status":"publish","type":"post","link":"https:\/\/flags-world.com\/lv\/peru-karogs-nozme-un-krsas\/","title":{"rendered":"Peru karogs: noz\u012bme un kr\u0101sas"},"content":{"rendered":"<p style=\"text-align: justify\">Peru Republika\u00a0\u2014 Dienvidamerikas vald\u012bba, kas atrodas uz robe\u017eas ar Ekvadoru, Kolumbiju, Braz\u012bliju, Bol\u012bviju un \u010c\u012bli. \u0160\u012b ir tre\u0161\u0101 Dienvidamerikas valsts (p\u0113c lieluma), kuras plat\u012bba ir 1\u00a0285\u00a0216\u00a0km2 un kur\u0101 dz\u012bvo vair\u0101k nek\u0101 32\u00a0miljoni. Cilv\u0113ks.<\/p>\n<p style=\"text-align: justify\">T\u0101tad m\u016bsdienu Peru karogs izskat\u0101s:<\/p>\n<p style=\"text-align: justify\"><span itemprop=\"image\" itemscope itemtype=\"https:\/\/schema.org\/ImageObject\"><img itemprop=\"url image\" loading=\"lazy\" decoding=\"async\" class=\"alignnone size-full wp-image-4576\" src=\"\/wp-content\/uploads\/2021\/01\/flag-of-peru_1.png\" width=\"500\" height=\"333\" alt=\"Peru karogs-1\" \/><meta itemprop=\"width\" content=\"500\"><meta itemprop=\"height\" content=\"333\"><\/span><\/p>\n<h2 style=\"text-align: justify\">Karoga v\u0113sture<\/h2>\n<p style=\"text-align: justify\">Pirmie eiropie\u0161i, kas s\u0101ka iekarot Peru, bija sp\u0101\u0146i. T\u0101s s\u0101kums tika noteikts 1525.\u00a0gad\u0101. Taj\u0101 laik\u0101 tika izmantota Sp\u0101nijas monarhijas z\u012bme, kas daudzus gadsimtus izskat\u012bj\u0101s Burgundijas krusta form\u0101.<\/p>\n<p style=\"text-align: justify\"><span itemprop=\"image\" itemscope itemtype=\"https:\/\/schema.org\/ImageObject\"><img itemprop=\"url image\" loading=\"lazy\" decoding=\"async\" class=\"alignnone size-full wp-image-4577\" src=\"\/wp-content\/uploads\/2021\/01\/flag-of-peru_2.png\" width=\"500\" height=\"333\" alt=\"Peru karogs-2\" \/><meta itemprop=\"width\" content=\"500\"><meta itemprop=\"height\" content=\"333\"><\/span><\/p>\n<p style=\"text-align: justify\">\u0160\u0101du simbolikas versiju Sp\u0101nijas kronis p\u0101rst\u0101v\u0113ja gan Sp\u0101nij\u0101, gan viduslaikos ieg\u0101d\u0101taj\u0101s koloni\u0101laj\u0101s teritorij\u0101s, tostarp Amerik\u0101. 1785. gada beig\u0101s tika nomain\u012bts Sp\u0101nijas karogs, un tas bija j\u0101izmanto vis\u0101s tirdzniec\u012bbas ost\u0101s, kas atrodas, neskaitot koloni\u0101l\u0101s valst\u012bs.<\/p>\n<p style=\"text-align: justify\"><span itemprop=\"image\" itemscope itemtype=\"https:\/\/schema.org\/ImageObject\"><img itemprop=\"url image\" loading=\"lazy\" decoding=\"async\" class=\"alignnone size-full wp-image-4578\" src=\"\/wp-content\/uploads\/2021\/01\/flag-of-peru_3.png\" width=\"500\" height=\"333\" alt=\"Peru karogs-3\" \/><meta itemprop=\"width\" content=\"500\"><meta itemprop=\"height\" content=\"333\"><\/span><\/p>\n<p style=\"text-align: justify\">Iepriek\u0161 p\u0101ris gadu desmitus izmantoja Sp\u0101nijas 2. skats.<\/p>\n<p style=\"text-align: justify\"><span itemprop=\"image\" itemscope itemtype=\"https:\/\/schema.org\/ImageObject\"><img itemprop=\"url image\" loading=\"lazy\" decoding=\"async\" class=\"alignnone size-full wp-image-4579\" src=\"\/wp-content\/uploads\/2021\/01\/flag-of-peru_4.png\" width=\"500\" height=\"334\" alt=\"Peru karogs-4\" \/><meta itemprop=\"width\" content=\"500\"><meta itemprop=\"height\" content=\"334\"><\/span><\/p>\n<p style=\"text-align: justify\">Devi\u0146padsmit\u0101 gadsimta divdesmito gadu pirmaj\u0101 pus\u0113 Peru Argent\u012bn\u0101 tika apmetin\u0101ti partiz\u0101ni, kurus vad\u012bja \u0123ener\u0101lis Sanmartins &#8211; koloniju neatkar\u012bbas no Sp\u0101nijas c\u012b\u0146as vad\u012bt\u0101js. V\u0113l\u0101k vi\u0146\u0161 vad\u012bja 1. Peru vald\u012bbu. Paral\u0113li \u0161ai kust\u012bbai par Peru atbr\u012bvo\u0161anu no sp\u0101\u0146iem c\u012bn\u012bj\u0101s ang\u013cu \u0123ener\u0101lis Millers. Abi jaunietekmes valsts vad\u012bt\u0101ji pied\u0101v\u0101ja savas karoga iesp\u0113jas:<\/p>\n<ul style=\"text-align: justify\">\n<li>Millera versija &#8211; tum\u0161i zils audums ar Saules Visvareno Inti (inku patrons);<\/li>\n<\/ul>\n<p style=\"text-align: justify\"><span itemprop=\"image\" itemscope itemtype=\"https:\/\/schema.org\/ImageObject\"><img itemprop=\"url image\" loading=\"lazy\" decoding=\"async\" class=\"alignnone size-full wp-image-4580\" src=\"\/wp-content\/uploads\/2021\/01\/flag-of-peru_5.png\" width=\"500\" height=\"321\" alt=\"Peru karogs-5\" \/><meta itemprop=\"width\" content=\"500\"><meta itemprop=\"height\" content=\"321\"><\/span><\/p>\n<ul style=\"text-align: justify\">\n<li>San Mart\u00edn versija ir panelis ar 4 sl\u012bp\u0101m da\u013c\u0101m. Kreis\u0101 un lab\u0101 mala ir nokr\u0101sota sarkan\u0101 kr\u0101s\u0101, bet aug\u0161da\u013ca un apak\u0161da\u013ca ir balta.<\/li>\n<\/ul>\n<p style=\"text-align: justify\"><span itemprop=\"image\" itemscope itemtype=\"https:\/\/schema.org\/ImageObject\"><img itemprop=\"url image\" loading=\"lazy\" decoding=\"async\" class=\"alignnone size-full wp-image-4581\" src=\"\/wp-content\/uploads\/2021\/01\/flag-of-peru_6.png\" width=\"500\" height=\"375\" alt=\"Peru karogs-6\" \/><meta itemprop=\"width\" content=\"500\"><meta itemprop=\"height\" content=\"375\"><\/span><\/p>\n<p style=\"text-align: justify\">Lai preciz\u0113tu \u0161o kr\u0101su Sanmartina atlases notikumus, ir p\u0101ris min\u0113jumi. No vienas puses, \u0161\u012b ir viduslaiku Sp\u0101nijas monarhijas z\u012bmes kr\u0101sa, cit\u0101 gad\u012bjum\u0101 t\u0101s tiek izmantotas \u010c\u012bles un Argent\u012bnas z\u012bm\u0113s, Kur j\u016bs atbr\u012bvoj\u0101ties no priekiem, kas non\u0101ca Peru. Ir ar\u012b le\u0123enda, kas ir saist\u012bta ar putniem Flamingo, redzot, ka Sanmartina tika iedvesmota.<\/p>\n<p style=\"text-align: justify\">Peru karogs t\u0101s v\u0113stur\u0113 vair\u0101kas reizes main\u012bj\u0101s. Sanmart\u0113nas beig\u0101s XIX gadsimta 20. gadu pirmaj\u0101 pus\u0113 tika veidoti citi dizaini p\u0113c citiem dizainiem, uz kuriem tika izmantota inku z\u012bme &#8211; saules saule, bet tai tika saglab\u0101tas kr\u0101sas.<\/p>\n<ul style=\"text-align: justify\">\n<li>1. variants ar horizont\u0101l\u0101m sv\u012btr\u0101m;<\/li>\n<\/ul>\n<p style=\"text-align: justify\"><span itemprop=\"image\" itemscope itemtype=\"https:\/\/schema.org\/ImageObject\"><img itemprop=\"url image\" loading=\"lazy\" decoding=\"async\" class=\"alignnone size-full wp-image-4582\" src=\"\/wp-content\/uploads\/2021\/01\/flag-of-peru_7.png\" width=\"500\" height=\"333\" alt=\"Peru karogs-7\" \/><meta itemprop=\"width\" content=\"500\"><meta itemprop=\"height\" content=\"333\"><\/span><\/p>\n<ul style=\"text-align: justify\">\n<li>2. versija ar vertik\u0101l\u0101m sv\u012btr\u0101m.<\/li>\n<\/ul>\n<p style=\"text-align: justify\"><span itemprop=\"image\" itemscope itemtype=\"https:\/\/schema.org\/ImageObject\"><img itemprop=\"url image\" loading=\"lazy\" decoding=\"async\" class=\"alignnone size-full wp-image-4583\" src=\"\/wp-content\/uploads\/2021\/01\/flag-of-peru_8.png\" width=\"500\" height=\"333\" alt=\"Peru karogs-8\" \/><meta itemprop=\"width\" content=\"500\"><meta itemprop=\"height\" content=\"333\"><\/span><\/p>\n<p style=\"text-align: justify\">Gal\u012bg\u0101 karoga versija tika apstiprin\u0101ta 1825. gada febru\u0101r\u012b, kas past\u0101v\u0113ja l\u012bdz 1850. gadam.<span itemprop=\"image\" itemscope itemtype=\"https:\/\/schema.org\/ImageObject\"><img itemprop=\"url image\" loading=\"lazy\" decoding=\"async\" class=\"alignnone size-full wp-image-4584\" src=\"\/wp-content\/uploads\/2021\/01\/flag-of-peru_9.png\" width=\"500\" height=\"333\" alt=\"Peru karogs-9\" \/><meta itemprop=\"width\" content=\"500\"><meta itemprop=\"height\" content=\"333\"><\/span><\/p>\n<p style=\"text-align: justify\">XIX gadsimta 50. gadu pirmaj\u0101 pus\u0113 no karoga tika no\u0146emts \u0123erbonis un tr\u012bs joslas tika pamestas.<span itemprop=\"image\" itemscope itemtype=\"https:\/\/schema.org\/ImageObject\"><img itemprop=\"url image\" loading=\"lazy\" decoding=\"async\" class=\"alignnone size-full wp-image-4585\" src=\"\/wp-content\/uploads\/2021\/01\/flag-of-peru_10.png\" width=\"500\" height=\"333\" alt=\"Peru karogs-10\" \/><meta itemprop=\"width\" content=\"500\"><meta itemprop=\"height\" content=\"333\"><\/span><\/p>\n<h2 style=\"text-align: justify\">Apraksts<\/h2>\n<p style=\"text-align: justify\">Peru simbolika pievieno no 3 vertik\u0101l\u0101m formas sloksn\u0113m: sarkan\u0101s joslas mal\u0101s un centr\u0101 &#8211; balta. Pie karoga vald\u012bbas centr\u0101 ir Peru \u0123erbonis, bet ofici\u0101l\u0101 versija izskat\u0101s vienk\u0101r\u0161ota &#8211; bez \u0123erbo\u0146a. Pu\u0161u proporcijas korel\u0113 k\u0101 2 pret 3.<\/p>\n<p style=\"text-align: justify\">Dz\u012bvnieka (Lamas) un ve\u0123et\u0101cijas pasaules z\u012bmes ir att\u0113lotas uz valsts \u0123erbo\u0146a (cinchona) un miner\u0101lu bag\u0101t\u012bbas (pilna ar bag\u0101ta raga zelta mon\u0113t\u0101m). Lauru vainags, kas att\u0113lots virs vairoga, ir republikas simbols, bet palmu un lauru zari pa kreisi un pa labi simboliz\u0113 pasauli un peru\u0101\u0146u gribu aizsarg\u0101t valsti.<\/p>\n<h2 style=\"text-align: justify\">Kr\u0101su karogs Peru<\/h2>\n<p style=\"text-align: justify\">Peru karog\u0101 tika izmantotas tikai divas kr\u0101sas: sarkana un balta. Vald\u012bbas versijai joproj\u0101m ir gleznu p\u0101ri, kas nepiecie\u0161ami \u0123erbo\u0146a att\u0113lam. To vid\u016b: za\u013ca, br\u016bna, dzeltena utt.<\/p>\n<p style=\"text-align: justify\"><span itemprop=\"image\" itemscope itemtype=\"https:\/\/schema.org\/ImageObject\"><img itemprop=\"url image\" loading=\"lazy\" decoding=\"async\" class=\"alignnone size-full wp-image-4586\" src=\"\/wp-content\/uploads\/2021\/01\/flag-of-peru_11.png\" width=\"438\" height=\"500\" alt=\"Peru karogs-11\" \/><meta itemprop=\"width\" content=\"438\"><meta itemprop=\"height\" content=\"500\"><\/span><\/p>\n<h2 style=\"text-align: justify\">Noz\u012bm\u0113 kr\u0101su Peru karogs<\/h2>\n<p style=\"text-align: justify\">Balt\u0101 kr\u0101sa simboliz\u0113 pasauli, cie\u0146u un progresu, sarkan\u0101 &#8211; drosmi un karu.<\/p>\n<h2 style=\"text-align: justify\">Citi karogi<\/h2>\n<p style=\"text-align: justify\">Peru Republikai, t\u0101pat k\u0101 daudz\u0101m pasaules valst\u012bm, da\u017e\u0101d\u0101m valsts a\u0123ent\u016br\u0101m ir person\u012bg\u0101s embl\u0113mas. Piem\u0113ram,<\/p>\n<ul style=\"text-align: justify\">\n<li>Armijas karogs ir l\u012bdz\u012bgs vald\u012bbas variantam, tikai bez palmu un lauru zariem;<\/li>\n<\/ul>\n<p style=\"text-align: justify\"><span itemprop=\"image\" itemscope itemtype=\"https:\/\/schema.org\/ImageObject\"><img itemprop=\"url image\" loading=\"lazy\" decoding=\"async\" class=\"alignnone size-full wp-image-4587\" src=\"\/wp-content\/uploads\/2021\/01\/flag-of-peru_12.png\" width=\"500\" height=\"333\" alt=\"Peru karogs-12\" \/><meta itemprop=\"width\" content=\"500\"><meta itemprop=\"height\" content=\"333\"><\/span><\/p>\n<ul style=\"text-align: justify\">\n<li>embl\u0113ma Navy;<\/li>\n<\/ul>\n<p style=\"text-align: justify\"><span itemprop=\"image\" itemscope itemtype=\"https:\/\/schema.org\/ImageObject\"><img itemprop=\"url image\" loading=\"lazy\" decoding=\"async\" class=\"alignnone size-full wp-image-4588\" src=\"\/wp-content\/uploads\/2021\/01\/flag-of-peru_13.png\" width=\"475\" height=\"500\" alt=\"Peru karogs-13\" \/><meta itemprop=\"width\" content=\"475\"><meta itemprop=\"height\" content=\"500\"><\/span><\/p>\n<ul style=\"text-align: justify\">\n<li>redz\u0113t domkratu;<\/li>\n<\/ul>\n<p style=\"text-align: justify\"><span itemprop=\"image\" itemscope itemtype=\"https:\/\/schema.org\/ImageObject\"><img itemprop=\"url image\" loading=\"lazy\" decoding=\"async\" class=\"alignnone size-full wp-image-4589\" src=\"\/wp-content\/uploads\/2021\/01\/flag-of-peru_14.png\" width=\"500\" height=\"500\" alt=\"Peru karogs-14\" \/><meta itemprop=\"width\" content=\"500\"><meta itemprop=\"height\" content=\"500\"><\/span><\/p>\n<ul style=\"text-align: justify\">\n<li>Gaisa sp\u0113ki.<\/li>\n<\/ul>\n<p style=\"text-align: justify\"><span itemprop=\"image\" itemscope itemtype=\"https:\/\/schema.org\/ImageObject\"><img itemprop=\"url image\" loading=\"lazy\" decoding=\"async\" class=\"alignnone size-full wp-image-4590\" src=\"\/wp-content\/uploads\/2021\/01\/flag-of-peru_15.png\" width=\"452\" height=\"500\" alt=\"Peru karogs-15\" \/><meta itemprop=\"width\" content=\"452\"><meta itemprop=\"height\" content=\"500\"><\/span><\/p>\n<h2 style=\"text-align: justify\">L\u012bdz\u012bgi otro valstu karogi<\/h2>\n<p style=\"text-align: justify\">Peru simbolikai ir zin\u0101ma l\u012bdz\u012bba ar Austrijas karogu, ar vien\u012bgo at\u0161\u0137ir\u012bbu, ka sv\u012btras neatrodas vertik\u0101li un horizont\u0101li uz Austrijas karoga.<\/p>\n<p style=\"text-align: justify\"><span itemprop=\"image\" itemscope itemtype=\"https:\/\/schema.org\/ImageObject\"><img itemprop=\"url image\" loading=\"lazy\" decoding=\"async\" class=\"alignnone size-full wp-image-4591\" src=\"\/wp-content\/uploads\/2021\/01\/flag-of-peru_16.png\" width=\"500\" height=\"333\" alt=\"Peru karogs-16\" \/><meta itemprop=\"width\" content=\"500\"><meta itemprop=\"height\" content=\"333\"><\/span><\/p>\n<h2 style=\"text-align: justify\">Interesanti fakti par karogu<\/h2>\n<p style=\"text-align: justify\">\u012as\u0101 v\u0113stures posm\u0101 (1836-1839.) Peru tika sadal\u012bta dienvidu un zieme\u013cu da\u013c\u0101, kas iek\u013cauta Bol\u012bvij\u0101 Peru-Bol\u012bvijas konfeder\u0101cij\u0101. Konfeder\u0101cijas z\u012bme bija Bol\u012bvijas un Peru Sarkan\u0101 zemes gabala \u0123erbonis.<\/p>\n<p style=\"text-align: justify\"><span itemprop=\"image\" itemscope itemtype=\"https:\/\/schema.org\/ImageObject\"><img itemprop=\"url image\" loading=\"lazy\" decoding=\"async\" class=\"alignnone size-full wp-image-4592\" src=\"\/wp-content\/uploads\/2021\/01\/flag-of-peru_17.png\" width=\"500\" height=\"333\" alt=\"Peru karogs-17\" \/><meta itemprop=\"width\" content=\"500\"><meta itemprop=\"height\" content=\"333\"><\/span><\/p>\n<ul>\n<li style=\"text-align: justify\">Dienvidperu simboliem bija personisks skat\u012bjums.<\/li>\n<\/ul>\n<p style=\"text-align: justify\"><span itemprop=\"image\" itemscope itemtype=\"https:\/\/schema.org\/ImageObject\"><img itemprop=\"url image\" loading=\"lazy\" decoding=\"async\" class=\"alignnone size-full wp-image-4593\" src=\"\/wp-content\/uploads\/2021\/01\/flag-of-peru_18.png\" width=\"500\" height=\"333\" alt=\"Peru karogs-18\" \/><meta itemprop=\"width\" content=\"500\"><meta itemprop=\"height\" content=\"333\"><\/span><\/p>\n<h2 style=\"text-align: justify\">Nespecializ\u0113ta inform\u0101cija par Peru<\/h2>\n<table>\n<tbody>\n<tr>\n<td>Ofici\u0101l\u0101 valoda<\/td>\n<td>sp\u0101\u0146u valoda; Re\u0123ionos, kur p\u0101rsvar\u0101 ir Indijas iedz\u012bvot\u0101ji, ke\u010dua, aimar un citas viet\u0113j\u0101s valodas<\/td>\n<\/tr>\n<tr>\n<td>Kapit\u0101ls<\/td>\n<td>Lima<\/td>\n<\/tr>\n<tr>\n<td>Teritorija<\/td>\n<td>1 285 216 km2<\/td>\n<\/tr>\n<tr>\n<td>Popul\u0101cija<\/td>\n<td>32 162 184 cilv\u0113ki<\/td>\n<\/tr>\n<tr>\n<td>Val\u016bta<\/td>\n<td>Peru New Salt (pildspalva, kods 604)<\/td>\n<\/tr>\n<tr>\n<td>Telefona kods<\/td>\n<td>+51<\/td>\n<\/tr>\n<\/tbody>\n<\/table>\n","protected":false},"excerpt":{"rendered":"<p>Peru Republika\u00a0\u2014 Dienvidamerikas vald\u012bba, kas atrodas uz robe\u017eas ar Ekvadoru, Kolumbiju, Braz\u012bliju, Bol\u012bviju un \u010c\u012bli. \u0160\u012b ir tre\u0161\u0101 Dienvidamerikas valsts (p\u0113c lieluma), kuras plat\u012bba ir 1\u00a0285\u00a0216\u00a0km2 un kur\u0101&#8230;<\/p>\n","protected":false},"author":1,"featured_media":5932,"comment_status":"open","ping_status":"open","sticky":false,"template":"","format":"standard","meta":{"footnotes":""},"categories":[7],"tags":[],"class_list":["post-1632","post","type-post","status-publish","format-standard","has-post-thumbnail","","category-dienvidamerikas-karogi"],"aioseo_notices":[],"_links":{"self":[{"href":"https:\/\/flags-world.com\/lv\/wp-json\/wp\/v2\/posts\/1632","targetHints":{"allow":["GET"]}}],"collection":[{"href":"https:\/\/flags-world.com\/lv\/wp-json\/wp\/v2\/posts"}],"about":[{"href":"https:\/\/flags-world.com\/lv\/wp-json\/wp\/v2\/types\/post"}],"author":[{"embeddable":true,"href":"https:\/\/flags-world.com\/lv\/wp-json\/wp\/v2\/users\/1"}],"replies":[{"embeddable":true,"href":"https:\/\/flags-world.com\/lv\/wp-json\/wp\/v2\/comments?post=1632"}],"version-history":[{"count":0,"href":"https:\/\/flags-world.com\/lv\/wp-json\/wp\/v2\/posts\/1632\/revisions"}],"wp:featuredmedia":[{"embeddable":true,"href":"https:\/\/flags-world.com\/lv\/wp-json\/wp\/v2\/media\/5932"}],"wp:attachment":[{"href":"https:\/\/flags-world.com\/lv\/wp-json\/wp\/v2\/media?parent=1632"}],"wp:term":[{"taxonomy":"category","embeddable":true,"href":"https:\/\/flags-world.com\/lv\/wp-json\/wp\/v2\/categories?post=1632"},{"taxonomy":"post_tag","embeddable":true,"href":"https:\/\/flags-world.com\/lv\/wp-json\/wp\/v2\/tags?post=1632"}],"curies":[{"name":"wp","href":"https:\/\/api.w.org\/{rel}","templated":true}]}}