{"id":1629,"date":"2021-01-04T17:18:17","date_gmt":"2021-01-04T14:18:17","guid":{"rendered":"https:\/\/flags-world.com\/lv\/2021\/01\/04\/pakistnas-karogi-attls-un-nozme\/"},"modified":"2021-01-04T17:18:17","modified_gmt":"2021-01-04T14:18:17","slug":"pakistnas-karogi-attls-un-nozme","status":"publish","type":"post","link":"https:\/\/flags-world.com\/lv\/pakistnas-karogi-attls-un-nozme\/","title":{"rendered":"Pakist\u0101nas karogi: att\u0113ls un noz\u012bme"},"content":{"rendered":"<p style=\"text-align: justify\">Pakist\u0101nas Isl\u0101ma Republika tika izveidota, lai Hindust\u0101nas musulma\u0146u iedz\u012bvot\u0101ji var\u0113tu dz\u012bvot sav\u0101 valst\u012b, vadoties p\u0113c saviem ideolo\u0123iskajiem, reli\u0123iskajiem un politiskajiem uzskatiem. Isl\u0101ms k\u0101 valsts ideolo\u0123ija tiek atspogu\u013cota ofici\u0101lajos simbolos, tostarp valsts karog\u0101.<\/p>\n<p style=\"text-align: justify\">T\u0101tad m\u016bsdienu Pakist\u0101nas karogs izskat\u0101s:<\/p>\n<p style=\"text-align: justify\"><span itemprop=\"image\" itemscope itemtype=\"https:\/\/schema.org\/ImageObject\"><img itemprop=\"url image\" loading=\"lazy\" decoding=\"async\" class=\"alignnone size-full wp-image-3974\" src=\"\/wp-content\/uploads\/2021\/01\/flags-pakistan_1.png\" width=\"500\" height=\"333\" alt=\"Pakist\u0101nas karogs-1\" \/><meta itemprop=\"width\" content=\"500\"><meta itemprop=\"height\" content=\"333\"><\/span><\/p>\n<p style=\"text-align: justify\">Nav pie\u013caujama poz\u012bcija, kur\u0101 zvaigzne un pusm\u0113ness gali ir izvietoti kreisaj\u0101 pus\u0113.<\/p>\n<h2 style=\"text-align: justify\">V\u0113sture Pakist\u0101nas karogs<\/h2>\n<p style=\"text-align: justify\">Pakist\u0101nas teritorija l\u012bdz 20. gadsimta vidum atrad\u0101s koloni\u0101l\u0101 atkar\u012bb\u0101 no Lielbrit\u0101nijas vainaga. P\u0113tot Britu Indijas posmu 20. gadsimta 40. gadu otraj\u0101 pus\u0113, Dominion Pakistan \u0161\u0137ita. Pakist\u0101na faktiski tiek tulkota k\u0101 &quot;t\u012br\u012bbas vieta&quot;.<\/p>\n<p style=\"text-align: justify\"><span itemprop=\"image\" itemscope itemtype=\"https:\/\/schema.org\/ImageObject\"><img itemprop=\"url image\" loading=\"lazy\" decoding=\"async\" class=\"alignnone size-full wp-image-3975\" src=\"\/wp-content\/uploads\/2021\/01\/flags-pakistan_2.png\" width=\"500\" height=\"250\" alt=\"Pakist\u0101nas karogs-2\" \/><meta itemprop=\"width\" content=\"500\"><meta itemprop=\"height\" content=\"250\"><\/span><\/p>\n<p style=\"text-align: justify\">Ar 1947. gada 14. augusta pasludin\u0101\u0161anu Pakist\u0101nas karogs tika apstiprin\u0101ts.<\/p>\n<p style=\"text-align: justify\">Vi\u0146a b\u0101z\u0113 t\u0101s partijas rekl\u0101mkarogs, kas pievienoj\u0101s Britu Indijas musulma\u0146u ties\u012bb\u0101m &#8211; Visindijas musulma\u0146u l\u012bgai.<\/p>\n<p style=\"text-align: justify\"><span itemprop=\"image\" itemscope itemtype=\"https:\/\/schema.org\/ImageObject\"><img itemprop=\"url image\" loading=\"lazy\" decoding=\"async\" class=\"alignnone size-full wp-image-3976\" src=\"\/wp-content\/uploads\/2021\/01\/flags-pakistan_3.png\" width=\"500\" height=\"333\" alt=\"Pakist\u0101nas karogs-3\" \/><meta itemprop=\"width\" content=\"500\"><meta itemprop=\"height\" content=\"333\"><\/span><\/p>\n<p style=\"text-align: justify\">20. gadsimta 50. gadu otraj\u0101 pus\u0113 Dominion tika p\u0101rveidots par Pakist\u0101nas Isl\u0101ma Republiku. Valdnieki rekl\u0101mkarogu atst\u0101ja nemain\u012bgu.<\/p>\n<p style=\"text-align: justify\">Isl\u0101ms nav tikai domin\u0113jo\u0161a reli\u0123ija, bet ar\u012b pa\u0161vald\u012bbas ideolo\u0123ija. Tas atspogu\u013cojas z\u012bm\u0113s un kr\u0101s\u0101s.<\/p>\n<blockquote>\n<p style=\"text-align: justify\">Pakist\u0101n\u0101 nesteidzieties pacelt nevienu karogu augst\u0101k par pa\u0161vald\u012bbas karogu. Vien\u012bg\u0101 organiz\u0101cija, kurai ir iz\u0146\u0113mums &#8211; ANO.<\/p>\n<\/blockquote>\n<h2 style=\"text-align: justify\">Apraksts<\/h2>\n<p style=\"text-align: justify\">Taisnst\u016bris, kas sadal\u012bts ar vertik\u0101lu l\u012bniju, sadal\u012bts div\u0101s da\u013c\u0101s. Kreisaj\u0101 da\u013c\u0101 pieejama sloksne, kuras platums ir 1\/4 no audekla garuma. Labaj\u0101 pus\u0113 ir za\u013cgans taisnst\u016bris, kas aiz\u0146em audekla galveno da\u013cu.<\/p>\n<p style=\"text-align: justify\">Za\u013cgan\u0101 taisnst\u016bra centr\u0101 novietots balts pusm\u0113ness, vi\u0146a apdare ir izvietota labaj\u0101 pus\u0113, lai uzbriest. Starp karoga aug\u0161\u0113jo labo un pusm\u0113ness le\u0146\u0137i ir balta piecstaru zvaigzne, no kuras viens stars tiks pagriezts pret nor\u0101d\u012bto le\u0146\u0137i.<\/p>\n<p style=\"text-align: justify\">Garuma attiec\u012bba un platums, 2:3.<\/p>\n<p style=\"text-align: justify\">Kad pa\u0146em 2., pa\u0161vald\u012bbai taisn\u012bba.<\/p>\n<h2 style=\"text-align: justify\">Kr\u0101su karogs Pakist\u0101na<\/h2>\n<p style=\"text-align: justify\">Divas kr\u0101sas:<\/p>\n<ol style=\"text-align: justify\">\n<li>Za\u013cgans &#8211; atbilst RGB 1\/65\/28<\/li>\n<li>Balts &#8211; atbilst RGB 255\/255\/255<\/li>\n<\/ol>\n<h2 style=\"text-align: justify\">Tas noz\u012bm\u0113 Pakist\u0101nas karogu<\/h2>\n<p style=\"text-align: justify\">At\u0161\u0137ir\u012bb\u0101 no otr\u0101 \u0161tata, kur za\u013cgana kr\u0101sa simboliz\u0113 dabu, dzimto augsni, Pakist\u0101n\u0101 \u0161\u012b kr\u0101sa nor\u0101da uz musulma\u0146iem, iedz\u012bvot\u0101jiem, kas sludina isl\u0101mu.<\/p>\n<p style=\"text-align: justify\">Balt\u0101 josla apz\u012bm\u0113 valst\u012b dz\u012bvojo\u0161os nemusulma\u0146us. Valst\u012b ir 207 miljoni iedz\u012bvot\u0101ju. Cilv\u0113ks, un to p\u0101rst\u0101v vair\u0101k nek\u0101 100 taut\u012bbas.<\/p>\n<p style=\"text-align: justify\">Baltais pusm\u0113ness un zvaigzne \u2013 isl\u0101ma z\u012bmes. Pusm\u0113ness \u2014 progresa simbols, zvaigzne \u2014 sl\u012bdo\u0161s, gai\u0161s.<\/p>\n<blockquote>\n<p style=\"text-align: justify\">Valsts z\u012bme ir sv\u0113tn\u012bca, kuru stingri nedr\u012bkst iev\u0113rot, pieskaroties tai ar net\u012br\u0101m rok\u0101m. Rekl\u0101mkarogs nedr\u012bkst pieskarties k\u0101j\u0101m, apaviem, zemei \u200b\u200bvai kaut kam net\u012bram.<\/p>\n<\/blockquote>\n<h2 style=\"text-align: justify\">Citi baneri<\/h2>\n<p style=\"text-align: justify\">Civic par\u0101da sarkanu taisnst\u016bri valsts karoga gail\u0113.<\/p>\n<p style=\"text-align: justify\"><span itemprop=\"image\" itemscope itemtype=\"https:\/\/schema.org\/ImageObject\"><img itemprop=\"url image\" loading=\"lazy\" decoding=\"async\" class=\"alignnone size-full wp-image-3977\" src=\"\/wp-content\/uploads\/2021\/01\/flags-pakistan_4.png\" width=\"500\" height=\"333\" alt=\"Pakist\u0101nas karogs-4\" \/><meta itemprop=\"width\" content=\"500\"><meta itemprop=\"height\" content=\"333\"><\/span><\/p>\n<p style=\"text-align: justify\">Armijas karogs &#8211; za\u013c\u0161 taisnst\u016bris ar 2 plikiem sakrustotiem zobeniem. Baltas Blines, Saknes &#8211; Dzeltenas. Blines ir m\u0113r\u0137\u0113tas. P\u0101r tiem &#8211; Balt\u0101 zvaigzne un pusm\u0113ness, izvietoti uz Lauvas.<\/p>\n<p style=\"text-align: justify\"><span itemprop=\"image\" itemscope itemtype=\"https:\/\/schema.org\/ImageObject\"><img itemprop=\"url image\" loading=\"lazy\" decoding=\"async\" class=\"alignnone size-full wp-image-3978\" src=\"\/wp-content\/uploads\/2021\/01\/flags-pakistan_5.png\" width=\"500\" height=\"333\" alt=\"Pakist\u0101nas karogs-5\" \/><meta itemprop=\"width\" content=\"500\"><meta itemprop=\"height\" content=\"333\"><\/span><\/p>\n<p style=\"text-align: justify\">J\u016bras sp\u0113ku rekl\u0101mkarogs izskat\u0101s p\u0113c valsts karoga, kura aug\u0161\u0113j\u0101 kreisaj\u0101 st\u016br\u012b uz balt\u0101s joslas ir zila flotes embl\u0113ma, uz kuras att\u0113lots enkurs, virs t\u0101 &#8211; zvaigznes un pusm\u0113ness uzraksts. , zem t\u0101 &#8211; uzraksts &quot;Pakistan&quot;.<\/p>\n<p style=\"text-align: justify\"><span itemprop=\"image\" itemscope itemtype=\"https:\/\/schema.org\/ImageObject\"><img itemprop=\"url image\" loading=\"lazy\" decoding=\"async\" class=\"alignnone size-full wp-image-3979\" src=\"\/wp-content\/uploads\/2021\/01\/flags-pakistan_6.png\" width=\"500\" height=\"333\" alt=\"Pakist\u0101na-6 karogs\" \/><meta itemprop=\"width\" content=\"500\"><meta itemprop=\"height\" content=\"333\"><\/span><\/p>\n<p style=\"text-align: justify\">Guys Navy\u00a0\u2014 zils taisnst\u016bris ar baltu j\u016bras z\u012bmi centr\u0101.<\/p>\n<p style=\"text-align: justify\"><span itemprop=\"image\" itemscope itemtype=\"https:\/\/schema.org\/ImageObject\"><img itemprop=\"url image\" loading=\"lazy\" decoding=\"async\" class=\"alignnone size-full wp-image-3980\" src=\"\/wp-content\/uploads\/2021\/01\/flags-pakistan_7.png\" width=\"500\" height=\"333\" alt=\"Pakist\u0101nas karogs-7\" \/><meta itemprop=\"width\" content=\"500\"><meta itemprop=\"height\" content=\"333\"><\/span><\/p>\n<p style=\"text-align: justify\">Gaisa sp\u0113ku karogs \u2014 zils taisnst\u016bris, savuk\u0101rt \u2014 valsts karogs. Labaj\u0101 apak\u0161\u0101 &#8211; balts aplis ar pla\u0161u za\u013cu apli.<\/p>\n<p style=\"text-align: justify\"><span itemprop=\"image\" itemscope itemtype=\"https:\/\/schema.org\/ImageObject\"><img itemprop=\"url image\" loading=\"lazy\" decoding=\"async\" class=\"alignnone size-full wp-image-3981\" src=\"\/wp-content\/uploads\/2021\/01\/flags-pakistan_8.png\" width=\"500\" height=\"333\" alt=\"Pakist\u0101nas karogs-8\" \/><meta itemprop=\"width\" content=\"500\"><meta itemprop=\"height\" content=\"333\"><\/span><\/p>\n<p style=\"text-align: justify\">Civil\u0101 avi\u0101cija\u00a0\u2014 zils taisnst\u016bris, ar atlaidi div\u0101s vien\u0101d\u0101s tum\u0161i zilas sv\u012btras da\u013c\u0101s. Ab\u0101s joslas pus\u0113s &#8211; \u0161auras baltas sv\u012btras. Rang\u0101 &#8211; valsts karogs.<\/p>\n<p style=\"text-align: justify\"><span itemprop=\"image\" itemscope itemtype=\"https:\/\/schema.org\/ImageObject\"><img itemprop=\"url image\" loading=\"lazy\" decoding=\"async\" class=\"alignnone size-full wp-image-3982\" src=\"\/wp-content\/uploads\/2021\/01\/flags-pakistan_9.png\" width=\"500\" height=\"333\" alt=\"Pakist\u0101nas karogs-9\" \/><meta itemprop=\"width\" content=\"500\"><meta itemprop=\"height\" content=\"333\"><\/span><\/p>\n<ul>\n<li style=\"text-align: justify\">Pakist\u0101nas prezidents Pakist\u0101na:<\/li>\n<\/ul>\n<p style=\"text-align: justify\"><span itemprop=\"image\" itemscope itemtype=\"https:\/\/schema.org\/ImageObject\"><img itemprop=\"url image\" loading=\"lazy\" decoding=\"async\" class=\"alignnone size-full wp-image-3983\" src=\"\/wp-content\/uploads\/2021\/01\/flags-pakistan_10.png\" width=\"500\" height=\"335\" alt=\"Pakist\u0101nas karogs-10\" \/><meta itemprop=\"width\" content=\"500\"><meta itemprop=\"height\" content=\"335\"><\/span><\/p>\n<ul>\n<li style=\"text-align: justify\">Pakist\u0101nas pirmizr\u0101des stends:<\/li>\n<\/ul>\n<p style=\"text-align: justify\"><span itemprop=\"image\" itemscope itemtype=\"https:\/\/schema.org\/ImageObject\"><img itemprop=\"url image\" loading=\"lazy\" decoding=\"async\" class=\"alignnone size-full wp-image-3984\" src=\"\/wp-content\/uploads\/2021\/01\/flags-pakistan_11.png\" width=\"500\" height=\"333\" alt=\"Pakist\u0101nas karogs-11\" \/><meta itemprop=\"width\" content=\"500\"><meta itemprop=\"height\" content=\"333\"><\/span><\/p>\n<ul>\n<li style=\"text-align: justify\">Pakist\u0101nas Augst\u0101k\u0101s tiesas karogs:<\/li>\n<\/ul>\n<p style=\"text-align: justify\"><span itemprop=\"image\" itemscope itemtype=\"https:\/\/schema.org\/ImageObject\"><img itemprop=\"url image\" loading=\"lazy\" decoding=\"async\" class=\"alignnone size-full wp-image-3985\" src=\"\/wp-content\/uploads\/2021\/01\/flags-pakistan_12.png\" width=\"500\" height=\"333\" alt=\"Pakist\u0101nas karogs-12\" \/><meta itemprop=\"width\" content=\"500\"><meta itemprop=\"height\" content=\"333\"><\/span><\/p>\n<ul>\n<li style=\"text-align: justify\">Pakist\u0101nas feder\u0101l\u0101s \u0161ariata tiesas karogs:<\/li>\n<\/ul>\n<p style=\"text-align: justify\"><span itemprop=\"image\" itemscope itemtype=\"https:\/\/schema.org\/ImageObject\"><img itemprop=\"url image\" loading=\"lazy\" decoding=\"async\" class=\"alignnone size-full wp-image-3986\" src=\"\/wp-content\/uploads\/2021\/01\/flags-pakistan_13.png\" width=\"500\" height=\"333\" alt=\"Pakist\u0101nas karogs-13\" \/><meta itemprop=\"width\" content=\"500\"><meta itemprop=\"height\" content=\"333\"><\/span><\/p>\n<h2 style=\"text-align: justify\">Interesanti fakti par karogu<\/h2>\n<ul style=\"text-align: justify\">\n<li>Karogs pace\u013cas l\u012bdz r\u012btausmai un nolai\u017eas saulriet\u0101. Vien\u012bg\u0101 vieta, kur vi\u0146\u0161 visu dienu ce\u013c &#8211; parlamenta strukt\u016bra. Nakt\u012b to noteikti apgaismos neizdev\u012bga gaisma.<\/li>\n<li>Vi\u0146i nez\u0101\u0123\u0113, lai segtu kapu un apglab\u0101tu to kop\u0101 ar z\u0101rku.<\/li>\n<li>2014. gad\u0101 Lahoras stadion\u0101 vair\u0101k nek\u0101 29 t\u016bksto\u0161i cilv\u0113ku veidoja &quot;dz\u012bvu karogu&quot;, sast\u0101j\u0101s rind\u0101 uz stadiona laukuma un pac\u0113la virs galv\u0101m za\u013ci baltu vairogu galvas. Rekords tika iek\u013cauts Ginesa rekordu gr\u0101mat\u0101.<\/li>\n<li>Iepriek\u0161\u0113jais rekords tika uzst\u0101d\u012bts taj\u0101 pa\u0161\u0101 stadion\u0101 2 gadus iepriek\u0161. Vair\u0101k nek\u0101 24 t\u016bkst. Cilv\u0113ks.<\/li>\n<\/ul>\n<p style=\"text-align: justify\">Pakist\u0101nas iedz\u012bvot\u0101ji ar milz\u012bgu piet\u0101ti pieder karogam. Necien\u012bgas darb\u012bbas saist\u012bb\u0101 ar to ir neiedom\u0101jamas un nepie\u0146emamas.<\/p>\n<h2 style=\"text-align: justify\">Nespecializ\u0113ta inform\u0101cija par Pakist\u0101nu<\/h2>\n<table>\n<tbody>\n<tr style=\"text-align: justify\">\n<td>Ofici\u0101l\u0101 valoda<\/td>\n<td>Urdu un ang\u013cu<\/td>\n<\/tr>\n<tr style=\"text-align: justify\">\n<td>Kapit\u0101ls<\/td>\n<td>Islamab\u0101da<\/td>\n<\/tr>\n<tr style=\"text-align: justify\">\n<td>Teritorija<\/td>\n<td>803 940 km2<\/td>\n<\/tr>\n<tr style=\"text-align: justify\">\n<td>Popul\u0101cija<\/td>\n<td>207 774 520 cilv\u0113ki<\/td>\n<\/tr>\n<tr style=\"text-align: justify\">\n<td>Val\u016bta<\/td>\n<td>Pakist\u0101nas r\u016bpija (PKR, kods 586)<\/td>\n<\/tr>\n<tr>\n<td style=\"text-align: justify\">Telefona kods<\/td>\n<td style=\"text-align: justify\">+92<\/td>\n<\/tr>\n<\/tbody>\n<\/table>\n","protected":false},"excerpt":{"rendered":"<p>Pakist\u0101nas Isl\u0101ma Republika tika izveidota, lai Hindust\u0101nas musulma\u0146u iedz\u012bvot\u0101ji var\u0113tu dz\u012bvot sav\u0101 valst\u012b, vadoties p\u0113c saviem ideolo\u0123iskajiem, reli\u0123iskajiem un politiskajiem uzskatiem. Isl\u0101ms k\u0101 valsts ideolo\u0123ija tiek atspogu\u013cota ofici\u0101lajos&#8230;<\/p>\n","protected":false},"author":1,"featured_media":5927,"comment_status":"open","ping_status":"open","sticky":false,"template":"","format":"standard","meta":{"footnotes":""},"categories":[2],"tags":[],"class_list":["post-1629","post","type-post","status-publish","format-standard","has-post-thumbnail","","category-zijas-karogi"],"aioseo_notices":[],"_links":{"self":[{"href":"https:\/\/flags-world.com\/lv\/wp-json\/wp\/v2\/posts\/1629","targetHints":{"allow":["GET"]}}],"collection":[{"href":"https:\/\/flags-world.com\/lv\/wp-json\/wp\/v2\/posts"}],"about":[{"href":"https:\/\/flags-world.com\/lv\/wp-json\/wp\/v2\/types\/post"}],"author":[{"embeddable":true,"href":"https:\/\/flags-world.com\/lv\/wp-json\/wp\/v2\/users\/1"}],"replies":[{"embeddable":true,"href":"https:\/\/flags-world.com\/lv\/wp-json\/wp\/v2\/comments?post=1629"}],"version-history":[{"count":0,"href":"https:\/\/flags-world.com\/lv\/wp-json\/wp\/v2\/posts\/1629\/revisions"}],"wp:featuredmedia":[{"embeddable":true,"href":"https:\/\/flags-world.com\/lv\/wp-json\/wp\/v2\/media\/5927"}],"wp:attachment":[{"href":"https:\/\/flags-world.com\/lv\/wp-json\/wp\/v2\/media?parent=1629"}],"wp:term":[{"taxonomy":"category","embeddable":true,"href":"https:\/\/flags-world.com\/lv\/wp-json\/wp\/v2\/categories?post=1629"},{"taxonomy":"post_tag","embeddable":true,"href":"https:\/\/flags-world.com\/lv\/wp-json\/wp\/v2\/tags?post=1629"}],"curies":[{"name":"wp","href":"https:\/\/api.w.org\/{rel}","templated":true}]}}