{"id":1626,"date":"2021-01-04T17:18:16","date_gmt":"2021-01-04T14:18:16","guid":{"rendered":"https:\/\/flags-world.com\/lv\/2021\/01\/04\/aae-karogs-apvienotie-arbu-emirti-nozme-un-krsas\/"},"modified":"2021-01-04T17:18:16","modified_gmt":"2021-01-04T14:18:16","slug":"aae-karogs-apvienotie-arbu-emirti-nozme-un-krsas","status":"publish","type":"post","link":"https:\/\/flags-world.com\/lv\/aae-karogs-apvienotie-arbu-emirti-nozme-un-krsas\/","title":{"rendered":"AAE karogs (Apvienotie Ar\u0101bu Emir\u0101ti): noz\u012bme un kr\u0101sas"},"content":{"rendered":"<p style=\"text-align: justify\">AAE &#8211; Apvienotie Ar\u0101bu Emir\u0101ti, kuriem ir diezgan jauna z\u012bme, kas tika izveidota pag\u0101ju\u0161\u0101 gadsimta beig\u0101s.<\/p>\n<p style=\"text-align: justify\">T\u0101tad m\u016bsdienu AAE karogs izskat\u0101s:<\/p>\n<p style=\"text-align: justify\"><span itemprop=\"image\" itemscope itemtype=\"https:\/\/schema.org\/ImageObject\"><img itemprop=\"url image\" loading=\"lazy\" decoding=\"async\" class=\"alignnone size-full wp-image-3865\" src=\"\/wp-content\/uploads\/2021\/01\/uae-flag_1.png\" width=\"500\" height=\"250\" alt=\"AAE-1 karogs\" \/><meta itemprop=\"width\" content=\"500\"><meta itemprop=\"height\" content=\"250\"><\/span><\/p>\n<h2 style=\"text-align: justify\">Apvienoto Ar\u0101bu Emir\u0101tu v\u0113stures karogi<\/h2>\n<p style=\"text-align: justify\">Emir\u0101tu karogs &#8211; 1. vald\u012bba, kas pieder m\u016bsdienu AAE apgabalam. Bija personisk\u0101 z\u012bme \u2013 za\u013c\u0161 karogs ar baltu pusm\u0113nesi. Tas bija no 1744. l\u012bdz 1818. gadam.<\/p>\n<p style=\"text-align: justify\"><span itemprop=\"image\" itemscope itemtype=\"https:\/\/schema.org\/ImageObject\"><img itemprop=\"url image\" loading=\"lazy\" decoding=\"async\" class=\"alignnone size-full wp-image-3866\" src=\"\/wp-content\/uploads\/2021\/01\/uae-flag_2.png\" width=\"500\" height=\"345\" alt=\"AAE-2 karogs\" \/><meta itemprop=\"width\" content=\"500\"><meta itemprop=\"height\" content=\"345\"><\/span><\/p>\n<p style=\"text-align: justify\">Najdas emir\u0101ti\u00a0\u2014 2. Sa\u016bda Ar\u0101bijas vald\u012bba\u00a0\u2014 v\u0113l viena teritori\u0101l\u0101 vien\u012bba, kas past\u0101v\u0113ja no 1818.\u00a0gada l\u012bdz 1891.\u00a0gadam. Z\u012bmju kr\u0101sas ir l\u012bdz\u012bgas Dirian, uzraksts uz monofoniska fona.<\/p>\n<p style=\"text-align: justify\"><span itemprop=\"image\" itemscope itemtype=\"https:\/\/schema.org\/ImageObject\"><img itemprop=\"url image\" loading=\"lazy\" decoding=\"async\" class=\"alignnone size-full wp-image-3867\" src=\"\/wp-content\/uploads\/2021\/01\/uae-flag_3.png\" width=\"500\" height=\"345\" alt=\"AAE-3 karogs\" \/><meta itemprop=\"width\" content=\"500\"><meta itemprop=\"height\" content=\"345\"><\/span><\/p>\n<p style=\"text-align: justify\">Piekr\u012btot Om\u0101nai &#8211; Apvienoto Ar\u0101bu Emir\u0101tu p\u0113d\u0113jai priek\u0161tecei. Karogs ar centr\u0101lu, plat\u0101ku, horizont\u0101lu baltu joslu, uz kuras atrodas septi\u0146u zvaig\u017e\u0146u zvaigzne, un \u0161aur\u0101k\u0101m sarkan\u0101m sv\u012btr\u0101m s\u0101nos.<\/p>\n<p style=\"text-align: justify\"><span itemprop=\"image\" itemscope itemtype=\"https:\/\/schema.org\/ImageObject\"><img itemprop=\"url image\" loading=\"lazy\" decoding=\"async\" class=\"alignnone size-full wp-image-3868\" src=\"\/wp-content\/uploads\/2021\/01\/uae-flag_4.png\" width=\"500\" height=\"270\" alt=\"AAE-4 karogs\" \/><meta itemprop=\"width\" content=\"500\"><meta itemprop=\"height\" content=\"270\"><\/span><\/p>\n<p style=\"text-align: justify\">Pa\u0161vald\u012bbas z\u012bmes m\u016bsdienu skat\u012bjums tika pie\u0146emts divdesmit\u0101 gadsimta 70. gadu pirmaj\u0101 pus\u0113. Vi\u0146\u0161 tika izv\u0113l\u0113ts starp konkursa pieteikumiem, kuru skaits p\u0101rsniedza t\u016bksto\u0161us. Par uzvar\u0113t\u0101ju k\u013cuva devi\u0146padsmit gadus vecs puisis Abduls al-Maana.<\/p>\n<p style=\"text-align: justify\">Karoga rad\u012bt\u0101js \u0161obr\u012bd ie\u0146em AAE v\u0113stnieka amatu \u010cehij\u0101.<\/p>\n<p style=\"text-align: justify\">Karogam ir at\u013cauts griezties, ta\u010du \u0161aj\u0101 gad\u012bjum\u0101 aug\u0161pus\u0113 ir j\u0101par\u0101d\u0101s sarkanai joslai, un cit\u0101 gad\u012bjum\u0101 2.\u00a0poz\u012bcija ir nepie\u0146emama.<\/p>\n<h2 style=\"text-align: justify\">Apraksts<\/h2>\n<p style=\"text-align: justify\">Tas ir audums ar 3 horizont\u0101l\u0101m sv\u012btr\u0101m un vienu vertik\u0101lu, kas atrodas pa kreisi no t\u0101m. Vertik\u0101lais platums ir vien\u0101ds ar visa karoga platuma ceturto da\u013cu, horizont\u0101li monotons.<\/p>\n<p style=\"text-align: justify\">Karoga dienas tika izveidotas 2013.\u00a0gad\u0101, jo tas tiek atz\u012bm\u0113ts katra gada tre\u0161aj\u0101 novembr\u012b.<\/p>\n<h2 style=\"text-align: justify\">AAE karoga kr\u0101sa<\/h2>\n<p style=\"text-align: justify\">Izgatavoti ar\u0101bu kr\u0101s\u0101s Airi: melni, balti, za\u013ci, sarkani.<\/p>\n<blockquote>\n<p style=\"text-align: justify\">S\u0101kum\u0101 \u0161\u012bs kr\u0101sas simboliz\u0113ja ar\u0101bu revol\u016bciju \u2013 c\u012b\u0146u pret Osma\u0146u kundz\u012bbu, kas s\u0101k\u0101s 1916. gad\u0101.<\/p>\n<\/blockquote>\n<h2 style=\"text-align: justify\">Noz\u012bm\u0113 kr\u0101sas AAE karogs<\/h2>\n<p style=\"text-align: justify\">Visas \u010detras kr\u0101sas kop\u0101 noz\u012bm\u0113 ar\u0101bu valstu vienot\u012bbu. Bet pirm\u0101 piemin\u0113\u0161ana ilgu laiku bija ar\u0101bu sacel\u0161an\u0101s, v\u0113l \u010detrpadsmitaj\u0101 gadsimt\u0101.<\/p>\n<ol>\n<li style=\"text-align: justify\">Sarkans: XIV gadsimt\u0101 &#8211; asins ienaidnieki. V\u0113l\u0101k &#8211; Turcija un Ha\u0161eri. \u0160obr\u012bd &#8211; 7 Emir\u0101tu vienot\u012bba, neatlaid\u012bba un drosme. Uzskata par galveno uz karoga.<\/li>\n<li style=\"text-align: justify\">Melns: XIV gadsimt\u0101 &#8211; sp\u0113ks un drosme. V\u0113l\u0101k &#8211; pravie\u0161a Muhameda piemi\u0146a (t\u0101da bija vi\u0146a z\u012bmes kr\u0101sa) un taisn\u012bgais kalif\u0101ts. \u0160obr\u012bd \u2013 pr\u0101ts.<\/li>\n<li style=\"text-align: justify\">Balts: XIV gadsimt\u0101 &#8211; taisn\u012bgi un dievbij\u012bgi darbi. V\u0113l\u0101k &#8211; Omejadas kalif\u0101ts. \u0160obr\u012bd &#8211; t\u012brs.<\/li>\n<li style=\"text-align: justify\">Za\u013c\u0161: XIV gadsimt\u0101 &#8211; zelta zemes. V\u0113l\u0101k &#8211; Fatim\u012bdu kalif\u0101ts. \u0160obr\u012bd \u2013 bag\u0101t\u012bba un m\u012blest\u012bba.<\/li>\n<\/ol>\n<p style=\"text-align: justify\">Past\u0101v malds, ka melnais personific\u0113 e\u013c\u013cu &#8211; galveno nepiecie\u0161amo fosiliju, kas ieg\u016bta AAE. Bet taj\u0101 laik\u0101, laik\u0101, laik\u0101, taj\u0101 laik\u0101, kad tika izveidots karogs, neviens netic\u0113ja, ka tas noved\u012bs pie naftas atrad\u0146u atv\u0113r\u0161anas &#8211; cilv\u0113ki nesaglab\u0101ja tic\u012bbu neuztic\u012bbai, pamatojoties uz \u0160\u012b smag\u0101 nafta Noz\u012bme netika nodota, un v\u0113l jo vair\u0101k, neviens negras\u012bj\u0101s to padar\u012bt par da\u013cu no 1. no galvenajiem valsts simboliem.<\/p>\n<h2 style=\"text-align: justify\">Citi karogi<\/h2>\n<p style=\"text-align: justify\">Prezidenta: Tas izce\u013cas ar to, ka valsts \u0123erbonis atrodas uz centr\u0101l\u0101s horizont\u0101l\u0101s joslas. Lietots tikai prezidenta kl\u0101tb\u016btn\u0113.<\/p>\n<p style=\"text-align: justify\">Civic: izmanto civiltiesas. Sarkans audums, kura aug\u0161\u0113j\u0101 kreisaj\u0101 st\u016br\u012b balt\u0101 r\u0101m\u012bt\u012b atrodas valsts karogs.<\/p>\n<p style=\"text-align: justify\">Septi\u0146iem Emir\u0101tiem, neskaitot to, ir personiskas z\u012bmes.<\/p>\n<p style=\"text-align: justify\">Dubaija un Ad\u017emana: t\u0101s pa\u0161as z\u012bmes &#8211; sarkana ar baltu vertik\u0101lu sv\u012btru.<\/p>\n<p style=\"text-align: justify\"><span itemprop=\"image\" itemscope itemtype=\"https:\/\/schema.org\/ImageObject\"><img itemprop=\"url image\" loading=\"lazy\" decoding=\"async\" class=\"alignnone size-full wp-image-3869\" src=\"\/wp-content\/uploads\/2021\/01\/uae-flag_5.png\" width=\"500\" height=\"250\" alt=\"AAE-5 karogs\" \/><meta itemprop=\"width\" content=\"500\"><meta itemprop=\"height\" content=\"250\"><\/span><\/p>\n<p style=\"text-align: justify\">\u0160\u0101rd\u017ea un Ras al-Khaima: neskaitot \u0161o l\u012bdz\u012bgo &#8211; baltu ar sarkanu taisnst\u016bri.<\/p>\n<p style=\"text-align: justify\"><span itemprop=\"image\" itemscope itemtype=\"https:\/\/schema.org\/ImageObject\"><img itemprop=\"url image\" loading=\"lazy\" decoding=\"async\" class=\"alignnone size-full wp-image-3870\" src=\"\/wp-content\/uploads\/2021\/01\/uae-flag_6.png\" width=\"500\" height=\"250\" alt=\"AAE-6 karogs\" \/><meta itemprop=\"width\" content=\"500\"><meta itemprop=\"height\" content=\"250\"><\/span><\/p>\n<p style=\"text-align: justify\">Ab\u016b Dab\u012b: sarkans ar baltu horizont\u0101lu sv\u012btru.<\/p>\n<p style=\"text-align: justify\"><span itemprop=\"image\" itemscope itemtype=\"https:\/\/schema.org\/ImageObject\"><img itemprop=\"url image\" loading=\"lazy\" decoding=\"async\" class=\"alignnone size-full wp-image-3871\" src=\"\/wp-content\/uploads\/2021\/01\/uae-flag_7.png\" width=\"500\" height=\"250\" alt=\"AAE-7 karogs\" \/><meta itemprop=\"width\" content=\"500\"><meta itemprop=\"height\" content=\"250\"><\/span><\/p>\n<p style=\"text-align: justify\">Umm al-Quwain: Sarkans ar baltu vertik\u0101lu sv\u012btru p\u0101r kreiso malu, pusm\u0113ness un zvaigzne centr\u0101 sec\u012bb\u0101.<\/p>\n<p style=\"text-align: justify\"><span itemprop=\"image\" itemscope itemtype=\"https:\/\/schema.org\/ImageObject\"><img itemprop=\"url image\" loading=\"lazy\" decoding=\"async\" class=\"alignnone size-full wp-image-3872\" src=\"\/wp-content\/uploads\/2021\/01\/uae-flag_8.png\" width=\"500\" height=\"250\" alt=\"AAE-8 karogs\" \/><meta itemprop=\"width\" content=\"500\"><meta itemprop=\"height\" content=\"250\"><\/span><\/p>\n<p style=\"text-align: justify\">El Funereal: atk\u0101rto st\u0101vokli.<\/p>\n<p style=\"text-align: justify\">T\u0101pat k\u0101 visas AAE ar\u0101bu valstis karog\u0101 izmanto izcilas kr\u0101sas, ta\u010du tas neliedz vi\u0146am izdal\u012bties pa vidu.<\/p>\n<h2 style=\"text-align: justify\">Nespecializ\u0113ta inform\u0101cija par AAE<\/h2>\n<table>\n<tbody>\n<tr style=\"text-align: justify\">\n<td>Ofici\u0101l\u0101 valoda<\/td>\n<td>ar\u0101bs<\/td>\n<\/tr>\n<tr style=\"text-align: justify\">\n<td>Kapit\u0101ls<\/td>\n<td>Abu dab\u012b<\/td>\n<\/tr>\n<tr style=\"text-align: justify\">\n<td>Teritorija<\/td>\n<td>83 600 km2<\/td>\n<\/tr>\n<tr style=\"text-align: justify\">\n<td>Popul\u0101cija<\/td>\n<td>10 207 863 cilv\u0113ki<\/td>\n<\/tr>\n<tr style=\"text-align: justify\">\n<td>Val\u016bta<\/td>\n<td>Dirhams AAE (AED, kods 784)<\/td>\n<\/tr>\n<tr>\n<td style=\"text-align: justify\">Telefona kods<\/td>\n<td style=\"text-align: justify\">+971<\/td>\n<\/tr>\n<\/tbody>\n<\/table>\n","protected":false},"excerpt":{"rendered":"<p>AAE &#8211; Apvienotie Ar\u0101bu Emir\u0101ti, kuriem ir diezgan jauna z\u012bme, kas tika izveidota pag\u0101ju\u0161\u0101 gadsimta beig\u0101s. T\u0101tad m\u016bsdienu AAE karogs izskat\u0101s: Apvienoto Ar\u0101bu Emir\u0101tu v\u0113stures karogi Emir\u0101tu karogs&#8230;<\/p>\n","protected":false},"author":1,"featured_media":5760,"comment_status":"open","ping_status":"open","sticky":false,"template":"","format":"standard","meta":{"footnotes":""},"categories":[2],"tags":[],"class_list":["post-1626","post","type-post","status-publish","format-standard","has-post-thumbnail","","category-zijas-karogi"],"aioseo_notices":[],"_links":{"self":[{"href":"https:\/\/flags-world.com\/lv\/wp-json\/wp\/v2\/posts\/1626","targetHints":{"allow":["GET"]}}],"collection":[{"href":"https:\/\/flags-world.com\/lv\/wp-json\/wp\/v2\/posts"}],"about":[{"href":"https:\/\/flags-world.com\/lv\/wp-json\/wp\/v2\/types\/post"}],"author":[{"embeddable":true,"href":"https:\/\/flags-world.com\/lv\/wp-json\/wp\/v2\/users\/1"}],"replies":[{"embeddable":true,"href":"https:\/\/flags-world.com\/lv\/wp-json\/wp\/v2\/comments?post=1626"}],"version-history":[{"count":0,"href":"https:\/\/flags-world.com\/lv\/wp-json\/wp\/v2\/posts\/1626\/revisions"}],"wp:featuredmedia":[{"embeddable":true,"href":"https:\/\/flags-world.com\/lv\/wp-json\/wp\/v2\/media\/5760"}],"wp:attachment":[{"href":"https:\/\/flags-world.com\/lv\/wp-json\/wp\/v2\/media?parent=1626"}],"wp:term":[{"taxonomy":"category","embeddable":true,"href":"https:\/\/flags-world.com\/lv\/wp-json\/wp\/v2\/categories?post=1626"},{"taxonomy":"post_tag","embeddable":true,"href":"https:\/\/flags-world.com\/lv\/wp-json\/wp\/v2\/tags?post=1626"}],"curies":[{"name":"wp","href":"https:\/\/api.w.org\/{rel}","templated":true}]}}