{"id":1624,"date":"2021-01-04T17:18:16","date_gmt":"2021-01-04T14:18:16","guid":{"rendered":"https:\/\/flags-world.com\/lv\/2021\/01\/04\/jaunkaledonijas-karogs\/"},"modified":"2021-01-04T17:18:16","modified_gmt":"2021-01-04T14:18:16","slug":"jaunkaledonijas-karogs","status":"publish","type":"post","link":"https:\/\/flags-world.com\/lv\/jaunkaledonijas-karogs\/","title":{"rendered":"Jaunkaledonijas karogs"},"content":{"rendered":"<p style=\"text-align: justify\">Jaunkaledonija &#8211; teritorija, kur\u0101 ietilpst 10. salas, kas atrodas Klus\u0101 oke\u0101na dienvidu da\u013c\u0101. Vi\u0146u nespecializ\u0113t\u0101 teritorija 19 t\u016bksto\u0161i kv. km., Un iedz\u012bvot\u0101ju skaits ir 275.4 t\u016bksto\u0161i cilv\u0113ku.<\/p>\n<p style=\"text-align: justify\">T\u0101tad m\u016bsdienu Jaunkaledonijas karogs izskat\u0101s:<\/p>\n<p style=\"text-align: justify\"><span itemprop=\"image\" itemscope itemtype=\"https:\/\/schema.org\/ImageObject\"><img itemprop=\"url image\" loading=\"lazy\" decoding=\"async\" class=\"alignnone size-full wp-image-3837\" src=\"\/wp-content\/uploads\/2021\/01\/flag-of-new-caledonia_1.png\" width=\"500\" height=\"250\" alt=\"Jaunkaledonijas karogs\u00a01\" \/><meta itemprop=\"width\" content=\"500\"><meta itemprop=\"height\" content=\"250\"><\/span><\/p>\n<h2 style=\"text-align: justify\">Jaunkaledonijas v\u0113stures karogs<\/h2>\n<p style=\"text-align: justify\">Jaunkaledonijas salu akt\u012bvu att\u012bst\u012bbu 19. gadsimt\u0101 uzs\u0101ka ang\u013cu un fran\u010du mision\u0101ri. Kop\u0161 1953. gada Francija pasludin\u0101ja \u0161o reljefu ar savu \u012bpa\u0161umu, un Francijas tr\u012bskr\u0101sa tika izmantota k\u0101 z\u012bme.<\/p>\n<p style=\"text-align: justify\">L\u012bdz 20. gadsimta beig\u0101m aborig\u0113nu (melanezie\u0161u) vid\u016b s\u0101ka rasties nemieri un nemieri, kuru galvenais m\u0113r\u0137is bija neatkar\u012bbas ieg\u016b\u0161ana. \u0160aj\u0101 period\u0101 tika izveidota Kanak Socialist National Liberation Front (KSNLF).<\/p>\n<p style=\"text-align: justify\"><span itemprop=\"image\" itemscope itemtype=\"https:\/\/schema.org\/ImageObject\"><img itemprop=\"url image\" loading=\"lazy\" decoding=\"async\" class=\"alignnone size-full wp-image-3838\" src=\"\/wp-content\/uploads\/2021\/01\/flag-of-new-caledonia_2.png\" width=\"500\" height=\"250\" alt=\"Jaunkaledonijas karogs\u00a02\" \/><meta itemprop=\"width\" content=\"500\"><meta itemprop=\"height\" content=\"250\"><\/span><\/p>\n<p style=\"text-align: justify\">\u0160\u012bs organiz\u0101cijas simbolika tika pie\u0146emta k\u0101 re\u0123ion\u0101lais teritoriju karogs, kas atbalsta neatkar\u012bbu no Francijas. L\u012bdz 2010. gadam \u0161\u012b z\u012bme bija neofici\u0101la, un no 2010. gada j\u016blija to s\u0101ka izmantot k\u0101 ofici\u0101lu.<\/p>\n<p style=\"text-align: justify\">Jaunkaledonija &#8211; viena no atkar\u012bgaj\u0101m teritorij\u0101m, kurai ir divi ofici\u0101li karogi.<\/p>\n<blockquote>\n<p style=\"text-align: justify\">Jaunkaledonij\u0101 vismaz aizbildin\u0101juma d\u0113\u013c tiek laiz\u012bta fran\u010du tr\u012bskr\u0101saina.<\/p>\n<\/blockquote>\n<h2 style=\"text-align: justify\">Apraksts<\/h2>\n<p style=\"text-align: justify\">Jaunkaledonijas valsts re\u0123ion\u0101laj\u0101 karog\u0101 ir tr\u012bs horizont\u0101las sv\u012btras: zila, sarkana, za\u013ca kr\u0101sa. Pane\u013ca kreisaj\u0101 da\u013c\u0101 (tuv\u0101k kokam) bija att\u0113lots dzeltenas kr\u0101sas ov\u0101ls, kura \u0137\u0113de ri\u0146\u0137oja pa melnu l\u012bniju. Tas par\u0101da smailes embl\u0113mu, atkal melnu.<\/p>\n<blockquote>\n<p style=\"text-align: justify\">Pu\u0161u proporcijas viena pret otru attiecas k\u0101 1 pret 2.<\/p>\n<\/blockquote>\n<h2 style=\"text-align: justify\">Jaunkaledonijas kr\u0101su karogs<\/h2>\n<p style=\"text-align: justify\">Jaunkaledonijas karog\u0101 ir izmantotas 5 kr\u0101sas: zila, sarkana, za\u013ca, dzeltena un melna.<\/p>\n<h2 style=\"text-align: justify\">Jaunkaledonijas kr\u0101su karoga noz\u012bme<\/h2>\n<p style=\"text-align: justify\">Kr\u0101sas karog\u0101 izmantot\u0101 kr\u0101sa nor\u0101da:<\/p>\n<ol style=\"text-align: justify\">\n<li>Zils &#8211; simboliz\u0113 debesis un oke\u0101nu, kura \u016bdeni mazg\u0101 valsts;<\/li>\n<li>Sarkans ir izlietie upuri un asinis, ko iedz\u012bvot\u0101ji atnesu\u0161i br\u012bv\u012bbai;<\/li>\n<li>Za\u013c\u0161 &#8211; Dabas labkl\u0101j\u012bba;<\/li>\n<li>Dzeltens ov\u0101ls &#8211; saule;<\/li>\n<li>Embl\u0113ma ir aplis &#8211; skats uz zirnekli, kas rot\u0101 kaloriju m\u0101jas.<\/li>\n<\/ol>\n<p style=\"text-align: justify\">Jaunkaledonijas karoga karoga interpret\u0101cijai ir ar\u012b citas noz\u012bmes, kas saist\u012btas ar KSNLF organiz\u0101ciju. Citiem v\u0101rdiem sakot, zil\u0101 kr\u0101sa liecina ar\u012b par neatkar\u012bbu, za\u013c\u0101, neskaitot noteiktos, personific\u0113 savus sen\u010dus un valsti, bet sarkan\u0101 &#8211; neskaitot \u0161\u012bs dzimt\u0101s attiec\u012bbas un visu Zemes iedz\u012bvot\u0101ju harmoniju.<\/p>\n<h2 style=\"text-align: justify\">Citi karogi<\/h2>\n<p style=\"text-align: justify\">Jaunkaledonijai \u0123eogr\u0101fiski ir p\u0101ris provin\u010du, kas ir salu grupas. Nav svar\u012bgi, kurai no provinc\u0113m ir person\u012bgais simbols:<\/p>\n<ul style=\"text-align: justify\">\n<li>Dienvidi;<\/li>\n<\/ul>\n<p style=\"text-align: justify\"><span itemprop=\"image\" itemscope itemtype=\"https:\/\/schema.org\/ImageObject\"><img itemprop=\"url image\" loading=\"lazy\" decoding=\"async\" class=\"alignnone size-full wp-image-3839\" src=\"\/wp-content\/uploads\/2021\/01\/flag-of-new-caledonia_3.png\" width=\"500\" height=\"300\" alt=\"Jaunkaledonijas karogs\u00a03\" \/><meta itemprop=\"width\" content=\"500\"><meta itemprop=\"height\" content=\"300\"><\/span><\/p>\n<ul style=\"text-align: justify\">\n<li>Zieme\u013ci;<\/li>\n<\/ul>\n<p style=\"text-align: justify\"><span itemprop=\"image\" itemscope itemtype=\"https:\/\/schema.org\/ImageObject\"><img itemprop=\"url image\" loading=\"lazy\" decoding=\"async\" class=\"alignnone size-full wp-image-3840\" src=\"\/wp-content\/uploads\/2021\/01\/flag-of-new-caledonia_4.png\" width=\"500\" height=\"333\" alt=\"Jaunkaledonijas karogs-4\" \/><meta itemprop=\"width\" content=\"500\"><meta itemprop=\"height\" content=\"333\"><\/span><\/p>\n<ul style=\"text-align: justify\">\n<li>Pussalas lojalit\u0101te;<\/li>\n<\/ul>\n<p style=\"text-align: justify\"><span itemprop=\"image\" itemscope itemtype=\"https:\/\/schema.org\/ImageObject\"><img itemprop=\"url image\" loading=\"lazy\" decoding=\"async\" class=\"alignnone size-full wp-image-3841\" src=\"\/wp-content\/uploads\/2021\/01\/flag-of-new-caledonia_5.png\" alt=\"Jaunkaledonijas karogs-5\" width=\"399\" height=\"237\" \/><meta itemprop=\"width\" content=\"399\"><meta itemprop=\"height\" content=\"237\"><\/span><\/p>\n<p style=\"text-align: justify\">Valst\u012b ik pa laikam turpina uzplaukt neatkar\u012bbas idejas. P\u0113d\u0113jo 20 gadu laik\u0101 par \u0161o jaut\u0101jumu notika referendums, un abas reizes bija negat\u012bvs rezult\u0101ts. Paral\u0113li tam tiek izvirz\u012btas idejas valsts z\u012bmes nomai\u0146ai. Variants tiek pied\u0101v\u0101ts da\u017e\u0101dos veidos: 1, 2.<\/p>\n<p style=\"text-align: justify\"><span itemprop=\"image\" itemscope itemtype=\"https:\/\/schema.org\/ImageObject\"><img itemprop=\"url image\" loading=\"lazy\" decoding=\"async\" class=\"alignnone size-full wp-image-3842\" src=\"\/wp-content\/uploads\/2021\/01\/flag-of-new-caledonia_6.png\" alt=\"Jaunkaledonijas karogs-6\" width=\"300\" height=\"218\" \/><meta itemprop=\"width\" content=\"300\"><meta itemprop=\"height\" content=\"218\"><\/span><\/p>\n<p style=\"text-align: justify\"><span itemprop=\"image\" itemscope itemtype=\"https:\/\/schema.org\/ImageObject\"><img itemprop=\"url image\" loading=\"lazy\" decoding=\"async\" class=\"alignnone size-full wp-image-3843\" src=\"\/wp-content\/uploads\/2021\/01\/flag-of-new-caledonia_1.jpg\" width=\"500\" height=\"201\" alt=\"Jaunkaledonijas karogs-7\" \/><meta itemprop=\"width\" content=\"500\"><meta itemprop=\"height\" content=\"201\"><\/span><\/p>\n<p style=\"text-align: justify\">Citas iesp\u0113jas tiek izmantotas k\u0101 Jaunkaledonijas sporta simboli. Piem\u0113ram, Klus\u0101 oke\u0101na dienvidu sp\u0113l\u0113s tika izmantota simbolika.<\/p>\n<p style=\"text-align: justify\"><span itemprop=\"image\" itemscope itemtype=\"https:\/\/schema.org\/ImageObject\"><img itemprop=\"url image\" loading=\"lazy\" decoding=\"async\" class=\"alignnone size-full wp-image-3844\" src=\"\/wp-content\/uploads\/2021\/01\/flag-of-new-caledonia_7.png\" width=\"500\" height=\"333\" alt=\"Jaunkaledonijas karogs\u00a08\" \/><meta itemprop=\"width\" content=\"500\"><meta itemprop=\"height\" content=\"333\"><\/span><\/p>\n<p style=\"text-align: justify\">Prezent\u0101cijai FIFA izmanto fran\u010du tr\u012bskr\u0101su versija.<\/p>\n<p style=\"text-align: justify\"><span itemprop=\"image\" itemscope itemtype=\"https:\/\/schema.org\/ImageObject\"><img itemprop=\"url image\" loading=\"lazy\" decoding=\"async\" class=\"alignnone size-full wp-image-3845\" src=\"\/wp-content\/uploads\/2021\/01\/flag-of-new-caledonia_8.png\" width=\"500\" height=\"333\" alt=\"Jaunkaledonijas karogs\u00a09\" \/><meta itemprop=\"width\" content=\"500\"><meta itemprop=\"height\" content=\"333\"><\/span><\/p>\n<h2 style=\"text-align: justify\">Nespecializ\u0113ta inform\u0101cija par Jaunkaledoniju<\/h2>\n<table>\n<tbody>\n<tr style=\"text-align: justify\">\n<td>Ofici\u0101l\u0101 valoda<\/td>\n<td>fran\u010du valoda<\/td>\n<\/tr>\n<tr style=\"text-align: justify\">\n<td>Kapit\u0101ls<\/td>\n<td>Noum\u00e9a<\/td>\n<\/tr>\n<tr style=\"text-align: justify\">\n<td>Teritorija<\/td>\n<td>19 060 km2<\/td>\n<\/tr>\n<tr style=\"text-align: justify\">\n<td>Popul\u0101cija<\/td>\n<td>275 355 cilv\u0113ki<\/td>\n<\/tr>\n<tr style=\"text-align: justify\">\n<td>Val\u016bta<\/td>\n<td>Francijas Klus\u0101 oke\u0101na franks (XPF)<\/td>\n<\/tr>\n<tr>\n<td style=\"text-align: justify\">Telefona kods<\/td>\n<td style=\"text-align: justify\">+687<\/td>\n<\/tr>\n<\/tbody>\n<\/table>\n","protected":false},"excerpt":{"rendered":"<p>Jaunkaledonija &#8211; teritorija, kur\u0101 ietilpst 10. salas, kas atrodas Klus\u0101 oke\u0101na dienvidu da\u013c\u0101. Vi\u0146u nespecializ\u0113t\u0101 teritorija 19 t\u016bksto\u0161i kv. km., Un iedz\u012bvot\u0101ju skaits ir 275.4 t\u016bksto\u0161i cilv\u0113ku. T\u0101tad&#8230;<\/p>\n","protected":false},"author":1,"featured_media":5852,"comment_status":"open","ping_status":"open","sticky":false,"template":"","format":"standard","meta":{"footnotes":""},"categories":[8],"tags":[],"class_list":["post-1624","post","type-post","status-publish","format-standard","has-post-thumbnail","","category-austrlijas-un-okenijas-valstu-karogi"],"aioseo_notices":[],"_links":{"self":[{"href":"https:\/\/flags-world.com\/lv\/wp-json\/wp\/v2\/posts\/1624","targetHints":{"allow":["GET"]}}],"collection":[{"href":"https:\/\/flags-world.com\/lv\/wp-json\/wp\/v2\/posts"}],"about":[{"href":"https:\/\/flags-world.com\/lv\/wp-json\/wp\/v2\/types\/post"}],"author":[{"embeddable":true,"href":"https:\/\/flags-world.com\/lv\/wp-json\/wp\/v2\/users\/1"}],"replies":[{"embeddable":true,"href":"https:\/\/flags-world.com\/lv\/wp-json\/wp\/v2\/comments?post=1624"}],"version-history":[{"count":0,"href":"https:\/\/flags-world.com\/lv\/wp-json\/wp\/v2\/posts\/1624\/revisions"}],"wp:featuredmedia":[{"embeddable":true,"href":"https:\/\/flags-world.com\/lv\/wp-json\/wp\/v2\/media\/5852"}],"wp:attachment":[{"href":"https:\/\/flags-world.com\/lv\/wp-json\/wp\/v2\/media?parent=1624"}],"wp:term":[{"taxonomy":"category","embeddable":true,"href":"https:\/\/flags-world.com\/lv\/wp-json\/wp\/v2\/categories?post=1624"},{"taxonomy":"post_tag","embeddable":true,"href":"https:\/\/flags-world.com\/lv\/wp-json\/wp\/v2\/tags?post=1624"}],"curies":[{"name":"wp","href":"https:\/\/api.w.org\/{rel}","templated":true}]}}