{"id":1621,"date":"2021-01-04T17:18:16","date_gmt":"2021-01-04T14:18:16","guid":{"rendered":"https:\/\/flags-world.com\/lv\/2021\/01\/04\/nigrijas-karogs-krsas-un-nozme\/"},"modified":"2021-01-04T17:18:16","modified_gmt":"2021-01-04T14:18:16","slug":"nigrijas-karogs-krsas-un-nozme","status":"publish","type":"post","link":"https:\/\/flags-world.com\/lv\/nigrijas-karogs-krsas-un-nozme\/","title":{"rendered":"Nig\u0113rijas karogs: kr\u0101sas un noz\u012bme"},"content":{"rendered":"<p style=\"text-align: justify\">Veiksm\u012bg\u0101k\u0101 un veiksm\u012bg\u0101k\u0101 \u0100frikas vald\u012bba attiec\u012bb\u0101 uz IKP lielumu un ekonomikas pieaugumu, Nig\u0113rijas Federat\u012bv\u0101 Republika kop\u0101 ar neatkar\u012bbas atz\u012b\u0161anu pag\u0101ju\u0161aj\u0101 gadsimt\u0101 ieguva person\u012bgo galveno z\u012bmi, kas past\u0101v tagad.<\/p>\n<p style=\"text-align: justify\">T\u0101tad m\u016bsdienu Nig\u0113rijas karogs izskat\u0101s:<\/p>\n<p style=\"text-align: justify\"><span itemprop=\"image\" itemscope itemtype=\"https:\/\/schema.org\/ImageObject\"><img itemprop=\"url image\" loading=\"lazy\" decoding=\"async\" class=\"alignnone size-full wp-image-3793\" src=\"\/wp-content\/uploads\/2021\/01\/flag-of-nigeria_1.png\" width=\"500\" height=\"250\" alt=\"Nig\u0113rijas karogs-1\" \/><meta itemprop=\"width\" content=\"500\"><meta itemprop=\"height\" content=\"250\"><\/span><\/p>\n<h2 style=\"text-align: justify\">Nig\u0113rijas v\u0113stures karogs<\/h2>\n<p style=\"text-align: justify\">Pie\u0146emts divdesmit\u0101 gadsimta 60. gadu pirmaj\u0101 pus\u0113, vi\u0146a izk\u0101rtojuma uzvaras beig\u0101s konkurs\u0101. Uzvaru izc\u012bn\u012bja audz\u0113knis \u2013 Maikls Tavejs Akinkuns. Konkurences z\u012bme izskat\u012bj\u0101s ne p\u0101r\u0101k daudz, cit\u0101 gad\u012bjum\u0101, nek\u0101 t\u0101, ko m\u0113s izmantoj\u0101m, &#8211; t\u0101 bija saule, kas atrodas karoga baltaj\u0101 da\u013c\u0101. Tika nolemts atcelt Tiesne\u0161u kol\u0113\u0123ijas padomes l\u0113muma gad\u012bjum\u0101.<\/p>\n<p style=\"text-align: justify\">Bet vi\u0146am bija p\u0101ris priek\u0161g\u0101j\u0113ji. Dienvidu un zieme\u013cu Nig\u0113rija, kas atrodas Anglijas pilson\u012bb\u0101, bija ar ziliem karogiem, kuru augst\u0101kaj\u0101 da\u013c\u0101 rietumos atrad\u0101s Union Jack, bet jautr\u012bba bija noz\u012bm\u012bte ar z\u012bles fonu. Vi\u0146u galven\u0101 at\u0161\u0137ir\u012bba bija vi\u0146a kr\u0101sa, sarkana &#8211; no zieme\u013ciem, za\u013ca &#8211; dienvidos.<\/p>\n<p style=\"text-align: justify\">1914. gad\u0101 tika apvienotas divas valsts da\u013cas, v\u0113l\u0101k tika sasniegta un karogs &#8211; sarkans aplis ar za\u013cu piecstaru zvaigzni centr\u0101 tika izmantots k\u0101 noz\u012bm\u012bte, starp kuras stariem tika novietots kronis un uzraksts Nig\u0113rija. Zvaigzne no koloni\u0101l\u0101 karoga s\u0101kotn\u0113ji tika att\u0113lota uz kr\u016bzes, ko atrada gubernators.<\/p>\n<p style=\"text-align: justify\"><span itemprop=\"image\" itemscope itemtype=\"https:\/\/schema.org\/ImageObject\"><img itemprop=\"url image\" loading=\"lazy\" decoding=\"async\" class=\"alignnone size-full wp-image-3794\" src=\"\/wp-content\/uploads\/2021\/01\/flag-of-nigeria_2.png\" width=\"500\" height=\"250\" alt=\"Nig\u0113rijas karogs-2\" \/><meta itemprop=\"width\" content=\"500\"><meta itemprop=\"height\" content=\"250\"><\/span> <span itemprop=\"image\" itemscope itemtype=\"https:\/\/schema.org\/ImageObject\"><img itemprop=\"url image\" loading=\"lazy\" decoding=\"async\" class=\"alignnone size-full wp-image-3795\" src=\"\/wp-content\/uploads\/2021\/01\/flag-of-nigeria_3.png\" width=\"500\" height=\"250\" alt=\"Nig\u0113rijas karogs-3\" \/><meta itemprop=\"width\" content=\"500\"><meta itemprop=\"height\" content=\"250\"><\/span><\/p>\n<p style=\"text-align: justify\">Nig\u0113rija bija Lielbrit\u0101nijas kolonija no 1870. l\u012bdz 1960. gadam.<\/p>\n<h2 style=\"text-align: justify\">Apraksts<\/h2>\n<p style=\"text-align: justify\">Tas ir tr\u012bskr\u0101sains ar vertik\u0101l\u0101m sv\u012btr\u0101m, kas vien\u0101das ar platumu &#8211; p\u0113d\u0113jai ir vien\u0101da kr\u0101sa, centr\u0101l\u0101 no t\u0101m at\u0161\u0137iras no t\u0101m. Puses ir viena pret div\u0101m.<\/p>\n<h2 style=\"text-align: justify\">Nig\u0113rijas karoga kr\u0101sas<\/h2>\n<p style=\"text-align: justify\">\u041d\u0430 \u0444\u043b\u0430\u0433\u0435 \u041d\u0438\u0433\u0435\u0440\u0438\u0438 \u0440\u0430\u0441\u043f\u043e\u043b\u043e\u0436\u0435\u043d\u044b \u0441\u043b\u0435\u0434\u0443\u044e\u0449\u0438\u0435 \u0446\u0432\u0435\u0442\u0430:<\/p>\n<ol>\n<li style=\"text-align: justify\">Balts;<\/li>\n<li style=\"text-align: justify\">Za\u013c\u0161.<\/li>\n<\/ol>\n<h2 style=\"text-align: justify\">Nig\u0113rijas karoga kr\u0101su noz\u012bme<\/h2>\n<ol style=\"text-align: justify\">\n<li>Za\u013c\u0161\u00a0\u2014 kreka zemes un dabas bag\u0101t\u012bba.<\/li>\n<li>Balts &#8211; pasaule un vienot\u012bba.<\/li>\n<\/ol>\n<h2 style=\"text-align: justify\">Citi karogi<\/h2>\n<ul style=\"text-align: justify\">\n<li>Tirdzniec\u012bbas flote izgatavoja person\u012bgo at\u0161\u0137ir\u012bbas z\u012bmi &#8211; Sarkano karogu ar valsti pa kreisi.<\/li>\n<\/ul>\n<p style=\"text-align: justify\"><span itemprop=\"image\" itemscope itemtype=\"https:\/\/schema.org\/ImageObject\"><img itemprop=\"url image\" loading=\"lazy\" decoding=\"async\" class=\"alignnone size-full wp-image-3796\" src=\"\/wp-content\/uploads\/2021\/01\/flag-of-nigeria_4.png\" width=\"500\" height=\"250\" alt=\"Nig\u0113rijas karogs-4\" \/><meta itemprop=\"width\" content=\"500\"><meta itemprop=\"height\" content=\"250\"><\/span><\/p>\n<ul style=\"text-align: justify\">\n<li>Navy, neskaitot to, nepalika mal\u0101, vi\u0146a simbols ir balts audekls ar Nig\u0113rijas briedi pa kreisi un ar flotes \u0123erboni labaj\u0101 pus\u0113.<\/li>\n<\/ul>\n<p style=\"text-align: justify\"><span itemprop=\"image\" itemscope itemtype=\"https:\/\/schema.org\/ImageObject\"><img itemprop=\"url image\" loading=\"lazy\" decoding=\"async\" class=\"alignnone size-full wp-image-3797\" src=\"\/wp-content\/uploads\/2021\/01\/flag-of-nigeria_5.png\" width=\"500\" height=\"250\" alt=\"Nig\u0113rijas karogs-5\" \/><meta itemprop=\"width\" content=\"500\"><meta itemprop=\"height\" content=\"250\"><\/span><\/p>\n<p style=\"text-align: justify\">No 1960. l\u012bdz 1998. gadam tika izmantots 2. j\u016bras kara flotes karogs:<\/p>\n<p style=\"text-align: justify\"><span itemprop=\"image\" itemscope itemtype=\"https:\/\/schema.org\/ImageObject\"><img itemprop=\"url image\" loading=\"lazy\" decoding=\"async\" class=\"alignnone size-full wp-image-3798\" src=\"\/wp-content\/uploads\/2021\/01\/flag-of-nigeria_6.png\" width=\"500\" height=\"250\" alt=\"Nig\u0113rijas karogs-6\" \/><meta itemprop=\"width\" content=\"500\"><meta itemprop=\"height\" content=\"250\"><\/span><\/p>\n<p style=\"text-align: justify\">Nig\u0113rijas audums ir iegansts viet\u0113jo iedz\u012bvot\u0101ju lepnumam, jo \u200b\u200btas tika apstiprin\u0101ts p\u0113c tam, kad valsts ieguva br\u012bv\u012bbu no Lielbrit\u0101nijas kro\u0146a. Togad daudz atcer\u0113j\u0101s klusi &#8211; t\u0101 bija jaunas valsts dzim\u0161anas diena.<\/p>\n<h2 style=\"text-align: justify\">Visp\u0101r\u012bga inform\u0101cija par Nig\u0113riju<\/h2>\n<table>\n<tbody>\n<tr style=\"text-align: justify\">\n<td>Ofici\u0101l\u0101 valoda<\/td>\n<td>ang\u013cu, jorubu un igbo<\/td>\n<\/tr>\n<tr style=\"text-align: justify\">\n<td>Kapit\u0101ls<\/td>\n<td>Abud\u017ea<\/td>\n<\/tr>\n<tr style=\"text-align: justify\">\n<td>Teritorija<\/td>\n<td>923 768 km2<\/td>\n<\/tr>\n<tr style=\"text-align: justify\">\n<td>Popul\u0101cija<\/td>\n<td>210 008 216 cilv\u0113ki<\/td>\n<\/tr>\n<tr style=\"text-align: justify\">\n<td>Val\u016bta<\/td>\n<td>Naira (\u20a6) (NGN)<\/td>\n<\/tr>\n<tr>\n<td style=\"text-align: justify\">Telefona kods<\/td>\n<td style=\"text-align: justify\">+234<\/td>\n<\/tr>\n<\/tbody>\n<\/table>\n","protected":false},"excerpt":{"rendered":"<p>Veiksm\u012bg\u0101k\u0101 un veiksm\u012bg\u0101k\u0101 \u0100frikas vald\u012bba attiec\u012bb\u0101 uz IKP lielumu un ekonomikas pieaugumu, Nig\u0113rijas Federat\u012bv\u0101 Republika kop\u0101 ar neatkar\u012bbas atz\u012b\u0161anu pag\u0101ju\u0161aj\u0101 gadsimt\u0101 ieguva person\u012bgo galveno z\u012bmi, kas past\u0101v tagad&#8230;.<\/p>\n","protected":false},"author":1,"featured_media":5920,"comment_status":"open","ping_status":"open","sticky":false,"template":"","format":"standard","meta":{"footnotes":""},"categories":[5],"tags":[],"class_list":["post-1621","post","type-post","status-publish","format-standard","has-post-thumbnail","","category-frikas-valstu-karogi"],"aioseo_notices":[],"_links":{"self":[{"href":"https:\/\/flags-world.com\/lv\/wp-json\/wp\/v2\/posts\/1621","targetHints":{"allow":["GET"]}}],"collection":[{"href":"https:\/\/flags-world.com\/lv\/wp-json\/wp\/v2\/posts"}],"about":[{"href":"https:\/\/flags-world.com\/lv\/wp-json\/wp\/v2\/types\/post"}],"author":[{"embeddable":true,"href":"https:\/\/flags-world.com\/lv\/wp-json\/wp\/v2\/users\/1"}],"replies":[{"embeddable":true,"href":"https:\/\/flags-world.com\/lv\/wp-json\/wp\/v2\/comments?post=1621"}],"version-history":[{"count":0,"href":"https:\/\/flags-world.com\/lv\/wp-json\/wp\/v2\/posts\/1621\/revisions"}],"wp:featuredmedia":[{"embeddable":true,"href":"https:\/\/flags-world.com\/lv\/wp-json\/wp\/v2\/media\/5920"}],"wp:attachment":[{"href":"https:\/\/flags-world.com\/lv\/wp-json\/wp\/v2\/media?parent=1621"}],"wp:term":[{"taxonomy":"category","embeddable":true,"href":"https:\/\/flags-world.com\/lv\/wp-json\/wp\/v2\/categories?post=1621"},{"taxonomy":"post_tag","embeddable":true,"href":"https:\/\/flags-world.com\/lv\/wp-json\/wp\/v2\/tags?post=1621"}],"curies":[{"name":"wp","href":"https:\/\/api.w.org\/{rel}","templated":true}]}}