{"id":1619,"date":"2021-01-04T17:18:16","date_gmt":"2021-01-04T14:18:16","guid":{"rendered":"https:\/\/flags-world.com\/lv\/2021\/01\/04\/nderlandes-karogs-holande-krsa-un-nozme\/"},"modified":"2021-01-04T17:18:16","modified_gmt":"2021-01-04T14:18:16","slug":"nderlandes-karogs-holande-krsa-un-nozme","status":"publish","type":"post","link":"https:\/\/flags-world.com\/lv\/nderlandes-karogs-holande-krsa-un-nozme\/","title":{"rendered":"N\u012bderlandes karogs (Holande): kr\u0101sa un noz\u012bme"},"content":{"rendered":"<p style=\"text-align: justify\">N\u012bderlandes valsts (Holande) &#8211; Rietumeiropas vald\u012bba, kas aiz\u0146em gan kontinent\u0101lo, gan salu reljefu. Vi\u0146a modern\u0101 z\u012bme tika izveidota asto\u0146padsmit\u0101 gadsimta beig\u0101s.<\/p>\n<p style=\"text-align: justify\">T\u0101tad m\u016bsdienu N\u012bderlandes (Holandes) karogs izskat\u0101s k\u0101 fotoatt\u0113ls<\/p>\n<p style=\"text-align: justify\"><span itemprop=\"image\" itemscope itemtype=\"https:\/\/schema.org\/ImageObject\"><img itemprop=\"url image\" loading=\"lazy\" decoding=\"async\" class=\"alignnone size-full wp-image-3775\" src=\"\/wp-content\/uploads\/2021\/01\/flag-the-netherlands_1.png\" width=\"500\" height=\"333\" alt=\"N\u012bderlandes karogs-1\" \/><meta itemprop=\"width\" content=\"500\"><meta itemprop=\"height\" content=\"333\"><\/span><\/p>\n<blockquote>\n<p style=\"text-align: justify\">Attiecas uz Panslavjas karogiem.<\/p>\n<\/blockquote>\n<h2 style=\"text-align: justify\">Holandes karoga v\u0113sture<\/h2>\n<p style=\"text-align: justify\">No piecpadsmit\u0101 gadsimta beig\u0101m l\u012bdz se\u0161padsmit\u0101 gadsimta beig\u0101m N\u012bderlandi izmantoja Burgundijas krusts, kuram ir sl\u012bpa zara forma. T\u0101s ievie\u0161ana tika pamatota ar to, ka N\u012bderlande tajos laikos pieder\u0113ja Burgundijai.<\/p>\n<p style=\"text-align: justify\"><span itemprop=\"image\" itemscope itemtype=\"https:\/\/schema.org\/ImageObject\"><img itemprop=\"url image\" loading=\"lazy\" decoding=\"async\" class=\"alignnone size-full wp-image-3777\" src=\"\/wp-content\/uploads\/2021\/01\/flag-the-netherlands_2.png\" width=\"500\" height=\"333\" alt=\"N\u012bderlandes karogs-2\" \/><meta itemprop=\"width\" content=\"500\"><meta itemprop=\"height\" content=\"333\"><\/span><\/p>\n<p style=\"text-align: justify\">No 1592. l\u012bdz 1795. gadam tika izmantota tr\u012bskr\u0101sa ar oran\u017eu, baltu un zilu kr\u0101su, bija v\u0113sturiska valdo\u0161\u0101s dzimtas z\u012bme.<\/p>\n<p style=\"text-align: justify\"><span itemprop=\"image\" itemscope itemtype=\"https:\/\/schema.org\/ImageObject\"><img itemprop=\"url image\" loading=\"lazy\" decoding=\"async\" class=\"alignnone size-full wp-image-3778\" src=\"\/wp-content\/uploads\/2021\/01\/flag-the-netherlands_3.png\" width=\"500\" height=\"333\" alt=\"N\u012bderlandes karogs-3\" \/><meta itemprop=\"width\" content=\"500\"><meta itemprop=\"height\" content=\"333\"><\/span><\/p>\n<p style=\"text-align: justify\">Tiek uzskat\u012bts, ka oran\u017e\u0101s un zil\u0101s kr\u0101sas aizst\u0101\u0161ana ar sarkanu un zilu ir t\u0101da, ka j\u016bra nav tik ilgi, lai sagaid\u012btu kr\u0101sas, \u012bpa\u0161i satrieco\u0161as, ne tik ilgi, lai t\u0101s b\u016btu diezgan neuzkr\u012bto\u0161as \u200b\u200bun neat\u0161\u0137iramas. Konkr\u0113ti, pamatojoties uz to, apdullin\u0101\u0161ana tika main\u012bta uz tum\u0161\u0101ku.<\/p>\n<p style=\"text-align: justify\">V\u0113l\u0101k kara\u013cvalsti izveidoja Bat\u0101vijas republika, t\u0101s karogs &#8211; m\u016bsdien\u012bgs izk\u0101rtojums, kas at\u0161\u0137iras tikai ar to, ka st\u0101v\u0113ja \u0123erbonis aug\u0161\u0113j\u0101 kreisaj\u0101 st\u016br\u012b. To pat\u0113r\u0113ja no 1795. l\u012bdz 1806. gadam.<\/p>\n<p style=\"text-align: justify\"><span itemprop=\"image\" itemscope itemtype=\"https:\/\/schema.org\/ImageObject\"><img itemprop=\"url image\" loading=\"lazy\" decoding=\"async\" class=\"alignnone size-full wp-image-3779\" src=\"\/wp-content\/uploads\/2021\/01\/flag-the-netherlands_4.png\" width=\"500\" height=\"333\" alt=\"N\u012bderlandes karogs-4\" \/><meta itemprop=\"width\" content=\"500\"><meta itemprop=\"height\" content=\"333\"><\/span><\/p>\n<p style=\"text-align: justify\">N\u012bderlandes Republiku kontrol\u0113ja Francija, t\u0101s sast\u0101v\u0101 bija asto\u0146as savienotas provinces.<\/p>\n<p style=\"text-align: justify\">Sabruk\u0161anas beig\u0101s N\u012bderlandes karaliste izmantoja modernu karogu.<\/p>\n<h2 style=\"text-align: justify\">Apraksts<\/h2>\n<p style=\"text-align: justify\">Tas ir tr\u012bskr\u0101sains ar vien\u0101d\u0101m horizont\u0101l\u0101m sv\u012btr\u0101m. Malu attiec\u012bba: 2:3.<\/p>\n<p style=\"text-align: justify\">N\u012bderlandes karogs ir l\u012bdz\u012bgs Luksemburgas karogam. Karogi ir tik l\u012bdz\u012bgi, ka 1992. gad\u0101 Luksemburgas vald\u012bba nol\u0113ma main\u012bt zil\u0101s joslas kr\u0101su uz iev\u0113rojam\u0101ku, lai at\u0161\u0137ir\u012bba starp tiem k\u013c\u016btu dabisk\u0101ka.<\/p>\n<h2 style=\"text-align: justify\">Kr\u0101su karogs N\u012bderland\u0113<\/h2>\n<p style=\"text-align: justify\">N\u012bderlandes karoga kr\u0101sas:<\/p>\n<ol>\n<li style=\"text-align: justify\">Sarkans;<\/li>\n<li style=\"text-align: justify\">Balts;<\/li>\n<li style=\"text-align: justify\">Zils.<\/li>\n<\/ol>\n<h2 style=\"text-align: justify\">N\u012bderlandes karoga kr\u0101su noz\u012bme<\/h2>\n<ol style=\"text-align: justify\">\n<li>Sarkans &#8211; izliju\u0161u asi\u0146u c\u012bn\u012bt\u0101js.<\/li>\n<li>Balts &#8211; br\u012bv\u012bba un neatkar\u012bba.<\/li>\n<li>Zils &#8211; pieder\u012bba un j\u016bra j\u016bras lielvar\u0101m.<\/li>\n<\/ol>\n<h2 style=\"text-align: justify\">Citi karogi<\/h2>\n<p style=\"text-align: justify\">D\u017eekam (N\u012bderlandes ku\u0123a karogam) ir t\u0101das pa\u0161as kr\u0101sas. Lai gan kr\u0101sa veido tr\u012bsst\u016bri, kura galotnes sapl\u016bst vien\u0101 punkt\u0101 centr\u0101.<\/p>\n<p style=\"text-align: justify\"><span itemprop=\"image\" itemscope itemtype=\"https:\/\/schema.org\/ImageObject\"><img itemprop=\"url image\" loading=\"lazy\" decoding=\"async\" class=\"alignnone size-full wp-image-3780\" src=\"\/wp-content\/uploads\/2021\/01\/flag-the-netherlands_5.png\" width=\"500\" height=\"333\" alt=\"N\u012bderlandes karogs-5\" \/><meta itemprop=\"width\" content=\"500\"><meta itemprop=\"height\" content=\"333\"><\/span><\/p>\n<p style=\"text-align: justify\">Karalisk\u0101s flotes karogs ir zils audums, uz kura kreisaj\u0101 pus\u0113 atrodas \u010detras oran\u017eas sv\u012btras, bet tuv\u0101k br\u012bvajai da\u013cai &#8211; baltais enkurs, p\u0101r kuru kar\u0101jas vainags.<\/p>\n<p style=\"text-align: justify\"><span itemprop=\"image\" itemscope itemtype=\"https:\/\/schema.org\/ImageObject\"><img itemprop=\"url image\" loading=\"lazy\" decoding=\"async\" class=\"alignnone size-full wp-image-3781\" src=\"\/wp-content\/uploads\/2021\/01\/flag-the-netherlands_6.png\" alt=\"N\u012bderlandes karogs-6\" width=\"326\" height=\"217\" \/><meta itemprop=\"width\" content=\"326\"><meta itemprop=\"height\" content=\"217\"><\/span><\/p>\n<p style=\"text-align: justify\">Karaliskais stends &#8211; Oran\u017eais laukums ar Naso krustu, centr\u0101 &#8211; valsts \u0123erbonis, katr\u0101 laukum\u0101, atdal\u012bts ar krustu &#8211; Oran\u017es \u0123erbonis.<\/p>\n<p style=\"text-align: justify\"><span itemprop=\"image\" itemscope itemtype=\"https:\/\/schema.org\/ImageObject\"><img itemprop=\"url image\" loading=\"lazy\" decoding=\"async\" class=\"alignnone size-full wp-image-3782\" src=\"\/wp-content\/uploads\/2021\/01\/flag-the-netherlands_7.png\" width=\"500\" height=\"500\" alt=\"N\u012bderlandes karogs-7\" \/><meta itemprop=\"width\" content=\"500\"><meta itemprop=\"height\" content=\"500\"><\/span><\/p>\n<p style=\"text-align: justify\">Nepiev\u0113r\u0161ot uzman\u012bbu l\u012bdz\u012bb\u0101m ar citiem karogiem, kara\u013cvalsts nek\u0101d\u0101 veid\u0101 to nek\u0101d\u0101 veid\u0101 nedr\u012bkst p\u0101rveidot, un viet\u0113jie \u013coti lepojas ar savu z\u012bmi.<\/p>\n<h2 style=\"text-align: justify\">T\u012bkla specializ\u0113ta inform\u0101cija par N\u012bderlandi<\/h2>\n<table>\n<tbody>\n<tr style=\"text-align: justify\">\n<td>Ofici\u0101l\u0101 valoda<\/td>\n<td>N\u012bderlande, Rietum\u0101frika (re\u0123ion\u0101l\u0101)<\/td>\n<\/tr>\n<tr style=\"text-align: justify\">\n<td>Kapit\u0101ls<\/td>\n<td>Amsterdama<\/td>\n<\/tr>\n<tr style=\"text-align: justify\">\n<td>Teritorija<\/td>\n<td>41 543 km2<\/td>\n<\/tr>\n<tr style=\"text-align: justify\">\n<td>Popul\u0101cija<\/td>\n<td>17 333 790 cilv\u0113ki<\/td>\n<\/tr>\n<tr style=\"text-align: justify\">\n<td>Val\u016bta<\/td>\n<td>Eiro (EUR, kods 978)<\/td>\n<\/tr>\n<tr>\n<td style=\"text-align: justify\">Telefona kods<\/td>\n<td style=\"text-align: justify\">+31<\/td>\n<\/tr>\n<\/tbody>\n<\/table>\n","protected":false},"excerpt":{"rendered":"<p>N\u012bderlandes valsts (Holande) &#8211; Rietumeiropas vald\u012bba, kas aiz\u0146em gan kontinent\u0101lo, gan salu reljefu. Vi\u0146a modern\u0101 z\u012bme tika izveidota asto\u0146padsmit\u0101 gadsimta beig\u0101s. T\u0101tad m\u016bsdienu N\u012bderlandes (Holandes) karogs izskat\u0101s k\u0101&#8230;<\/p>\n","protected":false},"author":1,"featured_media":5918,"comment_status":"open","ping_status":"open","sticky":false,"template":"","format":"standard","meta":{"footnotes":""},"categories":[3],"tags":[],"class_list":["post-1619","post","type-post","status-publish","format-standard","has-post-thumbnail","","category-eiropas-karogi"],"aioseo_notices":[],"_links":{"self":[{"href":"https:\/\/flags-world.com\/lv\/wp-json\/wp\/v2\/posts\/1619","targetHints":{"allow":["GET"]}}],"collection":[{"href":"https:\/\/flags-world.com\/lv\/wp-json\/wp\/v2\/posts"}],"about":[{"href":"https:\/\/flags-world.com\/lv\/wp-json\/wp\/v2\/types\/post"}],"author":[{"embeddable":true,"href":"https:\/\/flags-world.com\/lv\/wp-json\/wp\/v2\/users\/1"}],"replies":[{"embeddable":true,"href":"https:\/\/flags-world.com\/lv\/wp-json\/wp\/v2\/comments?post=1619"}],"version-history":[{"count":0,"href":"https:\/\/flags-world.com\/lv\/wp-json\/wp\/v2\/posts\/1619\/revisions"}],"wp:featuredmedia":[{"embeddable":true,"href":"https:\/\/flags-world.com\/lv\/wp-json\/wp\/v2\/media\/5918"}],"wp:attachment":[{"href":"https:\/\/flags-world.com\/lv\/wp-json\/wp\/v2\/media?parent=1619"}],"wp:term":[{"taxonomy":"category","embeddable":true,"href":"https:\/\/flags-world.com\/lv\/wp-json\/wp\/v2\/categories?post=1619"},{"taxonomy":"post_tag","embeddable":true,"href":"https:\/\/flags-world.com\/lv\/wp-json\/wp\/v2\/tags?post=1619"}],"curies":[{"name":"wp","href":"https:\/\/api.w.org\/{rel}","templated":true}]}}