{"id":1616,"date":"2021-01-04T17:18:16","date_gmt":"2021-01-04T14:18:16","guid":{"rendered":"https:\/\/flags-world.com\/lv\/2021\/01\/04\/nambijas-karogs-meainig-un-krsas\/"},"modified":"2021-01-04T17:18:16","modified_gmt":"2021-01-04T14:18:16","slug":"nambijas-karogs-meainig-un-krsas","status":"publish","type":"post","link":"https:\/\/flags-world.com\/lv\/nambijas-karogs-meainig-un-krsas\/","title":{"rendered":"Nam\u012bbijas karogs: meainig un kr\u0101sas"},"content":{"rendered":"<p style=\"text-align: justify\">Nam\u012bbija, viena no p\u0101rdro\u0161aj\u0101m \u0100frikas valst\u012bm, daudzus gadus, paliekot otras, liel\u0101kas un ietekm\u012bg\u0101kas valsts var\u0101 un izaicinot neatkar\u012bbu tikai pag\u0101ju\u0161\u0101 gadsimta 80. gadu beig\u0101s, main\u012bja z\u012bmju p\u0101ri, pirms izv\u0113l\u0113j\u0101s to, kas past\u0101v tas mirklis.<\/p>\n<p style=\"text-align: justify\">T\u0101tad m\u016bsdienu Nam\u012bbijas karogs izskat\u0101s:<\/p>\n<p style=\"text-align: justify\"><span itemprop=\"image\" itemscope itemtype=\"https:\/\/schema.org\/ImageObject\"><img itemprop=\"url image\" loading=\"lazy\" decoding=\"async\" class=\"alignnone size-full wp-image-3758\" src=\"\/wp-content\/uploads\/2021\/01\/flag-of-namibia_1.png\" width=\"500\" height=\"333\" alt=\"Nam\u012bbija-1 karogs\" \/><meta itemprop=\"width\" content=\"500\"><meta itemprop=\"height\" content=\"333\"><\/span><\/p>\n<h2 style=\"text-align: justify\">Nam\u012bbijas v\u0113stures karogs<\/h2>\n<p style=\"text-align: justify\">1. karogs, tautas z\u012bme, tika izveidots p\u0113c ang\u013cu valodas parauga devi\u0146padsmit\u0101 gadsimta 60. gadu pirmaj\u0101 pus\u0113 p\u0113c pamatiedz\u012bvot\u0101ju cilts vado\u0146a pav\u0113les. \u0160ajos gados s\u0101k\u0101s valsts kolonijas &#8211; pirm\u0101s Holandes kolonijas &#8211; koloniz\u0101cija.<\/p>\n<p style=\"text-align: justify\"><span itemprop=\"image\" itemscope itemtype=\"https:\/\/schema.org\/ImageObject\"><img itemprop=\"url image\" loading=\"lazy\" decoding=\"async\" class=\"alignnone size-full wp-image-3759\" src=\"\/wp-content\/uploads\/2021\/01\/flag-of-namibia_2.png\" width=\"500\" height=\"313\" alt=\"Nam\u012bbija-2 karogs\" \/><meta itemprop=\"width\" content=\"500\"><meta itemprop=\"height\" content=\"313\"><\/span><\/p>\n<p style=\"text-align: justify\">No 1868. l\u012bdz 1871. gadam pamatiedz\u012bvot\u0101ji izgatavoja personisku kvadr\u0101tveida z\u012bmi ar 3 kvadr\u0101tiem, melnu, sarkanu un baltu. Lietots kop\u0161 1872. gada.<\/p>\n<p style=\"text-align: justify\"><span itemprop=\"image\" itemscope itemtype=\"https:\/\/schema.org\/ImageObject\"><img itemprop=\"url image\" loading=\"lazy\" decoding=\"async\" class=\"alignnone size-full wp-image-3760\" src=\"\/wp-content\/uploads\/2021\/01\/flag-of-namibia_3.png\" width=\"500\" height=\"500\" alt=\"Nam\u012bbija-3 karogs\" \/><meta itemprop=\"width\" content=\"500\"><meta itemprop=\"height\" content=\"500\"><\/span><\/p>\n<p style=\"text-align: justify\">Ne glu\u017ei v\u0113l\u0101k, 1914. gad\u0101, taj\u0101 laik\u0101, taj\u0101 laik\u0101, laik\u0101, kad Nam\u012bbija bija V\u0101cijas p\u0101rvald\u012bb\u0101, tika izveidots jauns karogs, kas netika pie\u0146emts, jo s\u0101k\u0101s Pirm\u0101 pasaule. Kar\u0161. Beigu beig\u0101s Republika paklaus\u012bja Dienvid\u0101frikai un tai nebija sava karoga.<\/p>\n<p style=\"text-align: justify\"><span itemprop=\"image\" itemscope itemtype=\"https:\/\/schema.org\/ImageObject\"><img itemprop=\"url image\" loading=\"lazy\" decoding=\"async\" class=\"alignnone size-full wp-image-3761\" src=\"\/wp-content\/uploads\/2021\/01\/flag-of-namibia_4.png\" width=\"500\" height=\"333\" alt=\"Nam\u012bbija-4 karogs\" \/><meta itemprop=\"width\" content=\"500\"><meta itemprop=\"height\" content=\"333\"><\/span><\/p>\n<p style=\"text-align: justify\">No 1884. l\u012bdz 1914. gadam Nam\u012bbija bija da\u013ca no Dienvidrietumu \u0100frikas V\u0101cijas koloni\u0101l\u0101s biedr\u012bbas.<\/p>\n<p style=\"text-align: justify\">1962. gad\u0101 tika izveidots moderna auduma makets. Ar to tika izgatavoti karogi, karogi atsevi\u0161\u0137\u0101m dzimten\u0113m &#8211; republikas etniskaj\u0101m da\u013c\u0101m, no kur\u0101m vismaz bija personiskas kr\u0101sas un simbolika, atspogu\u013cojot to iez\u012bmi. Tolaik da\u017eas dzimtenes sa\u0146\u0113ma br\u012bvas valsts statusu un iesp\u0113ju.<\/p>\n<blockquote>\n<p style=\"text-align: justify\">Nam\u012bbijas Republikas valsts karogs tika apstiprin\u0101ts konstit\u016bcij\u0101, kas tapis saist\u012bb\u0101 ar neatkar\u012bbas pasludin\u0101\u0161anu 90. gadu pirmaj\u0101 pus\u0113 un gados.<\/p>\n<\/blockquote>\n<h2 style=\"text-align: justify\">Apraksts<\/h2>\n<p style=\"text-align: justify\">Tas sast\u0101v no trim p\u0101rs\u0113jiem, uz vienas, kas atrodas centr\u0101, aug\u0161pus\u0113 ir v\u0113l viena, ceturt\u0101. Virkne aug\u0161\u0113j\u0101 kreisaj\u0101 st\u016br\u012b ir saule, kurai ir divpadsmit stari. Vi\u0146a diametrs veido tre\u0161o da\u013cu no pane\u013cu platuma, un ass atrodas piektaj\u0101 brauciena platuma da\u013c\u0101. Starp t\u0101s sauli un stariem &#8211; zils gredzens, t\u0101 platums ir vien\u0101ds ar vienu desmito da\u013cu no saules r\u0101diusa.<\/p>\n<h2 style=\"text-align: justify\">Kr\u0101su karogs Nam\u012bbija<\/h2>\n<p>Nam\u012bbijas Republikas karoga kr\u0101sas ir \u0161\u0101das:<\/p>\n<ol>\n<li style=\"text-align: justify\">Zils;<\/li>\n<li style=\"text-align: justify\">Sarkans;<\/li>\n<li style=\"text-align: justify\">Za\u013c\u0161;<\/li>\n<li style=\"text-align: justify\">Balts;<\/li>\n<li style=\"text-align: justify\">Dzeltens.<\/li>\n<\/ol>\n<h2 style=\"text-align: justify\">Noz\u012bme kr\u0101so Nam\u012bbijas karogu<\/h2>\n<ol style=\"text-align: justify\">\n<li>Zils &#8211; debesu un Atlantijas oke\u0101na kr\u0101sa, \u016bdens, kas ir principi\u0101ls saus\u0101 klimata parametros.<\/li>\n<li>Sarkans &#8211; tautas t\u0113ls, vi\u0146a varon\u012bba un v\u0113lme sasniegt valsts labkl\u0101j\u012bbu.<\/li>\n<li>Za\u013c\u0101 \u2013 dabas resursu un lauksaimniec\u012bbas likvid\u0113\u0161ana.<\/li>\n<li>Dzeltens &#8211; Namiba tuksnesis.<\/li>\n<li>Balta &#8211; pasaules un vienot\u012bbas kr\u0101sa.<\/li>\n<li>Saule, kas atrodas uz karoga, simboliz\u0113 dego\u0161u ener\u0123iju.<\/li>\n<\/ol>\n<h2 style=\"text-align: justify\">Citi Nam\u012bbijas karogi<\/h2>\n<p style=\"text-align: justify\">Ofici\u0101l\u0101 karoga ra\u0161an\u0101s gad\u0101 tika izveidots v\u0113l viens &#8211; prezidenta karogs. Uz t\u0101 &#8211; dzeltens tr\u012bsst\u016bris ar valsts \u0123erboni, kura mal\u0101s ir zili un za\u013ci tr\u012bsst\u016bri.<\/p>\n<p style=\"text-align: justify\"><span itemprop=\"image\" itemscope itemtype=\"https:\/\/schema.org\/ImageObject\"><img itemprop=\"url image\" loading=\"lazy\" decoding=\"async\" class=\"alignnone size-full wp-image-3762\" src=\"\/wp-content\/uploads\/2021\/01\/flag-of-namibia_5.png\" width=\"500\" height=\"333\" alt=\"Nam\u012bbija-5 karogs\" \/><meta itemprop=\"width\" content=\"500\"><meta itemprop=\"height\" content=\"333\"><\/span><\/p>\n<p style=\"text-align: justify\">Policijas karogs ir zils audums ar sarkanu sv\u012btru, k\u0101 uz ofici\u0101l\u0101 karoga, kas, starp citu, atrodas aug\u0161\u0113j\u0101 kreisaj\u0101 st\u016br\u012b, bet apak\u0161\u0113j\u0101 labaj\u0101 &#8211; policijas simbols.<\/p>\n<p style=\"text-align: justify\"><span itemprop=\"image\" itemscope itemtype=\"https:\/\/schema.org\/ImageObject\"><img itemprop=\"url image\" loading=\"lazy\" decoding=\"async\" class=\"alignnone size-full wp-image-3763\" src=\"\/wp-content\/uploads\/2021\/01\/flag-of-namibia_6.png\" width=\"500\" height=\"333\" alt=\"Nam\u012bbijas-6 karogs\" \/><meta itemprop=\"width\" content=\"500\"><meta itemprop=\"height\" content=\"333\"><\/span><\/p>\n<p style=\"text-align: justify\">Man ir sava simbolika, neskaitot \u0161o un valsts politisk\u0101s partijas:<\/p>\n<ul style=\"text-align: justify\">\n<li>Kongresa demokr\u0101ti;<\/li>\n<\/ul>\n<p style=\"text-align: justify\"><span itemprop=\"image\" itemscope itemtype=\"https:\/\/schema.org\/ImageObject\"><img itemprop=\"url image\" loading=\"lazy\" decoding=\"async\" class=\"alignnone size-full wp-image-3764\" src=\"\/wp-content\/uploads\/2021\/01\/flag-of-namibia_1.jpg\" width=\"500\" height=\"307\" alt=\"Nam\u012bbijas karogs-7\" \/><meta itemprop=\"width\" content=\"500\"><meta itemprop=\"height\" content=\"307\"><\/span><\/p>\n<ul style=\"text-align: justify\">\n<li>\u0100frikas valstu savien\u012bba Caprivi;<\/li>\n<\/ul>\n<p style=\"text-align: justify\"><span itemprop=\"image\" itemscope itemtype=\"https:\/\/schema.org\/ImageObject\"><img itemprop=\"url image\" loading=\"lazy\" decoding=\"async\" class=\"alignnone size-full wp-image-3765\" src=\"\/wp-content\/uploads\/2021\/01\/flag-of-namibia_7.png\" width=\"500\" height=\"333\" alt=\"Nam\u012bbija-8 karogs\" \/><meta itemprop=\"width\" content=\"500\"><meta itemprop=\"height\" content=\"333\"><\/span><\/p>\n<ul style=\"text-align: justify\">\n<li>Virz\u012bba uz demokr\u0101tiju un progresu.<\/li>\n<\/ul>\n<p style=\"text-align: justify\"><span itemprop=\"image\" itemscope itemtype=\"https:\/\/schema.org\/ImageObject\"><img itemprop=\"url image\" loading=\"lazy\" decoding=\"async\" class=\"alignnone size-full wp-image-3766\" src=\"\/wp-content\/uploads\/2021\/01\/flag-of-namibia_8.png\" width=\"500\" height=\"299\" alt=\"Nam\u012bbija-9 karogs\" \/><meta itemprop=\"width\" content=\"500\"><meta itemprop=\"height\" content=\"299\"><\/span><\/p>\n<p style=\"text-align: justify\">Un koloni\u0101laj\u0101 un pirmspolicijas period\u0101 Nam\u012bbijai bija personiskas unik\u0101las iez\u012bmes, kas \u0161obr\u012bd tika saglab\u0101tas valsts karog\u0101.<\/p>\n<h2 style=\"text-align: justify\">Nespecializ\u0113ta inform\u0101cija par Nam\u012bbiju<\/h2>\n<table>\n<tbody>\n<tr style=\"text-align: justify\">\n<td>Ofici\u0101l\u0101 valoda<\/td>\n<td>Ang\u013cu<\/td>\n<\/tr>\n<tr style=\"text-align: justify\">\n<td>Kapit\u0101ls<\/td>\n<td>Windhoupse<\/td>\n<\/tr>\n<tr style=\"text-align: justify\">\n<td>Teritorija<\/td>\n<td>825 418 km2<\/td>\n<\/tr>\n<tr style=\"text-align: justify\">\n<td>Popul\u0101cija<\/td>\n<td>2\u00a0533\u00a0794 cilv\u0113ki<\/td>\n<\/tr>\n<tr style=\"text-align: justify\">\n<td>Val\u016bta<\/td>\n<td>Nam\u012bbijas dol\u0101rs<\/td>\n<\/tr>\n<tr>\n<td style=\"text-align: justify\">Telefona kods<\/td>\n<td style=\"text-align: justify\">+264<\/td>\n<\/tr>\n<\/tbody>\n<\/table>\n","protected":false},"excerpt":{"rendered":"<p>Nam\u012bbija, viena no p\u0101rdro\u0161aj\u0101m \u0100frikas valst\u012bm, daudzus gadus, paliekot otras, liel\u0101kas un ietekm\u012bg\u0101kas valsts var\u0101 un izaicinot neatkar\u012bbu tikai pag\u0101ju\u0161\u0101 gadsimta 80. gadu beig\u0101s, main\u012bja z\u012bmju p\u0101ri, pirms&#8230;<\/p>\n","protected":false},"author":1,"featured_media":5913,"comment_status":"open","ping_status":"open","sticky":false,"template":"","format":"standard","meta":{"footnotes":""},"categories":[5],"tags":[],"class_list":["post-1616","post","type-post","status-publish","format-standard","has-post-thumbnail","","category-frikas-valstu-karogi"],"aioseo_notices":[],"_links":{"self":[{"href":"https:\/\/flags-world.com\/lv\/wp-json\/wp\/v2\/posts\/1616","targetHints":{"allow":["GET"]}}],"collection":[{"href":"https:\/\/flags-world.com\/lv\/wp-json\/wp\/v2\/posts"}],"about":[{"href":"https:\/\/flags-world.com\/lv\/wp-json\/wp\/v2\/types\/post"}],"author":[{"embeddable":true,"href":"https:\/\/flags-world.com\/lv\/wp-json\/wp\/v2\/users\/1"}],"replies":[{"embeddable":true,"href":"https:\/\/flags-world.com\/lv\/wp-json\/wp\/v2\/comments?post=1616"}],"version-history":[{"count":0,"href":"https:\/\/flags-world.com\/lv\/wp-json\/wp\/v2\/posts\/1616\/revisions"}],"wp:featuredmedia":[{"embeddable":true,"href":"https:\/\/flags-world.com\/lv\/wp-json\/wp\/v2\/media\/5913"}],"wp:attachment":[{"href":"https:\/\/flags-world.com\/lv\/wp-json\/wp\/v2\/media?parent=1616"}],"wp:term":[{"taxonomy":"category","embeddable":true,"href":"https:\/\/flags-world.com\/lv\/wp-json\/wp\/v2\/categories?post=1616"},{"taxonomy":"post_tag","embeddable":true,"href":"https:\/\/flags-world.com\/lv\/wp-json\/wp\/v2\/tags?post=1616"}],"curies":[{"name":"wp","href":"https:\/\/api.w.org\/{rel}","templated":true}]}}