{"id":1615,"date":"2021-01-04T17:18:16","date_gmt":"2021-01-04T14:18:16","guid":{"rendered":"https:\/\/flags-world.com\/lv\/2021\/01\/04\/mjanmas-karogs-nozme-un-krsa\/"},"modified":"2021-01-04T17:18:16","modified_gmt":"2021-01-04T14:18:16","slug":"mjanmas-karogs-nozme-un-krsa","status":"publish","type":"post","link":"https:\/\/flags-world.com\/lv\/mjanmas-karogs-nozme-un-krsa\/","title":{"rendered":"Mjanmas karogs: noz\u012bme un kr\u0101sa"},"content":{"rendered":"<p style=\"text-align: justify\">Mjanma (bijus\u012b Birma) &#8211; maza vald\u012bba Dienvidaustrum\u0101zij\u0101. Paliekot varen\u0101ku kaimi\u0146u ielenkum\u0101, valsts nav iekarota, mainot ne tikai nosaukumu, bet ar\u012b pa\u0161vald\u012bbas karogu.<\/p>\n<p style=\"text-align: justify\">T\u0101tad m\u016bsdienu Mjanmas karogs izskat\u0101s:<\/p>\n<p style=\"text-align: justify\"><span itemprop=\"image\" itemscope itemtype=\"https:\/\/schema.org\/ImageObject\"><img itemprop=\"url image\" loading=\"lazy\" decoding=\"async\" class=\"alignnone size-full wp-image-3742\" src=\"\/wp-content\/uploads\/2021\/01\/flag-of-myanmar_1.png\" width=\"500\" height=\"333\" alt=\"Mjanmas karogs-1\" \/><meta itemprop=\"width\" content=\"500\"><meta itemprop=\"height\" content=\"333\"><\/span><\/p>\n<h2 style=\"text-align: justify\">V\u0113stures karogs Mjanma<\/h2>\n<p style=\"text-align: justify\">Viens no pirmajiem atpaz\u012bstamajiem karogiem bija pamats ar p\u0101va att\u0113lu. Vi\u0146\u0161 k\u013cuva par pavi\u0101nu \u0123imenes, imp\u0113rijas Tre\u0161\u0101 birmie\u0161u, pa\u0161vald\u012bbas z\u012bmi, kas vald\u012bja \u0161aj\u0101s zem\u0113s no 1752. l\u012bdz 1853. gadam.<\/p>\n<p style=\"text-align: justify\"><span itemprop=\"image\" itemscope itemtype=\"https:\/\/schema.org\/ImageObject\"><img itemprop=\"url image\" loading=\"lazy\" decoding=\"async\" class=\"alignnone size-full wp-image-3744\" src=\"\/wp-content\/uploads\/2021\/01\/flag-of-myanmar_2.png\" width=\"500\" height=\"333\" alt=\"Mjanmas karogs-2\" \/><meta itemprop=\"width\" content=\"500\"><meta itemprop=\"height\" content=\"333\"><\/span><\/p>\n<ul>\n<li style=\"text-align: justify\">No 1853. l\u012bdz 1876. gadam past\u0101v\u0113ja Birmas imp\u0113rija ar karogu un sarkanu Meln\u0101 krusta att\u0113lu.<\/li>\n<\/ul>\n<p style=\"text-align: justify\"><span itemprop=\"image\" itemscope itemtype=\"https:\/\/schema.org\/ImageObject\"><img itemprop=\"url image\" loading=\"lazy\" decoding=\"async\" class=\"alignnone size-full wp-image-3745\" src=\"\/wp-content\/uploads\/2021\/01\/flag-of-myanmar_3.png\" width=\"500\" height=\"286\" alt=\"Mjanmas karogs-3\" \/><meta itemprop=\"width\" content=\"500\"><meta itemprop=\"height\" content=\"286\"><\/span><\/p>\n<ul>\n<li style=\"text-align: justify\">No 1824. l\u012bdz 1937. gadam ang\u013cu Birma izmantoja Anglijas karogu.<\/li>\n<\/ul>\n<p style=\"text-align: justify\"><span itemprop=\"image\" itemscope itemtype=\"https:\/\/schema.org\/ImageObject\"><img itemprop=\"url image\" loading=\"lazy\" decoding=\"async\" class=\"alignnone size-full wp-image-3746\" src=\"\/wp-content\/uploads\/2021\/01\/flag-of-myanmar_4.png\" width=\"500\" height=\"250\" alt=\"Mjanmas karogs-4\" \/><meta itemprop=\"width\" content=\"500\"><meta itemprop=\"height\" content=\"250\"><\/span><\/p>\n<ul>\n<li style=\"text-align: justify\">No 1937.\u00a0gada l\u012bdz 1941.\u00a0gadam vald\u012bba pa\u0146\u0113ma karogu: tum\u0161i zilu audumu ar Anglijas karogu mirdzum\u0101. Karoga labaj\u0101 pus\u0113 &#8211; ierakst\u012bts P\u0101va apl\u012b.<\/li>\n<\/ul>\n<p style=\"text-align: justify\"><span itemprop=\"image\" itemscope itemtype=\"https:\/\/schema.org\/ImageObject\"><img itemprop=\"url image\" loading=\"lazy\" decoding=\"async\" class=\"alignnone size-full wp-image-3747\" src=\"\/wp-content\/uploads\/2021\/01\/flag-of-myanmar_5.png\" width=\"500\" height=\"250\" alt=\"Mjanmas karogs-5\" \/><meta itemprop=\"width\" content=\"500\"><meta itemprop=\"height\" content=\"250\"><\/span><\/p>\n<ul>\n<li style=\"text-align: justify\">Kop\u0161 1941. &#8211; 1942. gadam izmantoja atsevi\u0161\u0137as kolonijas karogu.<\/li>\n<\/ul>\n<p style=\"text-align: justify\"><span itemprop=\"image\" itemscope itemtype=\"https:\/\/schema.org\/ImageObject\"><img itemprop=\"url image\" loading=\"lazy\" decoding=\"async\" class=\"alignnone size-full wp-image-3747\" src=\"\/wp-content\/uploads\/2021\/01\/flag-of-myanmar_5.png\" width=\"500\" height=\"250\" alt=\"Mjanmas karogs-5\" \/><meta itemprop=\"width\" content=\"500\"><meta itemprop=\"height\" content=\"250\"><\/span><\/p>\n<p style=\"text-align: justify\">No 1943. l\u012bdz 1945. gadam Birma bija uzleco\u0161\u0101s saules vald\u012bbas okup\u0113t\u0101s vald\u012bbas pak\u013caut\u012bb\u0101. Tajos gados karogs tika izmantots ar 3 horizont\u0101l\u0101m dzelten\u012bgu, za\u013cganu, sarkanu kr\u0101su sv\u012btr\u0101m. Centr\u0101 bija balts aplis ar p\u0101viem.<\/p>\n<p style=\"text-align: justify\"><span itemprop=\"image\" itemscope itemtype=\"https:\/\/schema.org\/ImageObject\"><img itemprop=\"url image\" loading=\"lazy\" decoding=\"async\" class=\"alignnone size-full wp-image-3749\" src=\"\/wp-content\/uploads\/2021\/01\/flag-of-myanmar_6.png\" width=\"500\" height=\"350\" alt=\"Mjanmas karogs-7\" \/><meta itemprop=\"width\" content=\"500\"><meta itemprop=\"height\" content=\"350\"><\/span><\/p>\n<ul>\n<li style=\"text-align: justify\">No 1943. l\u012bdz 1945. gadam Jap\u0101nas okup\u0101cijas laik\u0101 to izmantoja vien\u0101 karog\u0101.<\/li>\n<\/ul>\n<p style=\"text-align: justify\"><span itemprop=\"image\" itemscope itemtype=\"https:\/\/schema.org\/ImageObject\"><img itemprop=\"url image\" loading=\"lazy\" decoding=\"async\" class=\"alignnone size-full wp-image-3750\" src=\"\/wp-content\/uploads\/2021\/01\/flag-of-myanmar_7.png\" width=\"500\" height=\"333\" alt=\"Mjanmas karogs-8\" \/><meta itemprop=\"width\" content=\"500\"><meta itemprop=\"height\" content=\"333\"><\/span><\/p>\n<ul>\n<li style=\"text-align: justify\">P\u0113d\u0113j\u0101 okup\u0101cijas gad\u0101 atkal nomain\u012bja karogu.<\/li>\n<\/ul>\n<p style=\"text-align: justify\"><span itemprop=\"image\" itemscope itemtype=\"https:\/\/schema.org\/ImageObject\"><img itemprop=\"url image\" loading=\"lazy\" decoding=\"async\" class=\"alignnone size-full wp-image-3751\" src=\"\/wp-content\/uploads\/2021\/01\/flag-of-myanmar_8.png\" width=\"500\" height=\"333\" alt=\"Mjanmas karogs-9\" \/><meta itemprop=\"width\" content=\"500\"><meta itemprop=\"height\" content=\"333\"><\/span><\/p>\n<p style=\"text-align: justify\">V\u0113l\u0101k atgriez\u0101s pie zil\u0101 karoga ar z\u012bmi Anglija aug\u0161\u0113j\u0101 kreisaj\u0101 st\u016br\u012b un p\u0101vu labaj\u0101 pus\u0113.<\/p>\n<p style=\"text-align: justify\">1948. gada 4. janv\u0101r\u012b Birma atbr\u012bvoj\u0101s no Anglijas Un vi\u0146\u0161 pa\u0146\u0113ma jaunu sarkanu karogu ar zilu ceturtda\u013cu aug\u0161\u0113j\u0101 kreisaj\u0101 st\u016br\u012b ar zvaigzn\u0113m. Liel\u0101 zvaigzne personific\u0113ja savien\u012bbu, un 5 zvaigznes ap to bija 5 etnisk\u0101s z\u012bmes.<\/p>\n<p style=\"text-align: justify\"><span itemprop=\"image\" itemscope itemtype=\"https:\/\/schema.org\/ImageObject\"><img itemprop=\"url image\" loading=\"lazy\" decoding=\"async\" class=\"alignnone size-full wp-image-3752\" src=\"\/wp-content\/uploads\/2021\/01\/flag-of-myanmar_9.png\" width=\"500\" height=\"278\" alt=\"Mjanmas karogs-10\" \/><meta itemprop=\"width\" content=\"500\"><meta itemprop=\"height\" content=\"278\"><\/span><\/p>\n<p style=\"text-align: justify\">Karogs bija ofici\u0101ls l\u012bdz 1974. gada s\u0101kumam &#8211; tie\u0161i tad \u0161\u0137ita Birmas alianses Soci\u0101listisk\u0101 Republika. Karogs apmain\u012bts un karogs: zvaig\u017e\u0146u viet\u0101 aitas r\u012bsus ieskauj 14 zvaigznes. Sheaf Rise ir darba veiksme un klase. Zvaigznes &#8211; valsts administrat\u012bv\u0101 iedal\u012bjuma paz\u012bmes.<\/p>\n<p style=\"text-align: justify\"><span itemprop=\"image\" itemscope itemtype=\"https:\/\/schema.org\/ImageObject\"><img itemprop=\"url image\" loading=\"lazy\" decoding=\"async\" class=\"alignnone size-full wp-image-3753\" src=\"\/wp-content\/uploads\/2021\/01\/flag-of-myanmar_10.png\" width=\"500\" height=\"278\" alt=\"Mjanmas karogs-11\" \/><meta itemprop=\"width\" content=\"500\"><meta itemprop=\"height\" content=\"278\"><\/span><\/p>\n<p style=\"text-align: justify\">2010. gad\u0101 vald\u012bba apstiprin\u0101ja jaunu valsts nosaukumu &#8211; Mjanmas Savien\u012bbas Republika. Kop\u0101 ar \u0161o apstiprin\u0101to un jaunu modernu karogu.<\/p>\n<p style=\"text-align: justify\">2008. gad\u0101 olimpi\u0101des laik\u0101 \u0136\u012bn\u0101 fani no Taiv\u0101nas vicin\u0101ja Mjanmas karogu, t. Uz. Taiv\u0101nas karogs ir aizliegts.<\/p>\n<h2 style=\"text-align: justify\">Mjanmas karoga apraksts<\/h2>\n<p style=\"text-align: justify\">Taisnst\u016bra formas karogs, salok\u0101ms no 3 izometrisk\u0101m horizont\u0101l\u0101m sv\u012btr\u0101m: dzeltenas, za\u013cas un sarkanas. Pane\u013ca centr\u0101 atrodas liela balta piecstaru zvaigzne. Jaunais valsts karogs &#8211; Birmas valsts un Birmas baneru kombin\u0101cija.<\/p>\n<p style=\"text-align: justify\">Mjanmas karogs atg\u0101dina Lietuvas valsts teritoriju ar vien\u012bgo at\u0161\u0137ir\u012bbu, ka tas ir papildin\u0101ts ar baltu zvaigzni.<\/p>\n<h2 style=\"text-align: justify\">Noz\u012bm\u0113\u00a0kr\u0101su\u00a0karogs Mjanm\u0101<\/h2>\n<ul style=\"text-align: justify\">\n<li>Tr\u012bs daudzkr\u0101sainas sv\u012btras uz kaklasaites &#8211; miera, stabilit\u0101tes un drosmes z\u012bmes, attiec\u012bgie valsts iedz\u012bvot\u0101ji.<\/li>\n<li>Rekl\u0101mkaroga centr\u0101 ir novietota piecstaru balta zvaigzne.<\/li>\n<li>Vi\u0146as karoga za\u013c\u0101 kr\u0101sa simboliz\u0113 pasauli, mieru un labkl\u0101j\u012bbu; Par visu valsts iedz\u012bvot\u0101ju solidarit\u0101ti atbild dzelten\u0101 kr\u0101sa, un sarkan\u0101 kr\u0101sa liecina par ap\u0146\u0113m\u012bbu un varon\u012bbu.<\/li>\n<li>Milz\u012bga balta zvaigzne &#8211; valsts bezgal\u012bg\u0101s past\u0101v\u0113\u0161anas simbols.<\/li>\n<\/ul>\n<blockquote>\n<p style=\"text-align: justify\">Beidzoties jaun\u0101 karoga apstiprin\u0101\u0161anai, vald\u012bba uzlika valsts iedz\u012bvot\u0101jiem pien\u0101kumu sadedzin\u0101t visus iepriek\u0161\u0113jos re\u017e\u012bmos izmantotos twisterus. No \u0161\u012b br\u012b\u017ea valsts iedz\u012bvot\u0101jiem bija tie\u0161i j\u0101saista sevi ar jauno karogu.<\/p>\n<\/blockquote>\n<h2 style=\"text-align: justify\">Citi karogi Mjanma<\/h2>\n<ul style=\"text-align: justify\">\n<li>Nacion\u0101l\u0101s demokr\u0101tijas l\u012bgas karogs;<\/li>\n<\/ul>\n<p style=\"text-align: justify\"><span itemprop=\"image\" itemscope itemtype=\"https:\/\/schema.org\/ImageObject\"><img itemprop=\"url image\" loading=\"lazy\" decoding=\"async\" class=\"alignnone size-full wp-image-3754\" src=\"\/wp-content\/uploads\/2021\/01\/flag-of-myanmar_11.png\" width=\"500\" height=\"296\" alt=\"Mjanmijas karogs\" \/><meta itemprop=\"width\" content=\"500\"><meta itemprop=\"height\" content=\"296\"><\/span><\/p>\n<ul style=\"text-align: justify\">\n<li>J\u016bras sp\u0113ku karogs, Mjanma.<\/li>\n<\/ul>\n<p style=\"text-align: justify\"><span itemprop=\"image\" itemscope itemtype=\"https:\/\/schema.org\/ImageObject\"><img itemprop=\"url image\" loading=\"lazy\" decoding=\"async\" class=\"alignnone size-full wp-image-3755\" src=\"\/wp-content\/uploads\/2021\/01\/flag-of-myanmar_12.png\" width=\"500\" height=\"278\" alt=\"Mjanmas karogs-13\" \/><meta itemprop=\"width\" content=\"500\"><meta itemprop=\"height\" content=\"278\"><\/span><\/p>\n<p style=\"text-align: justify\">Mjanma ir nog\u0101jusi garu ce\u013cu, lai pan\u0101ktu piln\u012bgu pa\u0161noteik\u0161anos un neatkar\u012bbu, un \u0161is ce\u013c\u0161 nav beidzies iepriek\u0161.<\/p>\n<h2 style=\"text-align: justify\">Nespecializ\u0113ta inform\u0101cija par Mjanmu<\/h2>\n<table style=\"width: 100%;height: 144px\">\n<tbody>\n<tr style=\"height: 24px;text-align: justify\">\n<td style=\"height: 24px\">Ofici\u0101l\u0101 valoda<\/td>\n<td style=\"height: 24px\">birmietis<\/td>\n<\/tr>\n<tr style=\"height: 24px;text-align: justify\">\n<td style=\"height: 24px\">Kapit\u0101ls<\/td>\n<td style=\"height: 24px\">Napyido<\/td>\n<\/tr>\n<tr style=\"height: 24px;text-align: justify\">\n<td style=\"height: 24px\">Teritorija<\/td>\n<td style=\"height: 24px\">678 500 km2<\/td>\n<\/tr>\n<tr style=\"height: 24px;text-align: justify\">\n<td style=\"height: 24px\">Popul\u0101cija<\/td>\n<td style=\"height: 24px\">52 885 223 cilv\u0113ki<\/td>\n<\/tr>\n<tr style=\"height: 24px;text-align: justify\">\n<td style=\"height: 24px\">Val\u016bta<\/td>\n<td style=\"height: 24px\">Mjanmas kiata<\/td>\n<\/tr>\n<tr style=\"height: 24px\">\n<td style=\"height: 24px;text-align: justify\">Telefona kods<\/td>\n<td style=\"height: 24px;text-align: justify\">+95<\/td>\n<\/tr>\n<\/tbody>\n<\/table>\n","protected":false},"excerpt":{"rendered":"<p>Mjanma (bijus\u012b Birma) &#8211; maza vald\u012bba Dienvidaustrum\u0101zij\u0101. Paliekot varen\u0101ku kaimi\u0146u ielenkum\u0101, valsts nav iekarota, mainot ne tikai nosaukumu, bet ar\u012b pa\u0161vald\u012bbas karogu. T\u0101tad m\u016bsdienu Mjanmas karogs izskat\u0101s: V\u0113stures&#8230;<\/p>\n","protected":false},"author":1,"featured_media":5908,"comment_status":"open","ping_status":"open","sticky":false,"template":"","format":"standard","meta":{"footnotes":""},"categories":[2],"tags":[],"class_list":["post-1615","post","type-post","status-publish","format-standard","has-post-thumbnail","","category-zijas-karogi"],"aioseo_notices":[],"_links":{"self":[{"href":"https:\/\/flags-world.com\/lv\/wp-json\/wp\/v2\/posts\/1615","targetHints":{"allow":["GET"]}}],"collection":[{"href":"https:\/\/flags-world.com\/lv\/wp-json\/wp\/v2\/posts"}],"about":[{"href":"https:\/\/flags-world.com\/lv\/wp-json\/wp\/v2\/types\/post"}],"author":[{"embeddable":true,"href":"https:\/\/flags-world.com\/lv\/wp-json\/wp\/v2\/users\/1"}],"replies":[{"embeddable":true,"href":"https:\/\/flags-world.com\/lv\/wp-json\/wp\/v2\/comments?post=1615"}],"version-history":[{"count":0,"href":"https:\/\/flags-world.com\/lv\/wp-json\/wp\/v2\/posts\/1615\/revisions"}],"wp:featuredmedia":[{"embeddable":true,"href":"https:\/\/flags-world.com\/lv\/wp-json\/wp\/v2\/media\/5908"}],"wp:attachment":[{"href":"https:\/\/flags-world.com\/lv\/wp-json\/wp\/v2\/media?parent=1615"}],"wp:term":[{"taxonomy":"category","embeddable":true,"href":"https:\/\/flags-world.com\/lv\/wp-json\/wp\/v2\/categories?post=1615"},{"taxonomy":"post_tag","embeddable":true,"href":"https:\/\/flags-world.com\/lv\/wp-json\/wp\/v2\/tags?post=1615"}],"curies":[{"name":"wp","href":"https:\/\/api.w.org\/{rel}","templated":true}]}}