{"id":1614,"date":"2021-01-04T17:18:16","date_gmt":"2021-01-04T14:18:16","guid":{"rendered":"https:\/\/flags-world.com\/lv\/2021\/01\/04\/mozambikas-karogs-nozme-un-krsas\/"},"modified":"2021-01-04T17:18:16","modified_gmt":"2021-01-04T14:18:16","slug":"mozambikas-karogs-nozme-un-krsas","status":"publish","type":"post","link":"https:\/\/flags-world.com\/lv\/mozambikas-karogs-nozme-un-krsas\/","title":{"rendered":"Mozambikas karogs: noz\u012bme un kr\u0101sas"},"content":{"rendered":"<p style=\"text-align: justify\">Mozambikas Republika atrodas \u0100frikas dienvidu da\u013c\u0101. Nepiev\u0113r\u0161ot uzman\u012bbu milz\u012bgajam att\u0101lumam starp Krieviju un vi\u0146u, ir kaut kas, kas saista m\u016bsu valstis. Otrie v\u0101rdi &#8211; z\u012bme, kas att\u0113lota uz Mozambikas karoga.<\/p>\n<p style=\"text-align: justify\">T\u0101tad m\u016bsdienu Mozambikas karogs izskat\u0101s:<\/p>\n<p style=\"text-align: justify\"><span itemprop=\"image\" itemscope itemtype=\"https:\/\/schema.org\/ImageObject\"><img itemprop=\"url image\" loading=\"lazy\" decoding=\"async\" class=\"alignnone size-full wp-image-3736\" src=\"\/wp-content\/uploads\/2021\/01\/flag-of-mozambique_1.png\" width=\"500\" height=\"333\" alt=\"Mozambikas karogs-1\" \/><meta itemprop=\"width\" content=\"500\"><meta itemprop=\"height\" content=\"333\"><\/span><\/p>\n<h2 style=\"text-align: justify\">Mozambikas v\u0113stures karogs<\/h2>\n<p style=\"text-align: justify\">Mozambikas karogs ir viena no Mozambikas Republikas pa\u0161vald\u012bbas z\u012bm\u0113m. M\u016bsdienu karoga versija tika pie\u0146emta XX gadsimta 80. gadu pirmaj\u0101 pus\u0113.<\/p>\n<p style=\"text-align: justify\">Pirms atbr\u012bvo\u0161anas Mozambika bija Portug\u0101les kolonija.<\/p>\n<p style=\"text-align: justify\">Divdesmit\u0101 gadsimta 60. gadu 2. pus\u0113 gr\u0101mat\u0101, kas bija velt\u012bta pak\u013caut\u0101s Portug\u0101les zemes \u0123erbonim, vi\u0146as Almeidas izveidot\u0101js tagad deva padomei iepaz\u012bstin\u0101t ar pa\u0161as Portug\u0101les pa\u0161vald\u012bbas z\u012bmju b\u0101zes kop\u0113jo \u012bpa\u0161umu. \u0136irurgi ar to tika ierosin\u0101ti uz auduma noteiktas provinces \u0123erboni. Mozambikas \u0123erbonis taj\u0101 laik\u0101 bija no 3 da\u013c\u0101m salok\u0101ms vairogs. Apak\u0161da\u013c\u0101 bija att\u0113loti sudraba un za\u013cganu kr\u0101su vi\u013c\u0146i, aug\u0161st\u0101v\u0101, labaj\u0101 pus\u0113 &#8211; 5 vairogi ar pieciem nagiem, labaj\u0101 &#8211; septi\u0146i aug za\u013cgani, iz\u0161\u016bti ar sarkanu bizi.<\/p>\n<p style=\"text-align: justify\"><span itemprop=\"image\" itemscope itemtype=\"https:\/\/schema.org\/ImageObject\"><img itemprop=\"url image\" loading=\"lazy\" decoding=\"async\" class=\"alignnone size-full wp-image-3737\" src=\"\/wp-content\/uploads\/2021\/01\/flag-of-mozambique_2.png\" width=\"500\" height=\"333\" alt=\"Mozambikas karogs-2\" \/><meta itemprop=\"width\" content=\"500\"><meta itemprop=\"height\" content=\"333\"><\/span><\/p>\n<p style=\"text-align: justify\">Ta\u010du Portug\u0101les vald\u012bba, kas tam netic\u0113ja, neizskat\u012bja \u0161o priek\u0161likumu un v\u0113l jo vair\u0101k \u2014 uz t\u0101s karoga novietot Mozambikas \u0123erboni.<\/p>\n<p style=\"text-align: justify\">20. gadsimta 62. gad\u0101, Mozambikas (Frelimo) atbr\u012bvo\u0161anas frontes izveides beig\u0101s, paraugs, kas l\u012bdzin\u0101s m\u016bsdienu. Za\u013cas, melnas, dzeltenas sv\u012btras, kop\u012bgs balts un sarkans tr\u012bsst\u016bris, kas atrodas blakus.<\/p>\n<p style=\"text-align: justify\"><span itemprop=\"image\" itemscope itemtype=\"https:\/\/schema.org\/ImageObject\"><img itemprop=\"url image\" loading=\"lazy\" decoding=\"async\" class=\"alignnone size-full wp-image-3738\" src=\"\/wp-content\/uploads\/2021\/01\/flag-of-mozambique_3.png\" width=\"500\" height=\"312\" alt=\"Mozambikas karogs-3\" \/><meta itemprop=\"width\" content=\"500\"><meta itemprop=\"height\" content=\"312\"><\/span><\/p>\n<p style=\"text-align: justify\">1975. gad\u0101 tika pasludin\u0101ta neatkar\u012bba un jauna. Saglab\u0101jot sloks\u0146u kr\u0101sas, veidot\u0101ji t\u0101s ievietoju\u0161i 7 \u0137\u012b\u013cu veid\u0101, kas atdal\u012bti no nespecializ\u0113ta punkta aug\u0161\u0113j\u0101 kreisaj\u0101 st\u016br\u012b. Taj\u0101 pa\u0161\u0101 st\u016br\u012b embl\u0113ma ar atv\u0113rtu gr\u0101matu, jaut\u0101jiet un kapl\u0113jiet.<\/p>\n<p style=\"text-align: justify\"><span itemprop=\"image\" itemscope itemtype=\"https:\/\/schema.org\/ImageObject\"><img itemprop=\"url image\" loading=\"lazy\" decoding=\"async\" class=\"alignnone size-full wp-image-3739\" src=\"\/wp-content\/uploads\/2021\/01\/flag-of-mozambique_4.png\" width=\"500\" height=\"300\" alt=\"Mozambikas karogs-4\" \/><meta itemprop=\"width\" content=\"500\"><meta itemprop=\"height\" content=\"300\"><\/span><\/p>\n<p style=\"text-align: justify\">1983. gada apr\u012bl\u012b Frelimo karogs ar pievienoto atv\u0113rt\u0101s gr\u0101matas z\u012bmi AK un Moth.<\/p>\n<p style=\"text-align: justify\"><span itemprop=\"image\" itemscope itemtype=\"https:\/\/schema.org\/ImageObject\"><img itemprop=\"url image\" loading=\"lazy\" decoding=\"async\" class=\"alignnone size-full wp-image-3740\" src=\"\/wp-content\/uploads\/2021\/01\/flag-of-mozambique_5.png\" width=\"500\" height=\"333\" alt=\"Mozambikas karogs-5\" \/><meta itemprop=\"width\" content=\"500\"><meta itemprop=\"height\" content=\"333\"><\/span><\/p>\n<p style=\"text-align: justify\">M\u016bsdienu versija ir apstiprin\u0101ta s\u0101kotn\u0113j\u0101 1983.\u00a0gada maija dien\u0101.<\/p>\n<blockquote>\n<p style=\"text-align: justify\">2005. gad\u0101 tika m\u0113\u0123in\u0101ts aktualiz\u0113t Mozambikas karogu, \u0123erboni un himnu: tika prezent\u0113ti 119 darbi, neskaitot \u0161o izv\u0113l\u0113to lab\u0101ko pied\u0101v\u0101jumu, bet v\u0113l\u0101k tas netika virz\u012bts.<\/p>\n<\/blockquote>\n<h2 style=\"text-align: justify\">Apraksts<\/h2>\n<p style=\"text-align: justify\">Mozambikas Republikas karogs izskat\u0101s k\u0101 taisnst\u016bris, kur\u0101 ir 3 platas joslas, kas atrodas horizont\u0101li. Sloksn\u0113m ir vien\u0101ds platums. Sv\u012btru kr\u0101sas no aug\u0161as uz leju: za\u013ca, melna un dzeltena. Tie ir sadal\u012bti viens no otra ar \u0161aur\u0101m balt\u0101m sv\u012btr\u0101m.<\/p>\n<p style=\"text-align: justify\">St\u012bgu ievieto sarkan\u0101 tr\u012bsst\u016br\u012b. T\u0101s pamats sapl\u016bst ar karoga \u016bde\u0146iem. Divas citas puses, monotona izm\u0113ra, veido asu le\u0146\u0137i, kas v\u0113rsta uz pane\u013ca centru, nesasniedzot centr\u0101lo punktu.<\/p>\n<p style=\"text-align: justify\">Trijst\u016bra vid\u016b &#8211; milz\u012bga izm\u0113ra piecstaru zvaigzne dzelten\u0101 kr\u0101s\u0101. Uz zvaigznes ievietoja atv\u0113rtu baltu gr\u0101matu. Tam virs\u016b &#8211; stiliz\u0113ts sakrustotu kap\u013cu un Kala\u0161\u0146ikova ma\u0161\u012bnas att\u0113ls, kr\u0101sots meln\u0101 kr\u0101s\u0101.<\/p>\n<p style=\"text-align: justify\">Ma\u0161\u012bnas Appleton pagriez\u012bsies uz leju kreisaj\u0101 pus\u0113. Stumbrs &#8211; piet\u016bkums labaj\u0101 pus\u0113. Labaj\u0101 pus\u0113 veikals AK piez\u012bmes. \u0160\u0137\u0113rsojot vi\u0146a kaplis rokturis ir v\u0113rsts pa labi, darba da\u013ca ir uzbriest pa kreisi. Kap\u013ca grie\u0161anas mala ir pagriezta pret trijst\u016bra pamatni, uz d\u016bzi.<\/p>\n<blockquote>\n<p style=\"text-align: justify\">\u0160obr\u012bd Mozambika ir vien\u012bg\u0101 vald\u012bba pasaul\u0113, uz kuras karoga atrodas.<\/p>\n<\/blockquote>\n<h2 style=\"text-align: justify\">Mozambikas kr\u0101su karogs<\/h2>\n<p style=\"text-align: justify\">Uz taisnst\u016bra ir 5 kr\u0101sas, otrie v\u0101rdi:<\/p>\n<ol style=\"text-align: justify\">\n<li>Sarkans;<\/li>\n<li>Za\u013c\u0161;<\/li>\n<li>Melns;<\/li>\n<li>Balts;<\/li>\n<li>Zeltaini dzeltens.<\/li>\n<\/ol>\n<blockquote>\n<p style=\"text-align: justify\">Vismaz da\u017ei no tiem &#8211; nav nejau\u0161i, tiem ir personiska b\u016bt\u012bba.<\/p>\n<\/blockquote>\n<h2 style=\"text-align: justify\">Noz\u012bm\u0113 kr\u0101su karogs Mozambikas<\/h2>\n<ol style=\"text-align: justify\">\n<li>Par za\u013co liecina augu pasaules perspekt\u012bva.<\/li>\n<li>Melns nor\u0101da, ka vald\u012bba atrodas \u0100frik\u0101.<\/li>\n<li>Sarkan\u0101 kr\u0101sa &#8211; simbols c\u012b\u0146ai pret kolonizatoriem, atbalsta un uzvaras suverenit\u0101ti.<\/li>\n<li>Balt\u0101 kr\u0101sa &#8211; Mozambikas iedz\u012bvot\u0101ju domu t\u012br\u012bba c\u012b\u0146\u0101 par mieru, vi\u0146a god\u012bgumu un taisn\u012bgumu.<\/li>\n<li>Zelta dzelten\u0101 kr\u0101sa nor\u0101da uz miner\u0101lu labkl\u0101j\u012bbu.<\/li>\n<li>Zvaigzne tr\u012bsst\u016bra centr\u0101 &#8211; cer\u012bbas simbols Ukrainas iedz\u012bvot\u0101ju solidarit\u0101tei ar Ukrainas iedz\u012bvot\u0101jiem.<\/li>\n<li>Par atv\u0113rtu gr\u0101matu liecina izgl\u012bt\u012bba, kurai vald\u012bba pie\u0161\u0137ir noz\u012bmi.<\/li>\n<li>Moth &#8211; ra\u017eo\u0161anas un god\u012bga darba simbols.<\/li>\n<li>Kala\u0161\u0146ikovs &#8211; instruments, ko izmanto aizsardz\u012bbai un suverenit\u0101tes aizsardz\u012bbai.<\/li>\n<\/ol>\n<blockquote>\n<p style=\"text-align: justify\">Valsts Kala\u0161\u0146ikova pilso\u0146i atrad\u0101s uz valsts simbola simbol\u0101, kas apliecina AK-47 neparasto lomu c\u012b\u0146\u0101 par neatkar\u012bbu.<\/p>\n<\/blockquote>\n<h2 style=\"text-align: justify\">Interesanti fakti par karogu<\/h2>\n<p style=\"text-align: justify\">Ir \u0146emti atk\u0101rtoti paraugi, lai no\u0146emtu no karoga. Jo \u012bpa\u0161i cent\u012bg\u0101 opoz\u012bcija m\u0113\u0123in\u0101ja filmas &quot;Armory Baron&quot; izn\u0101k\u0161anas beig\u0101s ar Nikolasu Keid\u017eu galvenaj\u0101 lom\u0101.<\/p>\n<p style=\"text-align: justify\">Amerik\u0101\u0146u kaujinieks izmantoja drosm\u012bga, krievu uz\u0146\u0113m\u0113ja Viktora Buta galvas izk\u0101rtojumu, kuru ASV vad\u012bba ilgu laiku nosod\u012bja par neleg\u0101lu iero\u010da tirdzniec\u012bbu. Film\u0101s par iero\u010du pieg\u0101di Mozambik\u0101 tika apspriesta Mozambika.<\/p>\n<h2 style=\"text-align: justify\">Nespecializ\u0113ta inform\u0101cija par Mozambiku<\/h2>\n<table>\n<tbody>\n<tr style=\"text-align: justify\">\n<td>Ofici\u0101l\u0101 valoda<\/td>\n<td>portug\u0101\u013cu<\/td>\n<\/tr>\n<tr style=\"text-align: justify\">\n<td>Kapit\u0101ls<\/td>\n<td>Maputu<\/td>\n<\/tr>\n<tr style=\"text-align: justify\">\n<td>Teritorija<\/td>\n<td>801 590 km2<\/td>\n<\/tr>\n<tr style=\"text-align: justify\">\n<td>Popul\u0101cija<\/td>\n<td>28 829 476 cilv\u0113ki<\/td>\n<\/tr>\n<tr style=\"text-align: justify\">\n<td>Val\u016bta<\/td>\n<td>metisks<\/td>\n<\/tr>\n<tr>\n<td style=\"text-align: justify\">Telefona kods<\/td>\n<td style=\"text-align: justify\">+258<\/td>\n<\/tr>\n<\/tbody>\n<\/table>\n","protected":false},"excerpt":{"rendered":"<p>Mozambikas Republika atrodas \u0100frikas dienvidu da\u013c\u0101. Nepiev\u0113r\u0161ot uzman\u012bbu milz\u012bgajam att\u0101lumam starp Krieviju un vi\u0146u, ir kaut kas, kas saista m\u016bsu valstis. Otrie v\u0101rdi &#8211; z\u012bme, kas att\u0113lota uz&#8230;<\/p>\n","protected":false},"author":1,"featured_media":5912,"comment_status":"open","ping_status":"open","sticky":false,"template":"","format":"standard","meta":{"footnotes":""},"categories":[5],"tags":[],"class_list":["post-1614","post","type-post","status-publish","format-standard","has-post-thumbnail","","category-frikas-valstu-karogi"],"aioseo_notices":[],"_links":{"self":[{"href":"https:\/\/flags-world.com\/lv\/wp-json\/wp\/v2\/posts\/1614","targetHints":{"allow":["GET"]}}],"collection":[{"href":"https:\/\/flags-world.com\/lv\/wp-json\/wp\/v2\/posts"}],"about":[{"href":"https:\/\/flags-world.com\/lv\/wp-json\/wp\/v2\/types\/post"}],"author":[{"embeddable":true,"href":"https:\/\/flags-world.com\/lv\/wp-json\/wp\/v2\/users\/1"}],"replies":[{"embeddable":true,"href":"https:\/\/flags-world.com\/lv\/wp-json\/wp\/v2\/comments?post=1614"}],"version-history":[{"count":0,"href":"https:\/\/flags-world.com\/lv\/wp-json\/wp\/v2\/posts\/1614\/revisions"}],"wp:featuredmedia":[{"embeddable":true,"href":"https:\/\/flags-world.com\/lv\/wp-json\/wp\/v2\/media\/5912"}],"wp:attachment":[{"href":"https:\/\/flags-world.com\/lv\/wp-json\/wp\/v2\/media?parent=1614"}],"wp:term":[{"taxonomy":"category","embeddable":true,"href":"https:\/\/flags-world.com\/lv\/wp-json\/wp\/v2\/categories?post=1614"},{"taxonomy":"post_tag","embeddable":true,"href":"https:\/\/flags-world.com\/lv\/wp-json\/wp\/v2\/tags?post=1614"}],"curies":[{"name":"wp","href":"https:\/\/api.w.org\/{rel}","templated":true}]}}