{"id":1612,"date":"2021-01-04T17:18:15","date_gmt":"2021-01-04T14:18:15","guid":{"rendered":"https:\/\/flags-world.com\/lv\/2021\/01\/04\/monako-karogi-nozme-un-krsas\/"},"modified":"2021-01-04T17:18:15","modified_gmt":"2021-01-04T14:18:15","slug":"monako-karogi-nozme-un-krsas","status":"publish","type":"post","link":"https:\/\/flags-world.com\/lv\/monako-karogi-nozme-un-krsas\/","title":{"rendered":"Monako karogi: noz\u012bme un kr\u0101sas"},"content":{"rendered":"<p style=\"text-align: justify\">Monako (Monako Firstiste) &#8211; vald\u012bbas pils\u0113ta, kas atrodas Francijas dienvidos. \u0160\u012bs pundurvalsts reljefs ir nedaudz vair\u0101k nek\u0101 2 kvadr\u0101tkilometri jeb 200 hekt\u0101ri, un taj\u0101 dz\u012bvo aptuveni 40 t\u016bksto\u0161i cilv\u0113ku. Firstiste ir pieejama ar Franciju asoci\u0113tajai valstij.<\/p>\n<p style=\"text-align: justify\">T\u0101tad m\u016bsdienu Monako karogs izskat\u0101s:<\/p>\n<p style=\"text-align: justify\"><span itemprop=\"image\" itemscope itemtype=\"https:\/\/schema.org\/ImageObject\"><img itemprop=\"url image\" loading=\"lazy\" decoding=\"async\" class=\"alignnone size-full wp-image-3715\" src=\"\/wp-content\/uploads\/2021\/01\/flags-of-monaco_1.png\" width=\"500\" height=\"400\" alt=\"Monako karogs-1\" \/><meta itemprop=\"width\" content=\"500\"><meta itemprop=\"height\" content=\"400\"><\/span><\/p>\n<h2 style=\"text-align: justify\">Monako v\u0113stures karogi<\/h2>\n<p style=\"text-align: justify\">Valsts v\u0113sture tiek skait\u012bta no 13. gadsimta, taj\u0101 laik\u0101, taj\u0101 laik\u0101, taj\u0101 laik\u0101, kad tika nodibin\u0101ta valdo\u0161\u0101 Grimaldi \u0123imene. Kop\u0161 t\u0101 laika, 7. gadsimt\u0101, Monako p\u0101rvalda \u0161\u012b uzv\u0101rda p\u0101rst\u0101vji. No \u0161\u012b laika perioda l\u012bdz XVIII gadsimtam princeses tika att\u0113lotas no sarkaniem un baltiem rombiem.<\/p>\n<p style=\"text-align: justify\"><span itemprop=\"image\" itemscope itemtype=\"https:\/\/schema.org\/ImageObject\"><img itemprop=\"url image\" loading=\"lazy\" decoding=\"async\" class=\"alignnone size-full wp-image-3717\" src=\"\/wp-content\/uploads\/2021\/01\/flags-of-monaco_2.png\" width=\"500\" height=\"333\" alt=\"Monako karogs-2\" \/><meta itemprop=\"width\" content=\"500\"><meta itemprop=\"height\" content=\"333\"><\/span><\/p>\n<p style=\"text-align: justify\">Septi\u0146padsmit\u0101 gadsimta 40. gadu pirmaj\u0101 pus\u0113 teritorija k\u013cuva par Francijas protektor\u0101tu un no \u0161\u012b br\u012b\u017ea k\u0101 ofici\u0101l\u0101 simbolika tika izmantots Francijas karogs.<\/p>\n<blockquote>\n<p style=\"text-align: justify\">Kop\u0161 1814.\u00a0gada lakoniskais dizains ar 2 kontrast\u0113jo\u0161\u0101m kr\u0101s\u0101m main\u012bja iepriek\u0161\u0113jos variantus, un gal\u012bgo statusu pa\u0161vald\u012bbas z\u012bmes veid\u0101 vi\u0146\u0161 ieguva 1881.\u00a0gada apr\u012bl\u012b.<\/p>\n<\/blockquote>\n<p style=\"text-align: justify\">Gados un divdesmit\u0101 gadsimta 40. pus\u0113 It\u0101lijas armija iebruka Monako, un valst\u012b tika organiz\u0113ta nacistu administr\u0101cija. Neliel\u0101 laika posm\u0101 Firstiste s\u0101ka izmantot 2. karogu &#8211; it\u0101\u013cu.<\/p>\n<p style=\"text-align: justify\"><span itemprop=\"image\" itemscope itemtype=\"https:\/\/schema.org\/ImageObject\"><img itemprop=\"url image\" loading=\"lazy\" decoding=\"async\" class=\"alignnone size-full wp-image-3718\" src=\"\/wp-content\/uploads\/2021\/01\/flags-of-monaco_3.png\" width=\"500\" height=\"333\" alt=\"Monako karogs-3\" \/><meta itemprop=\"width\" content=\"500\"><meta itemprop=\"height\" content=\"333\"><\/span><\/p>\n<p style=\"text-align: justify\">Musol\u012bni g\u0101\u0161anas un v\u0101cu okup\u0101cijas beig\u0101s tika izmantota fa\u0161istisk\u0101s V\u0101cijas z\u012bme.<\/p>\n<p style=\"text-align: justify\"><span itemprop=\"image\" itemscope itemtype=\"https:\/\/schema.org\/ImageObject\"><img itemprop=\"url image\" loading=\"lazy\" decoding=\"async\" class=\"alignnone size-full wp-image-3719\" src=\"\/wp-content\/uploads\/2021\/01\/flags-of-monaco_4.png\" width=\"500\" height=\"300\" alt=\"Monako karogs-4\" \/><meta itemprop=\"width\" content=\"500\"><meta itemprop=\"height\" content=\"300\"><\/span><\/p>\n<p style=\"text-align: justify\">Valsts nov\u0101r\u012bjuma beig\u0101s 1945. gad\u0101 tika atjaunota z\u012bme, kas tika pie\u0146emta k\u0101 ofici\u0101la devi\u0146padsmit\u0101 gadsimta 80. gadu pirmaj\u0101 pus\u0113.<\/p>\n<h2 style=\"text-align: justify\">Apraksts<\/h2>\n<p style=\"text-align: justify\">Monako pa\u0161vald\u012bbas simbols ir taisnst\u016bra formas audums ar malu proporcij\u0101m no 4 l\u012bdz 5. Tas sast\u0101v no 2 vien\u0101da izm\u0113ra horizont\u0101l\u0101m sloksn\u0113m p\u0113c platuma.<\/p>\n<p style=\"text-align: justify\">Aug\u0161\u0113j\u0101 sloksne ir sarkan\u0101 (sarkan\u0101) kr\u0101s\u0101, bet apak\u0161\u0113j\u0101 &#8211; balta.<\/p>\n<h2 style=\"text-align: justify\">Kr\u0101su karogs Monako<\/h2>\n<p style=\"text-align: justify\">Ofici\u0101laj\u0101 Firstistes simbolik\u0101 ir divas kr\u0101sas:<\/p>\n<ol>\n<li style=\"text-align: justify\">Sarkans;<\/li>\n<li style=\"text-align: justify\">Balts.<\/li>\n<\/ol>\n<h2 style=\"text-align: justify\">Noz\u012bm\u0113 kr\u0101sas un karoga z\u012bme<\/h2>\n<p style=\"text-align: justify\">Balt\u0101 kr\u0101sa gandr\u012bz vienm\u0113r (saska\u0146\u0101 ar veco heraldiku) tiek simboliz\u0113ta ar t\u012br\u012bbu, bet (sarkan\u0101) &#8211; ar drosmi un valsts aizst\u0101vju drosmi.<\/p>\n<p style=\"text-align: justify\">Sarkan\u0101s un balt\u0101s kr\u0101sas kombin\u0101cijas dizains v\u0113sturiski ir saist\u012bts ar valdo\u0161\u0101s Grimaldi dzimtas prin\u010du \u0123erboni (no 1339.\u00a0gada).<\/p>\n<p style=\"text-align: justify\"><span itemprop=\"image\" itemscope itemtype=\"https:\/\/schema.org\/ImageObject\"><img itemprop=\"url image\" loading=\"lazy\" decoding=\"async\" class=\"alignnone size-full wp-image-3720\" src=\"\/wp-content\/uploads\/2021\/01\/flags-of-monaco_5.png\" width=\"500\" height=\"480\" alt=\"Monako karogs-5\" \/><meta itemprop=\"width\" content=\"500\"><meta itemprop=\"height\" content=\"480\"><\/span><\/p>\n<h2 style=\"text-align: justify\">Citi karogi<\/h2>\n<p style=\"text-align: justify\">Firstistes karaliskais ide\u0101ls ir ofici\u0101li pie\u0146emts un izmantots.<\/p>\n<p style=\"text-align: justify\"><span itemprop=\"image\" itemscope itemtype=\"https:\/\/schema.org\/ImageObject\"><img itemprop=\"url image\" loading=\"lazy\" decoding=\"async\" class=\"alignnone size-full wp-image-3721\" src=\"\/wp-content\/uploads\/2021\/01\/flags-of-monaco_6.png\" width=\"500\" height=\"400\" alt=\"Monako karogs-6\" \/><meta itemprop=\"width\" content=\"500\"><meta itemprop=\"height\" content=\"400\"><\/span><\/p>\n<h2 style=\"text-align: justify\">L\u012bdz\u012bgi otro valstu karogi<\/h2>\n<p style=\"text-align: justify\">P\u0113c analo\u0123ijas ar Monako sarkanbaltaj\u0101 kr\u0101s\u0101 ir Indon\u0113zijas karogs. At\u0161\u0137ir\u012bba ir tikai proporcij\u0101s: Monako ir 4 l\u012bdz 5, bet Indon\u0113zijai &#8211; 2 l\u012bdz 3.<\/p>\n<p style=\"text-align: justify\"><span itemprop=\"image\" itemscope itemtype=\"https:\/\/schema.org\/ImageObject\"><img itemprop=\"url image\" loading=\"lazy\" decoding=\"async\" class=\"alignnone size-full wp-image-3722\" src=\"\/wp-content\/uploads\/2021\/01\/flags-of-monaco_7.png\" width=\"500\" height=\"333\" alt=\"Monako karogs-7\" \/><meta itemprop=\"width\" content=\"500\"><meta itemprop=\"height\" content=\"333\"><\/span><\/p>\n<p style=\"text-align: justify\">1945. gad\u0101, taj\u0101 laik\u0101, kad Indon\u0113zija atbr\u012bvoj\u0101s no Holandes, k\u0101 valsts simbolika tika uz\u0146emts att\u0113ls, kas l\u012bdz\u012bgs M\u016bkam. Firstistes protesti nevar\u0113ja piespiest Indon\u0113ziju to main\u012bt, jo tika pier\u0101d\u012bts, ka v\u0113sturiski vi\u0146a ir sens m\u016bks.<\/p>\n<p style=\"text-align: justify\">L\u012bdz\u012bba ir ar\u012b ar Polijas karogu, bet kr\u0101sas ir tie\u0161i otr\u0101di &#8211; sarkans apak\u0161\u0101 un balts, attiec\u012bgi aug\u0161\u0101. Un \u0161eit ir proporcijas, neskaitot to k\u0101 2 pret 3.<\/p>\n<p style=\"text-align: justify\"><span itemprop=\"image\" itemscope itemtype=\"https:\/\/schema.org\/ImageObject\"><img itemprop=\"url image\" loading=\"lazy\" decoding=\"async\" class=\"alignnone size-full wp-image-3723\" src=\"\/wp-content\/uploads\/2021\/01\/flags-of-monaco_8.png\" width=\"500\" height=\"312\" alt=\"Monako karogs-8\" \/><meta itemprop=\"width\" content=\"500\"><meta itemprop=\"height\" content=\"312\"><\/span><\/p>\n<p style=\"text-align: justify\">L\u012bdz\u012bgas l\u012bdz\u012bbas ir ar \u0161\u0137ietamo Austriju un Boh\u0113miju, v\u0113sturisko re\u0123ionu Centr\u0101leirop\u0101, \u0161obr\u012bd \u010cehijas da\u013cu.<\/p>\n<p style=\"text-align: justify\"><span itemprop=\"image\" itemscope itemtype=\"https:\/\/schema.org\/ImageObject\"><img itemprop=\"url image\" loading=\"lazy\" decoding=\"async\" class=\"alignnone size-full wp-image-3724\" src=\"\/wp-content\/uploads\/2021\/01\/flags-of-monaco_9.png\" width=\"500\" height=\"330\" alt=\"Monako karogs-9\" \/><meta itemprop=\"width\" content=\"500\"><meta itemprop=\"height\" content=\"330\"><\/span><\/p>\n<h2 style=\"text-align: justify\">Nespecializ\u0113ta Monako inform\u0101cija<\/h2>\n<table>\n<tbody>\n<tr>\n<td>Ofici\u0101l\u0101 valoda<\/td>\n<td>fran\u010du valoda<\/td>\n<\/tr>\n<tr>\n<td>Kapit\u0101ls<\/td>\n<td>Monako<\/td>\n<\/tr>\n<tr>\n<td>Teritorija<\/td>\n<td>2.02 km2<\/td>\n<\/tr>\n<tr>\n<td>Popul\u0101cija<\/td>\n<td>37\u00a0863 cilv\u0113ki<\/td>\n<\/tr>\n<tr>\n<td>Val\u016bta<\/td>\n<td>Eiro (EUR, kods 978)<\/td>\n<\/tr>\n<tr>\n<td>Telefona kods<\/td>\n<td>+377<\/td>\n<\/tr>\n<\/tbody>\n<\/table>\n","protected":false},"excerpt":{"rendered":"<p>Monako (Monako Firstiste) &#8211; vald\u012bbas pils\u0113ta, kas atrodas Francijas dienvidos. \u0160\u012bs pundurvalsts reljefs ir nedaudz vair\u0101k nek\u0101 2 kvadr\u0101tkilometri jeb 200 hekt\u0101ri, un taj\u0101 dz\u012bvo aptuveni 40 t\u016bksto\u0161i&#8230;<\/p>\n","protected":false},"author":1,"featured_media":5910,"comment_status":"open","ping_status":"open","sticky":false,"template":"","format":"standard","meta":{"footnotes":""},"categories":[3],"tags":[],"class_list":["post-1612","post","type-post","status-publish","format-standard","has-post-thumbnail","","category-eiropas-karogi"],"aioseo_notices":[],"_links":{"self":[{"href":"https:\/\/flags-world.com\/lv\/wp-json\/wp\/v2\/posts\/1612","targetHints":{"allow":["GET"]}}],"collection":[{"href":"https:\/\/flags-world.com\/lv\/wp-json\/wp\/v2\/posts"}],"about":[{"href":"https:\/\/flags-world.com\/lv\/wp-json\/wp\/v2\/types\/post"}],"author":[{"embeddable":true,"href":"https:\/\/flags-world.com\/lv\/wp-json\/wp\/v2\/users\/1"}],"replies":[{"embeddable":true,"href":"https:\/\/flags-world.com\/lv\/wp-json\/wp\/v2\/comments?post=1612"}],"version-history":[{"count":0,"href":"https:\/\/flags-world.com\/lv\/wp-json\/wp\/v2\/posts\/1612\/revisions"}],"wp:featuredmedia":[{"embeddable":true,"href":"https:\/\/flags-world.com\/lv\/wp-json\/wp\/v2\/media\/5910"}],"wp:attachment":[{"href":"https:\/\/flags-world.com\/lv\/wp-json\/wp\/v2\/media?parent=1612"}],"wp:term":[{"taxonomy":"category","embeddable":true,"href":"https:\/\/flags-world.com\/lv\/wp-json\/wp\/v2\/categories?post=1612"},{"taxonomy":"post_tag","embeddable":true,"href":"https:\/\/flags-world.com\/lv\/wp-json\/wp\/v2\/tags?post=1612"}],"curies":[{"name":"wp","href":"https:\/\/api.w.org\/{rel}","templated":true}]}}