{"id":1611,"date":"2021-01-04T17:18:15","date_gmt":"2021-01-04T14:18:15","guid":{"rendered":"https:\/\/flags-world.com\/lv\/2021\/01\/04\/moldovas-karogs-krsas-un-nozme\/"},"modified":"2021-01-04T17:18:15","modified_gmt":"2021-01-04T14:18:15","slug":"moldovas-karogs-krsas-un-nozme","status":"publish","type":"post","link":"https:\/\/flags-world.com\/lv\/moldovas-karogs-krsas-un-nozme\/","title":{"rendered":"Moldovas karogs: kr\u0101sas un noz\u012bme"},"content":{"rendered":"<p style=\"text-align: justify\">Moldovas Republika &#8211; vald\u012bba, kas atrodas Eiropas dienvidaustrumu da\u013c\u0101.<\/p>\n<p style=\"text-align: justify\">T\u0101tad m\u016bsdienu Moldovas karogs izskat\u0101s:<\/p>\n<p style=\"text-align: justify\"><span itemprop=\"image\" itemscope itemtype=\"https:\/\/schema.org\/ImageObject\"><img itemprop=\"url image\" loading=\"lazy\" decoding=\"async\" class=\"alignnone size-full wp-image-4750\" src=\"\/wp-content\/uploads\/2021\/01\/flag-moldova_1.png\" width=\"500\" height=\"250\" alt=\"Moldovas karogs-1\" \/><meta itemprop=\"width\" content=\"500\"><meta itemprop=\"height\" content=\"250\"><\/span><\/p>\n<h2 style=\"text-align: justify\">V\u0113stures karogs Moldova<\/h2>\n<p style=\"text-align: justify\">M\u016bsdienu Moldovas teritorij\u0101 14. un 9. gadsimt\u0101 atrad\u0101s Moldovas Firstiste.<\/p>\n<p style=\"text-align: justify\">Zelta ordas norieta beig\u0101s princese s\u0101kotn\u0113ji k\u013cuva atkar\u012bga no Ung\u0101rijas, bet 14. gadsimt\u0101 t\u0101 k\u013cuva br\u012bva. Tajos laikos v\u0113r\u0161a galva bija galven\u0101 Mold\u0101nas z\u012bme, un sarkan\u0101 kr\u0101sa domin\u0113ja p\u0101r p\u0101r\u0113j\u0101m kr\u0101s\u0101m. Varb\u016bt \u0161aj\u0101 pas\u0101kum\u0101 viens no pirmajiem saglab\u0101tajiem karoga att\u0113liem ir sarkans audums ar v\u0113r\u0161a galvu (t\u016bre).<\/p>\n<p style=\"text-align: justify\"><span itemprop=\"image\" itemscope itemtype=\"https:\/\/schema.org\/ImageObject\"><img itemprop=\"url image\" loading=\"lazy\" decoding=\"async\" class=\"alignnone size-full wp-image-4751\" src=\"\/wp-content\/uploads\/2021\/01\/flag-moldova_2.png\" width=\"500\" height=\"333\" alt=\"Moldovas karogs-2\" \/><meta itemprop=\"width\" content=\"500\"><meta itemprop=\"height\" content=\"333\"><\/span><\/p>\n<p style=\"text-align: justify\">L\u012bdz 17. gadsimta s\u0101kumam, Ib\u0113rijas Firstistes kapa kunga vald\u012b\u0161anas periodam, tika izmantots rekl\u0101mkarogs ar l\u012bdz\u012bgu t\u016bres galvas att\u0113lu, kas ievietots balt\u0101 gredzen\u0101 ar krustu aug\u0161pus\u0113. Pats baseins bija apmales ar dzelten\u012bgu joslu.<\/p>\n<p style=\"text-align: justify\"><span itemprop=\"image\" itemscope itemtype=\"https:\/\/schema.org\/ImageObject\"><img itemprop=\"url image\" loading=\"lazy\" decoding=\"async\" class=\"alignnone size-full wp-image-4752\" src=\"\/wp-content\/uploads\/2021\/01\/flag-moldova_3.png\" width=\"500\" height=\"291\" alt=\"Moldovas karogs-3\" \/><meta itemprop=\"width\" content=\"500\"><meta itemprop=\"height\" content=\"291\"><\/span><\/p>\n<p style=\"text-align: justify\">Devi\u0146padsmitaj\u0101 gadsimt\u0101 Moldovas Firstistes karogs main\u012bja savas galven\u0101s kr\u0101sas no sarkanas uz zilu. Citiem v\u0101rdiem sakot, 1834.\u20131859. Z\u012bmei bija skats uz zilu paneli ar 3 asto\u0146staru zvaigzn\u0113m, kas att\u0113lotas tr\u012bsst\u016bra form\u0101 uz sarkana fona aug\u0161\u0113j\u0101 kreisaj\u0101 st\u016br\u012b. Uz karoga labaj\u0101 pus\u0113 bija att\u0113lots Firstistes \u0123erbonis, uz kura centr\u0101l\u0101 fig\u016bra bija v\u0113r\u0161a galva.<\/p>\n<p style=\"text-align: justify\"><span itemprop=\"image\" itemscope itemtype=\"https:\/\/schema.org\/ImageObject\"><img itemprop=\"url image\" loading=\"lazy\" decoding=\"async\" class=\"alignnone size-full wp-image-4753\" src=\"\/wp-content\/uploads\/2021\/01\/flag-moldova_4.png\" width=\"500\" height=\"334\" alt=\"Moldovas karogs-4\" \/><meta itemprop=\"width\" content=\"500\"><meta itemprop=\"height\" content=\"334\"><\/span><\/p>\n<p style=\"text-align: justify\">Devi\u0146padsmit\u0101 gadsimta 50. gadu otraj\u0101 pus\u0113 \u0161\u012b karoga iesp\u0113ja tika p\u0101rveidota: vien\u0101 sec\u012bb\u0101 att\u0113lotas tr\u012bs zvaigznes, un \u0123erbo\u0146a viet\u0101 palika tikai v\u0113r\u0161a galva.<\/p>\n<p style=\"text-align: justify\"><span itemprop=\"image\" itemscope itemtype=\"https:\/\/schema.org\/ImageObject\"><img itemprop=\"url image\" loading=\"lazy\" decoding=\"async\" class=\"alignnone size-full wp-image-4754\" src=\"\/wp-content\/uploads\/2021\/01\/flag-moldova_5.png\" alt=\"Moldovas karogs-5\" width=\"298\" height=\"217\" \/><meta itemprop=\"width\" content=\"298\"><meta itemprop=\"height\" content=\"217\"><\/span><\/p>\n<p style=\"text-align: justify\">Paral\u0113li Moldovas Firstistes past\u0101v\u0113\u0161anai Krievijas Feder\u0101cij\u0101 bija ar\u012b cita izgl\u012bt\u012bba\u00a0\u2014 Besar\u0101bijas province. Uz t\u0101s pamata izveidotajai demokr\u0101tiskajai republikai bija p\u0101ris karoga variantu:<\/p>\n<p>1. sast\u0101v\u0113ja no 2 kr\u0101s\u0101m (sarkan\u0101 un zil\u0101) un bullhead;<\/p>\n<p style=\"text-align: justify\"><span itemprop=\"image\" itemscope itemtype=\"https:\/\/schema.org\/ImageObject\"><img itemprop=\"url image\" loading=\"lazy\" decoding=\"async\" class=\"alignnone size-full wp-image-4755\" src=\"\/wp-content\/uploads\/2021\/01\/flag-moldova_1.jpg\" alt=\"Moldovas karogs-6\" width=\"450\" height=\"226\" \/><meta itemprop=\"width\" content=\"450\"><meta itemprop=\"height\" content=\"226\"><\/span><\/p>\n<p>2. bija tr\u012bskr\u0101sains un bija 2 veidu &#8211; ar uzrakstu &quot;Demokr\u0101tisk\u0101 un Br\u012bv\u0101 Mold\u0101vijas Republika&quot; un &quot;Re\u0123iona sasv\u0113r\u0161an\u0101s&quot;;<\/p>\n<p style=\"text-align: justify\"><span itemprop=\"image\" itemscope itemtype=\"https:\/\/schema.org\/ImageObject\"><img itemprop=\"url image\" loading=\"lazy\" decoding=\"async\" class=\"alignnone size-full wp-image-4756\" src=\"\/wp-content\/uploads\/2021\/01\/flag-moldova_6.png\" width=\"500\" height=\"375\" alt=\"Moldovas karogs-7\" \/><meta itemprop=\"width\" content=\"500\"><meta itemprop=\"height\" content=\"375\"><\/span> <span itemprop=\"image\" itemscope itemtype=\"https:\/\/schema.org\/ImageObject\"><img itemprop=\"url image\" loading=\"lazy\" decoding=\"async\" class=\"alignnone size-full wp-image-4757\" src=\"\/wp-content\/uploads\/2021\/01\/flag-moldova_7.png\" width=\"500\" height=\"375\" alt=\"Moldovas karogs-8\" \/><meta itemprop=\"width\" content=\"500\"><meta itemprop=\"height\" content=\"375\"><\/span><\/p>\n<ul style=\"text-align: justify\">\n<li>3., neskaitot to, bija tr\u012bskr\u0101sains, uz kura tika uzlikts uzraksts &quot;RM&quot; &#8211; Moldovas Republika.<\/li>\n<\/ul>\n<p style=\"text-align: justify\"><span itemprop=\"image\" itemscope itemtype=\"https:\/\/schema.org\/ImageObject\"><img itemprop=\"url image\" loading=\"lazy\" decoding=\"async\" class=\"alignnone size-full wp-image-4758\" src=\"\/wp-content\/uploads\/2021\/01\/flag-moldova_8.png\" width=\"500\" height=\"375\" alt=\"Moldovas karogs-9\" \/><meta itemprop=\"width\" content=\"500\"><meta itemprop=\"height\" content=\"375\"><\/span><\/p>\n<p style=\"text-align: justify\">P\u0113c iebrauk\u0161anas Rum\u0101nij\u0101 p\u0113d\u0113j\u0101s karogs k\u013cuva ofici\u0101ls n\u0101kotn\u0113 Krievijas v\u0113stures period\u0101.<\/p>\n<p style=\"text-align: justify\">S\u0101kotn\u0113ji veidojoties PSRS Moldovai, t\u0101 tika iek\u013cauta t\u0101s sast\u0101v\u0101 par ties\u012bb\u0101m uz bezmaksas izgl\u012bt\u012bbu. Kop\u0161 1925. gada Moldova ie\u0146\u0113ma person\u012bgo ofici\u0101lo karogu, kas past\u0101v\u0113ja l\u012bdz 1938. gadam.<\/p>\n<p style=\"text-align: justify\"><span itemprop=\"image\" itemscope itemtype=\"https:\/\/schema.org\/ImageObject\"><img itemprop=\"url image\" loading=\"lazy\" decoding=\"async\" class=\"alignnone size-full wp-image-4759\" src=\"\/wp-content\/uploads\/2021\/01\/flag-moldova_9.png\" width=\"500\" height=\"250\" alt=\"Moldovas karogs-10\" \/><meta itemprop=\"width\" content=\"500\"><meta itemprop=\"height\" content=\"250\"><\/span><\/p>\n<p style=\"text-align: justify\">Moldovas ofici\u0101l\u0101s simbolikas iesp\u0113jas 1938.-1940. gad\u0101 bija l\u012bdz\u012bgas, vien\u012bg\u0101 at\u0161\u0137ir\u012bba, ka pirmaj\u0101 versij\u0101 tika izmantoti uzraksti ukrai\u0146u un lat\u012b\u0146u valod\u0101.<\/p>\n<p style=\"text-align: justify\"><span itemprop=\"image\" itemscope itemtype=\"https:\/\/schema.org\/ImageObject\"><img itemprop=\"url image\" loading=\"lazy\" decoding=\"async\" class=\"alignnone size-full wp-image-4760\" src=\"\/wp-content\/uploads\/2021\/01\/flag-moldova_10.png\" width=\"500\" height=\"250\" alt=\"Moldovas karogs-11\" \/><meta itemprop=\"width\" content=\"500\"><meta itemprop=\"height\" content=\"250\"><\/span><\/p>\n<p style=\"text-align: justify\">2. versij\u0101 lat\u012b\u0146u valoda tika aizst\u0101ta ar mold\u0101vu.<\/p>\n<p style=\"text-align: justify\"><span itemprop=\"image\" itemscope itemtype=\"https:\/\/schema.org\/ImageObject\"><img itemprop=\"url image\" loading=\"lazy\" decoding=\"async\" class=\"alignnone size-full wp-image-4761\" src=\"\/wp-content\/uploads\/2021\/01\/flag-moldova_11.png\" width=\"500\" height=\"250\" alt=\"Moldovas karogs-12\" \/><meta itemprop=\"width\" content=\"500\"><meta itemprop=\"height\" content=\"250\"><\/span><\/p>\n<p style=\"text-align: justify\">XX gadsimta 20. gadu pirmaj\u0101 pus\u0113, beidzoties Krievijas alianses teritori\u0101laj\u0101m konfigur\u0101cij\u0101m, Moldovas ASSR tika likvid\u0113ta, da\u013ca t\u0101s reljefa ir pievienota Odesas apgabalam, bet savienot\u0101 2. da\u013ca ar pievienot\u0101s zemes, k\u013cuva par Moldovas PSR pamatu. Gadu v\u0113l\u0101k republika bija person\u012bgais karogs.<\/p>\n<p style=\"text-align: justify\"><span itemprop=\"image\" itemscope itemtype=\"https:\/\/schema.org\/ImageObject\"><img itemprop=\"url image\" loading=\"lazy\" decoding=\"async\" class=\"alignnone size-full wp-image-4762\" src=\"\/wp-content\/uploads\/2021\/01\/flag-moldova_12.png\" width=\"500\" height=\"250\" alt=\"Moldovas karogs-13\" \/><meta itemprop=\"width\" content=\"500\"><meta itemprop=\"height\" content=\"250\"><\/span><\/p>\n<p style=\"text-align: justify\">20. gadsimta 50. gadu pirmaj\u0101 pus\u0113 tas tika aizst\u0101ts ar t\u0101da pa\u0161a veida z\u012bmi, kas \u012bpa\u0161i konkr\u0113ti bija no cit\u0101m PSRS republik\u0101m.<\/p>\n<p style=\"text-align: justify\"><span itemprop=\"image\" itemscope itemtype=\"https:\/\/schema.org\/ImageObject\"><img itemprop=\"url image\" loading=\"lazy\" decoding=\"async\" class=\"alignnone size-full wp-image-4763\" src=\"\/wp-content\/uploads\/2021\/01\/flag-moldova_13.png\" width=\"500\" height=\"250\" alt=\"Moldovas karogs-14\" \/><meta itemprop=\"width\" content=\"500\"><meta itemprop=\"height\" content=\"250\"><\/span><\/p>\n<p style=\"text-align: justify\">Pag\u0101ju\u0161\u0101 gadsimta 90. gad\u0101, PSRS sabrukuma mij\u0101, Moldovas Republika pag\u0101tnes karogu tr\u012bskr\u0101s\u0101 nomain\u012bja ar v\u0113sturisk\u0101m kr\u0101s\u0101m.<\/p>\n<p style=\"text-align: justify\"><span itemprop=\"image\" itemscope itemtype=\"https:\/\/schema.org\/ImageObject\"><img itemprop=\"url image\" loading=\"lazy\" decoding=\"async\" class=\"alignnone size-full wp-image-4764\" src=\"\/wp-content\/uploads\/2021\/01\/flag-moldova_14.png\" width=\"500\" height=\"250\" alt=\"Moldovas karogs-15\" \/><meta itemprop=\"width\" content=\"500\"><meta itemprop=\"height\" content=\"250\"><\/span><\/p>\n<p style=\"text-align: justify\">Paral\u0113li vi\u0146am tika pied\u0101v\u0101ts izmantot citus izk\u0101rtojumus: ar Moldovas PSR \u0123erboni un bullish galvu, bet neapstiprin\u0101ja.<\/p>\n<p style=\"text-align: justify\"><span itemprop=\"image\" itemscope itemtype=\"https:\/\/schema.org\/ImageObject\"><img itemprop=\"url image\" loading=\"lazy\" decoding=\"async\" class=\"alignnone size-full wp-image-4765\" src=\"\/wp-content\/uploads\/2021\/01\/flag-moldova_15.png\" width=\"500\" height=\"250\" alt=\"Moldovas karogs-16\" \/><meta itemprop=\"width\" content=\"500\"><meta itemprop=\"height\" content=\"250\"><\/span><\/p>\n<p style=\"text-align: justify\"><span itemprop=\"image\" itemscope itemtype=\"https:\/\/schema.org\/ImageObject\"><img itemprop=\"url image\" loading=\"lazy\" decoding=\"async\" class=\"alignnone size-full wp-image-4766\" src=\"\/wp-content\/uploads\/2021\/01\/flag-moldova_16.png\" alt=\"Mold\u0101vijas karogs-17\" width=\"225\" height=\"113\" \/><meta itemprop=\"width\" content=\"225\"><meta itemprop=\"height\" content=\"113\"><\/span><\/p>\n<blockquote>\n<p style=\"text-align: justify\">Pa\u0161vald\u012bbas karoga gal\u012bg\u0101 versija tika pie\u0146emta 1990. gada novembr\u012b.<\/p>\n<\/blockquote>\n<h2 style=\"text-align: justify\">Apraksts<\/h2>\n<p style=\"text-align: justify\">Moldovas karogs ir taisnst\u016bra forma, kura malas ir noregul\u0113tas sav\u0101 starp\u0101 k\u0101 1 l\u012bdz 2. Tr\u012bskr\u0101sains sast\u0101v no vien\u0101d\u0101m att\u0113l\u0101 redzam\u0101 sloksn\u0113m vertik\u0101li. Josla, kas atrodas tuv\u0101k kokam &#8211; zil\u0101 (zil\u0101) kr\u0101s\u0101, kam seko dzeltena josla un pagrieziens no koka &#8211; sarkana josla.<\/p>\n<p style=\"text-align: justify\">Dzelten\u0101s da\u013cas centr\u0101 vienmu\u013c\u0101 att\u0101lum\u0101 no vis\u0101m mal\u0101m ir uzlikts Moldovas Republikas embl\u0113ma. Tam ir vairoga forma, kas atrodas uz \u0113rg\u013ca kr\u016bt\u012bm. Kn\u0101b\u012b tur krustu Zelta Kr\u0101sojums. Putnu nagos ir pasaule un sp\u0113ka z\u012bmes: zelta scepteris un za\u013cais ol\u012bvu zars.<\/p>\n<p style=\"text-align: justify\">\u0122erbo\u0146a vairogam ir aug\u0161\u0113j\u0101 un apak\u0161\u0113j\u0101 da\u013ca, kuras att\u0113lo attiec\u012bgi sarkan\u0101 un zil\u0101 kr\u0101s\u0101. Zelta kr\u0101sas vairoga centr\u0101 att\u0113lota sumbra galva, starp kuru ievilkta asto\u0146u staru zvaigzne. No lab\u0101s n\u0101sis ir piecu \u0113dienu roze un kreisais adres\u0113tais pusm\u0113ness. \u0122erbo\u0146a platums un pane\u013cu garums korel\u0113 no 1 l\u012bdz 5.<\/p>\n<h2 style=\"text-align: justify\">Kr\u0101su karogs Moldova<\/h2>\n<p style=\"text-align: justify\">Moldovas karog\u0101 tiek izmantotas tr\u012bs galven\u0101s kr\u0101sas: zila, dzeltena, sarkana. Papildus tiem kr\u0101so\u0161anai \u0123erbonis tika uzkl\u0101ts br\u016bn\u0101 un za\u013c\u0101 kr\u0101s\u0101.<\/p>\n<h2 style=\"text-align: justify\">Noz\u012bme kr\u0101so Moldovas karogu<\/h2>\n<p style=\"text-align: justify\">Moldovas Republikas ofici\u0101lajai z\u012bmei ir izmantoto kr\u0101su heraldisk\u0101 noz\u012bme:<\/p>\n<ol style=\"text-align: justify\">\n<li>Zila ir debesu kr\u0101sa un pasaules v\u0113lme<\/li>\n<li>Dzeltens &#8211; personific\u0113 sauli un kvie\u0161u laukus<\/li>\n<li>Sarkans &#8211; simboliz\u0113 asinsizlie\u0161anu.<\/li>\n<\/ol>\n<p style=\"text-align: justify\">\u0112rglis, kuru kn\u0101bis tur pie krusta, liecina par krist\u012bgo tic\u012bbu un atg\u0101dina iedz\u012bvot\u0101ju romie\u0161u saknes. Ol\u012bvzars apz\u012bm\u0113 mieru un taisn\u012bgumu, un scepteris ir valsts br\u012bvais statuss.<\/p>\n<h2 style=\"text-align: justify\">Citi karogi<\/h2>\n<p style=\"text-align: justify\">Moldovas valsts pirmaj\u0101m virsm\u0101m ir standarti, kas at\u0161\u0137iras tikai ar pane\u013cu galveno fonu:<\/p>\n<ol style=\"text-align: justify\">\n<li>Prezidenta &#8211; violeta;<\/li>\n<\/ol>\n<p style=\"text-align: justify\"><span itemprop=\"image\" itemscope itemtype=\"https:\/\/schema.org\/ImageObject\"><img itemprop=\"url image\" loading=\"lazy\" decoding=\"async\" class=\"alignnone size-full wp-image-4767\" src=\"\/wp-content\/uploads\/2021\/01\/flag-moldova_17.png\" width=\"500\" height=\"500\" alt=\"Moldovas karogs-18\" \/><meta itemprop=\"width\" content=\"500\"><meta itemprop=\"height\" content=\"500\"><\/span><\/p>\n<ul style=\"text-align: justify\">\n<li>Pirmizr\u0101de &#8211; zila;<\/li>\n<\/ul>\n<p style=\"text-align: justify\"><span itemprop=\"image\" itemscope itemtype=\"https:\/\/schema.org\/ImageObject\"><img itemprop=\"url image\" loading=\"lazy\" decoding=\"async\" class=\"alignnone size-full wp-image-4768\" src=\"\/wp-content\/uploads\/2021\/01\/flag-moldova_18.png\" width=\"500\" height=\"500\" alt=\"Moldovas karogs-19\" \/><meta itemprop=\"width\" content=\"500\"><meta itemprop=\"height\" content=\"500\"><\/span><\/p>\n<ul style=\"text-align: justify\">\n<li>Saeimas priek\u0161s\u0113d\u0113t\u0101js &#8211; Red.<\/li>\n<\/ul>\n<p style=\"text-align: justify\"><span itemprop=\"image\" itemscope itemtype=\"https:\/\/schema.org\/ImageObject\"><img itemprop=\"url image\" loading=\"lazy\" decoding=\"async\" class=\"alignnone size-full wp-image-4769\" src=\"\/wp-content\/uploads\/2021\/01\/flag-moldova_19.png\" width=\"500\" height=\"500\" alt=\"Moldovas karogs 20\" \/><meta itemprop=\"width\" content=\"500\"><meta itemprop=\"height\" content=\"500\"><\/span><\/p>\n<p style=\"text-align: justify\">Bez tam, p\u0101ris vald\u012bbas organiz\u0101cij\u0101m, neskaitot to, ir person\u012bgie karogi, kas apstiprin\u0101ti ar parlamenta vai vald\u012bbas atbild\u0113m. Starp vi\u0146iem:<\/p>\n<ul style=\"text-align: justify\">\n<li>Milit\u0101r\u0101 iest\u0101de;<\/li>\n<\/ul>\n<p style=\"text-align: justify\"><span itemprop=\"image\" itemscope itemtype=\"https:\/\/schema.org\/ImageObject\"><img itemprop=\"url image\" loading=\"lazy\" decoding=\"async\" class=\"alignnone size-full wp-image-4770\" src=\"\/wp-content\/uploads\/2021\/01\/flag-moldova_20.png\" width=\"500\" height=\"333\" alt=\"Moldovas karogs-21\" \/><meta itemprop=\"width\" content=\"500\"><meta itemprop=\"height\" content=\"333\"><\/span><\/p>\n<ul style=\"text-align: justify\">\n<li>Civil\u0101s aizsardz\u012bbas un \u0101rk\u0101rtas situ\u0101ciju departaments;<\/li>\n<\/ul>\n<p style=\"text-align: justify\"><span itemprop=\"image\" itemscope itemtype=\"https:\/\/schema.org\/ImageObject\"><img itemprop=\"url image\" loading=\"lazy\" decoding=\"async\" class=\"alignnone size-full wp-image-4771\" src=\"\/wp-content\/uploads\/2021\/01\/flag-moldova_21.png\" width=\"500\" height=\"333\" alt=\"Moldovas karogs-22\" \/><meta itemprop=\"width\" content=\"500\"><meta itemprop=\"height\" content=\"333\"><\/span><\/p>\n<ul style=\"text-align: justify\">\n<li>Muita;<\/li>\n<\/ul>\n<p style=\"text-align: justify\"><span itemprop=\"image\" itemscope itemtype=\"https:\/\/schema.org\/ImageObject\"><img itemprop=\"url image\" loading=\"lazy\" decoding=\"async\" class=\"alignnone size-full wp-image-4772\" src=\"\/wp-content\/uploads\/2021\/01\/flag-moldova_22.png\" width=\"500\" height=\"333\" alt=\"Moldovas karogs-23\" \/><meta itemprop=\"width\" content=\"500\"><meta itemprop=\"height\" content=\"333\"><\/span><\/p>\n<ul style=\"text-align: justify\">\n<li>Robe\u017edarbi;<\/li>\n<\/ul>\n<p style=\"text-align: justify\"><span itemprop=\"image\" itemscope itemtype=\"https:\/\/schema.org\/ImageObject\"><img itemprop=\"url image\" loading=\"lazy\" decoding=\"async\" class=\"alignnone size-full wp-image-4773\" src=\"\/wp-content\/uploads\/2021\/01\/flag-moldova_23.png\" width=\"500\" height=\"333\" alt=\"Moldovas karogs-24\" \/><meta itemprop=\"width\" content=\"500\"><meta itemprop=\"height\" content=\"333\"><\/span><\/p>\n<ul style=\"text-align: justify\">\n<li>dro\u0161\u012bba un inform\u0101cija;<\/li>\n<\/ul>\n<p style=\"text-align: justify\"><span itemprop=\"image\" itemscope itemtype=\"https:\/\/schema.org\/ImageObject\"><img itemprop=\"url image\" loading=\"lazy\" decoding=\"async\" class=\"alignnone size-full wp-image-4774\" src=\"\/wp-content\/uploads\/2021\/01\/flag-moldova_24.png\" width=\"500\" height=\"240\" alt=\"Moldovas karogs-25\" \/><meta itemprop=\"width\" content=\"500\"><meta itemprop=\"height\" content=\"240\"><\/span><\/p>\n<ul style=\"text-align: justify\">\n<li>Galven\u0101 pa\u0161vald\u012bbas p\u0101rbaude par drausm\u012bgo ra\u017eot\u0146u tehnisko uzraudz\u012bbu.<\/li>\n<\/ul>\n<p style=\"text-align: justify\"><span itemprop=\"image\" itemscope itemtype=\"https:\/\/schema.org\/ImageObject\"><img itemprop=\"url image\" loading=\"lazy\" decoding=\"async\" class=\"alignnone size-full wp-image-4775\" src=\"\/wp-content\/uploads\/2021\/01\/flag-moldova_25.png\" width=\"500\" height=\"333\" alt=\"Mold\u0101vijas karogs-26\" \/><meta itemprop=\"width\" content=\"500\"><meta itemprop=\"height\" content=\"333\"><\/span><\/p>\n<p style=\"text-align: justify\">J\u016bsu zin\u0101\u0161anai! M\u016bsdienu Moldovas teritorij\u0101 atrodas br\u012bvs Gagauzijas veidojums ar vi\u0146a z\u012bmi un neatz\u012bta vald\u012bba &#8211; Pied\u0146estras Republika. PMR karogs ir t\u0101ds pats k\u0101 Moldovas PSR.<\/p>\n<p style=\"text-align: justify\"><span itemprop=\"image\" itemscope itemtype=\"https:\/\/schema.org\/ImageObject\"><img itemprop=\"url image\" loading=\"lazy\" decoding=\"async\" class=\"alignnone size-full wp-image-4776\" src=\"\/wp-content\/uploads\/2021\/01\/flag-moldova_26.png\" width=\"500\" height=\"250\" alt=\"Moldovas karogs-27\" \/><meta itemprop=\"width\" content=\"500\"><meta itemprop=\"height\" content=\"250\"><\/span><\/p>\n<h2 style=\"text-align: justify\">Interesanti fakti par karogu<\/h2>\n<ul style=\"text-align: justify\">\n<li>L\u012bdz 2010. gadam sejas un reversaj\u0101m pus\u0113m nebija spogu\u013catt\u0113la. Citiem v\u0101rdiem sakot, \u0123erbonis ir att\u0113lots tikai priek\u0161\u0113j\u0101 da\u013c\u0101. 2010. gad\u0101 Valsts karoga likum\u0101 tika noskaidrots, ka \u0123erbonis ir att\u0113lots gan pane\u013ca priek\u0161pus\u0113, gan apgroz\u012bb\u0101.<\/li>\n<\/ul>\n<p style=\"text-align: justify\"><span itemprop=\"image\" itemscope itemtype=\"https:\/\/schema.org\/ImageObject\"><img itemprop=\"url image\" loading=\"lazy\" decoding=\"async\" class=\"alignnone size-full wp-image-4777\" src=\"\/wp-content\/uploads\/2021\/01\/flag-moldova_27.png\" width=\"500\" height=\"250\" alt=\"Moldovas karogs-28\" \/><meta itemprop=\"width\" content=\"500\"><meta itemprop=\"height\" content=\"250\"><\/span> <span itemprop=\"image\" itemscope itemtype=\"https:\/\/schema.org\/ImageObject\"><img itemprop=\"url image\" loading=\"lazy\" decoding=\"async\" class=\"alignnone size-full wp-image-4778\" src=\"\/wp-content\/uploads\/2021\/01\/flag-moldova_28.png\" width=\"500\" height=\"250\" alt=\"Moldovas karogs-29\" \/><meta itemprop=\"width\" content=\"500\"><meta itemprop=\"height\" content=\"250\"><\/span><\/p>\n<ol style=\"text-align: justify\">\n<li>Moldovas valsts karogam ir sava v\u0113sturisk\u0101 b\u0101ze &#8211; tr\u012bskr\u0101sa tika pie\u0146emta taj\u0101 laik\u0101, laik\u0101, kad Francij\u0101 notika revol\u016bcija (1848 g.). Fran\u010du z\u012bmes imit\u0101cijai vajadz\u0113ja liecin\u0101t, ka tauta iev\u0113ro republikas uzskatus. 2. auduma at\u0161\u0137ir\u012bba bija taj\u0101, ka balts uz Francijas karoga tiek aizst\u0101ts ar dzeltenu.<\/li>\n<li>Moldovas karogam ir sakrit\u012bba ar rum\u0101ni, kurai ir pirmties\u012bbas uz \u0161\u0101da veida z\u012bmi. At\u0161\u0137ir\u012bba ir t\u0101da, ka \u0123erbonis ir att\u0113lots mold\u0101vu versij\u0101, un, ne\u0146emot v\u0113r\u0101 \u0161o pu\u0161u attiec\u012bbu, tiek saglab\u0101ta t\u0101da pati k\u0101 krievu opcija &#8211; 1 pret 2, savuk\u0101rt rum\u0101\u0146u &#8211; 2 pret 3, k\u0101 vairum\u0101 valstu. Sakrit\u012bbas ir pieejamas, neskaitot \u0161o un ar Andoras un \u010cadas karogiem. T\u0101s atkal at\u0161\u0137iras p\u0113c partiju proporcij\u0101m un Andoras, turkl\u0101t tiek izmantots jaun\u0101kais vi\u0146a valsts \u0123erbonis.<\/li>\n<\/ol>\n<h2 style=\"text-align: justify\">Nespecializ\u0113ta inform\u0101cija par Moldovu<\/h2>\n<table>\n<tbody>\n<tr style=\"text-align: justify\">\n<td>Ofici\u0101l\u0101 valoda<\/td>\n<td>mold\u0101vu, rum\u0101\u0146u, krievu (ofici\u0101l\u0101 starpetnisko sazi\u0146as valoda)<\/td>\n<\/tr>\n<tr style=\"text-align: justify\">\n<td>Kapit\u0101ls<\/td>\n<td>Ki\u0161i\u0146eva<\/td>\n<\/tr>\n<tr style=\"text-align: justify\">\n<td>Teritorija<\/td>\n<td>33 846 km2<\/td>\n<\/tr>\n<tr style=\"text-align: justify\">\n<td>Popul\u0101cija<\/td>\n<td>3\u00a0550\u00a0900 cilv\u0113ku<\/td>\n<\/tr>\n<tr style=\"text-align: justify\">\n<td>Val\u016bta<\/td>\n<td>Moldovas lei (MDL, kods 498)<\/td>\n<\/tr>\n<tr>\n<td style=\"text-align: justify\">Telefona kods<\/td>\n<td style=\"text-align: justify\">+373<\/td>\n<\/tr>\n<\/tbody>\n<\/table>\n","protected":false},"excerpt":{"rendered":"<p>Moldovas Republika &#8211; vald\u012bba, kas atrodas Eiropas dienvidaustrumu da\u013c\u0101. T\u0101tad m\u016bsdienu Moldovas karogs izskat\u0101s: V\u0113stures karogs Moldova M\u016bsdienu Moldovas teritorij\u0101 14. un 9. gadsimt\u0101 atrad\u0101s Moldovas Firstiste. Zelta&#8230;<\/p>\n","protected":false},"author":1,"featured_media":5909,"comment_status":"open","ping_status":"open","sticky":false,"template":"","format":"standard","meta":{"footnotes":""},"categories":[3],"tags":[],"class_list":["post-1611","post","type-post","status-publish","format-standard","has-post-thumbnail","","category-eiropas-karogi"],"aioseo_notices":[],"_links":{"self":[{"href":"https:\/\/flags-world.com\/lv\/wp-json\/wp\/v2\/posts\/1611","targetHints":{"allow":["GET"]}}],"collection":[{"href":"https:\/\/flags-world.com\/lv\/wp-json\/wp\/v2\/posts"}],"about":[{"href":"https:\/\/flags-world.com\/lv\/wp-json\/wp\/v2\/types\/post"}],"author":[{"embeddable":true,"href":"https:\/\/flags-world.com\/lv\/wp-json\/wp\/v2\/users\/1"}],"replies":[{"embeddable":true,"href":"https:\/\/flags-world.com\/lv\/wp-json\/wp\/v2\/comments?post=1611"}],"version-history":[{"count":0,"href":"https:\/\/flags-world.com\/lv\/wp-json\/wp\/v2\/posts\/1611\/revisions"}],"wp:featuredmedia":[{"embeddable":true,"href":"https:\/\/flags-world.com\/lv\/wp-json\/wp\/v2\/media\/5909"}],"wp:attachment":[{"href":"https:\/\/flags-world.com\/lv\/wp-json\/wp\/v2\/media?parent=1611"}],"wp:term":[{"taxonomy":"category","embeddable":true,"href":"https:\/\/flags-world.com\/lv\/wp-json\/wp\/v2\/categories?post=1611"},{"taxonomy":"post_tag","embeddable":true,"href":"https:\/\/flags-world.com\/lv\/wp-json\/wp\/v2\/tags?post=1611"}],"curies":[{"name":"wp","href":"https:\/\/api.w.org\/{rel}","templated":true}]}}