{"id":1609,"date":"2021-01-04T17:18:15","date_gmt":"2021-01-04T14:18:15","guid":{"rendered":"https:\/\/flags-world.com\/lv\/2021\/01\/04\/meksikas-karogs-krsas-un-nozme\/"},"modified":"2021-01-04T17:18:15","modified_gmt":"2021-01-04T14:18:15","slug":"meksikas-karogs-krsas-un-nozme","status":"publish","type":"post","link":"https:\/\/flags-world.com\/lv\/meksikas-karogs-krsas-un-nozme\/","title":{"rendered":"Meksikas karogs: kr\u0101sas un noz\u012bme"},"content":{"rendered":"<p style=\"text-align: justify\">Meksika jeb ofici\u0101li Meksikas ASV ir vald\u012bba, kas atrodas Zieme\u013camerik\u0101, kuras teritorija veido 1 milj. 972, 6 t\u016bksto\u0161i km2, un iedz\u012bvot\u0101ju skaits p\u0101rsniedz 133 miljonus. Cilv\u0113ks.<\/p>\n<p style=\"text-align: justify\">T\u0101tad m\u016bsdienu Meksikas karogs izskat\u0101s:<\/p>\n<p style=\"text-align: justify\"><span itemprop=\"image\" itemscope itemtype=\"https:\/\/schema.org\/ImageObject\"><img itemprop=\"url image\" loading=\"lazy\" decoding=\"async\" class=\"alignnone size-full wp-image-3686\" src=\"\/wp-content\/uploads\/2021\/01\/flag-of-mexico_1.png\" width=\"500\" height=\"286\" alt=\"Meksikas karogs-1\" \/><meta itemprop=\"width\" content=\"500\"><meta itemprop=\"height\" content=\"286\"><\/span><\/p>\n<h2 style=\"text-align: justify\">Meksikas karoga v\u0113sture<\/h2>\n<p style=\"text-align: justify\">Meksikas apgabala akt\u012bv\u0101 att\u012bst\u012bba s\u0101k\u0101s ar izcelsmi eiropie\u0161u viet\u0101. Pirmie no tiem bija sp\u0101\u0146i (16. gadsimta s\u0101kums). 1535. gad\u0101 teritorija k\u013cuva par Jaun\u0101s Sp\u0101nijas vicekara\u013cvalsts neat\u0146emamu sast\u0101vda\u013cu. Papildus tam karalistes karogs tika izmantots k\u0101 karogs. Tas ietv\u0113ra p\u0101ris valstis \u0161aj\u0101 re\u0123ion\u0101 (Gvatemala, Nikaragva, Salvadora, Kuba utt.).<\/p>\n<p style=\"text-align: justify\"><span itemprop=\"image\" itemscope itemtype=\"https:\/\/schema.org\/ImageObject\"><img itemprop=\"url image\" loading=\"lazy\" decoding=\"async\" class=\"alignnone size-full wp-image-3687\" src=\"\/wp-content\/uploads\/2021\/01\/flag-of-mexico_2.png\" width=\"500\" height=\"333\" alt=\"Meksikas karogs-2\" \/><meta itemprop=\"width\" content=\"500\"><meta itemprop=\"height\" content=\"333\"><\/span><\/p>\n<p style=\"text-align: justify\">1785. gad\u0101 simbolismu aizst\u0101ja ar citu, kam vajadz\u0113ja uzsv\u0113rt kolonijas pieder\u012bbu Sp\u0101nijai, jo \u0161ajos gados pieauga konfront\u0101cija starp lielvalst\u012bm jaunu koloniju iekaro\u0161an\u0101.<\/p>\n<p style=\"text-align: justify\"><span itemprop=\"image\" itemscope itemtype=\"https:\/\/schema.org\/ImageObject\"><img itemprop=\"url image\" loading=\"lazy\" decoding=\"async\" class=\"alignnone size-full wp-image-3688\" src=\"\/wp-content\/uploads\/2021\/01\/flag-of-mexico_3.png\" width=\"500\" height=\"333\" alt=\"Meksikas karogs-3\" \/><meta itemprop=\"width\" content=\"500\"><meta itemprop=\"height\" content=\"333\"><\/span><\/p>\n<p style=\"text-align: justify\">Sp\u0101nija XIX gadsimta 20. gadu pirmaj\u0101 pus\u0113 es atzinu Meksikas neatkar\u012bbu, un tas pats gads tika veidots k\u0101 jauns simbolisms.<\/p>\n<p style=\"text-align: justify\"><span itemprop=\"image\" itemscope itemtype=\"https:\/\/schema.org\/ImageObject\"><img itemprop=\"url image\" loading=\"lazy\" decoding=\"async\" class=\"alignnone size-full wp-image-3689\" src=\"\/wp-content\/uploads\/2021\/01\/flag-of-mexico_4.png\" width=\"500\" height=\"333\" alt=\"Meksikas karogs-4\" \/><meta itemprop=\"width\" content=\"500\"><meta itemprop=\"height\" content=\"333\"><\/span><\/p>\n<p style=\"text-align: justify\">Clear v\u0113l\u0101k main\u012bj\u0101s un s\u0101ka personific\u0113t Meksikas imp\u0113riju.<\/p>\n<p style=\"text-align: justify\"><span itemprop=\"image\" itemscope itemtype=\"https:\/\/schema.org\/ImageObject\"><img itemprop=\"url image\" loading=\"lazy\" decoding=\"async\" class=\"alignnone size-full wp-image-3690\" src=\"\/wp-content\/uploads\/2021\/01\/flag-of-mexico_5.png\" width=\"500\" height=\"286\" alt=\"Meksikas karogs-5\" \/><meta itemprop=\"width\" content=\"500\"><meta itemprop=\"height\" content=\"286\"><\/span><\/p>\n<p style=\"text-align: justify\">Divus gadus v\u0113l\u0101k imp\u0113rija sabruka, un Meksiku proklam\u0113ja Republika. Saska\u0146ojot ar to, tika nomain\u012bta valsts z\u012bme.<\/p>\n<p style=\"text-align: justify\"><span itemprop=\"image\" itemscope itemtype=\"https:\/\/schema.org\/ImageObject\"><img itemprop=\"url image\" loading=\"lazy\" decoding=\"async\" class=\"alignnone size-full wp-image-3691\" src=\"\/wp-content\/uploads\/2021\/01\/flag-of-mexico_6.png\" width=\"500\" height=\"286\" alt=\"Meksikas karogs-6\" \/><meta itemprop=\"width\" content=\"500\"><meta itemprop=\"height\" content=\"286\"><\/span><\/p>\n<p style=\"text-align: justify\">No 1823. gada l\u012bdz 19. gadsimta 60. gadiem, kar\u0161 Meksik\u0101, past\u0101v\u012bgi bija kari, kuru beig\u0101s da\u017e\u0101das Meksikas teritoriju da\u013cas tika atdal\u012btas un k\u013cuva br\u012bvas. Starp tiem, piem\u0113ram, Teksasas Republika, Kalifornija un citi.<\/p>\n<p style=\"text-align: justify\">Devi\u0146padsmit\u0101 gadsimta 60. gadu pirmaj\u0101 pus\u0113 Francijas valsts pasludin\u0101ja imp\u0113riju, bet palika \u0161aj\u0101 status\u0101 tikai tr\u012bs gadus. 2. simbolika tika pie\u0146emta dr\u012bz.<\/p>\n<p style=\"text-align: justify\"><span itemprop=\"image\" itemscope itemtype=\"https:\/\/schema.org\/ImageObject\"><img itemprop=\"url image\" loading=\"lazy\" decoding=\"async\" class=\"alignnone size-full wp-image-3692\" src=\"\/wp-content\/uploads\/2021\/01\/flag-of-mexico_8.png\" width=\"500\" height=\"286\" alt=\"Meksikas karogs-7\" \/><meta itemprop=\"width\" content=\"500\"><meta itemprop=\"height\" content=\"286\"><\/span><\/p>\n<p style=\"text-align: justify\">V\u0113l\u0101k vi\u0146a main\u012bja karoga opciju, kas tika atcelta devi\u0146padsmit\u0101 gadsimta 60. gadu pirmaj\u0101 pus\u0113.<\/p>\n<p style=\"text-align: justify\"><span itemprop=\"image\" itemscope itemtype=\"https:\/\/schema.org\/ImageObject\"><img itemprop=\"url image\" loading=\"lazy\" decoding=\"async\" class=\"alignnone size-full wp-image-3693\" src=\"\/wp-content\/uploads\/2021\/01\/flag-of-mexico_7.png\" width=\"500\" height=\"286\" alt=\"Meksikas karogs-8\" \/><meta itemprop=\"width\" content=\"500\"><meta itemprop=\"height\" content=\"286\"><\/span><\/p>\n<p style=\"text-align: justify\">\u0160\u012bs sugas simbolika bija ofici\u0101la l\u012bdz 1893. gadam, kad p\u0101ri karoga centr\u0101 nomain\u012bja \u0113rg\u013ca att\u0113ls.<\/p>\n<p style=\"text-align: justify\"><span itemprop=\"image\" itemscope itemtype=\"https:\/\/schema.org\/ImageObject\"><img itemprop=\"url image\" loading=\"lazy\" decoding=\"async\" class=\"alignnone size-full wp-image-3694\" src=\"\/wp-content\/uploads\/2021\/01\/flag-of-mexico_9.png\" width=\"500\" height=\"286\" alt=\"Meksikas karogs-9\" \/><meta itemprop=\"width\" content=\"500\"><meta itemprop=\"height\" content=\"286\"><\/span><\/p>\n<p style=\"text-align: justify\">1916.\u00a0gad\u0101, pirms tika pie\u0146emta m\u016bsdienu versija, bija v\u0113l divi Meksikas ofici\u0101l\u0101s z\u012bmes veidi.<\/p>\n<ul style=\"text-align: justify\">\n<li>1.\u00a0\u2014 (1916-1934.)<\/li>\n<\/ul>\n<p style=\"text-align: justify\"><span itemprop=\"image\" itemscope itemtype=\"https:\/\/schema.org\/ImageObject\"><img itemprop=\"url image\" loading=\"lazy\" decoding=\"async\" class=\"alignnone size-full wp-image-3695\" src=\"\/wp-content\/uploads\/2021\/01\/flag-of-mexico_10.png\" width=\"500\" height=\"286\" alt=\"Meksikas karogs-10\" \/><meta itemprop=\"width\" content=\"500\"><meta itemprop=\"height\" content=\"286\"><\/span><\/p>\n<ul>\n<li style=\"text-align: justify\">2.\u00a0\u2014 (1934-1968.).<\/li>\n<\/ul>\n<p style=\"text-align: justify\"><span itemprop=\"image\" itemscope itemtype=\"https:\/\/schema.org\/ImageObject\"><img itemprop=\"url image\" loading=\"lazy\" decoding=\"async\" class=\"alignnone size-full wp-image-3696\" src=\"\/wp-content\/uploads\/2021\/01\/flag-of-mexico_11.png\" width=\"500\" height=\"286\" alt=\"Meksikas karogs-11\" \/><meta itemprop=\"width\" content=\"500\"><meta itemprop=\"height\" content=\"286\"><\/span><\/p>\n<p style=\"text-align: justify\">Pa\u0161reiz\u0113jais Meksikas Savienoto Valstu \u0161tata z\u012bmes skats darbojas kop\u0161 1968. gada septembra.<\/p>\n<h2 style=\"text-align: justify\">Apraksts<\/h2>\n<p style=\"text-align: justify\">Meksikas \u0161tata karogs ir pieejams ar taisnst\u016bra formas uzgrie\u017e\u0146u atsl\u0113gu ar pu\u0161u proporcij\u0101m no 4 l\u012bdz 7. Vi\u0146\u0161 ir sadal\u012bts tr\u012bs vien\u0101da platuma vertik\u0101l\u0101s josl\u0101s: pa kreisi (no p\u0101rg\u0101jiena) tum\u0161i za\u013ca sv\u012btra, centr\u0101 balta kr\u0101sa un labaj\u0101 &#8211; sarkana.<\/p>\n<p style=\"text-align: justify\">Balt\u0101s joslas centr\u0101 att\u0113lots valsts \u0123erbonis, uz kura pl\u0113s\u012bgais putns tur kn\u0101b\u012b klabur\u010d\u016bsku. Abi \u0161ie savva\u013cas dz\u012bvnieku p\u0101rst\u0101vji dz\u012bvo Meksikas tuksne\u0161os, tom\u0113r person\u012bga kl\u0101tb\u016btne uz z\u0101les (karoga). Augs, uz kura upur\u0113jas \u0113rglis, attiecas uz kaktusu \u0123imeni, kas aug vis\u0101 Meksik\u0101.<\/p>\n<h2 style=\"text-align: justify\">Meksikas karoga kr\u0101sas<\/h2>\n<p style=\"text-align: justify\">Uz Meksikas karoga tiek izmantotas tr\u012bs galven\u0101s kr\u0101sas: za\u013ca, balta, sarkana. Papildus tiem \u0123erbo\u0146a att\u0113lam tiek izmantotas da\u017eu otro kr\u0101su kr\u0101sas: br\u016bngana, zili zila, dzeltena un citas.<\/p>\n<p style=\"text-align: justify\"><span itemprop=\"image\" itemscope itemtype=\"https:\/\/schema.org\/ImageObject\"><img itemprop=\"url image\" loading=\"lazy\" decoding=\"async\" class=\"alignnone size-full wp-image-3697\" src=\"\/wp-content\/uploads\/2021\/01\/flag-of-mexico_1.jpg\" width=\"500\" height=\"375\" alt=\"Meksikas karogs-12\" \/><meta itemprop=\"width\" content=\"500\"><meta itemprop=\"height\" content=\"375\"><\/span><\/p>\n<h2 style=\"text-align: justify\">Noz\u012bm\u0113 kr\u0101sas Meksikas karogs<\/h2>\n<p style=\"text-align: justify\">Meksikas \u0161tata simboliem un kr\u0101s\u0101m ir personisks apz\u012bm\u0113jums. Citiem v\u0101rdiem sakot,<\/p>\n<ol style=\"text-align: justify\">\n<li>Za\u013c\u0101 josla ir cer\u012bba un bag\u0101t\u012bba uz Meksikas dabisko piem\u0113rot\u012bbu un lauksaimniec\u012bbas lomu t\u0101s ekonomik\u0101.<\/li>\n<li>Balt\u0101 sv\u012btra simboliz\u0113 t\u012br\u012bbu un br\u012bv\u012bbu.<\/li>\n<li>Sarkans &#8211; asinsizlie\u0161ana par valsts neatkar\u012bbu.<\/li>\n<\/ol>\n<p style=\"text-align: justify\">\u0112rg\u013ca att\u0113ls, kas s\u0113\u017e uz kaktusa (Berta) ar \u010d\u016bsku kn\u0101b\u012b, tiek interpret\u0113ts da\u017e\u0101di. Piem\u0113ram, eiropie\u0161iem tas nor\u0101da, ka pan\u0101kumi ir lab\u0101ki par \u013caunajiem., t\u0101 k\u0101 acteku t\u0113liem ir visdzi\u013c\u0101k\u0101 reli\u0123isk\u0101 b\u016bt\u012bba.<\/p>\n<p style=\"text-align: justify\">Kr\u0101su karoga noz\u012bme Meksika tiek at\u0161ifr\u0113ta otr\u0101 veid\u0101:<\/p>\n<ol style=\"text-align: justify\">\n<li>Za\u013c\u0161 &#8211; neatkar\u012bba no Sp\u0101nijas;<\/li>\n<li>Balts &#8211; uztic\u012bba katolicismam;<\/li>\n<li>Sarkan\u0101 \u2013 savien\u012bba starp je\u0146\u0137iem un eiropie\u0161iem.<\/li>\n<\/ol>\n<h2 style=\"text-align: justify\">Citi karogi<\/h2>\n<p style=\"text-align: justify\">Meksik\u0101 valsts un feder\u0101lajai vald\u012bbai tiek izmantotas divas karoga iesp\u0113jas. Citiem v\u0101rdiem sakot, prezidentam un feder\u0101lo instit\u016bciju sekret\u0101riem tiek izmantots tuk\u0161s, uz kura zelts ir apgleznots ar \u0123erboni un uzraksts &quot;Meksikas Amerikas Savienot\u0101s Valstis&quot;.<\/p>\n<p style=\"text-align: justify\"><span itemprop=\"image\" itemscope itemtype=\"https:\/\/schema.org\/ImageObject\"><img itemprop=\"url image\" loading=\"lazy\" decoding=\"async\" class=\"alignnone size-full wp-image-3698\" src=\"\/wp-content\/uploads\/2021\/01\/flag-of-mexico_12.png\" width=\"500\" height=\"286\" alt=\"Meksikas karogs-13\" \/><meta itemprop=\"width\" content=\"500\"><meta itemprop=\"height\" content=\"286\"><\/span><\/p>\n<ul>\n<li style=\"text-align: justify\">2., Valsts Ministru kabinetiem.<\/li>\n<\/ul>\n<p style=\"text-align: justify\"><span itemprop=\"image\" itemscope itemtype=\"https:\/\/schema.org\/ImageObject\"><img itemprop=\"url image\" loading=\"lazy\" decoding=\"async\" class=\"alignnone size-full wp-image-3699\" src=\"\/wp-content\/uploads\/2021\/01\/flag-of-mexico_13.png\" width=\"500\" height=\"286\" alt=\"Meksikas karogs-14\" \/><meta itemprop=\"width\" content=\"500\"><meta itemprop=\"height\" content=\"286\"><\/span><\/p>\n<ul>\n<li style=\"text-align: justify\">Valsts karogu var dekor\u0113t un \u012bpa\u0161u mezglu kaklasaites form\u0101.<\/li>\n<\/ul>\n<p style=\"text-align: justify\"><span itemprop=\"image\" itemscope itemtype=\"https:\/\/schema.org\/ImageObject\"><img itemprop=\"url image\" loading=\"lazy\" decoding=\"async\" class=\"alignnone size-full wp-image-3700\" src=\"\/wp-content\/uploads\/2021\/01\/flag-of-mexico_14.png\" width=\"251\" height=\"500\" alt=\"Meksikas karogs-15\" \/><meta itemprop=\"width\" content=\"251\"><meta itemprop=\"height\" content=\"500\"><\/span><\/p>\n<p style=\"text-align: justify\">Liel\u0101kajai da\u013cai Meksikas \u0161tatu nav savas rakstz\u012bmes. Bet ir t\u0101das valstis sp\u0113l\u0113 un izmanto person\u012bgo karogu. Starp vi\u0146iem:<\/p>\n<ul style=\"text-align: justify\">\n<li>Durango;<\/li>\n<li>Khalifa;<\/li>\n<li>Quer\u00e9taro;<\/li>\n<li>Santana;<\/li>\n<li>Tlakskala.<\/li>\n<\/ul>\n<h2 style=\"text-align: justify\">Interesanti fakti par karogu<\/h2>\n<p style=\"text-align: justify\">Meksikas karog\u0101 ir diezgan daudz interesantu roz\u012b\u0146u vi\u0146a ievad\u0101, ievad\u0101 vai sveicienos. Piem\u0113ram, karoga sveiciens milit\u0101r\u0101 (god\u012bbas) un civil\u0101 form\u0101, kur\u0101 lab\u0101 roka, kas saliekta elko\u0146\u0101, ir uzst\u0101d\u012bta horizont\u0101l\u0101 st\u0101vokl\u012b kr\u016b\u0161u l\u012bmen\u012b. Rokas plaukstai vajadz\u0113tu pieskarties kr\u016bt\u012bm.<\/p>\n<p style=\"text-align: justify\">P\u0113d\u0113jo 20 gadu laik\u0101 vis\u0101 valst\u012b ir biju\u0161i milz\u012bgi karogi. Piet\u00e0s pils\u0113t\u0101 uzst\u0101d\u012bts visliel\u0101kais karogs, audekla svars, kas veido 420 kg, un masta augstums 120 metri.<\/p>\n<p style=\"text-align: justify\"><span itemprop=\"image\" itemscope itemtype=\"https:\/\/schema.org\/ImageObject\"><img itemprop=\"url image\" loading=\"lazy\" decoding=\"async\" class=\"alignnone size-full wp-image-3701\" src=\"\/wp-content\/uploads\/2021\/01\/flag-of-mexico_1.gif\" width=\"500\" height=\"331\" alt=\"Meksikas karogs-16\" \/><meta itemprop=\"width\" content=\"500\"><meta itemprop=\"height\" content=\"331\"><\/span><\/p>\n<p style=\"text-align: justify\">Meksikas karogam ir l\u012bdz\u012bba ar it\u0101\u013cu karogu. At\u0161\u0137ir\u012bbas ir proporcijas. It\u0101lijas z\u012bm\u0113 tie veido 2 l\u012bdz 3 un centr\u0101 nav \u0123erbo\u0146a.<\/p>\n<h2 style=\"text-align: justify\">Nespecializ\u0113ta inform\u0101cija par Meksiku<\/h2>\n<table>\n<tbody>\n<tr>\n<td>Ofici\u0101l\u0101 valoda<\/td>\n<td>sp\u0101\u0146u un 67 pamatiedz\u012bvot\u0101ju valodas<\/td>\n<\/tr>\n<tr>\n<td>Kapit\u0101ls<\/td>\n<td>Mehiko<\/td>\n<\/tr>\n<tr>\n<td>Teritorija<\/td>\n<td>1 972 550 km2<\/td>\n<\/tr>\n<tr>\n<td>Popul\u0101cija<\/td>\n<td>128 649 565 cilv\u0113ki<\/td>\n<\/tr>\n<tr>\n<td>Val\u016bta<\/td>\n<td>Meksikas peso (MXN, kods 484)<\/td>\n<\/tr>\n<tr>\n<td>Telefona kods<\/td>\n<td>+52<\/td>\n<\/tr>\n<\/tbody>\n<\/table>\n","protected":false},"excerpt":{"rendered":"<p>Meksika jeb ofici\u0101li Meksikas ASV ir vald\u012bba, kas atrodas Zieme\u013camerik\u0101, kuras teritorija veido 1 milj. 972, 6 t\u016bksto\u0161i km2, un iedz\u012bvot\u0101ju skaits p\u0101rsniedz 133 miljonus. Cilv\u0113ks. T\u0101tad m\u016bsdienu&#8230;<\/p>\n","protected":false},"author":1,"featured_media":5904,"comment_status":"open","ping_status":"open","sticky":false,"template":"","format":"standard","meta":{"footnotes":""},"categories":[6],"tags":[],"class_list":["post-1609","post","type-post","status-publish","format-standard","has-post-thumbnail","","category-ziemeamerikas-karogi"],"aioseo_notices":[],"_links":{"self":[{"href":"https:\/\/flags-world.com\/lv\/wp-json\/wp\/v2\/posts\/1609","targetHints":{"allow":["GET"]}}],"collection":[{"href":"https:\/\/flags-world.com\/lv\/wp-json\/wp\/v2\/posts"}],"about":[{"href":"https:\/\/flags-world.com\/lv\/wp-json\/wp\/v2\/types\/post"}],"author":[{"embeddable":true,"href":"https:\/\/flags-world.com\/lv\/wp-json\/wp\/v2\/users\/1"}],"replies":[{"embeddable":true,"href":"https:\/\/flags-world.com\/lv\/wp-json\/wp\/v2\/comments?post=1609"}],"version-history":[{"count":0,"href":"https:\/\/flags-world.com\/lv\/wp-json\/wp\/v2\/posts\/1609\/revisions"}],"wp:featuredmedia":[{"embeddable":true,"href":"https:\/\/flags-world.com\/lv\/wp-json\/wp\/v2\/media\/5904"}],"wp:attachment":[{"href":"https:\/\/flags-world.com\/lv\/wp-json\/wp\/v2\/media?parent=1609"}],"wp:term":[{"taxonomy":"category","embeddable":true,"href":"https:\/\/flags-world.com\/lv\/wp-json\/wp\/v2\/categories?post=1609"},{"taxonomy":"post_tag","embeddable":true,"href":"https:\/\/flags-world.com\/lv\/wp-json\/wp\/v2\/tags?post=1609"}],"curies":[{"name":"wp","href":"https:\/\/api.w.org\/{rel}","templated":true}]}}