{"id":1607,"date":"2021-01-04T17:18:15","date_gmt":"2021-01-04T14:18:15","guid":{"rendered":"https:\/\/flags-world.com\/lv\/2021\/01\/04\/maurcijas-karogs-krsas-un-nozme\/"},"modified":"2021-01-04T17:18:15","modified_gmt":"2021-01-04T14:18:15","slug":"maurcijas-karogs-krsas-un-nozme","status":"publish","type":"post","link":"https:\/\/flags-world.com\/lv\/maurcijas-karogs-krsas-un-nozme\/","title":{"rendered":"Maur\u012bcijas karogs: kr\u0101sas un noz\u012bme"},"content":{"rendered":"<p style=\"text-align: justify\">Maur\u012bcija\u00a0\u2014 salu vald\u012bba, kas atrodas Indijas oke\u0101n\u0101. Pa\u0161laik Maur\u012bcija tiek uzskat\u012bta par grezn\u012bbas piem\u0113ru Mald\u012bviju un Sei\u0161elu sal\u0101m\u00a0\u2014 t\u012bras smil\u0161u pludmales, zila \u016bdens lag\u016bna un svaig\u0101kie aug\u013ci reizi gad\u0101 izaicina t\u016bristu p\u016b\u013cus.<\/p>\n<blockquote>\n<p style=\"text-align: justify\">Tr\u012bs ofici\u0101l\u0101s valodas: ang\u013cu, fran\u010du, Maur\u012bcijas, kreolu.<\/p>\n<\/blockquote>\n<p style=\"text-align: justify\">T\u0101tad m\u016bsdienu Maur\u012bcijas karogs izskat\u0101s \u0161\u0101di:<\/p>\n<p style=\"text-align: justify\"><span itemprop=\"image\" itemscope itemtype=\"https:\/\/schema.org\/ImageObject\"><img itemprop=\"url image\" loading=\"lazy\" decoding=\"async\" class=\"alignnone size-full wp-image-3704\" src=\"\/wp-content\/uploads\/2021\/01\/flag-of-mauritius_2.png\" width=\"500\" height=\"333\" alt=\"Maur\u012bcijas karogs-1\" \/><meta itemprop=\"width\" content=\"500\"><meta itemprop=\"height\" content=\"333\"><\/span><\/p>\n<h2 style=\"text-align: justify\">V\u0113stures karogs Maur\u012bcija<\/h2>\n<p style=\"text-align: justify\">No 1638. l\u012bdz 1710. gadam republika staig\u0101ja zem N\u012bderlandes karoga &#8211; tr\u012bskr\u0101su sarkanbaltzila ar Austrumindijas uz\u0146\u0113muma monogrammu.<\/p>\n<p style=\"text-align: justify\"><span itemprop=\"image\" itemscope itemtype=\"https:\/\/schema.org\/ImageObject\"><img itemprop=\"url image\" loading=\"lazy\" decoding=\"async\" class=\"alignnone size-full wp-image-3705\" src=\"\/wp-content\/uploads\/2021\/01\/flag-of-mauritius_1.png\" width=\"500\" height=\"334\" alt=\"Maur\u012bcijas karogs-2\" \/><meta itemprop=\"width\" content=\"500\"><meta itemprop=\"height\" content=\"334\"><\/span><\/p>\n<p style=\"text-align: justify\">1710.\u20131800.\u00a0gados, taj\u0101 laik\u0101, kad Maur\u012bcija bija fran\u010du kundz\u012bb\u0101 un valk\u0101ja v\u0101rdu Il de France, tur bija Burbonu \u0123imenes karogs. Balts audums rot\u0101ja milz\u012bgu daudzumu zelta liliju, centr\u0101 &#8211; zils vairogs, starp kuriem tr\u012bs lilijas ir liel\u0101kas, s\u0101nos &#8211; divi e\u0146\u0123e\u013ci. Karogu rot\u0101 Sv\u0113t\u0101 Gara orde\u0146i un Sv. Mi\u0161a.<\/p>\n<p style=\"text-align: justify\"><span itemprop=\"image\" itemscope itemtype=\"https:\/\/schema.org\/ImageObject\"><img itemprop=\"url image\" loading=\"lazy\" decoding=\"async\" class=\"alignnone size-full wp-image-3706\" src=\"\/wp-content\/uploads\/2021\/01\/flag-of-mauritius_3.png\" width=\"500\" height=\"333\" alt=\"Maur\u012bcijas karogs-3\" \/><meta itemprop=\"width\" content=\"500\"><meta itemprop=\"height\" content=\"333\"><\/span><\/p>\n<p style=\"text-align: justify\">Fran\u010du revol\u016bcijas lieluma beig\u0101s republika atrad\u0101s zem Francijas karoga.<\/p>\n<p style=\"text-align: justify\">S\u0101kum\u0101 devi\u0146u so\u013cu gadsimts turpin\u0101sies l\u012bdz 1967. gadam, Maur\u012bcija pieder\u0113ja ang\u013cu kolonijai.<\/p>\n<p style=\"text-align: justify\">No 1810. l\u012bdz 1869. gadam. Republika, kas staig\u0101 zem Union Jack karoga.<\/p>\n<p style=\"text-align: justify\">No 1869. l\u012bdz 1906. gadam. Uz tum\u0161i zila Anglijas auduma Labaj\u0101 st\u016br\u012b bija balts aplis ar Maur\u012bcijas ofici\u0101lo embl\u0113mu, kas taj\u0101 laik\u0101 darboj\u0101s.<\/p>\n<p style=\"text-align: justify\"><span itemprop=\"image\" itemscope itemtype=\"https:\/\/schema.org\/ImageObject\"><img itemprop=\"url image\" loading=\"lazy\" decoding=\"async\" class=\"alignnone size-full wp-image-3707\" src=\"\/wp-content\/uploads\/2021\/01\/flag-of-mauritius_4.png\" width=\"500\" height=\"250\" alt=\"Maur\u012bcijas karogs-4\" \/><meta itemprop=\"width\" content=\"500\"><meta itemprop=\"height\" content=\"250\"><\/span><\/p>\n<p style=\"text-align: justify\">No 1906. l\u012bdz 1923. gadam. Cietu\u0161as izmai\u0146as embl\u0113m\u0101, pamatojoties uz to uz Lielbrit\u0101nijas karoga jau laboto variantu.<\/p>\n<p style=\"text-align: justify\"><span itemprop=\"image\" itemscope itemtype=\"https:\/\/schema.org\/ImageObject\"><img itemprop=\"url image\" loading=\"lazy\" decoding=\"async\" class=\"alignnone size-full wp-image-3708\" src=\"\/wp-content\/uploads\/2021\/01\/flag-of-mauritius_5.png\" width=\"500\" height=\"250\" alt=\"Maur\u012bcijas karogs-5\" \/><meta itemprop=\"width\" content=\"500\"><meta itemprop=\"height\" content=\"250\"><\/span><\/p>\n<p style=\"text-align: justify\">1923. gada beig\u0101s embl\u0113ma tika atjaunota v\u0113lreiz, un l\u012bdz 1967. gadam tika izmantota p\u0113d\u0113j\u0101 iesp\u0113ja pirms vi\u0146a karoga pie\u0146em\u0161anas.<\/p>\n<p style=\"text-align: justify\"><span itemprop=\"image\" itemscope itemtype=\"https:\/\/schema.org\/ImageObject\"><img itemprop=\"url image\" loading=\"lazy\" decoding=\"async\" class=\"alignnone size-full wp-image-3709\" src=\"\/wp-content\/uploads\/2021\/01\/flag-of-mauritius_6.png\" width=\"500\" height=\"250\" alt=\"Maur\u012bcijas karogs-6\" \/><meta itemprop=\"width\" content=\"500\"><meta itemprop=\"height\" content=\"250\"><\/span><\/p>\n<p style=\"text-align: justify\">20.\u00a0gadsimta 60.\u00a0gadu otraj\u0101 pus\u0113 tika izveidots heraldikas kameras Anglijas Maur\u012bcijas karogs, pamatojoties uz pa\u0161vald\u012bbas \u0123erboni. S\u0101kotn\u0113ji tas tika izvirz\u012bts 1968. gada 12. mart\u0101, taj\u0101 laik\u0101, taj\u0101 laik\u0101, kad Apvienot\u0101 Karaliste pazi\u0146oja, ka Maur\u012bcija ir br\u012bva.<\/p>\n<p style=\"text-align: justify\">Auduma izstr\u0101d\u0101t\u0101js p\u0113c profesijas Gurudets M\u016bsers bija s\u0101kumskolas skolot\u0101js.<\/p>\n<p style=\"text-align: justify\">Rekl\u0101mkarogs ir at\u0161\u0137ir\u012bgs, t\u0101pat k\u0101 daudz\u0101s \u0100frikas valst\u012bs, kr\u0101su un kr\u0101su sacel\u0161an\u0101s. Nesare\u017e\u0123\u012bta kompoz\u012bcija \u0161\u0137ita tikai 20. gadsimt\u0101, un agr\u0101k valst\u012b bija tikai iedom\u0101ti koloni\u0101lie karogi.<\/p>\n<blockquote>\n<p style=\"text-align: justify\">Vismaz apm\u0113ram 8 karoga varianti, kas izmantoti vismaz savas Maur\u012bcijas past\u0101v\u0113\u0161anas br\u012bd\u012b.<\/p>\n<\/blockquote>\n<h2 style=\"text-align: justify\">Maur\u012bcijas karoga apraksts<\/h2>\n<p style=\"text-align: justify\">\u010cetras barometriskas horizont\u0101las sv\u012btras bez papildu att\u0113liem.<\/p>\n<h2 style=\"text-align: justify\">Kr\u0101su karogs Maur\u012bcija<\/h2>\n<p style=\"text-align: justify\">No aug\u0161as uz leju &#8211; sarkana, zila, dzeltena, za\u013ca.<\/p>\n<h2 style=\"text-align: justify\">Noz\u012bm\u0113 kr\u0101su karogs Maur\u012bcija<\/h2>\n<ol style=\"text-align: justify\">\n<li>Sarkans &#8211; izliju\u0161as asinis c\u012b\u0146\u0101 par neatkar\u012bbu un br\u012bv\u012bbu;<\/li>\n<li>Zils &#8211; Indijas oke\u0101ns, lag\u016bna;<\/li>\n<li>Dzeltens &#8211; interpret\u0113ts k\u0101 &quot;zelta br\u012bv\u012bbas stars&quot;;<\/li>\n<li>Za\u013c\u0101 &#8211; ve\u0123et\u0101cija, Maur\u012bcijas Republikas lauksaimniec\u012bba.<\/li>\n<\/ol>\n<h2 style=\"text-align: justify\">Citi karogi<\/h2>\n<p style=\"text-align: justify\">Jebkas, neskaitot valsti, kas pat\u0113r\u0113, neskaitot \u0161o, citas auduma iesp\u0113jas ir:<\/p>\n<ul style=\"text-align: justify\">\n<li>Karalienes standarts (1968-1991)<\/li>\n<\/ul>\n<p style=\"text-align: justify\"><span itemprop=\"image\" itemscope itemtype=\"https:\/\/schema.org\/ImageObject\"><img itemprop=\"url image\" loading=\"lazy\" decoding=\"async\" class=\"alignnone size-full wp-image-3710\" src=\"\/wp-content\/uploads\/2021\/01\/flag-of-mauritius_7.png\" width=\"500\" height=\"250\" alt=\"Maur\u012bcijas karogs-7\" \/><meta itemprop=\"width\" content=\"500\"><meta itemprop=\"height\" content=\"250\"><\/span><\/p>\n<ul style=\"text-align: justify\">\n<li>Komerci\u0101ls. Uz sarkana fona att\u0113lots republikas ofici\u0101lais karogs, pa labi &#8211; \u0123erbonis balt\u0101 apl\u012b;<\/li>\n<\/ul>\n<p style=\"text-align: justify\"><span itemprop=\"image\" itemscope itemtype=\"https:\/\/schema.org\/ImageObject\"><img itemprop=\"url image\" loading=\"lazy\" decoding=\"async\" class=\"alignnone size-full wp-image-3711\" src=\"\/wp-content\/uploads\/2021\/01\/flag-of-mauritius_8.png\" width=\"500\" height=\"250\" alt=\"Maur\u012bcijas karogs-8\" \/><meta itemprop=\"width\" content=\"500\"><meta itemprop=\"height\" content=\"250\"><\/span><\/p>\n<ul style=\"text-align: justify\">\n<li>vald\u012bba. T\u0101pat k\u0101 komerci\u0101la nomai\u0146a &#8211; sarkanzil\u0101 viet\u0101;<\/li>\n<\/ul>\n<p style=\"text-align: justify\"><span itemprop=\"image\" itemscope itemtype=\"https:\/\/schema.org\/ImageObject\"><img itemprop=\"url image\" loading=\"lazy\" decoding=\"async\" class=\"alignnone size-full wp-image-3712\" src=\"\/wp-content\/uploads\/2021\/01\/flag-of-mauritius_9.png\" width=\"500\" height=\"250\" alt=\"Maur\u012bcijas karogs-9\" \/><meta itemprop=\"width\" content=\"500\"><meta itemprop=\"height\" content=\"250\"><\/span><\/p>\n<ul style=\"text-align: justify\">\n<li>Milit\u0101ri \u2013 j\u016bras. T\u012bmek\u013ca centr\u0101 att\u0113lots enkurs un atsl\u0113ga, kas apt\u012bta ar za\u013cu virvi. \u0160is z\u012bm\u0113jums ir v\u0113rsts pret valsts \u0123erbo\u0146a &quot;Zvaigzne un Indijas oke\u0101na atsl\u0113ga&quot; b\u016bt\u012bbu. \u0160aj\u0101 iemiesojum\u0101 zil\u0101s un sarkan\u0101s sv\u012btras ir \u0161auras un tiek interpret\u0113tas sav\u0101 veid\u0101. Zil\u0101 kr\u0101sa &#8211; oke\u0101ns, sarkan\u0101 &#8211; ener\u0123ija un dz\u012bv\u012bba, za\u013c\u0101 &#8211; daba.<\/li>\n<\/ul>\n<p style=\"text-align: justify\"><span itemprop=\"image\" itemscope itemtype=\"https:\/\/schema.org\/ImageObject\"><img itemprop=\"url image\" loading=\"lazy\" decoding=\"async\" class=\"alignnone size-full wp-image-3713\" src=\"\/wp-content\/uploads\/2021\/01\/flag-of-mauritius_10.png\" width=\"500\" height=\"250\" alt=\"Maur\u012bcijas karogs-10\" \/><meta itemprop=\"width\" content=\"500\"><meta itemprop=\"height\" content=\"250\"><\/span><\/p>\n<h2 style=\"text-align: justify\">Nespecializ\u0113ta inform\u0101cija par Maur\u012bciju<\/h2>\n<table>\n<tbody>\n<tr style=\"text-align: justify\">\n<td>Ofici\u0101l\u0101 valoda<\/td>\n<td>Ang\u013cu valoda, galven\u0101 sazi\u0146as valoda &#8211; fran\u010du, Maur\u012bcijas kreolie\u0161u valoda.<\/td>\n<\/tr>\n<tr style=\"text-align: justify\">\n<td>Kapit\u0101ls<\/td>\n<td>Portluisa<\/td>\n<\/tr>\n<tr style=\"text-align: justify\">\n<td>Teritorija<\/td>\n<td>2040 km2<\/td>\n<\/tr>\n<tr style=\"text-align: justify\">\n<td>Popul\u0101cija<\/td>\n<td>1\u00a0295\u00a0789 cilv\u0113ki<\/td>\n<\/tr>\n<tr style=\"text-align: justify\">\n<td>Val\u016bta<\/td>\n<td>Maur\u012bcijas r\u016bpija<\/td>\n<\/tr>\n<tr>\n<td style=\"text-align: justify\">Telefona kods<\/td>\n<td style=\"text-align: justify\">+230<\/td>\n<\/tr>\n<\/tbody>\n<\/table>\n","protected":false},"excerpt":{"rendered":"<p>Maur\u012bcija\u00a0\u2014 salu vald\u012bba, kas atrodas Indijas oke\u0101n\u0101. Pa\u0161laik Maur\u012bcija tiek uzskat\u012bta par grezn\u012bbas piem\u0113ru Mald\u012bviju un Sei\u0161elu sal\u0101m\u00a0\u2014 t\u012bras smil\u0161u pludmales, zila \u016bdens lag\u016bna un svaig\u0101kie aug\u013ci reizi&#8230;<\/p>\n","protected":false},"author":1,"featured_media":5902,"comment_status":"open","ping_status":"open","sticky":false,"template":"","format":"standard","meta":{"footnotes":""},"categories":[5],"tags":[],"class_list":["post-1607","post","type-post","status-publish","format-standard","has-post-thumbnail","","category-frikas-valstu-karogi"],"aioseo_notices":[],"_links":{"self":[{"href":"https:\/\/flags-world.com\/lv\/wp-json\/wp\/v2\/posts\/1607","targetHints":{"allow":["GET"]}}],"collection":[{"href":"https:\/\/flags-world.com\/lv\/wp-json\/wp\/v2\/posts"}],"about":[{"href":"https:\/\/flags-world.com\/lv\/wp-json\/wp\/v2\/types\/post"}],"author":[{"embeddable":true,"href":"https:\/\/flags-world.com\/lv\/wp-json\/wp\/v2\/users\/1"}],"replies":[{"embeddable":true,"href":"https:\/\/flags-world.com\/lv\/wp-json\/wp\/v2\/comments?post=1607"}],"version-history":[{"count":0,"href":"https:\/\/flags-world.com\/lv\/wp-json\/wp\/v2\/posts\/1607\/revisions"}],"wp:featuredmedia":[{"embeddable":true,"href":"https:\/\/flags-world.com\/lv\/wp-json\/wp\/v2\/media\/5902"}],"wp:attachment":[{"href":"https:\/\/flags-world.com\/lv\/wp-json\/wp\/v2\/media?parent=1607"}],"wp:term":[{"taxonomy":"category","embeddable":true,"href":"https:\/\/flags-world.com\/lv\/wp-json\/wp\/v2\/categories?post=1607"},{"taxonomy":"post_tag","embeddable":true,"href":"https:\/\/flags-world.com\/lv\/wp-json\/wp\/v2\/tags?post=1607"}],"curies":[{"name":"wp","href":"https:\/\/api.w.org\/{rel}","templated":true}]}}