{"id":1604,"date":"2021-01-04T17:18:15","date_gmt":"2021-01-04T14:18:15","guid":{"rendered":"https:\/\/flags-world.com\/lv\/2021\/01\/04\/marokas-karogs-nozme-un-krsas\/"},"modified":"2021-01-04T17:18:15","modified_gmt":"2021-01-04T14:18:15","slug":"marokas-karogs-nozme-un-krsas","status":"publish","type":"post","link":"https:\/\/flags-world.com\/lv\/marokas-karogs-nozme-un-krsas\/","title":{"rendered":"Marokas karogs: noz\u012bme un kr\u0101sas"},"content":{"rendered":"<p style=\"text-align: justify\">Marokas karaliste \u2013 vald\u012bba atrodas \u0100frikas zieme\u013crietumu da\u013c\u0101.<\/p>\n<p style=\"text-align: justify\">T\u0101tad m\u016bsdienu Marokas karogs izskat\u0101s:<\/p>\n<p style=\"text-align: justify\"><span itemprop=\"image\" itemscope itemtype=\"https:\/\/schema.org\/ImageObject\"><img itemprop=\"url image\" loading=\"lazy\" decoding=\"async\" class=\"alignnone size-full wp-image-3670\" src=\"\/wp-content\/uploads\/2021\/01\/flag-of-morocco_2.png\" width=\"500\" height=\"333\" alt=\"Marokas karogs-1\" \/><meta itemprop=\"width\" content=\"500\"><meta itemprop=\"height\" content=\"333\"><\/span><\/p>\n<h2 style=\"text-align: justify\">Marokas v\u0113stures karogs<\/h2>\n<p style=\"text-align: justify\">Senatn\u0113 marok\u0101\u0146u zemes pieder\u0113ja feni\u0137ie\u0161u valstij (Kart\u0101gai), Romas imp\u0113rijai, Bizantijai l\u012bdz ar\u0101bu iekaro\u0161anai.<\/p>\n<p style=\"text-align: justify\">1. vald\u012bba \u0161aj\u0101s zem\u0113s tika nodibin\u0101ta VIII gadsimt\u0101, kuras priek\u0161gal\u0101 k\u013cuva Idrisu \u0123imene. Toreiz tika izmantots karogs ar nesaprotamu att\u0113lu, kas atg\u0101dina gu\u013co\u0161u m\u0113\u0123eni uz nespecializ\u0113ta balta fona.<\/p>\n<p style=\"text-align: justify\"><span itemprop=\"image\" itemscope itemtype=\"https:\/\/schema.org\/ImageObject\"><img itemprop=\"url image\" loading=\"lazy\" decoding=\"async\" class=\"alignnone size-full wp-image-3672\" src=\"\/wp-content\/uploads\/2021\/01\/flag-of-morocco_1.png\" width=\"500\" height=\"333\" alt=\"Marokas karogs-2\" \/><meta itemprop=\"width\" content=\"500\"><meta itemprop=\"height\" content=\"333\"><\/span><\/p>\n<p style=\"text-align: justify\">11. \u2013 12. gadsimt\u0101 Almor\u0101v\u012bdu dzimtas valdes laik\u0101 tika izmantota t\u0101 pati z\u012bme ar uzrakstu uz t\u0101s: &quot;Nav Augst\u0101k\u0101, neskaitot All\u0101hu, Muhameds ir pieejams ar All\u0101ha V\u0113stnesi&quot;. \u0160obr\u012bd tur bija liela imp\u0113rija, kuras centrs bija Maroka.<\/p>\n<p style=\"text-align: justify\"><span itemprop=\"image\" itemscope itemtype=\"https:\/\/schema.org\/ImageObject\"><img itemprop=\"url image\" loading=\"lazy\" decoding=\"async\" class=\"alignnone size-full wp-image-3673\" src=\"\/wp-content\/uploads\/2021\/01\/flag-of-morocco_3.png\" width=\"500\" height=\"333\" alt=\"Marokas karogs-3\" \/><meta itemprop=\"width\" content=\"500\"><meta itemprop=\"height\" content=\"333\"><\/span><\/p>\n<p style=\"text-align: justify\">L\u012bdz ar Almoravidu dzimtas kri\u0161anu pien\u0101ca m\u016b\u017esenais Almohadu dzimtas periods (1147-1248), zem kura tika nomain\u012bts karogs, kas l\u012bdzin\u0101j\u0101s \u0161aha galdi\u0146am uz nespecializ\u0113ta sarkana fona. Kri\u0161anas beig\u0101s \u0123imene sabruka un imp\u0113rija.<\/p>\n<p style=\"text-align: justify\"><span itemprop=\"image\" itemscope itemtype=\"https:\/\/schema.org\/ImageObject\"><img itemprop=\"url image\" loading=\"lazy\" decoding=\"async\" class=\"alignnone size-full wp-image-3674\" src=\"\/wp-content\/uploads\/2021\/01\/flag-of-morocco_4.png\" width=\"500\" height=\"333\" alt=\"Marokas 4 karogs\" \/><meta itemprop=\"width\" content=\"500\"><meta itemprop=\"height\" content=\"333\"><\/span><\/p>\n<p style=\"text-align: justify\">Kop\u0161 13.\u00a0gadsimta vidus l\u012bdz 17.\u00a0gadsimta vidum Marok\u0101 p\u0101rmai\u0146us vald\u012bja Marinu ID \u0123imene un Kan\u0101das Vatu dinastija, kur\u0101 simbolisms atkal tika p\u0101rveidots: uz sarkana fona att\u0113lota asto\u0146staru zvaigzne. \u0160aj\u0101 br\u012bd\u012b paral\u0113li tika izmantots, iz\u0146emot karogu un laiku Idris \u0123imeni. 16.\u201317. gadsimt\u0101 Marokas vald\u012bba atkal ir uzplaukusi un sasniegusi savas varas virsotni.<\/p>\n<p style=\"text-align: justify\"><span itemprop=\"image\" itemscope itemtype=\"https:\/\/schema.org\/ImageObject\"><img itemprop=\"url image\" loading=\"lazy\" decoding=\"async\" class=\"alignnone size-full wp-image-3675\" src=\"\/wp-content\/uploads\/2021\/01\/flag-of-morocco_5.png\" width=\"500\" height=\"333\" alt=\"Marokas karogs-5\" \/><meta itemprop=\"width\" content=\"500\"><meta itemprop=\"height\" content=\"333\"><\/span><\/p>\n<p style=\"text-align: justify\">L\u012bdz ar Alewives (Alavidov) \u0123imenes par\u0101d\u012b\u0161anos valst\u012b 1. valsts turpin\u0101ja politiku, bet pamaz\u0101m s\u0101ka v\u0101jin\u0101t centr\u0101lo vald\u012bbu un galu gal\u0101 Maroka ir nosl\u012bd\u0113jusi pir\u0101tu valsts kategorij\u0101. Kam\u0113r karogs tika izmantots k\u0101 taisnst\u016bra audums, sarkans.<\/p>\n<p style=\"text-align: justify\"><span itemprop=\"image\" itemscope itemtype=\"https:\/\/schema.org\/ImageObject\"><img itemprop=\"url image\" loading=\"lazy\" decoding=\"async\" class=\"alignnone size-full wp-image-3676\" src=\"\/wp-content\/uploads\/2021\/01\/flag-of-morocco_6.png\" width=\"500\" height=\"333\" alt=\"karogs Maroka-6\" \/><meta itemprop=\"width\" content=\"500\"><meta itemprop=\"height\" content=\"333\"><\/span><\/p>\n<p style=\"text-align: justify\">\u0160\u0101da z\u012bme tika izmantota, lai turpin\u0101tu jauno ofici\u0101lo Marokas karogu, kas tika apstiprin\u0101ts 1915. gada novembr\u012b.<\/p>\n<p style=\"text-align: justify\">Devi\u0146padsmitaj\u0101 gadsimt\u0101 vald\u012bba k\u013cuva par c\u012b\u0146as objektu starp Eiropas valst\u012bm Franciju, Sp\u0101niju, Lielbrit\u0101niju un nedaudz v\u0113l\u0101k ar\u012b V\u0101ciju. Galu gal\u0101 Francija s\u0101ka vald\u012bt liel\u0101kaj\u0101 valsts da\u013c\u0101 un p\u0101r\u0113j\u0101 Sp\u0101nija. XX gadsimta 50. gadu otraj\u0101 pus\u0113 abas da\u013cas ieguva neatkar\u012bbu.<\/p>\n<h2 style=\"text-align: justify\">Apraksts<\/h2>\n<p style=\"text-align: justify\">Valsts z\u012bmes Marokas nespecializ\u0113tajam fonam ir sarkana kr\u0101sa, un pane\u013ca centr\u0101 att\u0113lota za\u013ca piecstaru zvaigzne (pentagramma), kas ir sadal\u012bta no sarkana fona ar meln\u0101m l\u012bnij\u0101m. Stog malu attiec\u012bba ir no 2 l\u012bdz 3.<\/p>\n<h2 style=\"text-align: justify\">Kr\u0101su karogs Maroka<\/h2>\n<p style=\"text-align: justify\">Marokas z\u012bmes galven\u0101s kr\u0101sas ir sarkana un za\u013ca.<\/p>\n<h2 style=\"text-align: justify\">Kr\u0101su noz\u012bme Marokas karogs<\/h2>\n<p style=\"text-align: justify\">Marok\u0101\u0146u sarkanajai kr\u0101sai ir vair\u0101ki skaidrojumi, un t\u0101 ir nesaraujami saist\u012bta ar valsts v\u0113sturi. Marok\u0101 to jau vair\u0101kus gadsimtus izmanto k\u0101 simbolu, lai apz\u012bm\u0113tu karalisko \u0123imeni. Ja neskaita to, sarkanais tonis ir sp\u0113ks un drosmes z\u012bme.<\/p>\n<blockquote>\n<p style=\"text-align: justify\">Zvaigzne uz auduma tiek izmantota no seniem laikiem k\u0101 reli\u0123ijas z\u012bme. Piem\u0113ram, kara\u013ca Z\u0101lamana zvaigzne. Za\u013c\u0101 kr\u0101sa, neskaitot to, ir saist\u012bta ar reli\u0123iju.<\/p>\n<\/blockquote>\n<h2 style=\"text-align: justify\">Citi karogi<\/h2>\n<p style=\"text-align: justify\">Marokas valst\u012bb\u0101 ir un neskaitot to izmanto citas z\u012bmes, kas noz\u012bm\u0113 nacion\u0101lo pieder\u012bbu vai ir saist\u012btas ar noteiktu valsts struktur\u0101lo nozari:<\/p>\n<ul style=\"text-align: justify\">\n<li>karaliskais;<\/li>\n<\/ul>\n<p style=\"text-align: justify\"><span itemprop=\"image\" itemscope itemtype=\"https:\/\/schema.org\/ImageObject\"><img itemprop=\"url image\" loading=\"lazy\" decoding=\"async\" class=\"alignnone size-full wp-image-3677\" src=\"\/wp-content\/uploads\/2021\/01\/flag-of-morocco_7.png\" width=\"500\" height=\"333\" alt=\"Marokas karogs-7\" \/><meta itemprop=\"width\" content=\"500\"><meta itemprop=\"height\" content=\"333\"><\/span><\/p>\n<ul style=\"text-align: justify\">\n<li>civil\u0101;<\/li>\n<\/ul>\n<p style=\"text-align: justify\"><span itemprop=\"image\" itemscope itemtype=\"https:\/\/schema.org\/ImageObject\"><img itemprop=\"url image\" loading=\"lazy\" decoding=\"async\" class=\"alignnone size-full wp-image-3678\" src=\"\/wp-content\/uploads\/2021\/01\/flag-of-morocco_8.png\" width=\"500\" height=\"333\" alt=\"Marokas karogs-8\" \/><meta itemprop=\"width\" content=\"500\"><meta itemprop=\"height\" content=\"333\"><\/span><\/p>\n<ul style=\"text-align: justify\">\n<li>j\u016bras kara flote;<\/li>\n<\/ul>\n<p style=\"text-align: justify\"><span itemprop=\"image\" itemscope itemtype=\"https:\/\/schema.org\/ImageObject\"><img itemprop=\"url image\" loading=\"lazy\" decoding=\"async\" class=\"alignnone size-full wp-image-3679\" src=\"\/wp-content\/uploads\/2021\/01\/flag-of-morocco_9.png\" width=\"500\" height=\"333\" alt=\"Marokas karogs-5\" \/><meta itemprop=\"width\" content=\"500\"><meta itemprop=\"height\" content=\"333\"><\/span><\/p>\n<ul style=\"text-align: justify\">\n<li>Karalisk\u0101 armija;<\/li>\n<\/ul>\n<p style=\"text-align: justify\"><span itemprop=\"image\" itemscope itemtype=\"https:\/\/schema.org\/ImageObject\"><img itemprop=\"url image\" loading=\"lazy\" decoding=\"async\" class=\"alignnone size-full wp-image-3680\" src=\"\/wp-content\/uploads\/2021\/01\/flag-of-morocco_10.png\" width=\"500\" height=\"500\" alt=\"Marokas karogs-10\" \/><meta itemprop=\"width\" content=\"500\"><meta itemprop=\"height\" content=\"500\"><\/span><\/p>\n<ul style=\"text-align: justify\">\n<li>D\u017eeks.<\/li>\n<\/ul>\n<p style=\"text-align: justify\"><span itemprop=\"image\" itemscope itemtype=\"https:\/\/schema.org\/ImageObject\"><img itemprop=\"url image\" loading=\"lazy\" decoding=\"async\" class=\"alignnone size-full wp-image-3681\" src=\"\/wp-content\/uploads\/2021\/01\/flag-of-morocco_11.png\" width=\"500\" height=\"250\" alt=\"Marokas karogs-11\" \/><meta itemprop=\"width\" content=\"500\"><meta itemprop=\"height\" content=\"250\"><\/span><\/p>\n<h2 style=\"text-align: justify\">Interesanti fakti par karogu<\/h2>\n<p style=\"text-align: justify\">Tolaik, kad fran\u010du un sp\u0101\u0146u teritorij\u0101 vald\u012bja teritorija, 1915. gad\u0101 pie\u0146emto ofici\u0101lo simbolu nedr\u012bkst\u0113ja lietot. T\u0101 viet\u0101 bija citi simboli (iepirk\u0161an\u0101s karogi):<\/p>\n<ul style=\"text-align: justify\">\n<li>Francijas protektor\u0101ts;<\/li>\n<\/ul>\n<p style=\"text-align: justify\"><span itemprop=\"image\" itemscope itemtype=\"https:\/\/schema.org\/ImageObject\"><img itemprop=\"url image\" loading=\"lazy\" decoding=\"async\" class=\"alignnone size-full wp-image-3682\" src=\"\/wp-content\/uploads\/2021\/01\/flag-of-morocco_12.png\" width=\"500\" height=\"333\" alt=\"Marokas karogs-12\" \/><meta itemprop=\"width\" content=\"500\"><meta itemprop=\"height\" content=\"333\"><\/span><\/p>\n<ul style=\"text-align: justify\">\n<li>Sp\u0101nijas protektor\u0101ts.<\/li>\n<\/ul>\n<p style=\"text-align: justify\"><span itemprop=\"image\" itemscope itemtype=\"https:\/\/schema.org\/ImageObject\"><img itemprop=\"url image\" loading=\"lazy\" decoding=\"async\" class=\"alignnone size-full wp-image-3683\" src=\"\/wp-content\/uploads\/2021\/01\/flag-of-morocco_13.png\" width=\"500\" height=\"333\" alt=\"Marokas karogs-13\" \/><meta itemprop=\"width\" content=\"500\"><meta itemprop=\"height\" content=\"333\"><\/span><\/p>\n<p style=\"text-align: justify\">1956. gada beig\u0101s visur s\u0101ka izmantot ofici\u0101lo z\u012bmju iesp\u0113ju.<\/p>\n<h2 style=\"text-align: justify\">Nespecializ\u0113ta inform\u0101cija par Maroku<\/h2>\n<table>\n<tbody>\n<tr style=\"text-align: justify\">\n<td>Ofici\u0101l\u0101 valoda<\/td>\n<td>Ar\u0101bu, fran\u010du, sp\u0101\u0146u, berberu, tamazighta<\/td>\n<\/tr>\n<tr style=\"text-align: justify\">\n<td>Kapit\u0101ls<\/td>\n<td>Rab\u0101ta<\/td>\n<\/tr>\n<tr style=\"text-align: justify\">\n<td>Teritorija<\/td>\n<td>710\u00a0850 vai 446\u00a0550 (neskaitot Rietumsah\u0101ru) km2<\/td>\n<\/tr>\n<tr style=\"text-align: justify\">\n<td>Popul\u0101cija<\/td>\n<td>33 848 242 cilv\u0113ki<\/td>\n<\/tr>\n<tr style=\"text-align: justify\">\n<td>Val\u016bta<\/td>\n<td>Marokas Durhema (Mad, kods 504)<\/td>\n<\/tr>\n<tr>\n<td style=\"text-align: justify\">Telefona kods<\/td>\n<td style=\"text-align: justify\">+212<\/td>\n<\/tr>\n<\/tbody>\n<\/table>\n","protected":false},"excerpt":{"rendered":"<p>Marokas karaliste \u2013 vald\u012bba atrodas \u0100frikas zieme\u013crietumu da\u013c\u0101. T\u0101tad m\u016bsdienu Marokas karogs izskat\u0101s: Marokas v\u0113stures karogs Senatn\u0113 marok\u0101\u0146u zemes pieder\u0113ja feni\u0137ie\u0161u valstij (Kart\u0101gai), Romas imp\u0113rijai, Bizantijai l\u012bdz ar\u0101bu&#8230;<\/p>\n","protected":false},"author":1,"featured_media":5899,"comment_status":"open","ping_status":"open","sticky":false,"template":"","format":"standard","meta":{"footnotes":""},"categories":[5],"tags":[],"class_list":["post-1604","post","type-post","status-publish","format-standard","has-post-thumbnail","","category-frikas-valstu-karogi"],"aioseo_notices":[],"_links":{"self":[{"href":"https:\/\/flags-world.com\/lv\/wp-json\/wp\/v2\/posts\/1604","targetHints":{"allow":["GET"]}}],"collection":[{"href":"https:\/\/flags-world.com\/lv\/wp-json\/wp\/v2\/posts"}],"about":[{"href":"https:\/\/flags-world.com\/lv\/wp-json\/wp\/v2\/types\/post"}],"author":[{"embeddable":true,"href":"https:\/\/flags-world.com\/lv\/wp-json\/wp\/v2\/users\/1"}],"replies":[{"embeddable":true,"href":"https:\/\/flags-world.com\/lv\/wp-json\/wp\/v2\/comments?post=1604"}],"version-history":[{"count":0,"href":"https:\/\/flags-world.com\/lv\/wp-json\/wp\/v2\/posts\/1604\/revisions"}],"wp:featuredmedia":[{"embeddable":true,"href":"https:\/\/flags-world.com\/lv\/wp-json\/wp\/v2\/media\/5899"}],"wp:attachment":[{"href":"https:\/\/flags-world.com\/lv\/wp-json\/wp\/v2\/media?parent=1604"}],"wp:term":[{"taxonomy":"category","embeddable":true,"href":"https:\/\/flags-world.com\/lv\/wp-json\/wp\/v2\/categories?post=1604"},{"taxonomy":"post_tag","embeddable":true,"href":"https:\/\/flags-world.com\/lv\/wp-json\/wp\/v2\/tags?post=1604"}],"curies":[{"name":"wp","href":"https:\/\/api.w.org\/{rel}","templated":true}]}}