{"id":1603,"date":"2021-01-04T17:18:15","date_gmt":"2021-01-04T14:18:15","guid":{"rendered":"https:\/\/flags-world.com\/lv\/2021\/01\/04\/maltas-karogi-attli-un-nozme\/"},"modified":"2021-01-04T17:18:15","modified_gmt":"2021-01-04T14:18:15","slug":"maltas-karogi-attli-un-nozme","status":"publish","type":"post","link":"https:\/\/flags-world.com\/lv\/maltas-karogi-attli-un-nozme\/","title":{"rendered":"Maltas karogi: att\u0113li un noz\u012bme"},"content":{"rendered":"<p style=\"text-align: justify\">Malta &#8211; valsts sala Vidusj\u016br\u0101, atrodas net\u0101lu no Sic\u012blijas. Valsts v\u0113stur\u0113 Maltas karogs main\u012bj\u0101s vair\u0101k.<\/p>\n<p style=\"text-align: justify\">T\u0101tad m\u016bsdienu Maltas karogs izskat\u0101s:<\/p>\n<p style=\"text-align: justify\"><span itemprop=\"image\" itemscope itemtype=\"https:\/\/schema.org\/ImageObject\"><img itemprop=\"url image\" loading=\"lazy\" decoding=\"async\" class=\"alignnone size-full wp-image-3647\" src=\"\/wp-content\/uploads\/2021\/01\/flags-of-malta_1.png\" width=\"500\" height=\"333\" alt=\"Maltas karogs-1\" \/><meta itemprop=\"width\" content=\"500\"><meta itemprop=\"height\" content=\"333\"><\/span><\/p>\n<h2 style=\"text-align: justify\">Maltas v\u0113stures karogs<\/h2>\n<p style=\"text-align: justify\">Pa\u0161reiz\u0113j\u0101 Maltas z\u012bme par\u0101d\u012bj\u0101s 20.\u00a0gadsimta 60.\u00a0gadu pirmaj\u0101 pus\u0113, laik\u0101, kad valsts bija Anglijas alianses sast\u0101v\u0101 un tika apstiprin\u0101ta Anglijas Savoj\u0101. Georga krusts uz t\u0101 par\u0101d\u012bj\u0101s, pateicoties drosmei, ko maltie\u0161i demonstr\u0113ja 2. glob\u0101l\u0101 laik\u0101, taj\u0101 laik\u0101, kad vi\u0146iem uzbruka sp\u0101\u0146u fa\u0161isti.<\/p>\n<blockquote>\n<p style=\"text-align: justify\">Kop\u0161 XVIII gadsimta XVI fini\u0161a pussal\u0101 tika izmantots sarkans karogs ar Balto Maltas krustu.<\/p>\n<\/blockquote>\n<p style=\"text-align: justify\">Taj\u0101 laik\u0101, taj\u0101 laik\u0101, kad vald\u012bba bija korona kolonija, karogs bija zils audums ar Union Jack aug\u0161\u0113j\u0101 kreisaj\u0101 st\u016br\u012b un koloni\u0101lo noz\u012bm\u012bti (v\u0113l\u0101k vi\u0146u aizst\u0101ja \u0123erbonis) apak\u0161\u0113j\u0101s lab\u0101s da\u013cas. \u0122erbonis main\u012bja izskatu, bet koncepcija palika pag\u0101tn\u0113.<\/p>\n<p><span itemprop=\"image\" itemscope itemtype=\"https:\/\/schema.org\/ImageObject\"><img itemprop=\"url image\" loading=\"lazy\" decoding=\"async\" class=\"alignnone size-full wp-image-3648\" src=\"\/wp-content\/uploads\/2021\/01\/flags-of-malta_2.png\" width=\"500\" height=\"250\" alt=\"Maltas karogs-2\" \/><meta itemprop=\"width\" content=\"500\"><meta itemprop=\"height\" content=\"250\"><\/span><\/p>\n<p>Maltas karogs, 1875-1898<\/p>\n<p><span itemprop=\"image\" itemscope itemtype=\"https:\/\/schema.org\/ImageObject\"><img itemprop=\"url image\" loading=\"lazy\" decoding=\"async\" class=\"alignnone size-full wp-image-3649\" src=\"\/wp-content\/uploads\/2021\/01\/flags-of-malta_3.png\" width=\"500\" height=\"250\" alt=\"Maltas karogs-3\" \/><meta itemprop=\"width\" content=\"500\"><meta itemprop=\"height\" content=\"250\"><\/span><\/p>\n<p>Maltas karogs, 1898-1923<\/p>\n<p><span itemprop=\"image\" itemscope itemtype=\"https:\/\/schema.org\/ImageObject\"><img itemprop=\"url image\" loading=\"lazy\" decoding=\"async\" class=\"alignnone size-full wp-image-3650\" src=\"\/wp-content\/uploads\/2021\/01\/flags-of-malta_4.png\" width=\"500\" height=\"250\" alt=\"Maltas karogs-4\" \/><meta itemprop=\"width\" content=\"500\"><meta itemprop=\"height\" content=\"250\"><\/span><\/p>\n<p>1923. gads &#8211; 1943. gada 28. decembris<\/p>\n<p><span itemprop=\"image\" itemscope itemtype=\"https:\/\/schema.org\/ImageObject\"><img itemprop=\"url image\" loading=\"lazy\" decoding=\"async\" class=\"alignnone size-full wp-image-3651\" src=\"\/wp-content\/uploads\/2021\/01\/flags-of-malta_5.png\" width=\"500\" height=\"250\" alt=\"Maltas karogs-5\" \/><meta itemprop=\"width\" content=\"500\"><meta itemprop=\"height\" content=\"250\"><\/span><\/p>\n<p>1943. gada 28. decembris &#8211; 1964. gada 21. septembris<\/p>\n<blockquote>\n<p style=\"text-align: justify\">Malta bija ang\u013cu kolonija no 1813.\u00a0gada l\u012bdz neatkar\u012bbas ieg\u016b\u0161anai 1964.\u00a0gad\u0101.<\/p>\n<\/blockquote>\n<h2 style=\"text-align: justify\">Apraksts<\/h2>\n<p style=\"text-align: justify\">Tas veido 2 da\u013cas &#8211; baltu &#8211; braucien\u0101 un sarkanu att\u0101lum\u0101 no t\u0101. Sv\u012btras ir novietotas vertik\u0101li. Uz baltas puses aug\u0161\u0113j\u0101 kreisaj\u0101 st\u016br\u012b ir Georga krusts, sudraba kr\u0101s\u0101 ar sarkanu kont\u016bru.<\/p>\n<h2 style=\"text-align: justify\">Maltas kr\u0101su karogs<\/h2>\n<p style=\"text-align: justify\">Z\u012bmei ir divas kr\u0101sas \u2013 sarkana un balta, no kur\u0101m katrai ir sava noz\u012bme.<\/p>\n<p style=\"text-align: justify\">Le\u0123enda v\u0113sta, ka karoga kr\u0101sas \u0161\u0137ita XII gadsimt\u0101, taj\u0101 laik\u0101, kad pussalu no ar\u0101biem atbr\u012bvoja bru\u0146inieks Rod\u017eers I, bet maltie\u0161i izveidoja savu valsts karogu.<\/p>\n<h2 style=\"text-align: justify\">Noz\u012bm\u0113 kr\u0101sas un karoga z\u012bme<\/h2>\n<p style=\"text-align: justify\">Sarkan\u0101s kr\u0101sas izcelsme ir saist\u012bta ar 2. glob\u0101lo kara karu &#8211; tas ir Maltas iedz\u012bvot\u0101ju drosmes simbols, adekv\u0101ti satikts ienaidnieks sav\u0101 viet\u0101 un atg\u0101din\u0101jums katram, kur\u0161 atdeva dz\u012bv\u012bbu \u0161aj\u0101 asi\u0146ainaj\u0101 c\u012b\u0146\u0101.<\/p>\n<p style=\"text-align: justify\">Kam\u0113r &#8211; neatkar\u012bbas c\u012b\u0146u piemi\u0146a, br\u012bv\u012bbas simbols un z\u012bme, kas liecina, ka viss nepareizais palika pag\u0101tn\u0113, un pirmajos virkn\u0113jumos vald\u012bba gaida tikai mier\u012bgu, iev\u0113rojamu n\u0101kotni, kas nav aiz\u0113nota.<\/p>\n<p style=\"text-align: justify\">Sv. D\u017eord\u017es Kross &#8211; balva civiliedz\u012bvot\u0101jiem par drosmi, kas tiek demonstr\u0113ta Lielbrit\u0101nij\u0101 ra\u017eoto izci\u013c\u0146u laukos. Neatkar\u012bbas beig\u0101s pie Neatkar\u012bbas pussalas netika va\u013c\u0101 no atmi\u0146as simbola par 2. glob\u0101lo karu.<\/p>\n<h2 style=\"text-align: justify\">Citi Maltas karogi<\/h2>\n<p style=\"text-align: justify\">Malt\u0101 ir ne tikai valsts karogs, bet ar\u012b netiek skait\u012bts \u0161is un papildu:<\/p>\n<p>Lielbrit\u0101nijas gubernatoru Maltas karogi<\/p>\n<p><span itemprop=\"image\" itemscope itemtype=\"https:\/\/schema.org\/ImageObject\"><img itemprop=\"url image\" loading=\"lazy\" decoding=\"async\" class=\"alignnone size-full wp-image-3652\" src=\"\/wp-content\/uploads\/2021\/01\/flags-of-malta_6.png\" width=\"500\" height=\"250\" alt=\"Maltas karogs-6\" \/><meta itemprop=\"width\" content=\"500\"><meta itemprop=\"height\" content=\"250\"><\/span><\/p>\n<ul>\n<li>Lielbrit\u0101nijas gubernatoru Maltas karogi 1875-1898<\/li>\n<\/ul>\n<p><span itemprop=\"image\" itemscope itemtype=\"https:\/\/schema.org\/ImageObject\"><img itemprop=\"url image\" loading=\"lazy\" decoding=\"async\" class=\"alignnone size-full wp-image-3653\" src=\"\/wp-content\/uploads\/2021\/01\/flags-of-malta_7.png\" width=\"500\" height=\"250\" alt=\"Maltas karogs-7\" \/><meta itemprop=\"width\" content=\"500\"><meta itemprop=\"height\" content=\"250\"><\/span><\/p>\n<ul>\n<li>Maltas Lielbrit\u0101nijas gubernatoru karogi, 1898.\u00a0gada 1943.\u00a0gada 28.\u00a0decembris<\/li>\n<\/ul>\n<p><span itemprop=\"image\" itemscope itemtype=\"https:\/\/schema.org\/ImageObject\"><img itemprop=\"url image\" loading=\"lazy\" decoding=\"async\" class=\"alignnone size-full wp-image-3654\" src=\"\/wp-content\/uploads\/2021\/01\/flags-of-malta_9.png\" width=\"500\" height=\"250\" alt=\"Maltas karogs-8\" \/><meta itemprop=\"width\" content=\"500\"><meta itemprop=\"height\" content=\"250\"><\/span><\/p>\n<ul>\n<li>Maltas Lielbrit\u0101nijas gubernatoru karogi no 1943. gada 28. decembra l\u012bdz 1964. gada 21. septembrim<\/li>\n<\/ul>\n<p><span itemprop=\"image\" itemscope itemtype=\"https:\/\/schema.org\/ImageObject\"><img itemprop=\"url image\" loading=\"lazy\" decoding=\"async\" class=\"alignnone size-full wp-image-3655\" src=\"\/wp-content\/uploads\/2021\/01\/flags-of-malta_8.png\" width=\"500\" height=\"250\" alt=\"Maltas karogs-9\" \/><meta itemprop=\"width\" content=\"500\"><meta itemprop=\"height\" content=\"250\"><\/span><\/p>\n<ul>\n<li>Gubernatora karogs 1964-1974<\/li>\n<\/ul>\n<p>Prezidenta karogs, kas ir zils audums ar zelta krustiem st\u016bros, un t\u0101 centr\u0101 ir salas \u0123erbonis;<\/p>\n<p style=\"text-align: justify\"><span itemprop=\"image\" itemscope itemtype=\"https:\/\/schema.org\/ImageObject\"><img itemprop=\"url image\" loading=\"lazy\" decoding=\"async\" class=\"alignnone size-full wp-image-3656\" src=\"\/wp-content\/uploads\/2021\/01\/flags-of-malta_10.png\" width=\"500\" height=\"333\" alt=\"Maltas karogs-10\" \/><meta itemprop=\"width\" content=\"500\"><meta itemprop=\"height\" content=\"333\"><\/span><\/p>\n<p style=\"text-align: justify\">Prezidenta karogs \u2013 v\u0113sturiski iedibin\u0101ta trad\u012bcija, kas izveidoj\u0101s XIX gadsimt\u0101, taj\u0101 laik\u0101, kad par\u0101d\u012bj\u0101s vald\u012bbas simbols \u2013 Lielbrit\u0101nijas karogs ar Maltas \u0123erboni centr\u0101.<\/p>\n<ul style=\"text-align: justify\">\n<li>B\u012bskapa karogs &#8211; audums ar vertik\u0101l\u0101m baltu un dzeltenu kr\u0101su sv\u012btr\u0101m;<\/li>\n<\/ul>\n<p style=\"text-align: justify\"><span itemprop=\"image\" itemscope itemtype=\"https:\/\/schema.org\/ImageObject\"><img itemprop=\"url image\" loading=\"lazy\" decoding=\"async\" class=\"alignnone size-full wp-image-3657\" src=\"\/wp-content\/uploads\/2021\/01\/flags-of-malta_11.png\" width=\"500\" height=\"333\" alt=\"Maltas karogs-11\" \/><meta itemprop=\"width\" content=\"500\"><meta itemprop=\"height\" content=\"333\"><\/span><\/p>\n<ul style=\"text-align: justify\">\n<li>Iepirk\u0161an\u0101s karogs &#8211; Sarkans audums ar baltu Maltas krustu centr\u0101;<\/li>\n<\/ul>\n<p style=\"text-align: justify\"><span itemprop=\"image\" itemscope itemtype=\"https:\/\/schema.org\/ImageObject\"><img itemprop=\"url image\" loading=\"lazy\" decoding=\"async\" class=\"alignnone size-full wp-image-3658\" src=\"\/wp-content\/uploads\/2021\/01\/flags-of-malta_15.png\" width=\"500\" height=\"333\" alt=\"Maltas karogs-12\" \/><meta itemprop=\"width\" content=\"500\"><meta itemprop=\"height\" content=\"333\"><\/span><\/p>\n<ul style=\"text-align: justify\">\n<li>Standarta Elizabete II &#8211; 1967. gada 31. oktobris &#8211; 1974. gada 12. decembris;<\/li>\n<\/ul>\n<p style=\"text-align: justify\"><span itemprop=\"image\" itemscope itemtype=\"https:\/\/schema.org\/ImageObject\"><img itemprop=\"url image\" loading=\"lazy\" decoding=\"async\" class=\"alignnone size-full wp-image-3659\" src=\"\/wp-content\/uploads\/2021\/01\/flags-of-malta_14.png\" width=\"500\" height=\"333\" alt=\"Maltas karogs-13\" \/><meta itemprop=\"width\" content=\"500\"><meta itemprop=\"height\" content=\"333\"><\/span><\/p>\n<ul style=\"text-align: justify\">\n<li>Pui\u0161i Navy Malta;<\/li>\n<\/ul>\n<p style=\"text-align: justify\"><span itemprop=\"image\" itemscope itemtype=\"https:\/\/schema.org\/ImageObject\"><img itemprop=\"url image\" loading=\"lazy\" decoding=\"async\" class=\"alignnone size-full wp-image-3660\" src=\"\/wp-content\/uploads\/2021\/01\/flags-of-malta_13.png\" width=\"500\" height=\"500\" alt=\"Maltas karogs-14\" \/><meta itemprop=\"width\" content=\"500\"><meta itemprop=\"height\" content=\"500\"><\/span><\/p>\n<ul style=\"text-align: justify\">\n<li>Maltas neofici\u0101lais karogs, 1943-1964.<\/li>\n<\/ul>\n<p style=\"text-align: justify\"><span itemprop=\"image\" itemscope itemtype=\"https:\/\/schema.org\/ImageObject\"><img itemprop=\"url image\" loading=\"lazy\" decoding=\"async\" class=\"alignnone size-full wp-image-3661\" src=\"\/wp-content\/uploads\/2021\/01\/flags-of-malta_12.png\" width=\"500\" height=\"333\" alt=\"Maltas karogs-15\" \/><meta itemprop=\"width\" content=\"500\"><meta itemprop=\"height\" content=\"333\"><\/span><\/p>\n<p style=\"text-align: justify\">Salas karogs ne tikai saglab\u0101ja \u012bpa\u0161\u012bbu, bet ar\u012b neatteic\u0101s no Lielbrit\u0101nijas karalienei pie\u0161\u0137irt\u0101s neaizmirstam\u0101s z\u012bmes, kas padar\u012bja vi\u0146u neaizmirstamu.<\/p>\n<h2 style=\"text-align: justify\">Nespecializ\u0113ta inform\u0101cija par Maltu<\/h2>\n<table>\n<tbody>\n<tr style=\"text-align: justify\">\n<td>Ofici\u0101l\u0101 valoda<\/td>\n<td>maltie\u0161u, ang\u013cu<\/td>\n<\/tr>\n<tr style=\"text-align: justify\">\n<td>Kapit\u0101ls<\/td>\n<td>Valleta<\/td>\n<\/tr>\n<tr style=\"text-align: justify\">\n<td>Teritorija<\/td>\n<td>316 km2<\/td>\n<\/tr>\n<tr style=\"text-align: justify\">\n<td>Popul\u0101cija<\/td>\n<td>493 559 cilv\u0113ki<\/td>\n<\/tr>\n<tr style=\"text-align: justify\">\n<td>Val\u016bta<\/td>\n<td>eiro<\/td>\n<\/tr>\n<tr>\n<td style=\"text-align: justify\">Telefona kods<\/td>\n<td style=\"text-align: justify\">+356<\/td>\n<\/tr>\n<\/tbody>\n<\/table>\n","protected":false},"excerpt":{"rendered":"<p>Malta &#8211; valsts sala Vidusj\u016br\u0101, atrodas net\u0101lu no Sic\u012blijas. Valsts v\u0113stur\u0113 Maltas karogs main\u012bj\u0101s vair\u0101k. T\u0101tad m\u016bsdienu Maltas karogs izskat\u0101s: Maltas v\u0113stures karogs Pa\u0161reiz\u0113j\u0101 Maltas z\u012bme par\u0101d\u012bj\u0101s 20.\u00a0gadsimta&#8230;<\/p>\n","protected":false},"author":1,"featured_media":5898,"comment_status":"open","ping_status":"open","sticky":false,"template":"","format":"standard","meta":{"footnotes":""},"categories":[3],"tags":[],"class_list":["post-1603","post","type-post","status-publish","format-standard","has-post-thumbnail","","category-eiropas-karogi"],"aioseo_notices":[],"_links":{"self":[{"href":"https:\/\/flags-world.com\/lv\/wp-json\/wp\/v2\/posts\/1603","targetHints":{"allow":["GET"]}}],"collection":[{"href":"https:\/\/flags-world.com\/lv\/wp-json\/wp\/v2\/posts"}],"about":[{"href":"https:\/\/flags-world.com\/lv\/wp-json\/wp\/v2\/types\/post"}],"author":[{"embeddable":true,"href":"https:\/\/flags-world.com\/lv\/wp-json\/wp\/v2\/users\/1"}],"replies":[{"embeddable":true,"href":"https:\/\/flags-world.com\/lv\/wp-json\/wp\/v2\/comments?post=1603"}],"version-history":[{"count":0,"href":"https:\/\/flags-world.com\/lv\/wp-json\/wp\/v2\/posts\/1603\/revisions"}],"wp:featuredmedia":[{"embeddable":true,"href":"https:\/\/flags-world.com\/lv\/wp-json\/wp\/v2\/media\/5898"}],"wp:attachment":[{"href":"https:\/\/flags-world.com\/lv\/wp-json\/wp\/v2\/media?parent=1603"}],"wp:term":[{"taxonomy":"category","embeddable":true,"href":"https:\/\/flags-world.com\/lv\/wp-json\/wp\/v2\/categories?post=1603"},{"taxonomy":"post_tag","embeddable":true,"href":"https:\/\/flags-world.com\/lv\/wp-json\/wp\/v2\/tags?post=1603"}],"curies":[{"name":"wp","href":"https:\/\/api.w.org\/{rel}","templated":true}]}}