{"id":1602,"date":"2021-01-04T17:18:15","date_gmt":"2021-01-04T14:18:15","guid":{"rendered":"https:\/\/flags-world.com\/lv\/2021\/01\/04\/mali-karogs-nozme-un-krsas\/"},"modified":"2021-01-04T17:18:15","modified_gmt":"2021-01-04T14:18:15","slug":"mali-karogs-nozme-un-krsas","status":"publish","type":"post","link":"https:\/\/flags-world.com\/lv\/mali-karogs-nozme-un-krsas\/","title":{"rendered":"Mali karogs: noz\u012bme un kr\u0101sas"},"content":{"rendered":"<p style=\"text-align: justify\">Mali &#8211; 2. laukuma vald\u012bba Rietum\u0101frik\u0101. R\u016bp\u0113jas vair\u0101k par 1.4 miljoni km2. L\u012bdz 20. gadsimta vidum Mali bija fran\u010du kolonija, kuras pamat\u0101 bija \u0161\u012b un valsts ofici\u0101l\u0101 valoda &#8211; fran\u010du. Galvaspils\u0113ta ir Bamako pils\u0113ta. Mali\u00a0\u2014 tuksne\u0161u un savannas valsts, kur\u0101 dz\u012bvo vair\u0101k nek\u0101 19\u00a0329\u00a0841\u00a0cilv\u0113ks. Rakst\u0101 past\u0101st\u012bsim par pa\u0161vald\u012bbas karogu, t\u0101 noz\u012bmi, v\u0113sturi.<\/p>\n<p style=\"text-align: justify\">Bamako, tulkojum\u0101 no viet\u0113j\u0101s bambaras, liecina par &quot;krokodilu upi&quot;. Krokodilu \u0161eit galu gal\u0101 ir neuzkr\u012bto\u0161s daudzums, un vi\u0146i to neskaita, kas att\u0113lots valsts \u0123erbon\u012b.<\/p>\n<p style=\"text-align: justify\">T\u0101tad m\u016bsdienu Mali karogs izskat\u0101s:<\/p>\n<p style=\"text-align: justify\"><span itemprop=\"image\" itemscope itemtype=\"https:\/\/schema.org\/ImageObject\"><img itemprop=\"url image\" loading=\"lazy\" decoding=\"async\" class=\"alignnone size-full wp-image-3641\" src=\"\/wp-content\/uploads\/2021\/01\/flag-of-mali_1.png\" width=\"500\" height=\"333\" alt=\"Mali karogs-1\" \/><meta itemprop=\"width\" content=\"500\"><meta itemprop=\"height\" content=\"333\"><\/span><\/p>\n<h2 style=\"text-align: justify\">Mali karoga v\u0113sture<\/h2>\n<p style=\"text-align: justify\">S\u0101kotn\u0113j\u0101 republikas z\u012bme par\u0101d\u012bj\u0101s p\u0113c referenduma Francijas Sud\u0101n\u0101 1958. gada 28. septembr\u012b, kur\u0101 Mali (tolaik Sud\u0101nas Republika) atzina br\u012bvu valsti, kas sast\u0101v\u0113ja no fran\u010du sabiedr\u012bbas. Karogs apstiprin\u0101ts 1958. gada 24. novembr\u012b. Tas bija att\u0113lots uz meln\u0101daina v\u012brie\u0161a uz Francijas karoga fona.<\/p>\n<p style=\"text-align: justify\"><span itemprop=\"image\" itemscope itemtype=\"https:\/\/schema.org\/ImageObject\"><img itemprop=\"url image\" loading=\"lazy\" decoding=\"async\" class=\"alignnone size-full wp-image-3643\" src=\"\/wp-content\/uploads\/2021\/01\/flag-of-mali_2.png\" width=\"500\" height=\"333\" alt=\"Mali karogs-2\" \/><meta itemprop=\"width\" content=\"500\"><meta itemprop=\"height\" content=\"333\"><\/span><\/p>\n<p style=\"text-align: justify\">Jau beig\u0101s, 1959. gada 4. apr\u012bl\u012b, Mali apvienoj\u0101s Sud\u0101nas Republika un Seneg\u0101las Republika, izveidojot person\u012bgo karogu. Divas sv\u012btras main\u012btas zil\u0101 un balt\u0101 kr\u0101s\u0101, p\u0101r\u0113j\u0101s kr\u0101s\u0101s &#8211; za\u013c\u0101 un dzelten\u0101, bet cilv\u0113ka ideogramma ar pacelt\u0101m rok\u0101m pret Sauli (Kan\u0101ns). Zem \u0161\u012b karoga piekrita valsts neatkar\u012bbai. Divdesmit\u0101 gadsimta 60. gadu pirmaj\u0101 pus\u0113 Seneg\u0101la izk\u0101pa no Mali. 1961. gada janv\u0101r\u012b audekls tika no\u0146emts no karoga att\u0113la, jo musulma\u0146u puse neapstiprin\u0101ja vismaz to, k\u0101ds cilv\u0113ks. Ofici\u0101lais pa\u0161vald\u012bbas z\u012bmes pie\u0146em\u0161anas likums, ko parakst\u012bju\u0161i deput\u0101ti Valsts asamblejas pl\u0113num\u0101 &#8211; Nr. 61-6, dat\u0113ts ar 1961. gada 20. janv\u0101ri.<\/p>\n<p style=\"text-align: justify\"><span itemprop=\"image\" itemscope itemtype=\"https:\/\/schema.org\/ImageObject\"><img itemprop=\"url image\" loading=\"lazy\" decoding=\"async\" class=\"alignnone size-full wp-image-3644\" src=\"\/wp-content\/uploads\/2021\/01\/flag-of-mali_3.png\" width=\"500\" height=\"333\" alt=\"Mali karogs-3\" \/><meta itemprop=\"width\" content=\"500\"><meta itemprop=\"height\" content=\"333\"><\/span><\/p>\n<p style=\"text-align: justify\">No 13. l\u012bdz 17. gadsimtam teritorij\u0101s vald\u012bja sp\u0113c\u012bg\u0101 Mali imp\u0113rija. M\u016bsdienu valsts nosaukums &#8211; s\u016btot uz tiem laikiem.<\/p>\n<h2 style=\"text-align: justify\">Apraksts<\/h2>\n<p style=\"text-align: justify\">Taisnst\u016brveida audekls, sadal\u012bts tr\u012bs vien\u0101d\u0101s pla\u0161\u0101s sv\u012btr\u0101s bez papildu att\u0113liem.<\/p>\n<h2 style=\"text-align: justify\">Mali karoga kr\u0101sas<\/h2>\n<p style=\"text-align: justify\">Ir za\u013ca, dzeltena (da\u017eos avotos &#8211; zelta) un sarkana kr\u0101sa.<\/p>\n<h2 style=\"text-align: justify\">Noz\u012bm\u0113 kr\u0101sas Mali karogs<\/h2>\n<ol style=\"text-align: justify\">\n<li>Za\u013c\u0101 kr\u0101sa simboliz\u0113 lauksaimniec\u012bbas att\u012bst\u012bbu, augsni, gan\u012bbu za\u013cumus, lab\u012bbas zemi un valsts labkl\u0101j\u012bbu. Ja neskaita, tas liecina par cer\u012bb\u0101m uz att\u012bst\u012bbu un moderniz\u0101ciju.<\/li>\n<li>Dzelten\u0101 sloksne run\u0101 par zeltu un cit\u0101m piem\u0113rot\u0101m fosilij\u0101m, kas ieg\u016btas Mali zem\u0113. Pamatiedz\u012bvot\u0101ji, Ukraina, ir gatavi iest\u0101ties par person\u012bgo labkl\u0101j\u012bbu un c\u012bn\u012bties par to l\u012bdz p\u0113d\u0113jam.<\/li>\n<li>Sarkans aicina atrast cilv\u0113kus par asin\u012bm, izliet\u0101m, ne vi\u0146u zemi. Neskaitot to, tas ir \u0161oks r\u012bc\u012bbai, ja negaid\u012bti ienaidnieks uzbr\u016bk savai valstij.<\/li>\n<li>Valsts v\u0113sture ir saisto\u0161a un prasa vi\u0146iem lielu uzman\u012bbu. Nav daudz laika, lai dal\u012btos ar valsts p\u0113t\u012bjumu, un j\u016bs pats uzzin\u0101sit diezgan daudz jauna un aizraujo\u0161\u0101ka.<\/li>\n<\/ol>\n<h2 style=\"text-align: justify\">Nespecializ\u0113ta inform\u0101cija par Mali<\/h2>\n<table>\n<tbody>\n<tr style=\"text-align: justify\">\n<td>Ofici\u0101l\u0101 valoda<\/td>\n<td>fran\u010du valoda<\/td>\n<\/tr>\n<tr style=\"text-align: justify\">\n<td>Kapit\u0101ls<\/td>\n<td>Bamako<\/td>\n<\/tr>\n<tr style=\"text-align: justify\">\n<td>Teritorija<\/td>\n<td>1 240 192 km2<\/td>\n<\/tr>\n<tr style=\"text-align: justify\">\n<td>Popul\u0101cija<\/td>\n<td>19 329 841 cilv\u0113ks<\/td>\n<\/tr>\n<tr style=\"text-align: justify\">\n<td>Val\u016bta<\/td>\n<td>Frenks CFA<\/td>\n<\/tr>\n<tr>\n<td style=\"text-align: justify\">Telefona kods<\/td>\n<td style=\"text-align: justify\">+233<\/td>\n<\/tr>\n<\/tbody>\n<\/table>\n","protected":false},"excerpt":{"rendered":"<p>Mali &#8211; 2. laukuma vald\u012bba Rietum\u0101frik\u0101. R\u016bp\u0113jas vair\u0101k par 1.4 miljoni km2. L\u012bdz 20. gadsimta vidum Mali bija fran\u010du kolonija, kuras pamat\u0101 bija \u0161\u012b un valsts ofici\u0101l\u0101 valoda&#8230;<\/p>\n","protected":false},"author":1,"featured_media":5897,"comment_status":"open","ping_status":"open","sticky":false,"template":"","format":"standard","meta":{"footnotes":""},"categories":[5],"tags":[],"class_list":["post-1602","post","type-post","status-publish","format-standard","has-post-thumbnail","","category-frikas-valstu-karogi"],"aioseo_notices":[],"_links":{"self":[{"href":"https:\/\/flags-world.com\/lv\/wp-json\/wp\/v2\/posts\/1602","targetHints":{"allow":["GET"]}}],"collection":[{"href":"https:\/\/flags-world.com\/lv\/wp-json\/wp\/v2\/posts"}],"about":[{"href":"https:\/\/flags-world.com\/lv\/wp-json\/wp\/v2\/types\/post"}],"author":[{"embeddable":true,"href":"https:\/\/flags-world.com\/lv\/wp-json\/wp\/v2\/users\/1"}],"replies":[{"embeddable":true,"href":"https:\/\/flags-world.com\/lv\/wp-json\/wp\/v2\/comments?post=1602"}],"version-history":[{"count":0,"href":"https:\/\/flags-world.com\/lv\/wp-json\/wp\/v2\/posts\/1602\/revisions"}],"wp:featuredmedia":[{"embeddable":true,"href":"https:\/\/flags-world.com\/lv\/wp-json\/wp\/v2\/media\/5897"}],"wp:attachment":[{"href":"https:\/\/flags-world.com\/lv\/wp-json\/wp\/v2\/media?parent=1602"}],"wp:term":[{"taxonomy":"category","embeddable":true,"href":"https:\/\/flags-world.com\/lv\/wp-json\/wp\/v2\/categories?post=1602"},{"taxonomy":"post_tag","embeddable":true,"href":"https:\/\/flags-world.com\/lv\/wp-json\/wp\/v2\/tags?post=1602"}],"curies":[{"name":"wp","href":"https:\/\/api.w.org\/{rel}","templated":true}]}}