{"id":1601,"date":"2021-01-04T17:18:15","date_gmt":"2021-01-04T14:18:15","guid":{"rendered":"https:\/\/flags-world.com\/lv\/2021\/01\/04\/maldivu-karogi-nozme-un-krsas\/"},"modified":"2021-01-04T17:18:15","modified_gmt":"2021-01-04T14:18:15","slug":"maldivu-karogi-nozme-un-krsas","status":"publish","type":"post","link":"https:\/\/flags-world.com\/lv\/maldivu-karogi-nozme-un-krsas\/","title":{"rendered":"Maldivu karogi: noz\u012bme un kr\u0101sas"},"content":{"rendered":"<p style=\"text-align: justify\">Mald\u012bvija\u00a0\u2014 neliela vald\u012bba Indijas oke\u0101n\u0101. Atolu \u0137\u0113des stiep\u0101s l\u012bdz 1192 sal\u0101m. Veiksm\u012bgu cilv\u0113ku atp\u016btas teritorija, neofici\u0101l\u0101 \u0112dene uz Zemes. Baltas smiltis, \u016bdens no neparast\u0101 debeszila Koller. D\u0101sna saule, piln\u012bga atp\u016bta, 20 gadu laik\u0101 samaziniet t\u016bristus.<\/p>\n<p style=\"text-align: justify\">T\u0101tad m\u016bsdienu Maldivu salu karogs izskat\u0101s:<\/p>\n<p style=\"text-align: justify\"><span itemprop=\"image\" itemscope itemtype=\"https:\/\/schema.org\/ImageObject\"><img itemprop=\"url image\" loading=\"lazy\" decoding=\"async\" class=\"alignnone size-full wp-image-3664\" src=\"\/wp-content\/uploads\/2021\/01\/flags-of-maldives_1.png\" width=\"500\" height=\"333\" alt=\"Mald\u012bvu salu karogs-1\" \/><meta itemprop=\"width\" content=\"500\"><meta itemprop=\"height\" content=\"333\"><\/span><\/p>\n<h2 style=\"text-align: justify\">Mald\u012bvu salu v\u0113stures karogs<\/h2>\n<p style=\"text-align: justify\">L\u012bdz 20. gadsimta s\u0101kumam Maldivu salu karogu izmantoja sult\u0101ni un tas bija diezgan sarkans. \u0160\u0101ds tonis nebija tikai t\u0101ds &#8211; vi\u0146\u0161 piln\u012bb\u0101 kontrast\u0113 ar Indijas oke\u0101na kr\u0101su.<\/p>\n<p style=\"text-align: justify\">XIX gadsimt\u0101 Osma\u0146u imp\u0113riju veica musulma\u0146u pusm\u0113ness propaganda, kas dai\u013cliterat\u016br\u0101 bija za\u013c\u0101 taisnst\u016bra centr\u0101. \u0160\u012b Maldivu karoga versija ir sp\u0113k\u0101 l\u012bdz 1947. gadam. No 1947.-1968. Tika atjaunots pusm\u0113ness, kura ragi \u0161obr\u012bd r\u0101d\u012bj\u0101s br\u012bvaj\u0101 pus\u0113.<\/p>\n<blockquote>\n<p style=\"text-align: justify\">Neatkar\u012bbas pie\u0146em\u0161anas beig\u0101s no Maldivu karoga tika no\u0146emta melnbalt\u0101 josla.<\/p>\n<\/blockquote>\n<h2 style=\"text-align: justify\">Maldivu salu karoga apraksts<\/h2>\n<p style=\"text-align: justify\">Taisnst\u016bra audums, kur\u0101 za\u013c\u0161 taisnst\u016bris ar pusm\u0113ness att\u0113lu.<\/p>\n<p style=\"text-align: justify\"><span itemprop=\"image\" itemscope itemtype=\"https:\/\/schema.org\/ImageObject\"><img itemprop=\"url image\" loading=\"lazy\" decoding=\"async\" class=\"alignnone size-full wp-image-3665\" src=\"\/wp-content\/uploads\/2021\/01\/flags-of-maldives_2.png\" width=\"500\" height=\"344\" alt=\"Mald\u012bvu salu karogs-2\" \/><meta itemprop=\"width\" content=\"500\"><meta itemprop=\"height\" content=\"344\"><\/span><\/p>\n<h2 style=\"text-align: justify\">Maldivu salu kr\u0101su karogs<\/h2>\n<p style=\"text-align: justify\">Maldivu salu karog\u0101 tiek izmantotas 3 kr\u0101sas:<\/p>\n<ol style=\"text-align: justify\">\n<li>Sarkans;<\/li>\n<li>Za\u013c\u0161:<\/li>\n<li>Balts.<\/li>\n<\/ol>\n<h2 style=\"text-align: justify\">Noz\u012bm\u0113 kr\u0101sas un karoga z\u012bme<\/h2>\n<ol style=\"text-align: justify\">\n<li>Sarkan\u0101 kr\u0101sa &#8211; Ukrainas iedz\u012bvot\u0101ju drosme, Real un n\u0101k. Gatav\u012bba upur\u0113t sevi valsts br\u012bv\u012bbas lab\u0101.<\/li>\n<li>Za\u013ci &#8211; sal\u0101s augo\u0161as palmas un za\u013cumu sacel\u0161an\u0101s.<\/li>\n<li>Baltais pusm\u0113ness \u2013 ofici\u0101l\u0101 valstu reli\u0123ija \u2013 isl\u0101ms.<\/li>\n<li>Mald\u012bvija &#8211; satrieco\u0161a \u0137\u0113de no atoliem, kuru vismaz reizi dz\u012bv\u0113 ir v\u0113rts redz\u0113t sav\u0101m ac\u012bm.<\/li>\n<\/ol>\n<h2 style=\"text-align: justify\">Nespecializ\u0113ta inform\u0101cija par Mald\u012bviju<\/h2>\n<table>\n<tbody>\n<tr style=\"text-align: justify\">\n<td>Ofici\u0101l\u0101 valoda<\/td>\n<td>Mald\u012bvija<\/td>\n<\/tr>\n<tr style=\"text-align: justify\">\n<td>Kapit\u0101ls<\/td>\n<td>V\u012brietis<\/td>\n<\/tr>\n<tr style=\"text-align: justify\">\n<td>Teritorija<\/td>\n<td>298 km2<\/td>\n<\/tr>\n<tr style=\"text-align: justify\">\n<td>Popul\u0101cija<\/td>\n<td>402 071 cilv\u0113ks<\/td>\n<\/tr>\n<tr style=\"text-align: justify\">\n<td>Val\u016bta<\/td>\n<td>Rufia (MVR, 462)<\/td>\n<\/tr>\n<tr>\n<td style=\"text-align: justify\">Telefona kods<\/td>\n<td style=\"text-align: justify\">+5<\/td>\n<\/tr>\n<\/tbody>\n<\/table>\n","protected":false},"excerpt":{"rendered":"<p>Mald\u012bvija\u00a0\u2014 neliela vald\u012bba Indijas oke\u0101n\u0101. Atolu \u0137\u0113des stiep\u0101s l\u012bdz 1192 sal\u0101m. Veiksm\u012bgu cilv\u0113ku atp\u016btas teritorija, neofici\u0101l\u0101 \u0112dene uz Zemes. Baltas smiltis, \u016bdens no neparast\u0101 debeszila Koller. D\u0101sna saule,&#8230;<\/p>\n","protected":false},"author":1,"featured_media":5896,"comment_status":"open","ping_status":"open","sticky":false,"template":"","format":"standard","meta":{"footnotes":""},"categories":[2],"tags":[],"class_list":["post-1601","post","type-post","status-publish","format-standard","has-post-thumbnail","","category-zijas-karogi"],"aioseo_notices":[],"_links":{"self":[{"href":"https:\/\/flags-world.com\/lv\/wp-json\/wp\/v2\/posts\/1601","targetHints":{"allow":["GET"]}}],"collection":[{"href":"https:\/\/flags-world.com\/lv\/wp-json\/wp\/v2\/posts"}],"about":[{"href":"https:\/\/flags-world.com\/lv\/wp-json\/wp\/v2\/types\/post"}],"author":[{"embeddable":true,"href":"https:\/\/flags-world.com\/lv\/wp-json\/wp\/v2\/users\/1"}],"replies":[{"embeddable":true,"href":"https:\/\/flags-world.com\/lv\/wp-json\/wp\/v2\/comments?post=1601"}],"version-history":[{"count":0,"href":"https:\/\/flags-world.com\/lv\/wp-json\/wp\/v2\/posts\/1601\/revisions"}],"wp:featuredmedia":[{"embeddable":true,"href":"https:\/\/flags-world.com\/lv\/wp-json\/wp\/v2\/media\/5896"}],"wp:attachment":[{"href":"https:\/\/flags-world.com\/lv\/wp-json\/wp\/v2\/media?parent=1601"}],"wp:term":[{"taxonomy":"category","embeddable":true,"href":"https:\/\/flags-world.com\/lv\/wp-json\/wp\/v2\/categories?post=1601"},{"taxonomy":"post_tag","embeddable":true,"href":"https:\/\/flags-world.com\/lv\/wp-json\/wp\/v2\/tags?post=1601"}],"curies":[{"name":"wp","href":"https:\/\/api.w.org\/{rel}","templated":true}]}}