{"id":1598,"date":"2021-01-04T17:18:14","date_gmt":"2021-01-04T14:18:14","guid":{"rendered":"https:\/\/flags-world.com\/lv\/2021\/01\/04\/majotas-karogs\/"},"modified":"2021-01-04T17:18:14","modified_gmt":"2021-01-04T14:18:14","slug":"majotas-karogs","status":"publish","type":"post","link":"https:\/\/flags-world.com\/lv\/majotas-karogs\/","title":{"rendered":"Majotas karogs"},"content":{"rendered":"<p style=\"text-align: justify\">Majota &#8211; Zaokanas teritorija, kas ir Francijas ieteikumos, neskatoties uz to, ka p\u0113d\u0113jo p\u0101ris gadu desmitu laik\u0101 vi\u0146i str\u012bdas ar Komoru sal\u0101m, saska\u0146ojot ar galveno reglament\u0113jo\u0161o dokumentu, kas Majotai ir pieejams t\u0101s br\u012bvajam veidojumam. Ties\u012bbas pieder\u0113t Mayotte par Komorami piekrit\u012bs un galven\u0101 ANO asambleja. Re\u0123iona laukums &#8211; 376 km. 2, iedz\u012bvot\u0101ji &#8211; 246.5 t\u016bksto\u0161i cilv\u0113ku.<\/p>\n<p style=\"text-align: justify\">T\u0101tad m\u016bsdienu Majotas re\u0123ion\u0101lais karogs izskat\u0101s:<\/p>\n<p style=\"text-align: justify\"><span itemprop=\"image\" itemscope itemtype=\"https:\/\/schema.org\/ImageObject\"><img itemprop=\"url image\" loading=\"lazy\" decoding=\"async\" class=\"alignnone size-full wp-image-3563\" src=\"\/wp-content\/uploads\/2021\/01\/mayotte-flag_1.png\" width=\"500\" height=\"333\" alt=\"Majotas karogs-1\" \/><meta itemprop=\"width\" content=\"500\"><meta itemprop=\"height\" content=\"333\"><\/span><\/p>\n<h2 style=\"text-align: justify\">V\u0113sture Majotas karogs<\/h2>\n<p style=\"text-align: justify\">Majota tiek uzskat\u012bta par Francijas protektor\u0101tu no 1843.\u00a0gada, daudz agr\u0101k nek\u0101 kolonija, kur\u0101 atrad\u0101s visas Komoru salas.<\/p>\n<p style=\"text-align: justify\">2009. gad\u0101 referendum\u0101 par dal\u012bbu Majot\u0101 liel\u0101k\u0101 da\u013ca iedz\u012bvot\u0101ju iest\u0101j\u0101s par Francijas departamenta statusu. \u0160\u012b iemesla d\u0113\u013c tai nav savas ofici\u0101las z\u012bmes, un Francijas tr\u012bskr\u0101sains tiek izmantots jebkuram valsts ieganstam.<\/p>\n<p style=\"text-align: justify\"><span itemprop=\"image\" itemscope itemtype=\"https:\/\/schema.org\/ImageObject\"><img itemprop=\"url image\" loading=\"lazy\" decoding=\"async\" class=\"alignnone size-full wp-image-3564\" src=\"\/wp-content\/uploads\/2021\/01\/mayotte-flag_2.png\" width=\"500\" height=\"333\" alt=\"Maotty-2 karogs\" \/><meta itemprop=\"width\" content=\"500\"><meta itemprop=\"height\" content=\"333\"><\/span><\/p>\n<blockquote>\n<p style=\"text-align: justify\">Ta\u010du Majotai ir person\u012bgais re\u0123ion\u0101lais karogs.<\/p>\n<\/blockquote>\n<h2 style=\"text-align: justify\">Apraksts<\/h2>\n<p style=\"text-align: justify\">Uz balta fona pane\u013cos redzamas divas j\u016bras slidas, kas aizkav\u0113 vairogu, sadal\u012btas divos laukos. Aug\u0161\u0113j\u0101 zil\u0101 lauk\u0101 ir att\u0113lots balts pusm\u0113ness, bet apak\u0161\u0113j\u0101 sarkan\u0101 lauk\u0101 att\u0113lotas divas zelta kr\u0101sas se\u0161u punktu zvaigznes.<\/p>\n<p style=\"text-align: justify\">Sarkan\u0101s kr\u0101sas lat\u012b\u0146u z\u012bmju augst\u0101kaj\u0101 da\u013c\u0101 ir ierakst\u012bts Majotas re\u0123iona nosaukums un uz lentes uzrakst\u012bts ofici\u0101lais sauklis &#8211; Majota &quot;Ra Hachiri&quot;, kas liecina par &quot;M\u0113s esam modri&quot;.<\/p>\n<h2 style=\"text-align: justify\">Kr\u0101sas Majotas karogs<\/h2>\n<p style=\"text-align: justify\">Re\u0123iona z\u012bm\u0113 tika izmantotas 5 kr\u0101sas: sarkana, balta, sudraba, zila un zelta.<\/p>\n<h2 style=\"text-align: justify\">Kr\u0101su karoga noz\u012bme<\/h2>\n<p style=\"text-align: justify\">Francijas karoga kr\u0101sas, kas izmantotas Majotas karog\u0101. Pusm\u0113ness ragi, t\u0101di, ir simbols tam, ka 97 procenti t\u0101s iedz\u012bvot\u0101ju ir musulma\u0146i (sunn\u012bti). Se\u0161staru zvaigznes ir ilanga ziedi, ko izmanto \u0113terisk\u0101s e\u013c\u013cas ra\u017eo\u0161an\u0101, kas izmanto 9% no apstr\u0101d\u0101t\u0101s zemes. \u0160is produkts veido 25% no viet\u0113j\u0101 eksporta, un saist\u012bb\u0101 ar to pussalu sauc par &quot;smar\u017eu&quot;.<\/p>\n<p style=\"text-align: justify\">Izdal\u012btaj\u0101 2\u00a0lauku sadal\u012bjum\u0101 redzams kora\u013c\u013cu rifs.<\/p>\n<p style=\"text-align: justify\">J\u016bras slidu kont\u016bras atg\u0101dina Augst\u0101k\u0101s salas &#8211; Grand Tier formu.<\/p>\n<h2 style=\"text-align: justify\">Interesanti fakti par karogu<\/h2>\n<p style=\"text-align: justify\">Departamenta re\u0123ion\u0101lais simbols paties\u012bb\u0101 atk\u0101rto t\u0101 \u0123erboni, ar vien\u012bgo at\u0161\u0137ir\u012bbu, ka no aug\u0161as ir pievienots uzraksts &quot;Mayotte&quot;.<\/p>\n<p style=\"text-align: justify\"><span itemprop=\"image\" itemscope itemtype=\"https:\/\/schema.org\/ImageObject\"><img itemprop=\"url image\" loading=\"lazy\" decoding=\"async\" class=\"alignnone size-full wp-image-3565\" src=\"\/wp-content\/uploads\/2021\/01\/mayotte-flag_3.png\" width=\"500\" height=\"320\" alt=\"Maotty-3 karogs\" \/><meta itemprop=\"width\" content=\"500\"><meta itemprop=\"height\" content=\"320\"><\/span><\/p>\n<h2 style=\"text-align: justify\">Nespecializ\u0113ta inform\u0101cija par Majotas pussalu<\/h2>\n<table>\n<tbody>\n<tr style=\"text-align: justify\">\n<td>Ofici\u0101l\u0101 valoda<\/td>\n<td>fran\u010du valoda<\/td>\n<\/tr>\n<tr style=\"text-align: justify\">\n<td>Kapit\u0101ls<\/td>\n<td>Mamudzu<\/td>\n<\/tr>\n<tr style=\"text-align: justify\">\n<td>Teritorija<\/td>\n<td>376 km2<\/td>\n<\/tr>\n<tr style=\"text-align: justify\">\n<td>Popul\u0101cija<\/td>\n<td>246 489 cilv\u0113ki<\/td>\n<\/tr>\n<tr style=\"text-align: justify\">\n<td>Val\u016bta<\/td>\n<td>eiro (EUR, kods 978); Francijas franks (FRF kods 250) (l\u012bdz 1999. gadam)<\/td>\n<\/tr>\n<tr>\n<td style=\"text-align: justify\">Telefona kods<\/td>\n<td style=\"text-align: justify\">+33<\/td>\n<\/tr>\n<\/tbody>\n<\/table>\n","protected":false},"excerpt":{"rendered":"<p>Majota &#8211; Zaokanas teritorija, kas ir Francijas ieteikumos, neskatoties uz to, ka p\u0113d\u0113jo p\u0101ris gadu desmitu laik\u0101 vi\u0146i str\u012bdas ar Komoru sal\u0101m, saska\u0146ojot ar galveno reglament\u0113jo\u0161o dokumentu, kas&#8230;<\/p>\n","protected":false},"author":1,"featured_media":5893,"comment_status":"open","ping_status":"open","sticky":false,"template":"","format":"standard","meta":{"footnotes":""},"categories":[5],"tags":[],"class_list":["post-1598","post","type-post","status-publish","format-standard","has-post-thumbnail","","category-frikas-valstu-karogi"],"aioseo_notices":[],"_links":{"self":[{"href":"https:\/\/flags-world.com\/lv\/wp-json\/wp\/v2\/posts\/1598","targetHints":{"allow":["GET"]}}],"collection":[{"href":"https:\/\/flags-world.com\/lv\/wp-json\/wp\/v2\/posts"}],"about":[{"href":"https:\/\/flags-world.com\/lv\/wp-json\/wp\/v2\/types\/post"}],"author":[{"embeddable":true,"href":"https:\/\/flags-world.com\/lv\/wp-json\/wp\/v2\/users\/1"}],"replies":[{"embeddable":true,"href":"https:\/\/flags-world.com\/lv\/wp-json\/wp\/v2\/comments?post=1598"}],"version-history":[{"count":0,"href":"https:\/\/flags-world.com\/lv\/wp-json\/wp\/v2\/posts\/1598\/revisions"}],"wp:featuredmedia":[{"embeddable":true,"href":"https:\/\/flags-world.com\/lv\/wp-json\/wp\/v2\/media\/5893"}],"wp:attachment":[{"href":"https:\/\/flags-world.com\/lv\/wp-json\/wp\/v2\/media?parent=1598"}],"wp:term":[{"taxonomy":"category","embeddable":true,"href":"https:\/\/flags-world.com\/lv\/wp-json\/wp\/v2\/categories?post=1598"},{"taxonomy":"post_tag","embeddable":true,"href":"https:\/\/flags-world.com\/lv\/wp-json\/wp\/v2\/tags?post=1598"}],"curies":[{"name":"wp","href":"https:\/\/api.w.org\/{rel}","templated":true}]}}