{"id":1596,"date":"2021-01-04T17:18:14","date_gmt":"2021-01-04T14:18:14","guid":{"rendered":"https:\/\/flags-world.com\/lv\/2021\/01\/04\/luksemburgas-karogi-nozme-un-krsas\/"},"modified":"2021-01-04T17:18:14","modified_gmt":"2021-01-04T14:18:14","slug":"luksemburgas-karogi-nozme-un-krsas","status":"publish","type":"post","link":"https:\/\/flags-world.com\/lv\/luksemburgas-karogi-nozme-un-krsas\/","title":{"rendered":"Luksemburgas karogi: noz\u012bme un kr\u0101sas"},"content":{"rendered":"<p style=\"text-align: justify\">Luksemburgas Lielhercogiste sav\u0101 v\u0113stur\u0113 stingri sask\u0101r\u0101s ar politisk\u0101m izmai\u0146\u0101m un ar da\u017e\u0101d\u0101m iesp\u0113j\u0101m izv\u0113l\u0113ties vienu no galvenaj\u0101m embl\u0113m\u0101m.<\/p>\n<p style=\"text-align: justify\">T\u0101tad m\u016bsdienu Luksemburgas karogs izskat\u0101s:<\/p>\n<p style=\"text-align: justify\"><span itemprop=\"image\" itemscope itemtype=\"https:\/\/schema.org\/ImageObject\"><img itemprop=\"url image\" loading=\"lazy\" decoding=\"async\" class=\"alignnone size-full wp-image-3574\" src=\"\/wp-content\/uploads\/2021\/01\/flags-of-luxembourg_1.png\" width=\"500\" height=\"300\" alt=\"Luksemburgas karogs-1\" \/><meta itemprop=\"width\" content=\"500\"><meta itemprop=\"height\" content=\"300\"><\/span><\/p>\n<h2 style=\"text-align: justify\">Luksemburgas v\u0113stures karogi<\/h2>\n<p style=\"text-align: justify\">Villa I, Vladyk N\u012bderlande, 1815. gad\u0101 vi\u0146\u0161 k\u013cuva par Luksemburgas valdnieku. Kop\u0101 ar t\u0101s izcelsmi par\u0101d\u012bj\u0101s valsts un z\u012bmes &#8211; karogs un \u0123erbonis k\u0101 m\u016bsdienu.<\/p>\n<p style=\"text-align: justify\">Luksemburga 1815.\u00a0gad\u0101 kop\u0101 ar Be\u013c\u0123iju bija da\u013ca no Apvienot\u0101s Karalistes\u00a0N\u012bderlandes. Galven\u0101 da\u013ca atdal\u012bj\u0101s 1830. gad\u0101, p\u0101r\u0113j\u0101 &#8211; 1890. gad\u0101.<\/p>\n<p style=\"text-align: justify\">V\u0113l\u0101k Krist\u012bg\u0101s un soci\u0101l\u0101s partijas vad\u012bt\u0101js ierosin\u0101ja apstiprin\u0101t jaunu karogu. Tas tika iestud\u0113ts balti zil\u0101 josl\u0101 (katra kr\u0101sa &#8211; 5 joslas), kuras centr\u0101 novietota sarkan\u0101 lauva, kas st\u0101v uz 2. \u0137ep\u0101m un pac\u0113la priek\u0161pusi uz aug\u0161u, Lauvas galva ir vainagota ar zelta kroni. Lai kr\u0101sa ir dz\u012bvnieka valoda un nagi, kura purns ir paman\u012bts uz koka. Vi\u0146am bija v\u0101rds &#8211; &quot;Sarkan\u0101 lauva&quot;.<\/p>\n<p style=\"text-align: justify\"><span itemprop=\"image\" itemscope itemtype=\"https:\/\/schema.org\/ImageObject\"><img itemprop=\"url image\" loading=\"lazy\" decoding=\"async\" class=\"alignnone size-full wp-image-3575\" src=\"\/wp-content\/uploads\/2021\/01\/flags-of-luxembourg_2.png\" width=\"500\" height=\"357\" alt=\"Luksemburgas karogs-2\" \/><meta itemprop=\"width\" content=\"500\"><meta itemprop=\"height\" content=\"357\"><\/span><\/p>\n<p style=\"text-align: justify\">Bet divdesmit\u0101 gadsimta 70. gadu pirmaj\u0101 pus\u0113 sarkanbaltsarkanais, zilais karogs atkal tika atgriezts un k\u013cuva par ofici\u0101lo hercogistes z\u012bmi. Un 20 gadus v\u0113l\u0101k, 1992.\u00a0gad\u0101, zil\u0101 kr\u0101sa k\u013cuva v\u0113l iev\u0113rojam\u0101ka, lai apz\u012bm\u0113tu at\u0161\u0137ir\u012bbu no N\u012bderlandes karoga.<\/p>\n<h2 style=\"text-align: justify\">Apraksts<\/h2>\n<p style=\"text-align: justify\">Tas ir tr\u012bskr\u0101sains ar vienkr\u0101sas garuma un platuma sloksn\u0113m &#8211; sarkanu, baltu un zilu.<\/p>\n<h2 style=\"text-align: justify\">Luksemburgas karoga kr\u0101sas<\/h2>\n<p style=\"text-align: justify\">Sarkans, balts, zils.<\/p>\n<h2 style=\"text-align: justify\">Noz\u012bm\u0113 kr\u0101sas un karoga z\u012bme<\/h2>\n<p style=\"text-align: justify\">Valsts vad\u012bbai un iedz\u012bvot\u0101jiem nav paraduma kaut k\u0101 interpret\u0113t savu pane\u013cu kr\u0101sas un simboliku, pamatojoties uz to, t\u0101 j\u0113gu var atrast, tikai sazinoties ar lab\u0101m heraldikas z\u012bm\u0113m.<\/p>\n<ol style=\"text-align: justify\">\n<li>Sarkans &#8211; asinis, kas izlietas par br\u012bv\u012bbu un neatkar\u012bbu, godu, drosmi un drosmi.<\/li>\n<li>Balts &#8211; pasaule, mui\u017eniec\u012bba un atv\u0113rt\u012bba.<\/li>\n<li>Zils &#8211; debesis, t\u012br\u012bba un c\u0113las domas.<\/li>\n<\/ol>\n<blockquote>\n<p style=\"text-align: justify\">Tiek uzskat\u012bts, ka \u0161\u012bs kr\u0101sas bija popul\u0101ras Luksemburg\u0101.<\/p>\n<\/blockquote>\n<h2 style=\"text-align: justify\">Citi karogi<\/h2>\n<p style=\"text-align: justify\">Valsts iedz\u012bvot\u0101ji ilgu laiku uzst\u0101ja uz to, ka &quot;Sarkan\u0101 lauva&quot; j\u0101izmanto k\u0101 flotes at\u0161\u0137ir\u012bbas z\u012bme, atbilde uz \u0161o jaut\u0101jumu netika ilgi mekl\u0113ta. Bet \u0161obr\u012bd tas ir civiltiesu simbols.<\/p>\n<p style=\"text-align: justify\">Tas pats karogs tiek uzskat\u012bts par Luksemburgas \u0123imenes simbolu un pieder\u012bbu tai no XIII gadsimta.<\/p>\n<h2 style=\"text-align: justify\">Interesanti fakti par karogu<\/h2>\n<p style=\"text-align: justify\">No N\u012bderlandes karoga Tas at\u0161\u0137iras tikai ar apak\u0161\u0113j\u0101s joslas kr\u0101sas intensit\u0101ti, Lielhercogiste nav \u0113rt\u0101ka.<\/p>\n<p style=\"text-align: justify\">Pabeidzot atgrie\u0161an\u0101s m\u0113li, kas ir l\u012bdz\u012bga N\u012bderlandei, vald\u012bba sask\u0101r\u0101s ar cilv\u0113ku nepatiku, kas apr\u0113\u0137in\u0101ja joslas nokr\u0101sas izmai\u0146as ne p\u0101r\u0101k dabisku at\u0161\u0137ir\u012bbu, karoga nomai\u0146a nesekoja, t\u0101 paliek apm\u0113ram uz pusi vietas sav\u0101 viet\u0101.<\/p>\n<h2 style=\"text-align: justify\">Nespecializ\u0113ta inform\u0101cija par Luksemburgu<\/h2>\n<table>\n<tbody>\n<tr style=\"text-align: justify\">\n<td>Ofici\u0101l\u0101 valoda<\/td>\n<td>Luksemburga, fran\u010du, v\u0101cu<\/td>\n<\/tr>\n<tr style=\"text-align: justify\">\n<td>Kapit\u0101ls<\/td>\n<td>Luksemburga<\/td>\n<\/tr>\n<tr style=\"text-align: justify\">\n<td>Teritorija<\/td>\n<td>2586.4 km2<\/td>\n<\/tr>\n<tr style=\"text-align: justify\">\n<td>Popul\u0101cija<\/td>\n<td>602 005 cilv\u0113ki<\/td>\n<\/tr>\n<tr style=\"text-align: justify\">\n<td>Val\u016bta<\/td>\n<td>Eiro (EUR, kods 978)<\/td>\n<\/tr>\n<tr>\n<td style=\"text-align: justify\">Telefona kods<\/td>\n<td style=\"text-align: justify\">+352<\/td>\n<\/tr>\n<\/tbody>\n<\/table>\n","protected":false},"excerpt":{"rendered":"<p>Luksemburgas Lielhercogiste sav\u0101 v\u0113stur\u0113 stingri sask\u0101r\u0101s ar politisk\u0101m izmai\u0146\u0101m un ar da\u017e\u0101d\u0101m iesp\u0113j\u0101m izv\u0113l\u0113ties vienu no galvenaj\u0101m embl\u0113m\u0101m. T\u0101tad m\u016bsdienu Luksemburgas karogs izskat\u0101s: Luksemburgas v\u0113stures karogi Villa I,&#8230;<\/p>\n","protected":false},"author":1,"featured_media":5890,"comment_status":"open","ping_status":"open","sticky":false,"template":"","format":"standard","meta":{"footnotes":""},"categories":[3],"tags":[],"class_list":["post-1596","post","type-post","status-publish","format-standard","has-post-thumbnail","","category-eiropas-karogi"],"aioseo_notices":[],"_links":{"self":[{"href":"https:\/\/flags-world.com\/lv\/wp-json\/wp\/v2\/posts\/1596","targetHints":{"allow":["GET"]}}],"collection":[{"href":"https:\/\/flags-world.com\/lv\/wp-json\/wp\/v2\/posts"}],"about":[{"href":"https:\/\/flags-world.com\/lv\/wp-json\/wp\/v2\/types\/post"}],"author":[{"embeddable":true,"href":"https:\/\/flags-world.com\/lv\/wp-json\/wp\/v2\/users\/1"}],"replies":[{"embeddable":true,"href":"https:\/\/flags-world.com\/lv\/wp-json\/wp\/v2\/comments?post=1596"}],"version-history":[{"count":0,"href":"https:\/\/flags-world.com\/lv\/wp-json\/wp\/v2\/posts\/1596\/revisions"}],"wp:featuredmedia":[{"embeddable":true,"href":"https:\/\/flags-world.com\/lv\/wp-json\/wp\/v2\/media\/5890"}],"wp:attachment":[{"href":"https:\/\/flags-world.com\/lv\/wp-json\/wp\/v2\/media?parent=1596"}],"wp:term":[{"taxonomy":"category","embeddable":true,"href":"https:\/\/flags-world.com\/lv\/wp-json\/wp\/v2\/categories?post=1596"},{"taxonomy":"post_tag","embeddable":true,"href":"https:\/\/flags-world.com\/lv\/wp-json\/wp\/v2\/tags?post=1596"}],"curies":[{"name":"wp","href":"https:\/\/api.w.org\/{rel}","templated":true}]}}