{"id":1595,"date":"2021-01-04T17:18:14","date_gmt":"2021-01-04T14:18:14","guid":{"rendered":"https:\/\/flags-world.com\/lv\/2021\/01\/04\/lbijas-karogs-nozme-un-krsas\/"},"modified":"2021-01-04T17:18:14","modified_gmt":"2021-01-04T14:18:14","slug":"lbijas-karogs-nozme-un-krsas","status":"publish","type":"post","link":"https:\/\/flags-world.com\/lv\/lbijas-karogs-nozme-un-krsas\/","title":{"rendered":"L\u012bbijas karogs: noz\u012bme un kr\u0101sas"},"content":{"rendered":"<p style=\"text-align: justify\">L\u012bbijas vald\u012bba ir \u0100frikas valsts, kas atrodas vist\u0101l\u0101k uz austrumiem no \u0112\u0123iptes. Uz ilgu past\u0101v\u0113\u0161anu p\u0101ris paz\u012bmes main\u012bj\u0101s.<\/p>\n<h2 style=\"text-align: justify\">L\u012bbijas v\u0113stures karogs<\/h2>\n<p style=\"text-align: justify\">Tas tika ofici\u0101li apstiprin\u0101ts divdesmit\u0101 gadsimta 50. gadu pirmaj\u0101 pus\u0113, to izmantoja, lai tiktu pie varas Muhameds Kadafi, un atkal par\u0101d\u012bj\u0101s vi\u0146a n\u0101ves beig\u0101s.<\/p>\n<p style=\"text-align: justify\">Muhameds Kadafi ir revolucion\u0101rs, milit\u0101rists un politi\u0137is, kur\u0161 g\u0101za monarhiju un p\u0101r\u0146\u0113ma varu L\u012bbij\u0101 1969. Tika nogalin\u0101ts apv\u0113rsuma laik\u0101 2011. gad\u0101.<\/p>\n<p style=\"text-align: justify\">Par pirmo slaveno L\u012bbijas karogu tiek uzskat\u012bts Turcijas karogs &#8211; balta zvaigzne un pusm\u0113ness uz sarkana fona.<\/p>\n<p style=\"text-align: justify\"><span itemprop=\"image\" itemscope itemtype=\"https:\/\/schema.org\/ImageObject\"><img itemprop=\"url image\" loading=\"lazy\" decoding=\"async\" class=\"alignnone size-full wp-image-3579\" src=\"\/wp-content\/uploads\/2021\/01\/flag-of-libya_1.png\" width=\"500\" height=\"333\" alt=\"L\u012bbijas karogs-1\" \/><meta itemprop=\"width\" content=\"500\"><meta itemprop=\"height\" content=\"333\"><\/span><\/p>\n<blockquote>\n<p style=\"text-align: justify\">L\u012bbija nomira Osmanova kontrol\u0113 no 1511. l\u012bdz 1911. gadam.<\/p>\n<\/blockquote>\n<p style=\"text-align: justify\">Gul\u0113jot ar, \u0161ai valsts piekrastes zonai bija savs nosaukums &#8211; Tripoles karaliste &#8211; un personisk\u0101 z\u012bme, za\u013ca ar 3 baltiem pusm\u0113ne\u0161iem. \u0160\u012b teritori\u0101l\u0101 vien\u012bba past\u0101v\u0113ja, neskaitot \u0161o, l\u012bdz 1911. gadam. 1918. gad\u0101 tika pasludin\u0101ta republika, kuras karogs bija zils audums ar za\u013cas palmas att\u0113lu un baltu zvaigzni virs t\u0101s. Bet 5 gadus v\u0113l\u0101k Tripolit\u0101nija ir pabeigusi savu past\u0101v\u0113\u0161anu.<\/p>\n<p style=\"text-align: justify\"><span itemprop=\"image\" itemscope itemtype=\"https:\/\/schema.org\/ImageObject\"><img itemprop=\"url image\" loading=\"lazy\" decoding=\"async\" class=\"alignnone size-full wp-image-3580\" src=\"\/wp-content\/uploads\/2021\/01\/flag-of-libya_2.png\" width=\"500\" height=\"333\" alt=\"L\u012bbijas karogs-2\" \/><meta itemprop=\"width\" content=\"500\"><meta itemprop=\"height\" content=\"333\"><\/span><\/p>\n<p style=\"text-align: justify\">Beig\u0101s, k\u0101 it\u0101\u013ci ie\u0146\u0113ma laukus kara laik\u0101 ar turkiem, tos (apvienojum\u0101 ar 2 sekun\u017eu kolonij\u0101m) s\u0101ka saukt par It\u0101lijas Zieme\u013c\u0101friku, modific\u0113ta tika izmantota k\u0101 It\u0101lijas karoga z\u012bme. To att\u0113loja \u0123erbonis balta krusta form\u0101 uz sarkana.<\/p>\n<p style=\"text-align: justify\"><span itemprop=\"image\" itemscope itemtype=\"https:\/\/schema.org\/ImageObject\"><img itemprop=\"url image\" loading=\"lazy\" decoding=\"async\" class=\"alignnone size-full wp-image-3581\" src=\"\/wp-content\/uploads\/2021\/01\/flag-of-libya_3.png\" width=\"500\" height=\"333\" alt=\"L\u012bbijas karogs-3\" \/><meta itemprop=\"width\" content=\"500\"><meta itemprop=\"height\" content=\"333\"><\/span><\/p>\n<p style=\"text-align: justify\">Otraj\u0101 glob\u0101laj\u0101 kar\u0101 It\u0101lija zaud\u0113ja varu p\u0101r sav\u0101m kolonij\u0101m, vi\u0146\u0161 to atdeva sev, ta\u010du galu gal\u0101 domin\u0113\u0161ana \u0161\u0137ita Anglijas rok\u0101s un to izmantoja.<\/p>\n<p style=\"text-align: justify\"><span itemprop=\"image\" itemscope itemtype=\"https:\/\/schema.org\/ImageObject\"><img itemprop=\"url image\" loading=\"lazy\" decoding=\"async\" class=\"alignnone size-full wp-image-3582\" src=\"\/wp-content\/uploads\/2021\/01\/flag-of-libya_4.png\" width=\"500\" height=\"250\" alt=\"L\u012bbijas karogs-4\" \/><meta itemprop=\"width\" content=\"500\"><meta itemprop=\"height\" content=\"250\"><\/span><\/p>\n<p style=\"text-align: justify\">Anglija bija kolonijas \u012bpa\u0161niece no 1943. l\u012bdz 1951. gadam.<\/p>\n<p style=\"text-align: justify\">Beidzoties britu apr\u016bpei no L\u012bbijas, vi\u0146a dal\u012bj\u0101s tr\u012bs rajonos &#8211; Fetzan\u0101, Kerenaik\u0101 un Tripol\u0113. 2. apgabala karogi paties\u012bb\u0101 bija l\u012bdz\u012bgi Osma\u0146u karogiem, ar vien\u012bgo at\u0161\u0137ir\u012bbu, ka kerenie\u0161u karogs dubl\u0113 turku ar nesarkanu, bet gan melnu fonu, un zvaigzne uz Fenian sarkan\u0101 karoga ir pielikusi vien\u012bgo kont\u016bru.<\/p>\n<p style=\"text-align: justify\">L\u012bbija ieguva neatkar\u012bbu 1951. gad\u0101, sa\u0146emot Apvienot\u0101s Karalistes statusu. Karogi savienoj\u0101s tie\u0161i taj\u0101 laik\u0101 un \u0161\u0137ita moderns priek\u0161mets.<\/p>\n<p style=\"text-align: justify\"><span itemprop=\"image\" itemscope itemtype=\"https:\/\/schema.org\/ImageObject\"><img itemprop=\"url image\" loading=\"lazy\" decoding=\"async\" class=\"alignnone size-full wp-image-3583\" src=\"\/wp-content\/uploads\/2021\/01\/flag-of-libya_5.png\" width=\"500\" height=\"250\" alt=\"L\u012bbijas karogs-5\" \/><meta itemprop=\"width\" content=\"500\"><meta itemprop=\"height\" content=\"250\"><\/span><\/p>\n<p style=\"text-align: justify\">Revol\u016bcijas beig\u0101s 1969. gad\u0101 Panar\u0101bijas tr\u012bskr\u0101su sarkan\u0101 un balti meln\u0101 kr\u0101s\u0101.<\/p>\n<p style=\"text-align: justify\"><span itemprop=\"image\" itemscope itemtype=\"https:\/\/schema.org\/ImageObject\"><img itemprop=\"url image\" loading=\"lazy\" decoding=\"async\" class=\"alignnone size-full wp-image-3584\" src=\"\/wp-content\/uploads\/2021\/01\/flag-of-libya_6.png\" width=\"500\" height=\"250\" alt=\"L\u012bbijas karogs-6\" \/><meta itemprop=\"width\" content=\"500\"><meta itemprop=\"height\" content=\"250\"><\/span><\/p>\n<p style=\"text-align: justify\">1972. gad\u0101 L\u012bbijas karogam tika pievienots zelta \u0113rglis ar t\u012bstokli.<\/p>\n<p style=\"text-align: justify\"><span itemprop=\"image\" itemscope itemtype=\"https:\/\/schema.org\/ImageObject\"><img itemprop=\"url image\" loading=\"lazy\" decoding=\"async\" class=\"alignnone size-full wp-image-3585\" src=\"\/wp-content\/uploads\/2021\/01\/flag-of-libya_7.png\" width=\"500\" height=\"333\" alt=\"L\u012bbijas karogs-7\" \/><meta itemprop=\"width\" content=\"500\"><meta itemprop=\"height\" content=\"333\"><\/span><\/p>\n<p style=\"text-align: justify\">P\u0101ru kr\u0101sas izmantoja ar\u0101bu sacel\u0161an\u0101s valstis &#8211; preto\u0161an\u0101s kust\u012bba 1916-1918.<\/p>\n<p style=\"text-align: justify\">Kadafi nodibin\u0101ja L\u012bbijas Lielo Soci\u0101listisko Tautas Ar\u0101bu D\u017eamahiriju, kas izmantoja monofonisku za\u013c\u0101s kr\u0101sas simbolu.<\/p>\n<p style=\"text-align: justify\"><span itemprop=\"image\" itemscope itemtype=\"https:\/\/schema.org\/ImageObject\"><img itemprop=\"url image\" loading=\"lazy\" decoding=\"async\" class=\"alignnone size-full wp-image-3586\" src=\"\/wp-content\/uploads\/2021\/01\/flag-of-libya_8.png\" width=\"500\" height=\"250\" alt=\"L\u012bbija-8 karogs\" \/><meta itemprop=\"width\" content=\"500\"><meta itemprop=\"height\" content=\"250\"><\/span><\/p>\n<p style=\"text-align: justify\">P\u0101r\u0113j\u0101 revolucion\u0101ra beig\u0101s no likte\u0146a valsts atgriez\u0101s pie kara\u013cvalsts karoga.<\/p>\n<h2 style=\"text-align: justify\">Apraksts<\/h2>\n<p style=\"text-align: justify\">Atspogu\u013co tr\u012bs sv\u012btras, vid\u0113ji &#8211; divreiz p\u0113d\u0113jo, tas pats att\u0113lots pusm\u0113ness ar zvaigzni.<\/p>\n<h2 style=\"text-align: justify\">Kr\u0101su karogs L\u012bbija<\/h2>\n<p style=\"text-align: justify\">Sarkans, melns, za\u013c\u0161, balts.<\/p>\n<h2 style=\"text-align: justify\">Noz\u012bm\u0113 kr\u0101sas L\u012bbijas karogs<\/h2>\n<ol style=\"text-align: justify\">\n<li>Sarkans &#8211; Fetzcian;<\/li>\n<li>Za\u013c\u0161 &#8211; Tripolit\u0101nija;<\/li>\n<li>Melns &#8211; Kerenaiki;<\/li>\n<li>Pusm\u0113ness un zvaigzne \u2013 isl\u0101ms.<\/li>\n<\/ol>\n<p style=\"text-align: justify\">Otraj\u0101 interpret\u0101cij\u0101 &#8211; sarkan\u0101 &#8211; c\u012b\u0146a par neatkar\u012bbu, c\u012bn\u012bt\u0101ja drosmi un cent\u012bbu, za\u013c\u0101 &#8211; isl\u0101ma kr\u0101sa, melna &#8211; velt\u012bjums Kirenaiki, valsts galvenajai da\u013cai.<\/p>\n<h2 style=\"text-align: justify\">Citi karogi<\/h2>\n<p style=\"text-align: justify\">Navy, L\u012bbijai l\u012bdz 2011. gadam bija personiskais simbols &#8211; zils audums ar baltu enkuru labaj\u0101 pus\u0113 un JA Maria karogu aug\u0161\u0113j\u0101 kreisaj\u0101 st\u016br\u012b.<\/p>\n<p style=\"text-align: justify\"><span itemprop=\"image\" itemscope itemtype=\"https:\/\/schema.org\/ImageObject\"><img itemprop=\"url image\" loading=\"lazy\" decoding=\"async\" class=\"alignnone size-full wp-image-3587\" src=\"\/wp-content\/uploads\/2021\/01\/flag-of-libya_9.png\" width=\"500\" height=\"333\" alt=\"L\u012bbijas karogs-9\" \/><meta itemprop=\"width\" content=\"500\"><meta itemprop=\"height\" content=\"333\"><\/span><\/p>\n<p style=\"text-align: justify\">Vara L\u012bbij\u0101 main\u012bj\u0101s vair\u0101k nek\u0101 vienu reizi, main\u012bj\u0101s re\u017e\u012bmi un valdnieki, ta\u010du, beidzoties Kadafi re\u017e\u012bma g\u0101\u0161anai, tika nolemts atgriezties pie v\u0113sturiskiem pirms\u0101kumiem &#8211; simbola, kas personific\u0113ja neatkar\u012bbu un br\u012bv\u012bbu.<\/p>\n<h2 style=\"text-align: justify\">Nespecializ\u0113ta inform\u0101cija par L\u012bbiju<\/h2>\n<table>\n<tbody>\n<tr style=\"text-align: justify\">\n<td>Ofici\u0101l\u0101 valoda<\/td>\n<td>ar\u0101bs<\/td>\n<\/tr>\n<tr style=\"text-align: justify\">\n<td>Kapit\u0101ls<\/td>\n<td>Tripole<\/td>\n<\/tr>\n<tr style=\"text-align: justify\">\n<td>Teritorija<\/td>\n<td>1 759 541 km2<\/td>\n<\/tr>\n<tr style=\"text-align: justify\">\n<td>Popul\u0101cija<\/td>\n<td>7 200 000 cilv\u0113ku<\/td>\n<\/tr>\n<tr style=\"text-align: justify\">\n<td>Val\u016bta<\/td>\n<td>L\u012bbijas din\u0101rs (LYD, kods 434)<\/td>\n<\/tr>\n<tr>\n<td style=\"text-align: justify\">Telefona kods<\/td>\n<td style=\"text-align: justify\">+218<\/td>\n<\/tr>\n<\/tbody>\n<\/table>\n","protected":false},"excerpt":{"rendered":"<p>L\u012bbijas vald\u012bba ir \u0100frikas valsts, kas atrodas vist\u0101l\u0101k uz austrumiem no \u0112\u0123iptes. Uz ilgu past\u0101v\u0113\u0161anu p\u0101ris paz\u012bmes main\u012bj\u0101s. L\u012bbijas v\u0113stures karogs Tas tika ofici\u0101li apstiprin\u0101ts divdesmit\u0101 gadsimta 50&#8230;.<\/p>\n","protected":false},"author":1,"featured_media":5886,"comment_status":"open","ping_status":"open","sticky":false,"template":"","format":"standard","meta":{"footnotes":""},"categories":[5],"tags":[],"class_list":["post-1595","post","type-post","status-publish","format-standard","has-post-thumbnail","","category-frikas-valstu-karogi"],"aioseo_notices":[],"_links":{"self":[{"href":"https:\/\/flags-world.com\/lv\/wp-json\/wp\/v2\/posts\/1595","targetHints":{"allow":["GET"]}}],"collection":[{"href":"https:\/\/flags-world.com\/lv\/wp-json\/wp\/v2\/posts"}],"about":[{"href":"https:\/\/flags-world.com\/lv\/wp-json\/wp\/v2\/types\/post"}],"author":[{"embeddable":true,"href":"https:\/\/flags-world.com\/lv\/wp-json\/wp\/v2\/users\/1"}],"replies":[{"embeddable":true,"href":"https:\/\/flags-world.com\/lv\/wp-json\/wp\/v2\/comments?post=1595"}],"version-history":[{"count":0,"href":"https:\/\/flags-world.com\/lv\/wp-json\/wp\/v2\/posts\/1595\/revisions"}],"wp:featuredmedia":[{"embeddable":true,"href":"https:\/\/flags-world.com\/lv\/wp-json\/wp\/v2\/media\/5886"}],"wp:attachment":[{"href":"https:\/\/flags-world.com\/lv\/wp-json\/wp\/v2\/media?parent=1595"}],"wp:term":[{"taxonomy":"category","embeddable":true,"href":"https:\/\/flags-world.com\/lv\/wp-json\/wp\/v2\/categories?post=1595"},{"taxonomy":"post_tag","embeddable":true,"href":"https:\/\/flags-world.com\/lv\/wp-json\/wp\/v2\/tags?post=1595"}],"curies":[{"name":"wp","href":"https:\/\/api.w.org\/{rel}","templated":true}]}}