{"id":1594,"date":"2021-01-04T17:18:14","date_gmt":"2021-01-04T14:18:14","guid":{"rendered":"https:\/\/flags-world.com\/lv\/2021\/01\/04\/libnas-karogi-nozme-un-krsas\/"},"modified":"2021-01-04T17:18:14","modified_gmt":"2021-01-04T14:18:14","slug":"libnas-karogi-nozme-un-krsas","status":"publish","type":"post","link":"https:\/\/flags-world.com\/lv\/libnas-karogi-nozme-un-krsas\/","title":{"rendered":"Lib\u0101nas karogi: noz\u012bme un kr\u0101sas"},"content":{"rendered":"<p style=\"text-align: justify\">Lib\u0101na &#8211; Tuvo Austrumu vald\u012bba, savas past\u0101v\u0113\u0161anas gados, lai dotos uz trim valst\u012bm. Bet tas neveicin\u0101ja pa\u0161noteik\u0161an\u0101s darb\u012bbu, kas izpaud\u0101s \u013coti agri, daudz agr\u0101k, nek\u0101 republika k\u013cuva br\u012bva.<\/p>\n<p style=\"text-align: justify\">T\u0101tad m\u016bsdienu Lib\u0101nas karogs izskat\u0101s:<\/p>\n<p style=\"text-align: justify\"><span itemprop=\"image\" itemscope itemtype=\"https:\/\/schema.org\/ImageObject\"><img itemprop=\"url image\" loading=\"lazy\" decoding=\"async\" class=\"alignnone size-full wp-image-4601\" src=\"\/wp-content\/uploads\/2021\/01\/flags-lebanon_1.png\" width=\"500\" height=\"333\" alt=\"Lib\u0101nas karogs-1\" \/><meta itemprop=\"width\" content=\"500\"><meta itemprop=\"height\" content=\"333\"><\/span><\/p>\n<h2 style=\"text-align: justify\">V\u0113sture karogi karo Lib\u0101n\u0101<\/h2>\n<p style=\"text-align: justify\">1517. gad\u0101, beidzoties Lib\u0101nas pievieno\u0161anai Turcijai, t\u0101s valdnieks sult\u0101ns Selims I, valsts izmantoja iekarot\u0101ju karogu &#8211; sarkanu gr\u012bdu ar baltu pusm\u0113ness un zvaigzni. Osma\u0146u kundz\u012bba ilga vair\u0101k nek\u0101 \u010detrus simtus gadu.<\/p>\n<p style=\"text-align: justify\"><span itemprop=\"image\" itemscope itemtype=\"https:\/\/schema.org\/ImageObject\"><img itemprop=\"url image\" loading=\"lazy\" decoding=\"async\" class=\"alignnone size-full wp-image-4603\" src=\"\/wp-content\/uploads\/2021\/01\/flags-lebanon_2.png\" width=\"500\" height=\"333\" alt=\"Lib\u0101nas karogs-2\" \/><meta itemprop=\"width\" content=\"500\"><meta itemprop=\"height\" content=\"333\"><\/span><\/p>\n<p style=\"text-align: justify\">Turcijas sabrukuma beig\u0101s Lib\u0101na main\u012bja person\u012bgo karogu<\/p>\n<p style=\"text-align: justify\"><span itemprop=\"image\" itemscope itemtype=\"https:\/\/schema.org\/ImageObject\"><img itemprop=\"url image\" loading=\"lazy\" decoding=\"async\" class=\"alignnone size-full wp-image-4604\" src=\"\/wp-content\/uploads\/2021\/01\/flags-lebanon_3.png\" width=\"500\" height=\"333\" alt=\"Lib\u0101nas karogs-3\" \/><meta itemprop=\"width\" content=\"500\"><meta itemprop=\"height\" content=\"333\"><\/span><\/p>\n<p style=\"text-align: justify\">Bet divdesmit\u0101 gadsimta 20. gadu pirmaj\u0101 pus\u0113 tika sagr\u0101bta Lib\u0101na, p\u0113c tam liel\u0101s S\u012brijas sast\u0101v\u0101 Anglija, visa okup\u0101cija tika izmantota karog\u0101.<\/p>\n<p style=\"text-align: justify\"><span itemprop=\"image\" itemscope itemtype=\"https:\/\/schema.org\/ImageObject\"><img itemprop=\"url image\" loading=\"lazy\" decoding=\"async\" class=\"alignnone size-full wp-image-4605\" src=\"\/wp-content\/uploads\/2021\/01\/flags-lebanon_4.png\" width=\"500\" height=\"333\" alt=\"v\u012braka-4 karogs\" \/><meta itemprop=\"width\" content=\"500\"><meta itemprop=\"height\" content=\"333\"><\/span><\/p>\n<p style=\"text-align: justify\">V\u0113l\u0101k teritorija tika nodota Francijai un Lib\u0101nai, iz\u0146emot to, ka p\u0113c izst\u0101\u0161an\u0101s no S\u012brijas valsts palika t\u0101s p\u0101rzi\u0146\u0101, un karogs, kas bija glu\u017ei tie\u0161i t\u0101ds pats k\u0101 Francij\u0101, bet ar ciedru centr\u0101laj\u0101 josl\u0101, pirms starta. Otr\u0101 glob\u0101l\u0101 kara laik\u0101, taj\u0101 pa\u0161\u0101 laik\u0101, laik\u0101, kad V\u0101cija okup\u0113ja Franciju.<\/p>\n<p style=\"text-align: justify\">Karoga izk\u0101rtojums tika izveidots un ofici\u0101li apstiprin\u0101ts 1943.\u00a0gad\u0101, taj\u0101 pa\u0161\u0101 laik\u0101, kad Lib\u0101na ieguva neatkar\u012bbu. Vispirms vald\u012bbas partijas uzz\u012bm\u0113ja skici.<\/p>\n<p style=\"text-align: justify\"><span itemprop=\"image\" itemscope itemtype=\"https:\/\/schema.org\/ImageObject\"><img itemprop=\"url image\" loading=\"lazy\" decoding=\"async\" class=\"alignnone size-full wp-image-4606\" src=\"\/wp-content\/uploads\/2021\/01\/flags-lebanon_1.jpg\" alt=\"v\u012braka karogs-5\" width=\"399\" height=\"245\" \/><meta itemprop=\"width\" content=\"399\"><meta itemprop=\"height\" content=\"245\"><\/span><\/p>\n<p style=\"text-align: justify\"><span itemprop=\"image\" itemscope itemtype=\"https:\/\/schema.org\/ImageObject\"><img itemprop=\"url image\" loading=\"lazy\" decoding=\"async\" class=\"alignnone size-full wp-image-4607\" src=\"\/wp-content\/uploads\/2021\/01\/flags-lebanon_5.png\" width=\"500\" height=\"260\" alt=\"v\u012braka karogs-6\" \/><meta itemprop=\"width\" content=\"500\"><meta itemprop=\"height\" content=\"260\"><\/span><\/p>\n<p style=\"text-align: justify\">Divdesmit\u0101 gadsimta 60. gadu otraj\u0101 pus\u0113 tas bija nekordinalno main\u012bties un uzskat\u012bja, ka tas ir l\u012bdz m\u016bsdien\u0101m.<\/p>\n<p style=\"text-align: justify\">Skice uz valsts karoga taj\u0101 pa\u0161\u0101 \u0123erbon\u012b.<\/p>\n<h2 style=\"text-align: justify\">Apraksts<\/h2>\n<p style=\"text-align: justify\">Tas ir karoga taisnst\u016bra malu attiec\u012bba 2:3, kur\u0101 ir tr\u012bs da\u017e\u0101da izm\u0113ra horizont\u0101las joslas. Centr\u0101l\u0101 da\u013ca aiz\u0146em pusi no visa auduma laukuma no aug\u0161as un apak\u0161as, diviem citiem ir vien\u0101da kr\u0101sa un izm\u0113rs.<\/p>\n<p style=\"text-align: justify\">Vid\u0113j\u0101 da\u013c\u0101, vien\u0101d\u0101 att\u0101lum\u0101 no v\u0101rpstas un br\u012bv\u0101s malas, bija att\u0113lots Lib\u0101nas ciedrs.<\/p>\n<h2 style=\"text-align: justify\">Kr\u0101su karogs Lib\u0101na<\/h2>\n<p style=\"text-align: justify\">Tam ir tr\u012bs kr\u0101sas &#8211; sarkana, balta un za\u013ca.<\/p>\n<h2 style=\"text-align: justify\">Noz\u012bm\u0113 kr\u0101sas un karoga z\u012bme<\/h2>\n<ul style=\"text-align: justify\">\n<li>Sarkans &#8211; neatkar\u012bba, milit\u0101r\u0101 varon\u012bba un karav\u012bru asinis, kas izlietas kauj\u0101s un sacel\u0161an\u0101s pret okup\u0101ciju.<\/li>\n<\/ul>\n<ul style=\"text-align: justify\">\n<li>Netraip\u012bti &#8211; domas un sniegbalts sniegs, kas gu\u013c viet\u0113jos kalnos.<\/li>\n<\/ul>\n<ul style=\"text-align: justify\">\n<li>Lib\u0101nas ciedrs &#8211; v\u0113sturisks republikas simbols, tas simboliz\u0113 laukos valdo\u0161o laimi un labkl\u0101j\u012bbu, un nemirst\u012bbu, ar to atsauce uz B\u012bbeles tekstiem, kuros teikts, ka taisn\u012bgie &quot;aug k\u0101 ciedrs Lib\u0101n\u0101&quot;.<\/li>\n<\/ul>\n<h2 style=\"text-align: justify\">Citi karogi<\/h2>\n<ul style=\"text-align: justify\">\n<li>Armijai ir person\u012bgais karogs &#8211; taisnst\u016brveida, sadal\u012bts 2 tr\u012bsst\u016bros &#8211; sarkan\u0101 un balt\u0101 &#8211; uz pus\u0113m, ar armijas \u0123erboni centr\u0101.<\/li>\n<\/ul>\n<p style=\"text-align: justify\"><span itemprop=\"image\" itemscope itemtype=\"https:\/\/schema.org\/ImageObject\"><img itemprop=\"url image\" loading=\"lazy\" decoding=\"async\" class=\"alignnone size-full wp-image-4608\" src=\"\/wp-content\/uploads\/2021\/01\/flags-lebanon_6.png\" width=\"500\" height=\"333\" alt=\"Lib\u0101nas karogs-7\" \/><meta itemprop=\"width\" content=\"500\"><meta itemprop=\"height\" content=\"333\"><\/span><\/p>\n<ul style=\"text-align: justify\">\n<li>Gaisa sp\u0113ki, neskaitot to, ir paz\u012bstami ar at\u0161\u0137ir\u012bbu &#8211; zil\u0101 kr\u0101s\u0101, ar gaisa sp\u0113ku \u0123erboni.<\/li>\n<\/ul>\n<p style=\"text-align: justify\"><span itemprop=\"image\" itemscope itemtype=\"https:\/\/schema.org\/ImageObject\"><img itemprop=\"url image\" loading=\"lazy\" decoding=\"async\" class=\"alignnone size-full wp-image-4609\" src=\"\/wp-content\/uploads\/2021\/01\/flags-lebanon_7.png\" width=\"500\" height=\"318\" alt=\"Lib\u0101nas karogs-8\" \/><meta itemprop=\"width\" content=\"500\"><meta itemprop=\"height\" content=\"318\"><\/span><\/p>\n<ul style=\"text-align: justify\">\n<li>Republikas gvarde. T\u0101s simbols ir tum\u0161i zils, ar valsts un sardzes \u0123erboni.<\/li>\n<\/ul>\n<p style=\"text-align: justify\"><span itemprop=\"image\" itemscope itemtype=\"https:\/\/schema.org\/ImageObject\"><img itemprop=\"url image\" loading=\"lazy\" decoding=\"async\" class=\"alignnone size-full wp-image-4610\" src=\"\/wp-content\/uploads\/2021\/01\/flags-lebanon_2.jpg\" width=\"500\" height=\"316\" alt=\"Lib\u0101nas karogs-9\" \/><meta itemprop=\"width\" content=\"500\"><meta itemprop=\"height\" content=\"316\"><\/span><\/p>\n<ul style=\"text-align: justify\">\n<li>Divu partiju karogi &#8211; komunistu un demokr\u0101tu.<\/li>\n<\/ul>\n<p style=\"text-align: justify\"><span itemprop=\"image\" itemscope itemtype=\"https:\/\/schema.org\/ImageObject\"><img itemprop=\"url image\" loading=\"lazy\" decoding=\"async\" class=\"alignnone size-full wp-image-4611\" src=\"\/wp-content\/uploads\/2021\/01\/flags-lebanon_8.png\" width=\"500\" height=\"333\" alt=\"Lib\u0101nas karogs-10\" \/><meta itemprop=\"width\" content=\"500\"><meta itemprop=\"height\" content=\"333\"><\/span> <span itemprop=\"image\" itemscope itemtype=\"https:\/\/schema.org\/ImageObject\"><img itemprop=\"url image\" loading=\"lazy\" decoding=\"async\" class=\"alignnone size-full wp-image-4612\" src=\"\/wp-content\/uploads\/2021\/01\/flags-lebanon_9.png\" width=\"500\" height=\"333\" alt=\"Lib\u0101nas karogs-11\" \/><meta itemprop=\"width\" content=\"500\"><meta itemprop=\"height\" content=\"333\"><\/span><\/p>\n<p style=\"text-align: justify\">Lib\u0101na saist\u012bj\u0101s savos simbolos un valstij rakstur\u012bgos v\u0113sturiskajos veidos un gar\u012bgumam l\u012bdz\u012bgos B\u012bbeles mot\u012bvos.<\/p>\n<h2 style=\"text-align: justify\">Nespecializ\u0113ta inform\u0101cija par Lib\u0101nu<\/h2>\n<table>\n<tbody>\n<tr>\n<td>Ofici\u0101l\u0101 valoda<\/td>\n<td>ar\u0101bs<\/td>\n<\/tr>\n<tr>\n<td>Kapit\u0101ls<\/td>\n<td>Beir\u016bta<\/td>\n<\/tr>\n<tr>\n<td>Teritorija<\/td>\n<td>10 452 km2<\/td>\n<\/tr>\n<tr>\n<td>Popul\u0101cija<\/td>\n<td>6\u00a0856\u00a0021 cilv\u0113ks<\/td>\n<\/tr>\n<tr>\n<td>Val\u016bta<\/td>\n<td>Lib\u0101nas m\u0101rci\u0146a (LBP, 422)<\/td>\n<\/tr>\n<tr>\n<td>Telefona kods<\/td>\n<td>+961<\/td>\n<\/tr>\n<\/tbody>\n<\/table>\n","protected":false},"excerpt":{"rendered":"<p>Lib\u0101na &#8211; Tuvo Austrumu vald\u012bba, savas past\u0101v\u0113\u0161anas gados, lai dotos uz trim valst\u012bm. Bet tas neveicin\u0101ja pa\u0161noteik\u0161an\u0101s darb\u012bbu, kas izpaud\u0101s \u013coti agri, daudz agr\u0101k, nek\u0101 republika k\u013cuva br\u012bva&#8230;.<\/p>\n","protected":false},"author":1,"featured_media":5884,"comment_status":"open","ping_status":"open","sticky":false,"template":"","format":"standard","meta":{"footnotes":""},"categories":[2],"tags":[],"class_list":["post-1594","post","type-post","status-publish","format-standard","has-post-thumbnail","","category-zijas-karogi"],"aioseo_notices":[],"_links":{"self":[{"href":"https:\/\/flags-world.com\/lv\/wp-json\/wp\/v2\/posts\/1594","targetHints":{"allow":["GET"]}}],"collection":[{"href":"https:\/\/flags-world.com\/lv\/wp-json\/wp\/v2\/posts"}],"about":[{"href":"https:\/\/flags-world.com\/lv\/wp-json\/wp\/v2\/types\/post"}],"author":[{"embeddable":true,"href":"https:\/\/flags-world.com\/lv\/wp-json\/wp\/v2\/users\/1"}],"replies":[{"embeddable":true,"href":"https:\/\/flags-world.com\/lv\/wp-json\/wp\/v2\/comments?post=1594"}],"version-history":[{"count":0,"href":"https:\/\/flags-world.com\/lv\/wp-json\/wp\/v2\/posts\/1594\/revisions"}],"wp:featuredmedia":[{"embeddable":true,"href":"https:\/\/flags-world.com\/lv\/wp-json\/wp\/v2\/media\/5884"}],"wp:attachment":[{"href":"https:\/\/flags-world.com\/lv\/wp-json\/wp\/v2\/media?parent=1594"}],"wp:term":[{"taxonomy":"category","embeddable":true,"href":"https:\/\/flags-world.com\/lv\/wp-json\/wp\/v2\/categories?post=1594"},{"taxonomy":"post_tag","embeddable":true,"href":"https:\/\/flags-world.com\/lv\/wp-json\/wp\/v2\/tags?post=1594"}],"curies":[{"name":"wp","href":"https:\/\/api.w.org\/{rel}","templated":true}]}}