{"id":1593,"date":"2021-01-04T17:18:14","date_gmt":"2021-01-04T14:18:14","guid":{"rendered":"https:\/\/flags-world.com\/lv\/2021\/01\/04\/lietuvas-karogi-krsas-un-nozme\/"},"modified":"2021-01-04T17:18:14","modified_gmt":"2021-01-04T14:18:14","slug":"lietuvas-karogi-krsas-un-nozme","status":"publish","type":"post","link":"https:\/\/flags-world.com\/lv\/lietuvas-karogi-krsas-un-nozme\/","title":{"rendered":"Lietuvas karogi: kr\u0101sas un noz\u012bme"},"content":{"rendered":"<p style=\"text-align: justify\">Lietuvas Republikai ir gr\u016bts st\u0101sts. Saska\u0146ojot ar notikumiem, varas iest\u0101\u017eu sign\u0101li tika p\u0101rveidoti.<\/p>\n<p style=\"text-align: justify\">T\u0101tad m\u016bsdienu Lietuvas karogs izskat\u0101s:<\/p>\n<p style=\"text-align: justify\"><span itemprop=\"image\" itemscope itemtype=\"https:\/\/schema.org\/ImageObject\"><img itemprop=\"url image\" loading=\"lazy\" decoding=\"async\" class=\"alignnone size-full wp-image-3601\" src=\"\/wp-content\/uploads\/2021\/01\/flags-of-lithuania_1.png\" width=\"500\" height=\"300\" alt=\"Lietuvas karogs-1\" \/><meta itemprop=\"width\" content=\"500\"><meta itemprop=\"height\" content=\"300\"><\/span><\/p>\n<p style=\"text-align: justify\">Lietuvas &quot;karogs&quot; &#8211; &quot;Veliava&quot;. Etimolo\u0123iski \u0161is v\u0101rds liecina par &quot;du\u0161as valsti&quot;. Lietuvie\u0161u priek\u0161pl\u0101n\u0101 atcer\u0113j\u0101s, ka, pace\u013cot karogu virs kaujas lauka, vi\u0146i pav\u0113ra ce\u013cu no citas pasaules uz miru\u0161o c\u012bn\u012bt\u0101ju dv\u0113sel\u0113m. Un tie c\u012bn\u012bj\u0101s par p\u0113cn\u0101c\u0113jiem. Vecaj\u0101s dziesm\u0101s par igau\u0146iem, ar kuriem c\u012bn\u0101s lietuvie\u0161i, min\u0113tas lietuvie\u0161u armijas, bag\u0101t\u012bgi vainagotas ar karogiem.<\/p>\n<h2 style=\"text-align: justify\">Karoga v\u0113sture<\/h2>\n<p style=\"text-align: justify\">Pie Lietuvas pa\u0161vald\u012bbas z\u012bmes projekta 1917. gad\u0101 str\u0101d\u0101ja komisija, kas att\u012bst\u012bj\u0101s no izcil\u0101m zin\u0101tnes un m\u0101kslas fig\u016br\u0101m. Sast\u0101v\u0101 bija zin\u0101tnieks un sabiedrisks darbinieks. Basan\u0101vi\u010dus, gleznot\u0101ji. \u017dmujdzinavius \u200b\u200bun T. Dauguirdas. P\u0113d\u0113jais bija, neskaitot \u0161o, slavenais viet\u0113jais iepriek\u0161\u0113jais un arheologs.<\/p>\n<p style=\"text-align: justify\">Antanas Zhmujidzinavius\u00a0Izteica sarkanza\u013ca pane\u013ca teikumu. Ta\u010du \u0161\u0101da kombin\u0101cija \u0161\u0137ita melna, un Lietuvas padome projektu noraid\u012bja.<\/p>\n<p style=\"text-align: justify\">Turpm\u0101kaj\u0101 darb\u0101 pie skices Komisija ir ierosin\u0101jusi pie\u0146emt Lietuvas v\u0113sturisk\u0101 Malajas re\u0123iona karogu. Vi\u0146\u0161 izskat\u012bj\u0101s k\u0101 tr\u012bs vienmu\u013cas sv\u012btras \u2013 sarkana, balta un za\u013ca. Bet \u0161aj\u0101 versij\u0101 &quot;protestantu&quot; kr\u0101sas redz\u0113ja un nepiekrita vi\u0146am.<\/p>\n<p style=\"text-align: justify\"><span itemprop=\"image\" itemscope itemtype=\"https:\/\/schema.org\/ImageObject\"><img itemprop=\"url image\" loading=\"lazy\" decoding=\"async\" class=\"alignnone size-full wp-image-3603\" src=\"\/wp-content\/uploads\/2021\/01\/flags-of-lithuania_2.png\" width=\"500\" height=\"250\" alt=\"Lietuvas karogs-2\" \/><meta itemprop=\"width\" content=\"500\"><meta itemprop=\"height\" content=\"250\"><\/span><\/p>\n<p style=\"text-align: justify\">Nevajadz\u0113ja iepatikties un pied\u0101v\u0101t iek\u013caut neizprotamu dzelten\u012bgas kr\u0101sas joslu, kurai vajadz\u0113ja simboliz\u0113t saull\u0113ktu.<\/p>\n<p style=\"text-align: justify\">Rezult\u0101t\u0101 vi\u0146i secin\u0101ja, ka Lietuvas pa\u0161vald\u012bbas karogs tiks saloc\u012bts no 3 izometrisk\u0101m horizont\u0101l\u0101m josl\u0101m. Bremzes uz dzelten\u012bgas, kr\u0101sas un za\u013cas, sarkanas. \u0160\u012bs kr\u0101sas izv\u0113l\u0113tas, \u0146emot v\u0113r\u0101 heraldikas trad\u012bcijas un balstoties uz likten\u012bg\u0101kaj\u0101m kr\u0101s\u0101m tautas dekorat\u012bvaj\u0101 un lieti\u0161\u0137aj\u0101 jaunrad\u0113.<\/p>\n<p style=\"text-align: justify\">Pirmo reizi tr\u012bskr\u0101sa tika pacelta 1919. gad\u0101 Vi\u013c\u0146\u0101 virs \u0122edimina tor\u0146a.<\/p>\n<p style=\"text-align: justify\">Ieie\u0161anas PSRS beig\u0101s karogs tika main\u012bts. Tr\u012bskr\u0101su aizst\u0101ja sarkans baneris ar virsrakstu un republikas att\u0113lu ar krustu un \u0101muru.<\/p>\n<p style=\"text-align: justify\"><span itemprop=\"image\" itemscope itemtype=\"https:\/\/schema.org\/ImageObject\"><img itemprop=\"url image\" loading=\"lazy\" decoding=\"async\" class=\"alignnone size-full wp-image-3604\" src=\"\/wp-content\/uploads\/2021\/01\/flags-of-lithuania_3.png\" width=\"500\" height=\"250\" alt=\"Lietuvas karogs-3\" \/><meta itemprop=\"width\" content=\"500\"><meta itemprop=\"height\" content=\"250\"><\/span><\/p>\n<p style=\"text-align: justify\">Tr\u012bskr\u0101sas atgriez\u0101s gados un divdesmit\u0101 gadsimta 50. pus\u0113. Bet sloksnes bija da\u017e\u0101da platuma un cit\u0101s kr\u0101s\u0101s. Bigot str\u012bpi\u0146a &#8211; Sarkan\u0101, demonstr\u0113ja Republiku PSRS. Apak\u0161\u0101 bija \u0161aura balta josla, aiz t\u0101s &#8211; za\u013ca sv\u012btra, nedaudz plat\u0101ka p\u0113d\u0113j\u0101.<\/p>\n<p style=\"text-align: justify\"><span itemprop=\"image\" itemscope itemtype=\"https:\/\/schema.org\/ImageObject\"><img itemprop=\"url image\" loading=\"lazy\" decoding=\"async\" class=\"alignnone size-full wp-image-3605\" src=\"\/wp-content\/uploads\/2021\/01\/flags-of-lithuania_4.png\" width=\"500\" height=\"250\" alt=\"Lietuvas karogs-4\" \/><meta itemprop=\"width\" content=\"500\"><meta itemprop=\"height\" content=\"250\"><\/span><\/p>\n<p style=\"text-align: justify\">Tr\u012bskr\u0101sains (dzeltens, za\u013cgans, sarkans) tika pla\u0161i izmantots kop\u0161 1988. gada vasaras. Vi\u0146\u0161 tika svin\u012bgi uzst\u0101d\u012bts virs Gedimine tor\u0146a. Lietuvie\u0161iem tas bija galvenais, t. Uz. Tr\u012bskr\u0101su baneris virs \u0161\u012b tor\u0146a ir saist\u012bts ar br\u012bv\u012bbu un neatkar\u012bbu.<\/p>\n<p style=\"text-align: justify\"><span itemprop=\"image\" itemscope itemtype=\"https:\/\/schema.org\/ImageObject\"><img itemprop=\"url image\" loading=\"lazy\" decoding=\"async\" class=\"alignnone size-full wp-image-3606\" src=\"\/wp-content\/uploads\/2021\/01\/flags-of-lithuania_5.png\" width=\"500\" height=\"250\" alt=\"Lietuvas karogs-5\" \/><meta itemprop=\"width\" content=\"500\"><meta itemprop=\"height\" content=\"250\"><\/span><\/p>\n<p style=\"text-align: justify\">Taj\u0101 pa\u0161\u0101 gad\u0101 Tricolor ieguva ofici\u0101lu republikas z\u012bmes statusu. \u0160is statuss tika nostiprin\u0101ts Lietuvas PSR Konstit\u016bcij\u0101, un t\u0101s nosl\u0113gum\u0101 1992.g. &#8211; Lietuvas Republikas konstit\u016bcij\u0101.<\/p>\n<blockquote>\n<p style=\"text-align: justify\">Karoga diena ir pa\u0161vald\u012bbas sv\u0113tki un tiek svin\u0113ta 1. janv\u0101r\u012b.<\/p>\n<\/blockquote>\n<h2 style=\"text-align: justify\">Apraksts<\/h2>\n<p style=\"text-align: justify\">Lietuvas Republikas ofici\u0101lais pa\u0161vald\u012bbas karogs ir taisnst\u016bris, uz kura horizont\u0101li novietotas tr\u012bs vienmu\u013ca izm\u0113ra joslas. Aug\u0161\u0113j\u0101 sloksne dzelten\u012bgi, centr\u0101l\u0101 &#8211; za\u013ca, apak\u0161\u0113j\u0101 &#8211; sarkana.<\/p>\n<p style=\"text-align: justify\">Pane\u013ca platuma un garuma attiec\u012bba l\u012bdz 2004. gadam. Bija 1:2. L\u012bdz ar likuma groz\u012bjumiem attiec\u012bba ir main\u012bjusies. \u0160obr\u012bd proporcija ir 3:5.<\/p>\n<p style=\"text-align: justify\">Izm\u0113rs 1 m uz 1.7\u00a0m. Ir pie\u013caujami ar\u012b citi izm\u0113ri, iev\u0113rojot proporcijas.<\/p>\n<h2 style=\"text-align: justify\">Lietuvas karoga kr\u0101sas<\/h2>\n<p style=\"text-align: justify\">Ziedu ide\u0101ls tiek atjaunots pirmskara paraugos, kas glab\u0101jas person\u012bgaj\u0101s kolekcij\u0101s un pils\u0113tu muzejos.<\/p>\n<p style=\"text-align: justify\">Dzelten\u012bga kr\u0101sa (tum\u0161a, tuvu oran\u017eai) un za\u013ca tiek \u0146emta no paraugiem bez konfigur\u0101cijas.<\/p>\n<p style=\"text-align: justify\">Sarkanais pie\u0161\u0137\u012bra iev\u0113rojam\u0101ku nokr\u0101su, t. Uz. Iepriek\u0161 vi\u0146\u0161 bija \u013coti tum\u0161s, tuvu purpursarkanai.<\/p>\n<p style=\"text-align: justify\">Formu kr\u0101sas:<\/p>\n<ul style=\"text-align: justify\">\n<li>Dzeltens atbilst Pantone 15-0955 TP \/ 1235 C \/ U;<\/li>\n<li>Green 19-6026 TP \/ 349 C \/ U visam Pantone;<\/li>\n<li>Red 19-1664 TP \/ 180 C \/ U, Pantone.<\/li>\n<\/ul>\n<h2 style=\"text-align: justify\">Ziedu noz\u012bme<\/h2>\n<ol style=\"text-align: justify\">\n<li>Dzeltens &#8211; personific\u0113 sauli, labkl\u0101j\u012bbu un labkl\u0101j\u012bbu, mui\u017eniec\u012bbu un mui\u017eniec\u012bbu.<\/li>\n<li>Za\u013c\u0161 &#8211; uzsver viet\u0113j\u0101s dabas skaistumu, ir cer\u012bbas, gai\u0161a prieka un br\u012bv\u012bbas z\u012bme.<\/li>\n<li>Sarkans &#8211; simboliz\u0113 drosmi, drosmi un bezbail\u012bbu, asinis, kas tika izlietas drosm\u0113 depresijas d\u0113\u013c.<\/li>\n<\/ol>\n<h2 style=\"text-align: justify\">Citi karogi<\/h2>\n<p style=\"text-align: justify\">2004. gad\u0101. Likums, kas nosaka valsts karoga statusu, groz\u012bts. Neatkar\u012bgi no valsts karoga, kas ir ofici\u0101la z\u012bme, juridiski atzina valsts v\u0113sturisko karogu. V\u0113l\u0101k postenim tika pievienota &quot;\u0123erbo\u0146a&quot; defin\u012bcija.<\/p>\n<p style=\"text-align: justify\">Karogu raksturo \u0161\u0101di: Sudraba (baltais) j\u0101tnieks, no\u0137erts latos, zirga mugur\u0101 t\u0101d\u0101s pa\u0161\u0101s kr\u0101s\u0101s, sarkan\u0101 lauk\u0101.<\/p>\n<p style=\"text-align: justify\"><span itemprop=\"image\" itemscope itemtype=\"https:\/\/schema.org\/ImageObject\"><img itemprop=\"url image\" loading=\"lazy\" decoding=\"async\" class=\"alignnone size-full wp-image-3607\" src=\"\/wp-content\/uploads\/2021\/01\/flags-of-lithuania_6.png\" width=\"500\" height=\"300\" alt=\"Lietuvas karogs-6\" \/><meta itemprop=\"width\" content=\"500\"><meta itemprop=\"height\" content=\"300\"><\/span><\/p>\n<p style=\"text-align: justify\">Uzman\u012bgi nor\u0101diet inform\u0101ciju par apr\u012bkojumu un t\u0101 kr\u0101su. Nakts kreis\u0101 roka aizver zilo vairogu, ko rot\u0101 zelta krusts ar 2 \u0161\u0137\u0113rsstie\u0146iem. Raidera lab\u0101 roka ir pacelta augstu virs galvas un tur sudraba asmeni ar zelta rokturi. Zeltains (dzeltens), neskaitot to, ir piesis un censties, asme\u0146u l\u0101psti\u0146a, lunky, stiprin\u0101jums. Segli un mazu\u013ci &#8211; zili.<\/p>\n<p style=\"text-align: justify\">V\u0113sturisk\u0101 karoga fig\u016bra tika izveidota 2002. gad\u0101. A. Katrs no 20. gadsimta 30. gadu piem\u0113riem.<\/p>\n<p style=\"text-align: justify\">In Art. 3 nor\u0101d\u012bts likums run\u0101 par \u0123erbo\u0146a karogu izm\u0113ru. T\u0101 garuma un platuma attiec\u012bba ir uzst\u0101d\u012bta k\u0101 3:5, bet parastie pane\u013ca izm\u0113ri ir 1 m uz 1.7\u00a0m.<\/p>\n<p style=\"text-align: justify\">Tas past\u0101v\u012bgi paaugstin\u0101s 3 viet\u0101s:<\/p>\n<ol style=\"text-align: justify\">\n<li>Vi\u013c\u0146\u0101 virs Valdnieku pils.<\/li>\n<li>Kau\u0146as v\u0113sturiskaj\u0101 viet\u0101 \u2013 Milit\u0101r\u0101 muzeja laukum\u0101.<\/li>\n<li>Vecaj\u0101 Tra\u0137u pil\u012b.<\/li>\n<\/ol>\n<p style=\"text-align: justify\">Papildu datumi ir uzst\u0101d\u012bti taj\u0101 laik\u0101, laik\u0101, kad j\u0101pace\u013c v\u0113sturiskais karogs. \u0160\u012b ir Konstit\u016bcijas Deneke un valsts Deneke, dienas, laiks, laiks, kad tika atz\u012bm\u0113ta neatkar\u012bba un valsts atjauno\u0161ana, un Grunevaldes kaujas dienas. Likum\u0101 ir nor\u0101d\u012btas vietas, kur\u0101s katr\u0101 valsts svin\u012bgaj\u0101 dien\u0101 pace\u013c v\u0113sturisko karogu.<\/p>\n<p style=\"text-align: justify\">Lietuvas prezidenta karogs:<\/p>\n<p style=\"text-align: justify\"><span itemprop=\"image\" itemscope itemtype=\"https:\/\/schema.org\/ImageObject\"><img itemprop=\"url image\" loading=\"lazy\" decoding=\"async\" class=\"alignnone size-full wp-image-3608\" src=\"\/wp-content\/uploads\/2021\/01\/flags-of-lithuania_7.png\" width=\"500\" height=\"417\" alt=\"Lietuvas karogs-7\" \/><meta itemprop=\"width\" content=\"500\"><meta itemprop=\"height\" content=\"417\"><\/span><\/p>\n<h2 style=\"text-align: justify\">Interesanti fakti par karogu<\/h2>\n<p style=\"text-align: justify\">1919. gad\u0101 br\u012bvpr\u0101t\u012bgo p\u0101ris virs galvaspils\u0113tas \u0122edimina tor\u0146a pirmo reizi uzst\u0101d\u012bja Lietuvas karogu. Reizi gad\u0101, 1. janv\u0101r\u012b, virs \u0161\u012b tor\u0146a pac\u0113l\u0101s valsts karogs. Vi\u0146\u0161 lido visu gadu. Pabeidzot \u0161o \u012bsu, rekl\u0101mkarogs tiek nodots goda glab\u0101tav\u0101 vien\u0101 no Lietuvas skol\u0101m.<\/p>\n<p style=\"text-align: justify\">Gedimine tornis st\u0101v uz pils skumjas, Vi\u013c\u0146as centr\u0101. \u0160\u012b vieta ir pak\u013cauta zemes nogruvumiem, kuru d\u0113\u013c main\u0101s skat\u012bt\u0101ju b\u012bstam\u012bba. Pamatojoties uz to, karoga dien\u0101 valsts simbolu ne vienm\u0113r ir iesp\u0113jams pacelt virs tor\u0146a. Ceremonija tiek p\u0101rcelta 2.v\u0113sturiskaj\u0101 viet\u0101. Bet v\u0113l\u0101k valsts karogs bez at\u0161\u0137ir\u012bbas pacelts virs tor\u0146a.<\/p>\n<p style=\"text-align: justify\">Periodiski Lietuvas karogs tiek sajaukts ar otr\u0101s valsts baneriem.<\/p>\n<ul style=\"text-align: justify\">\n<li>T\u0101 2008. gad\u0101, apbalvojot vieglatl\u0113tikas \u010dempion\u0101t\u0101 Latvijas vieglatl\u0113ti, tika pacelts Lietuvas karogs. Organizatori mulsin\u0101ja kaimi\u0146valstis. Ceremonija bija j\u0101atk\u0101rto.<\/li>\n<li>2008. gad\u0101 notiku\u0161aj\u0101 draudz\u012bbas sp\u0113l\u0113 starp \u010cehijas un Lietuvas futbola izlas\u0113m p\u0113d\u0113j\u0101, neskaitot to, tika sajaukta ar blakus eso\u0161o Latviju. Un Lietuvas valsts simbolu izlika sp\u0101rdot. \u0160is notikums izrais\u012bja Lietuvas komandas sp\u0113l\u0113t\u0101ju sa\u0161utumu.<\/li>\n<li>Telaviv\u0101 2019. gad\u0101 \u012bsi pirms geju par\u0101des varav\u012bksnes pane\u013cu viet\u0101 LGBT uz iel\u0101m pl\u012bvoja Lietuvas tr\u012bskr\u0101su karogi. \u0160aj\u0101 gad\u012bjum\u0101 soci\u0101lajos t\u012bklos notika strauja diskusija. L\u012bdz r\u012btam nepareizi izlabots.<\/li>\n<li>Gadu iepriek\u0161 izn\u0101ca v\u0113l viens notikums, kas meta \u0113nu uz Lietuvas simbolu. Akt\u012bvistu komanda dien\u0101, taj\u0101 laik\u0101, laik\u0101, kad tika atz\u012bm\u0113ta valstiskuma atg\u016b\u0161anas 100. gadadiena, Lietuvas karogs s\u016bt\u012bts debes\u012bs, 30 km. Akt\u012bvisti kampa\u0146u nod\u0113v\u0113ju\u0161i par &quot;Tr\u012bskr\u0101su kosmos\u0101&quot;. Bet vi\u0146iem j\u0101apzin\u0101s, ka kabatas l\u012bnija, kas atdala zemes gaisa telpu no kosmosa, iet 100 km augstum\u0101. Un Lietuvas valsts simbols ir iestr\u0113dzis stratosf\u0113r\u0101 un nav saist\u012bts ar kosmosu. Daudzi Lietuvas pilso\u0146i nebija \u012bpa\u0161i p\u0101rsteidzo\u0161i rea\u0123\u0113ju\u0161i uz \u0161o kampa\u0146u, uzskatot par vi\u0146as pazemo\u0161anu par Republikas karogu.<\/li>\n<\/ul>\n<p style=\"text-align: justify\">Starpgad\u012bjumi un nopietn\u0101k run\u0101 par apzin\u0101tu karoga aizsardz\u012bbu.<\/p>\n<ul style=\"text-align: justify\">\n<li>2013. gad\u0101 Sal\u010dininku pils\u0113t\u0101 viens no Maxima t\u012bkla iepirk\u0161an\u0101s punktiem virs ieejas izlika valsts karogu. Bet s\u0113ru lentu viet\u0101, k\u0101da \u0161odien saglab\u0101jusies tic\u012bba, virs vi\u0146a pl\u012bvoja melnas ze\u0137bikses. Pas\u0101kums tika izlaists s\u0113ru dien\u0101, ko republika atz\u012bm\u0113ja par deport\u0101cij\u0101m, kuru laik\u0101 no valsts tika izs\u016bt\u012bti t\u016bksto\u0161iem iedz\u012bvot\u0101ju. Tirdzniec\u012bbas t\u012bkla vad\u012bba atvainoj\u0101s, veikala direktors zaud\u0113ja darbu.<\/li>\n<li>2016. gad\u0101 amerik\u0101\u0146u kaujinieku p\u0101ris tumsas aizseg\u0101 pasludin\u0101ja Lietuvas karogu, nolauzot to no Kau\u0146as prokurat\u016bras strukt\u016bras. \u0160o incidentu fiks\u0113ju\u0161as kameras. Ta\u010du varas iest\u0101des uzspieda situ\u0101ciju, nev\u0113loties, ac\u012bmredzot, apgr\u016btin\u0101t attiec\u012bbas ar ASV.<\/li>\n<\/ul>\n<blockquote>\n<p style=\"text-align: justify\">Liel\u0101k\u0101 da\u013ca lietuvie\u0161u ar lielu godbij\u012bbu pieder pie savas valsts nacion\u0101lajiem un v\u0113sturiskajiem karogiem, saglab\u0101jot un nosodot gan republikas iedz\u012bvot\u0101ju, gan sve\u0161inieku necie\u0146u pret vi\u0146iem.<\/p>\n<\/blockquote>\n<h2 style=\"text-align: justify\">Nespecializ\u0113ta inform\u0101cija par Lietuvu<\/h2>\n<table>\n<tbody>\n<tr style=\"text-align: justify\">\n<td>Ofici\u0101l\u0101 valoda<\/td>\n<td>lietuvie\u0161u<\/td>\n<\/tr>\n<tr style=\"text-align: justify\">\n<td>Kapit\u0101ls<\/td>\n<td>Vi\u013c\u0146a<\/td>\n<\/tr>\n<tr style=\"text-align: justify\">\n<td>Teritorija<\/td>\n<td>65 301 km2<\/td>\n<\/tr>\n<tr style=\"text-align: justify\">\n<td>Popul\u0101cija<\/td>\n<td>2 794 472 cilv\u0113ki<\/td>\n<\/tr>\n<tr style=\"text-align: justify\">\n<td>Val\u016bta<\/td>\n<td>Eiro (EUR, kods 978)<\/td>\n<\/tr>\n<tr>\n<td style=\"text-align: justify\">Telefona kods<\/td>\n<td style=\"text-align: justify\">+370<\/td>\n<\/tr>\n<\/tbody>\n<\/table>\n","protected":false},"excerpt":{"rendered":"<p>Lietuvas Republikai ir gr\u016bts st\u0101sts. Saska\u0146ojot ar notikumiem, varas iest\u0101\u017eu sign\u0101li tika p\u0101rveidoti. T\u0101tad m\u016bsdienu Lietuvas karogs izskat\u0101s: Lietuvas &quot;karogs&quot; &#8211; &quot;Veliava&quot;. Etimolo\u0123iski \u0161is v\u0101rds liecina par &quot;du\u0161as&#8230;<\/p>\n","protected":false},"author":1,"featured_media":5887,"comment_status":"open","ping_status":"open","sticky":false,"template":"","format":"standard","meta":{"footnotes":""},"categories":[3],"tags":[],"class_list":["post-1593","post","type-post","status-publish","format-standard","has-post-thumbnail","","category-eiropas-karogi"],"aioseo_notices":[],"_links":{"self":[{"href":"https:\/\/flags-world.com\/lv\/wp-json\/wp\/v2\/posts\/1593","targetHints":{"allow":["GET"]}}],"collection":[{"href":"https:\/\/flags-world.com\/lv\/wp-json\/wp\/v2\/posts"}],"about":[{"href":"https:\/\/flags-world.com\/lv\/wp-json\/wp\/v2\/types\/post"}],"author":[{"embeddable":true,"href":"https:\/\/flags-world.com\/lv\/wp-json\/wp\/v2\/users\/1"}],"replies":[{"embeddable":true,"href":"https:\/\/flags-world.com\/lv\/wp-json\/wp\/v2\/comments?post=1593"}],"version-history":[{"count":0,"href":"https:\/\/flags-world.com\/lv\/wp-json\/wp\/v2\/posts\/1593\/revisions"}],"wp:featuredmedia":[{"embeddable":true,"href":"https:\/\/flags-world.com\/lv\/wp-json\/wp\/v2\/media\/5887"}],"wp:attachment":[{"href":"https:\/\/flags-world.com\/lv\/wp-json\/wp\/v2\/media?parent=1593"}],"wp:term":[{"taxonomy":"category","embeddable":true,"href":"https:\/\/flags-world.com\/lv\/wp-json\/wp\/v2\/categories?post=1593"},{"taxonomy":"post_tag","embeddable":true,"href":"https:\/\/flags-world.com\/lv\/wp-json\/wp\/v2\/tags?post=1593"}],"curies":[{"name":"wp","href":"https:\/\/api.w.org\/{rel}","templated":true}]}}