{"id":1586,"date":"2021-01-04T17:18:14","date_gmt":"2021-01-04T14:18:14","guid":{"rendered":"https:\/\/flags-world.com\/lv\/2021\/01\/04\/kubas-karogs-nozme-un-krsas\/"},"modified":"2021-01-04T17:18:14","modified_gmt":"2021-01-04T14:18:14","slug":"kubas-karogs-nozme-un-krsas","status":"publish","type":"post","link":"https:\/\/flags-world.com\/lv\/kubas-karogs-nozme-un-krsas\/","title":{"rendered":"Kubas karogs: noz\u012bme un kr\u0101sas"},"content":{"rendered":"<p style=\"text-align: justify\">Kuba\u00a0\u2014 salu vald\u012bba, kas atrodas Kar\u012bbu j\u016bras re\u0123ion\u0101. Paties\u012bbu sakot, tas s\u0101k\u0101s 1959. gada revol\u016bcijas beig\u0101s.<\/p>\n<p style=\"text-align: justify\">T\u0101tad m\u016bsdienu Kubas karogs izskat\u0101s:<\/p>\n<p style=\"text-align: justify\"><span itemprop=\"image\" itemscope itemtype=\"https:\/\/schema.org\/ImageObject\"><img itemprop=\"url image\" loading=\"lazy\" decoding=\"async\" class=\"alignnone size-full wp-image-4561\" src=\"\/wp-content\/uploads\/2021\/01\/flag-of-cuba_1.png\" width=\"500\" height=\"250\" alt=\"Kuba-1 karogs\" \/><meta itemprop=\"width\" content=\"500\"><meta itemprop=\"height\" content=\"250\"><\/span><\/p>\n<h2 style=\"text-align: justify\">Kubas v\u0113stures karogs<\/h2>\n<p style=\"text-align: justify\">Pa\u0161reiz\u0113j\u0101 Kubas z\u012bmes versija tika iecer\u0113ta devi\u0146padsmit\u0101 gadsimta 40. gadu 2. pus\u0113, ta\u010du br\u012bv\u012bbas salas iedz\u012bvot\u0101ji toreiz nevar\u0113ja iemiesot person\u012bg\u0101s sl\u0101pes, jo tolaik v\u0113l atrad\u0101s Sp\u0101nijas pak\u013caut\u012bb\u0101. Pasaules lielvaras st\u0101j\u0101s pret\u012b ASV\u00a0un Sp\u0101nijai\u00a0un daudzus gadus c\u012bn\u012bj\u0101s par ties\u012bb\u0101m p\u0101rvald\u012bt pussalu. No 1898. l\u012bdz 1902. gadam Kuba nomira ASV pak\u013caut\u012bb\u0101, un tika izmantota ofici\u0101l\u0101 Amerikas z\u012bme (tolaik tas bija 45 \u0161tati).<\/p>\n<p style=\"text-align: justify\"><span itemprop=\"image\" itemscope itemtype=\"https:\/\/schema.org\/ImageObject\"><img itemprop=\"url image\" loading=\"lazy\" decoding=\"async\" class=\"alignnone size-full wp-image-4562\" src=\"\/wp-content\/uploads\/2021\/01\/flag-of-cuba_2.png\" width=\"500\" height=\"263\" alt=\"Kubas karogs-2\" \/><meta itemprop=\"width\" content=\"500\"><meta itemprop=\"height\" content=\"263\"><\/span><\/p>\n<p style=\"text-align: justify\">1902. gad\u0101 Kuba bija sasniegusi neatkar\u012bbu, un pa\u0161vald\u012bbas z\u012bme bija karoga versija ar zvaigzni. Vi\u0146a re\u0123istr\u0101cija tika \u0146emta no Teksasas \u0161tata (ASV), ko d\u0113v\u0113 par &quot;Lonely Star&quot;.<\/p>\n<p style=\"text-align: justify\"><span itemprop=\"image\" itemscope itemtype=\"https:\/\/schema.org\/ImageObject\"><img itemprop=\"url image\" loading=\"lazy\" decoding=\"async\" class=\"alignnone size-full wp-image-4563\" src=\"\/wp-content\/uploads\/2021\/01\/flag-of-cuba_3.png\" width=\"500\" height=\"333\" alt=\"Kubas karogs-3\" \/><meta itemprop=\"width\" content=\"500\"><meta itemprop=\"height\" content=\"333\"><\/span><\/p>\n<p style=\"text-align: justify\">19. gadsimt\u0101 daudziem br\u012bv\u012bbas salas iedz\u012bvot\u0101jiem tika rakst\u012bts, ka pussala tika no jauna defin\u0113ta ar Ameriku. \u0160is notikums var b\u016bt un k\u013cuva par notikumu, kur\u0101 Kubas z\u012bmes kr\u0101sas sakr\u012bt ar Amerikas karoga kr\u0101s\u0101m, un tiek izmantotas sv\u012btras un zvaigznes.<\/p>\n<p style=\"text-align: justify\">Iepriek\u0161 karogs nebija daudz \u0113rt\u0101ks:<\/p>\n<p style=\"text-align: justify\"><span itemprop=\"image\" itemscope itemtype=\"https:\/\/schema.org\/ImageObject\"><img itemprop=\"url image\" loading=\"lazy\" decoding=\"async\" class=\"alignnone size-full wp-image-4564\" src=\"\/wp-content\/uploads\/2021\/01\/flag-of-cuba_4.png\" width=\"500\" height=\"250\" alt=\"Kubas-4 karogs\" \/><meta itemprop=\"width\" content=\"500\"><meta itemprop=\"height\" content=\"250\"><\/span><\/p>\n<h2 style=\"text-align: justify\">Apraksts<\/h2>\n<p style=\"text-align: justify\">Kubas karogs ir taisnst\u016bra formas audums, kura malas korel\u0113 k\u0101 1 pret 2. Tas par\u0101da 5 vien\u0101das horizont\u0101las joslas, kas p\u0101rmai\u0146us main\u0101s sav\u0101 starp\u0101: divas baltas un tr\u012bs zilas.<\/p>\n<p style=\"text-align: justify\">No kreis\u0101s malas (p\u0101rg\u0101jien\u0101) att\u0113lots sarkans vien\u0101dmalu tr\u012bsst\u016bris. Vien\u0101 no pus\u0113m tas sapl\u016bst no pane\u013ca platuma. Tr\u012bsst\u016bra centr\u0101 ir att\u0113lota piecstaru balta zvaigzne.<\/p>\n<h2 style=\"text-align: justify\">Kubas karoga uzb\u016bve<\/h2>\n<p style=\"text-align: justify\"><span itemprop=\"image\" itemscope itemtype=\"https:\/\/schema.org\/ImageObject\"><img itemprop=\"url image\" loading=\"lazy\" decoding=\"async\" class=\"alignnone size-full wp-image-4565\" src=\"\/wp-content\/uploads\/2021\/01\/flag-of-cuba_5.png\" width=\"500\" height=\"282\" alt=\"kubi karogs-5\" \/><meta itemprop=\"width\" content=\"500\"><meta itemprop=\"height\" content=\"282\"><\/span><\/p>\n<h2 style=\"text-align: justify\">Kubas karoga kr\u0101sas<\/h2>\n<p style=\"text-align: justify\">Kubas simbolik\u0101 izmantotas tr\u012bs kr\u0101sas: zila, balta, sarkana.<\/p>\n<h2 style=\"text-align: justify\">Noz\u012bme kr\u0101su karogs Kuba<\/h2>\n<p style=\"text-align: justify\">Ofici\u0101l\u0101 versija, kas izskaidro karoga kr\u0101su noz\u012bmi, ir \u0161\u0101da:<\/p>\n<ol style=\"text-align: justify\">\n<li>Zil\u0101s kr\u0101sas joslas &#8211; sp\u0101\u0146u Kuba sadala tr\u012bs da\u013c\u0101s;<\/li>\n<li>Baltas sv\u012btras &#8211; v\u0113lme p\u0113c neatkar\u012bbas;<\/li>\n<li>Sarkanais tr\u012bsst\u016bris &#8211; \u0161\u0137\u016bnis par Kubas neatkar\u012bbu, asin\u012bm un br\u012bv\u012bbu, br\u0101l\u012bbu, vienl\u012bdz\u012bbu;<\/li>\n<li>Balt\u0101 zvaigzne simboliz\u0113 br\u012bv\u012bbu.<\/li>\n<\/ol>\n<blockquote>\n<p style=\"text-align: justify\">Zilaj\u0101m sv\u012btr\u0101m periodiski lietots un m\u016bsdien\u012bgs skaidrojums, kas nor\u0101da uz tr\u012bs valsts v\u0113stures periodiem: l\u012bdz 1902. gadam; no 1902. l\u012bdz 1959. gadam; 1959. gada beig\u0101s.<\/p>\n<\/blockquote>\n<h2 style=\"text-align: justify\">Citi karogi<\/h2>\n<p style=\"text-align: justify\">C\u012b\u0146\u0101 par neatkar\u012bbu da\u017e\u0101d\u0101m kust\u012bb\u0101m un Kubas sabiedr\u012bbai bija person\u012bbas rakstura varianti. 1. iemiesojums tika izveidots no 3 josl\u0101m: za\u013ca, purpursarkana, balta.<\/p>\n<p style=\"text-align: justify\"><span itemprop=\"image\" itemscope itemtype=\"https:\/\/schema.org\/ImageObject\"><img itemprop=\"url image\" loading=\"lazy\" decoding=\"async\" class=\"alignnone size-full wp-image-4566\" src=\"\/wp-content\/uploads\/2021\/01\/flag-of-cuba_6.png\" width=\"500\" height=\"333\" alt=\"kubi karogs-6\" \/><meta itemprop=\"width\" content=\"500\"><meta itemprop=\"height\" content=\"333\"><\/span><\/p>\n<p style=\"text-align: justify\">20.\u00a0gados t\u0101s bija da\u017eas kopienas:<\/p>\n<ul style=\"text-align: justify\">\n<li>&quot;Saule un Boliv\u0101ra stari&quot;;<\/li>\n<\/ul>\n<p style=\"text-align: justify\"><span itemprop=\"image\" itemscope itemtype=\"https:\/\/schema.org\/ImageObject\"><img itemprop=\"url image\" loading=\"lazy\" decoding=\"async\" class=\"alignnone size-full wp-image-4567\" src=\"\/wp-content\/uploads\/2021\/01\/flag-of-cuba_7.png\" alt=\"kubi karogs-7\" width=\"151\" height=\"91\" \/><meta itemprop=\"width\" content=\"151\"><meta itemprop=\"height\" content=\"91\"><\/span><\/p>\n<ul style=\"text-align: justify\">\n<li>&quot;Kubas Rosa&quot;;<\/li>\n<\/ul>\n<p style=\"text-align: justify\"><span itemprop=\"image\" itemscope itemtype=\"https:\/\/schema.org\/ImageObject\"><img itemprop=\"url image\" loading=\"lazy\" decoding=\"async\" class=\"alignnone size-full wp-image-4568\" src=\"\/wp-content\/uploads\/2021\/01\/flag-of-cuba_8.png\" alt=\"Kubas-8 karogs\" width=\"151\" height=\"90\" \/><meta itemprop=\"width\" content=\"151\"><meta itemprop=\"height\" content=\"90\"><\/span><\/p>\n<ul style=\"text-align: justify\">\n<li>&quot;Havanas klubs&quot;.<\/li>\n<\/ul>\n<p style=\"text-align: justify\"><span itemprop=\"image\" itemscope itemtype=\"https:\/\/schema.org\/ImageObject\"><img itemprop=\"url image\" loading=\"lazy\" decoding=\"async\" class=\"alignnone size-full wp-image-4569\" src=\"\/wp-content\/uploads\/2021\/01\/flag-of-cuba_9.png\" alt=\"Kuba-9 karogs\" width=\"150\" height=\"90\" \/><meta itemprop=\"width\" content=\"150\"><meta itemprop=\"height\" content=\"90\"><\/span><\/p>\n<p style=\"text-align: justify\">2. simbolika tika pie\u0146emta uz visiem laikiem, kas ir saist\u012bta ar 1868. gada sacel\u0161anos., Bet turpm\u0101kaj\u0101 sacel\u0161an\u0101s favor\u012btu intrigas d\u0113\u013c piekri\u0161ana netika atrasta.<\/p>\n<p style=\"text-align: justify\"><span itemprop=\"image\" itemscope itemtype=\"https:\/\/schema.org\/ImageObject\"><img itemprop=\"url image\" loading=\"lazy\" decoding=\"async\" class=\"alignnone size-full wp-image-4570\" src=\"\/wp-content\/uploads\/2021\/01\/flag-of-cuba_10.png\" width=\"500\" height=\"312\" alt=\"Kuba-10 karogs\" \/><meta itemprop=\"width\" content=\"500\"><meta itemprop=\"height\" content=\"312\"><\/span><\/p>\n<p style=\"text-align: justify\">1952. gad\u0101. \u0122ener\u0101lis Bathojs Tika nolemts izmantot 2. simboliku, ko tas izmantoja 20 gadus agr\u0101k milit\u0101r\u0101 apv\u0113rsuma laik\u0101.<\/p>\n<p style=\"text-align: justify\"><span itemprop=\"image\" itemscope itemtype=\"https:\/\/schema.org\/ImageObject\"><img itemprop=\"url image\" loading=\"lazy\" decoding=\"async\" class=\"alignnone size-full wp-image-4571\" src=\"\/wp-content\/uploads\/2021\/01\/flag-of-cuba_11.png\" width=\"500\" height=\"281\" alt=\"Kuba-11 karogs\" \/><meta itemprop=\"width\" content=\"500\"><meta itemprop=\"height\" content=\"281\"><\/span><\/p>\n<h2 style=\"text-align: justify\">L\u012bdz\u012bgi karogi<\/h2>\n<p style=\"text-align: justify\"><span itemprop=\"image\" itemscope itemtype=\"https:\/\/schema.org\/ImageObject\"><img itemprop=\"url image\" loading=\"lazy\" decoding=\"async\" class=\"alignnone size-full wp-image-4572\" src=\"\/wp-content\/uploads\/2021\/01\/flag-of-cuba_12.png\" width=\"500\" height=\"333\" alt=\"Kuba-12 karogs\" \/><meta itemprop=\"width\" content=\"500\"><meta itemprop=\"height\" content=\"333\"><\/span><\/p>\n<h2 style=\"text-align: justify\">Nespecializ\u0113ta inform\u0101cija par Kubu<\/h2>\n<table>\n<tbody>\n<tr style=\"text-align: justify\">\n<td>Ofici\u0101l\u0101 valoda<\/td>\n<td>sp\u0101\u0146u valoda<\/td>\n<\/tr>\n<tr style=\"text-align: justify\">\n<td>Kapit\u0101ls<\/td>\n<td>Havana<\/td>\n<\/tr>\n<tr style=\"text-align: justify\">\n<td>Teritorija<\/td>\n<td>110 860 km2<\/td>\n<\/tr>\n<tr style=\"text-align: justify\">\n<td>Popul\u0101cija<\/td>\n<td>11 061 886 cilv\u0113ki<\/td>\n<\/tr>\n<tr style=\"text-align: justify\">\n<td>Val\u016bta<\/td>\n<td>Peso (kauss, 192) konvert\u0113jamais peso (CUC, 931)<\/td>\n<\/tr>\n<tr>\n<td style=\"text-align: justify\">Telefona kods<\/td>\n<td style=\"text-align: justify\">+53<\/td>\n<\/tr>\n<\/tbody>\n<\/table>\n","protected":false},"excerpt":{"rendered":"<p>Kuba\u00a0\u2014 salu vald\u012bba, kas atrodas Kar\u012bbu j\u016bras re\u0123ion\u0101. Paties\u012bbu sakot, tas s\u0101k\u0101s 1959. gada revol\u016bcijas beig\u0101s. T\u0101tad m\u016bsdienu Kubas karogs izskat\u0101s: Kubas v\u0113stures karogs Pa\u0161reiz\u0113j\u0101 Kubas z\u012bmes versija&#8230;<\/p>\n","protected":false},"author":1,"featured_media":5880,"comment_status":"open","ping_status":"open","sticky":false,"template":"","format":"standard","meta":{"footnotes":""},"categories":[6],"tags":[],"class_list":["post-1586","post","type-post","status-publish","format-standard","has-post-thumbnail","","category-ziemeamerikas-karogi"],"aioseo_notices":[],"_links":{"self":[{"href":"https:\/\/flags-world.com\/lv\/wp-json\/wp\/v2\/posts\/1586","targetHints":{"allow":["GET"]}}],"collection":[{"href":"https:\/\/flags-world.com\/lv\/wp-json\/wp\/v2\/posts"}],"about":[{"href":"https:\/\/flags-world.com\/lv\/wp-json\/wp\/v2\/types\/post"}],"author":[{"embeddable":true,"href":"https:\/\/flags-world.com\/lv\/wp-json\/wp\/v2\/users\/1"}],"replies":[{"embeddable":true,"href":"https:\/\/flags-world.com\/lv\/wp-json\/wp\/v2\/comments?post=1586"}],"version-history":[{"count":0,"href":"https:\/\/flags-world.com\/lv\/wp-json\/wp\/v2\/posts\/1586\/revisions"}],"wp:featuredmedia":[{"embeddable":true,"href":"https:\/\/flags-world.com\/lv\/wp-json\/wp\/v2\/media\/5880"}],"wp:attachment":[{"href":"https:\/\/flags-world.com\/lv\/wp-json\/wp\/v2\/media?parent=1586"}],"wp:term":[{"taxonomy":"category","embeddable":true,"href":"https:\/\/flags-world.com\/lv\/wp-json\/wp\/v2\/categories?post=1586"},{"taxonomy":"post_tag","embeddable":true,"href":"https:\/\/flags-world.com\/lv\/wp-json\/wp\/v2\/tags?post=1586"}],"curies":[{"name":"wp","href":"https:\/\/api.w.org\/{rel}","templated":true}]}}