{"id":1585,"date":"2021-01-04T17:18:14","date_gmt":"2021-01-04T14:18:14","guid":{"rendered":"https:\/\/flags-world.com\/lv\/2021\/01\/04\/kostarikas-karogs-nozme-un-krsas\/"},"modified":"2021-01-04T17:18:14","modified_gmt":"2021-01-04T14:18:14","slug":"kostarikas-karogs-nozme-un-krsas","status":"publish","type":"post","link":"https:\/\/flags-world.com\/lv\/kostarikas-karogs-nozme-un-krsas\/","title":{"rendered":"Kostarikas karogs: noz\u012bme un kr\u0101sas"},"content":{"rendered":"<p style=\"text-align: justify\">Kostarikas Republika &#8211; vald\u012bba Centr\u0101lamerik\u0101. Tulkojum\u0101 no sp\u0101\u0146u valodas tas par\u0101da aizsarg\u0101to saglab\u0101to. Republikai ir robe\u017eas ar Nikaragvu un Panamu. Dienvidu un Rietumu valstis mazg\u0101 attiec\u012bgi Klus\u0101 oke\u0101na un Kar\u012bbu j\u016bras \u016bde\u0146i.<\/p>\n<p style=\"text-align: justify\">T\u0101tad m\u016bsdienu Kostarikas karogs izskat\u0101s:<\/p>\n<p style=\"text-align: justify\"><span itemprop=\"image\" itemscope itemtype=\"https:\/\/schema.org\/ImageObject\"><img itemprop=\"url image\" loading=\"lazy\" decoding=\"async\" class=\"alignnone size-full wp-image-3611\" src=\"\/wp-content\/uploads\/2021\/01\/flag-of-costa-rica_1.png\" width=\"500\" height=\"300\" alt=\"Kostarikas karogs-1\" \/><meta itemprop=\"width\" content=\"500\"><meta itemprop=\"height\" content=\"300\"><\/span><\/p>\n<h2 style=\"text-align: justify\">Kostarikas v\u0113stures karogi<\/h2>\n<p style=\"text-align: justify\">Kostarika no 16. gadsimta l\u012bdz 1821. gadam. Vi\u0146\u0161 bija Sp\u0101nijas kolonija. Nor\u0101d\u012btaj\u0101 gad\u0101 vi\u0146a atbr\u012bvoj\u0101s no Sp\u0101nijas kro\u0146a, bet, apvienojoties ar Centr\u0101lamerikas valst\u012bm, Feder\u0101cijas veid\u0101 k\u013cuva par da\u013cu no Meksikas imp\u0113rijas. Tagad tiek izmantots imp\u0113rijas karogs.<\/p>\n<p style=\"text-align: justify\"><span itemprop=\"image\" itemscope itemtype=\"https:\/\/schema.org\/ImageObject\"><img itemprop=\"url image\" loading=\"lazy\" decoding=\"async\" class=\"alignnone size-full wp-image-3612\" src=\"\/wp-content\/uploads\/2021\/01\/flag-of-costa-rica_2.png\" width=\"500\" height=\"286\" alt=\"Kostarikas karogs-2\" \/><meta itemprop=\"width\" content=\"500\"><meta itemprop=\"height\" content=\"286\"><\/span><\/p>\n<p style=\"text-align: justify\">Ta\u010du uzreiz tika izmantoti citi karogi:<\/p>\n<ul style=\"text-align: justify\">\n<li>1821-1823;<\/li>\n<\/ul>\n<p style=\"text-align: justify\"><span itemprop=\"image\" itemscope itemtype=\"https:\/\/schema.org\/ImageObject\"><img itemprop=\"url image\" loading=\"lazy\" decoding=\"async\" class=\"alignnone  wp-image-3613\" src=\"\/wp-content\/uploads\/2021\/01\/flag-of-costa-rica_3.png\" width=\"500\" height=\"334\" alt=\"Kostarikas karogs-3\" \/><meta itemprop=\"width\" content=\"500\"><meta itemprop=\"height\" content=\"334\"><\/span><\/p>\n<ul style=\"text-align: justify\">\n<li>1823-1824;<\/li>\n<\/ul>\n<p style=\"text-align: justify\"><span itemprop=\"image\" itemscope itemtype=\"https:\/\/schema.org\/ImageObject\"><img itemprop=\"url image\" loading=\"lazy\" decoding=\"async\" class=\"alignnone  wp-image-3614\" src=\"\/wp-content\/uploads\/2021\/01\/flag-of-costa-rica_4.png\" width=\"500\" height=\"333\" alt=\"Kostarikas karogs-4\" \/><meta itemprop=\"width\" content=\"500\"><meta itemprop=\"height\" content=\"333\"><\/span><\/p>\n<ul style=\"text-align: justify\">\n<li>1824;<\/li>\n<\/ul>\n<p style=\"text-align: justify\"><span itemprop=\"image\" itemscope itemtype=\"https:\/\/schema.org\/ImageObject\"><img itemprop=\"url image\" loading=\"lazy\" decoding=\"async\" class=\"alignnone  wp-image-3615\" src=\"\/wp-content\/uploads\/2021\/01\/flag-of-costa-rica_5.png\" width=\"500\" height=\"333\" alt=\"Kostarikas karogs-5\" \/><meta itemprop=\"width\" content=\"500\"><meta itemprop=\"height\" content=\"333\"><\/span><\/p>\n<ul style=\"text-align: justify\">\n<li>1824-1840;<\/li>\n<\/ul>\n<p style=\"text-align: justify\"><span itemprop=\"image\" itemscope itemtype=\"https:\/\/schema.org\/ImageObject\"><img itemprop=\"url image\" loading=\"lazy\" decoding=\"async\" class=\"alignnone  wp-image-3616\" src=\"\/wp-content\/uploads\/2021\/01\/flag-of-costa-rica_6.png\" width=\"500\" height=\"333\" alt=\"Kostarikas karogs-6\" \/><meta itemprop=\"width\" content=\"500\"><meta itemprop=\"height\" content=\"333\"><\/span><\/p>\n<ul style=\"text-align: justify\">\n<li>1840-1842;<\/li>\n<\/ul>\n<p style=\"text-align: justify\"><span itemprop=\"image\" itemscope itemtype=\"https:\/\/schema.org\/ImageObject\"><img itemprop=\"url image\" loading=\"lazy\" decoding=\"async\" class=\"alignnone  wp-image-3617\" src=\"\/wp-content\/uploads\/2021\/01\/flag-of-costa-rica_7.png\" width=\"500\" height=\"333\" alt=\"Kostarikas karogs-7\" \/><meta itemprop=\"width\" content=\"500\"><meta itemprop=\"height\" content=\"333\"><\/span><\/p>\n<ul style=\"text-align: justify\">\n<li>1842-1848.<\/li>\n<\/ul>\n<p style=\"text-align: justify\"><span itemprop=\"image\" itemscope itemtype=\"https:\/\/schema.org\/ImageObject\"><img itemprop=\"url image\" loading=\"lazy\" decoding=\"async\" class=\"alignnone size-full wp-image-3618\" src=\"\/wp-content\/uploads\/2021\/01\/flag-of-costa-rica_8.png\" width=\"500\" height=\"333\" alt=\"Kostarikas karogs-8\" \/><meta itemprop=\"width\" content=\"500\"><meta itemprop=\"height\" content=\"333\"><\/span><\/p>\n<p style=\"text-align: justify\">Karoga gal\u012bg\u0101 versija tika pie\u0146emta devi\u0146padsmit\u0101 gadsimta 40. gadu otraj\u0101 pus\u0113. To kombin\u0101cijas un kr\u0101sas atg\u0101dina fran\u010du tr\u012bskr\u0101su, tikai horizont\u0101las naktsm\u012btnes. \u0160\u0101ds z\u012bmes att\u0113ls noz\u012bm\u0113ja cie\u0146u Francijai, kas taj\u0101s dien\u0101s tika uzskait\u012bta atdarin\u0101\u0161anai.<\/p>\n<p style=\"text-align: justify\"><span itemprop=\"image\" itemscope itemtype=\"https:\/\/schema.org\/ImageObject\"><img itemprop=\"url image\" loading=\"lazy\" decoding=\"async\" class=\"alignnone size-full wp-image-3619\" src=\"\/wp-content\/uploads\/2021\/01\/flag-of-costa-rica_9.png\" width=\"500\" height=\"333\" alt=\"Kostarikas karogs-9\" \/><meta itemprop=\"width\" content=\"500\"><meta itemprop=\"height\" content=\"333\"><\/span><\/p>\n<p style=\"text-align: justify\">Kostarikas pa\u0161vald\u012bbas z\u012bme tika apstiprin\u0101ta 1906. gada novembr\u012b.<\/p>\n<h2 style=\"text-align: justify\">Apraksts<\/h2>\n<p style=\"text-align: justify\">RCD z\u012bme ir taisnst\u016brveida audums ar malu attiec\u012bbu no 3 l\u012bdz 5. Tas par\u0101da 5 horizont\u0101las sv\u012btras: divas zilas, divas baltas un viena sarkana. Zil\u0101s un balt\u0101s sv\u012btras ir vien\u0101das sav\u0101 platum\u0101, bet sarkan\u0101s ir divas reizes plat\u0101kas. No aug\u0161as uz leju p\u0101rmai\u0146us sloksnes iet sekojo\u0161\u0101 sec\u012bb\u0101: zila, balta, sarkana, balta, zila. Sarkan\u0101s joslas kreisaj\u0101 pus\u0113 (tuv\u0101k kokam) vald\u012bbas z\u012bmes versij\u0101 att\u0113lota Kostarikas embl\u0113ma. Par \u0123erbo\u0146a civil\u0101 karoga variantu.<\/p>\n<p style=\"text-align: justify\"><span itemprop=\"image\" itemscope itemtype=\"https:\/\/schema.org\/ImageObject\"><img itemprop=\"url image\" loading=\"lazy\" decoding=\"async\" class=\"alignnone size-full wp-image-3620\" src=\"\/wp-content\/uploads\/2021\/01\/flag-of-costa-rica_10.png\" width=\"457\" height=\"500\" alt=\"Kostarikas karogs-10\" \/><meta itemprop=\"width\" content=\"457\"><meta itemprop=\"height\" content=\"500\"><\/span><\/p>\n<p style=\"text-align: justify\">Uz RKR \u0123erbo\u0146a att\u0113loti divi ku\u0123i: 1. no Klus\u0101 oke\u0101na, 2. no Kar\u012bbu j\u016bras. Uzleco\u0161\u0101 Saule simboliz\u0113 br\u012bv\u012bbu. Tr\u012bs kalni, kas att\u0113loti starp buru laiv\u0101m, personific\u0113 tr\u012bs galven\u0101s valsts kalnu \u0137\u0113des. Septi\u0146as zvaigznes, kas att\u0113lotas \u0123erbon\u012b, ir septi\u0146as Kirgizst\u0101nas Republikas provinces. \u0122erbo\u0146a kreisaj\u0101 un labaj\u0101 pus\u0113 ir mazas krelles, kas simboliz\u0113 Kostarikas kafiju.<\/p>\n<blockquote>\n<p style=\"text-align: justify\">\u0122erbo\u0146a augstaj\u0101 da\u013c\u0101 bija divi uzraksti: uz baltas lentes valsts nosaukums, bet virs vairoga uz zil\u0101s lentes uzraksts par atra\u0161an\u0101s vietu &#8211; Centr\u0101lamerika.<\/p>\n<\/blockquote>\n<h2 style=\"text-align: justify\">Kostarikas kr\u0101su karogs<\/h2>\n<p style=\"text-align: justify\">Kostarikas valsts simbols sast\u0101v no 3 kr\u0101s\u0101m: zila, balta, sarkana.<\/p>\n<h2 style=\"text-align: justify\">Kr\u0101su karoga noz\u012bme Kostariku<\/h2>\n<p style=\"text-align: justify\">Kostarikas z\u012bmes kr\u0101s\u0101m ir \u0161\u0101das v\u0113rt\u012bbas:<\/p>\n<ol style=\"text-align: justify\">\n<li>Zilas ir vi\u0146a debesis un skaistums, m\u016b\u017e\u012bba, reli\u0123isk\u0101 un gar\u012bg\u0101 piln\u012bba, neatlaid\u012bba;<\/li>\n<li>Balts &#8211; gudr\u012bba, skaidra dom\u0101\u0161ana, miers un jauns s\u0101kums;<\/li>\n<li>Sarkans &#8211; Kostarikas iedz\u012bvot\u0101ju karstums, vi\u0146u m\u012blest\u012bba pret likteni, v\u0113lme izliet asinis par br\u012bv\u012bbu.<\/li>\n<\/ol>\n<p style=\"text-align: justify\">Kr\u0101su simbolika izmanto otro interpret\u0101ciju: zil\u0101 un balt\u0101 kr\u0101sa simboliz\u0113 Kirgizst\u0101nas Republikas neatkar\u012bbu, bet sarkan\u0101 &#8211; civiliz\u0101ciju.<\/p>\n<p style=\"text-align: justify\"><span itemprop=\"image\" itemscope itemtype=\"https:\/\/schema.org\/ImageObject\"><img itemprop=\"url image\" loading=\"lazy\" decoding=\"async\" class=\"alignnone size-full wp-image-3621\" src=\"\/wp-content\/uploads\/2021\/01\/flag-of-costa-rica_1.jpg\" width=\"500\" height=\"319\" alt=\"Kostarikas karogs-11\" \/><meta itemprop=\"width\" content=\"500\"><meta itemprop=\"height\" content=\"319\"><\/span><\/p>\n<h2 style=\"text-align: justify\">Citi karogi<\/h2>\n<p style=\"text-align: justify\">KR civilais karogs izskat\u0101s neskaitot \u0161o, bet bez \u0123erbo\u0146a.<\/p>\n<p style=\"text-align: justify\"><span itemprop=\"image\" itemscope itemtype=\"https:\/\/schema.org\/ImageObject\"><img itemprop=\"url image\" loading=\"lazy\" decoding=\"async\" class=\"alignnone size-full wp-image-3622\" src=\"\/wp-content\/uploads\/2021\/01\/flag-of-costa-rica_11.png\" width=\"500\" height=\"300\" alt=\"Kostarikas karogs-12\" \/><meta itemprop=\"width\" content=\"500\"><meta itemprop=\"height\" content=\"300\"><\/span><\/p>\n<h2 style=\"text-align: justify\">Interesanti fakti par karogu<\/h2>\n<p style=\"text-align: justify\">Kostarikas karogam ir l\u012bdz\u012bba ar Taizemi. At\u0161\u0137ir\u012bba ir t\u0101da, ka sarkan\u0101s un zil\u0101s vietas un kr\u0101sas tiek main\u012btas sav\u0101 starp\u0101.<\/p>\n<p style=\"text-align: justify\"><span itemprop=\"image\" itemscope itemtype=\"https:\/\/schema.org\/ImageObject\"><img itemprop=\"url image\" loading=\"lazy\" decoding=\"async\" class=\"alignnone size-full wp-image-3623\" src=\"\/wp-content\/uploads\/2021\/01\/flag-of-costa-rica_12.png\" width=\"500\" height=\"333\" alt=\"Kostarikas karogs-14\" \/><meta itemprop=\"width\" content=\"500\"><meta itemprop=\"height\" content=\"333\"><\/span><\/p>\n<p style=\"text-align: justify\">Past\u0101v fakultat\u012bvs likums, kas Kostarikas pilso\u0146iem \u013cauj izmantot karogu tikai valsts svin\u012bgo dienu dien\u0101s.<\/p>\n<h2 style=\"text-align: justify\">Nespecializ\u0113ta inform\u0101cija par Kostariku<\/h2>\n<table>\n<tbody>\n<tr style=\"text-align: justify\">\n<td>Ofici\u0101l\u0101 valoda<\/td>\n<td>sp\u0101\u0146u valoda<\/td>\n<\/tr>\n<tr style=\"text-align: justify\">\n<td>Kapit\u0101ls<\/td>\n<td>Sanhos\u0113<\/td>\n<\/tr>\n<tr style=\"text-align: justify\">\n<td>Teritorija<\/td>\n<td>51 100 km2<\/td>\n<\/tr>\n<tr style=\"text-align: justify\">\n<td>Popul\u0101cija<\/td>\n<td>5 097 988 cilv\u0113ki<\/td>\n<\/tr>\n<tr style=\"text-align: justify\">\n<td>Val\u016bta<\/td>\n<td>Kr\u0101sa (CRC, kods 188)<\/td>\n<\/tr>\n<tr>\n<td style=\"text-align: justify\">Telefona kods<\/td>\n<td style=\"text-align: justify\">+506<\/td>\n<\/tr>\n<\/tbody>\n<\/table>\n","protected":false},"excerpt":{"rendered":"<p>Kostarikas Republika &#8211; vald\u012bba Centr\u0101lamerik\u0101. Tulkojum\u0101 no sp\u0101\u0146u valodas tas par\u0101da aizsarg\u0101to saglab\u0101to. Republikai ir robe\u017eas ar Nikaragvu un Panamu. Dienvidu un Rietumu valstis mazg\u0101 attiec\u012bgi Klus\u0101 oke\u0101na&#8230;<\/p>\n","protected":false},"author":1,"featured_media":5875,"comment_status":"open","ping_status":"open","sticky":false,"template":"","format":"standard","meta":{"footnotes":""},"categories":[6],"tags":[],"class_list":["post-1585","post","type-post","status-publish","format-standard","has-post-thumbnail","","category-ziemeamerikas-karogi"],"aioseo_notices":[],"_links":{"self":[{"href":"https:\/\/flags-world.com\/lv\/wp-json\/wp\/v2\/posts\/1585","targetHints":{"allow":["GET"]}}],"collection":[{"href":"https:\/\/flags-world.com\/lv\/wp-json\/wp\/v2\/posts"}],"about":[{"href":"https:\/\/flags-world.com\/lv\/wp-json\/wp\/v2\/types\/post"}],"author":[{"embeddable":true,"href":"https:\/\/flags-world.com\/lv\/wp-json\/wp\/v2\/users\/1"}],"replies":[{"embeddable":true,"href":"https:\/\/flags-world.com\/lv\/wp-json\/wp\/v2\/comments?post=1585"}],"version-history":[{"count":0,"href":"https:\/\/flags-world.com\/lv\/wp-json\/wp\/v2\/posts\/1585\/revisions"}],"wp:featuredmedia":[{"embeddable":true,"href":"https:\/\/flags-world.com\/lv\/wp-json\/wp\/v2\/media\/5875"}],"wp:attachment":[{"href":"https:\/\/flags-world.com\/lv\/wp-json\/wp\/v2\/media?parent=1585"}],"wp:term":[{"taxonomy":"category","embeddable":true,"href":"https:\/\/flags-world.com\/lv\/wp-json\/wp\/v2\/categories?post=1585"},{"taxonomy":"post_tag","embeddable":true,"href":"https:\/\/flags-world.com\/lv\/wp-json\/wp\/v2\/tags?post=1585"}],"curies":[{"name":"wp","href":"https:\/\/api.w.org\/{rel}","templated":true}]}}