{"id":1584,"date":"2021-01-04T17:18:14","date_gmt":"2021-01-04T14:18:14","guid":{"rendered":"https:\/\/flags-world.com\/lv\/2021\/01\/04\/kongo-karogs-krsas-un-nozme\/"},"modified":"2021-01-04T17:18:14","modified_gmt":"2021-01-04T14:18:14","slug":"kongo-karogs-krsas-un-nozme","status":"publish","type":"post","link":"https:\/\/flags-world.com\/lv\/kongo-karogs-krsas-un-nozme\/","title":{"rendered":"Kongo karogs: kr\u0101sas un noz\u012bme"},"content":{"rendered":"<p style=\"text-align: justify\">Kongo Republikas pa\u0161vald\u012bbas karogs tika ofici\u0101li apstiprin\u0101ts 1958. gada 18. august\u0101, taj\u0101 laik\u0101, taj\u0101 laik\u0101, kad valsts bija sasniegusi autonomiju Fran\u010du biedr\u012bb\u0101.<\/p>\n<p style=\"text-align: justify\">T\u0101tad m\u016bsdienu Kongo karogs izskat\u0101s:<\/p>\n<p style=\"text-align: justify\"><span itemprop=\"image\" itemscope itemtype=\"https:\/\/schema.org\/ImageObject\"><img itemprop=\"url image\" loading=\"lazy\" decoding=\"async\" class=\"alignnone size-full wp-image-3626\" src=\"\/wp-content\/uploads\/2021\/01\/flag-of-congo_1.png\" width=\"500\" height=\"333\" alt=\"Kongo-1 karogs\" \/><meta itemprop=\"width\" content=\"500\"><meta itemprop=\"height\" content=\"333\"><\/span><\/p>\n<h2 style=\"text-align: justify\">Kongo v\u0113stures karogs<\/h2>\n<p style=\"text-align: justify\">L\u012bdz 19. gadsimta vidum Kongo karaliste bija karalis. Karogs tolaik bija balts audekls ar sarkanu krustu, kura lentes tika mais\u012btas pa diagon\u0101li.<\/p>\n<p style=\"text-align: justify\"><span itemprop=\"image\" itemscope itemtype=\"https:\/\/schema.org\/ImageObject\"><img itemprop=\"url image\" loading=\"lazy\" decoding=\"async\" class=\"alignnone size-full wp-image-3627\" src=\"\/wp-content\/uploads\/2021\/01\/flag-of-congo_2.png\" width=\"500\" height=\"333\" alt=\"Kongo-2 karogs\" \/><meta itemprop=\"width\" content=\"500\"><meta itemprop=\"height\" content=\"333\"><\/span><\/p>\n<p style=\"text-align: justify\">Beig\u0101s, pirms pag\u0101ju\u0161\u0101 gadsimta 60. gadiem \u0161\u012b valsts bija Francijas kolonija. Toreiz, taj\u0101 laik\u0101, laik\u0101, kad Kongo fran\u010du koloni\u0101lajam sp\u0113kam nebija iesp\u0113jas izmantot person\u012bgo karogu. \u0160\u0101ds ierobe\u017eojums bija t\u0101d\u0113\u013c, ka tam b\u016btu iesp\u0113ja izrais\u012bt nacion\u0101listisku noska\u0146ojumu pieaugumu un aicin\u0101jumus uz neatkar\u012bbu. Pamatojoties uz to, \u0161aj\u0101 laika posm\u0101 Francijas z\u012bme tika ofici\u0101li izmantota.<\/p>\n<p style=\"text-align: justify\">\u0160odienas skats uz Kongo karogu pirmo reizi tika apstiprin\u0101ts divdesmit\u0101 gadsimta 50. gadu otraj\u0101 pus\u0113. Tas izn\u0101ca gl\u0101b\u0161anas no Francijas kundz\u012bbas beig\u0101s. Autonomijas sa\u0146em\u0161anas beig\u0101s republika apstiprin\u0101ja personisk\u0101s varas z\u012bmes.<\/p>\n<p style=\"text-align: justify\">Beidzoties apv\u0113rsumam valst\u012b un parlamenta varas atcel\u0161anai, valsts p\u0101rvaldes iest\u0101des tika nodotas Kongo Darba partijas Centr\u0101lajai komitejai.<\/p>\n<blockquote>\n<p style=\"text-align: justify\">1969. gada beig\u0101s, neatkar\u012bbas proklam\u0113\u0161anas laik\u0101, uz konstrukcijas atrad\u0101s karogs, kur\u0101 bija nor\u0101d\u012bts Francijas varas konsul\u0101ts.<\/p>\n<\/blockquote>\n<p style=\"text-align: justify\">Gadu v\u0113l\u0101k jaun\u0101 vara tika pasludin\u0101ta par Kongo Republiku. \u0160\u012b valsts ir k\u013cuvusi par pirmo \u0100frik\u0101 ar marksisma-\u013ce\u0146inisma teoriju. Lai par\u0101d\u012btu jaunas idejas, ieviesa jaunu himnu un karogu.<\/p>\n<p style=\"text-align: justify\">Karogs bija sarkans audums ar \u0123erbo\u0146a att\u0113lu. Vi\u0146\u0161 bija sakrustots \u0101murs un izlice, kur\u0101 palmu zari. Uz ska\u0146darba vi\u0146\u0161 atg\u0101din\u0101ja PSRS karogu. \u0122erbonis bija vainagots ar piecstaru zvaigzni, un taj\u0101 bija uzraksts ar republikas saukli, kas rakst\u012bts fran\u010du valod\u0101: &quot;Darbasp\u0113ks. Demokr\u0101tija. miers&quot;. Palmu lap\u0101m bija za\u013cgana kr\u0101sa, un zelta darba sp\u0113ka paz\u012bmes, un lentei bija balts nokr\u0101sa.<\/p>\n<p style=\"text-align: justify\"><span itemprop=\"image\" itemscope itemtype=\"https:\/\/schema.org\/ImageObject\"><img itemprop=\"url image\" loading=\"lazy\" decoding=\"async\" class=\"alignnone size-full wp-image-3628\" src=\"\/wp-content\/uploads\/2021\/01\/flag-of-congo_3.png\" width=\"500\" height=\"333\" alt=\"Kongo\u00a03 karogs\" \/><meta itemprop=\"width\" content=\"500\"><meta itemprop=\"height\" content=\"333\"><\/span><\/p>\n<p style=\"text-align: justify\">Vair\u0101ku partiju demokr\u0101tijas ien\u0101k\u0161anas un par\u0101d\u012b\u0161an\u0101s beig\u0101s valdo\u0161\u0101 partija par\u0101d\u012bj\u0101s opoz\u012bcij\u0101 pirmaj\u0101 90.\u00a0gados. Demokr\u0101tisko v\u0113l\u0113\u0161anu beig\u0101s Tautas Republika krita. \u0160obr\u012bd ofici\u0101lais valsts karogs atkal bija parauga t\u012bkls 1958. gad\u0101. Tas tika apstiprin\u0101ts atk\u0101rtoti 1991. gad\u0101, un kop\u0161 t\u0101 laika karogs nav main\u012bjies.<\/p>\n<h2 style=\"text-align: justify\">Apraksts<\/h2>\n<p style=\"text-align: justify\">Kongo Republikas karogam ir smaila taisnst\u016bra forma ar nestandarta sloksn\u0113m. Audekla lab\u0101 puse ir sarkan\u0101 kr\u0101s\u0101, bet kreis\u0101 ir za\u013ca. Tos sadala dzeltena josla, kas s\u0101kas apak\u0161\u0113j\u0101 kreisaj\u0101 st\u016br\u012b un stiepjas pa diagon\u0101li pa labi. Dzelten\u0101 sloksne divas reizes maz\u0101k za\u013ca un sarkana. \u0160\u0101ds neparasts joslu izvietojums nav pie\u0146emams citiem glob\u0101lo lielvaru simboliem. Garums l\u012bdz platumam no 2 l\u012bdz 3.<\/p>\n<h2 style=\"text-align: justify\">Kongo kr\u0101su karogs<\/h2>\n<p style=\"text-align: justify\">Kongo Republikas karogs par\u0101da, ka joslas nav sliktas kr\u0101sas \u0100frikas br\u012bvaj\u0101m valst\u012bm. Tas ir za\u013c\u0161, dzeltens un sarkans.<\/p>\n<h2 style=\"text-align: justify\">Noz\u012bm\u0113 Kongo karoga kr\u0101sas<\/h2>\n<p style=\"text-align: justify\">Uz audekla att\u0113lotaj\u0101m kr\u0101s\u0101m ir kult\u016bras, politiska un re\u0123ion\u0101la noz\u012bme. Sv\u012btras uz karoga ir spilgti za\u013cas, dzeltenas un pies\u0101tin\u0101tas sarkanas.<\/p>\n<p style=\"text-align: justify\">Vismaz da\u017ei no tiem republikas iedz\u012bvot\u0101jiem pie\u0161\u0137ir noteiktu noz\u012bmi:<\/p>\n<ol style=\"text-align: justify\">\n<li>Kongo iedz\u012bvot\u0101jiem sarkan\u0101 kr\u0101sa liecina par visu cilv\u0113ku piemi\u0146u, kuri g\u0101ja boj\u0101 c\u012b\u0146\u0101 par Kongo neatkar\u012bbu. Bet l\u012bdz beig\u0101m kr\u0101sa nav gai\u0161a.<\/li>\n<li>Dzelteni lauki\u00a0\u2014 t\u0101s ir dabiskas zemes \u0100frikas\u00a0kontinent\u0101, kuru dzi\u013cumos ir diezgan daudz piem\u0113rotu fosiliju: me\u017ei un lauksaimniec\u012bba. \u0160\u012b kr\u0101sa, neskaitot to, simboliz\u0113 tautas mui\u017eniec\u012bbu un draudz\u012bbu.<\/li>\n<li>Za\u013c\u0101 kr\u0101sa uz audekla simboliz\u0113 dabas resursus, kas ir valsts r\u012bc\u012bb\u0101.<\/li>\n<\/ol>\n<blockquote>\n<p style=\"text-align: justify\">Kongo Republika ir neizt\u0113r\u0113ta valsts ar lielu potenci\u0101lu. \u0160\u012b funkcija ir atspogu\u013cota karog\u0101. Vi\u0146\u0161 simboliz\u0113 iedz\u012bvot\u0101ju lepnumu par savu valsti. Un tr\u012bs karoga pamatkr\u0101sas uzsver bag\u0101t\u012bgo kult\u016bras mantojumu.<\/p>\n<\/blockquote>\n<h2 style=\"text-align: justify\">Nespecializ\u0113ta inform\u0101cija par Kongo<\/h2>\n<table>\n<tbody>\n<tr style=\"text-align: justify\">\n<td>Ofici\u0101l\u0101 valoda<\/td>\n<td>fran\u010du, Kituba (Kongo; \u0161tats), Lingala (\u0161tats)<\/td>\n<\/tr>\n<tr style=\"text-align: justify\">\n<td>Kapit\u0101ls<\/td>\n<td>Brazavila<\/td>\n<\/tr>\n<tr style=\"text-align: justify\">\n<td>Teritorija<\/td>\n<td>342 000 km2<\/td>\n<\/tr>\n<tr style=\"text-align: justify\">\n<td>Popul\u0101cija<\/td>\n<td>5 293 070 cilv\u0113ki<\/td>\n<\/tr>\n<tr style=\"text-align: justify\">\n<td>Val\u016bta<\/td>\n<td>Frenks CFA Vaiass<\/td>\n<\/tr>\n<tr>\n<td style=\"text-align: justify\">Telefona kods<\/td>\n<td style=\"text-align: justify\">+242<\/td>\n<\/tr>\n<\/tbody>\n<\/table>\n","protected":false},"excerpt":{"rendered":"<p>Kongo Republikas pa\u0161vald\u012bbas karogs tika ofici\u0101li apstiprin\u0101ts 1958. gada 18. august\u0101, taj\u0101 laik\u0101, taj\u0101 laik\u0101, kad valsts bija sasniegusi autonomiju Fran\u010du biedr\u012bb\u0101. T\u0101tad m\u016bsdienu Kongo karogs izskat\u0101s: Kongo&#8230;<\/p>\n","protected":false},"author":1,"featured_media":5873,"comment_status":"open","ping_status":"open","sticky":false,"template":"","format":"standard","meta":{"footnotes":""},"categories":[5],"tags":[],"class_list":["post-1584","post","type-post","status-publish","format-standard","has-post-thumbnail","","category-frikas-valstu-karogi"],"aioseo_notices":[],"_links":{"self":[{"href":"https:\/\/flags-world.com\/lv\/wp-json\/wp\/v2\/posts\/1584","targetHints":{"allow":["GET"]}}],"collection":[{"href":"https:\/\/flags-world.com\/lv\/wp-json\/wp\/v2\/posts"}],"about":[{"href":"https:\/\/flags-world.com\/lv\/wp-json\/wp\/v2\/types\/post"}],"author":[{"embeddable":true,"href":"https:\/\/flags-world.com\/lv\/wp-json\/wp\/v2\/users\/1"}],"replies":[{"embeddable":true,"href":"https:\/\/flags-world.com\/lv\/wp-json\/wp\/v2\/comments?post=1584"}],"version-history":[{"count":0,"href":"https:\/\/flags-world.com\/lv\/wp-json\/wp\/v2\/posts\/1584\/revisions"}],"wp:featuredmedia":[{"embeddable":true,"href":"https:\/\/flags-world.com\/lv\/wp-json\/wp\/v2\/media\/5873"}],"wp:attachment":[{"href":"https:\/\/flags-world.com\/lv\/wp-json\/wp\/v2\/media?parent=1584"}],"wp:term":[{"taxonomy":"category","embeddable":true,"href":"https:\/\/flags-world.com\/lv\/wp-json\/wp\/v2\/categories?post=1584"},{"taxonomy":"post_tag","embeddable":true,"href":"https:\/\/flags-world.com\/lv\/wp-json\/wp\/v2\/tags?post=1584"}],"curies":[{"name":"wp","href":"https:\/\/api.w.org\/{rel}","templated":true}]}}