{"id":1583,"date":"2021-01-04T17:18:13","date_gmt":"2021-01-04T14:18:13","guid":{"rendered":"https:\/\/flags-world.com\/lv\/2021\/01\/04\/kolumbijas-karogs-krsas-un-nozme\/"},"modified":"2021-01-04T17:18:13","modified_gmt":"2021-01-04T14:18:13","slug":"kolumbijas-karogs-krsas-un-nozme","status":"publish","type":"post","link":"https:\/\/flags-world.com\/lv\/kolumbijas-karogs-krsas-un-nozme\/","title":{"rendered":"Kolumbijas karogs: kr\u0101sas un noz\u012bme"},"content":{"rendered":"<p style=\"text-align: justify\">Kolumbijas karogs \u2014 galvenais atrib\u016bts, vismaz k\u0101da valsts. Vi\u0146\u0161 atspogu\u013co valsts v\u0113sturi, t\u0101s v\u0113rt\u012bbas un galvenos noteikumus. Kolumbijas pa\u0161vald\u012bbas z\u012bme daudzk\u0101rt main\u012bj\u0101s, un pa\u0161reiz\u0113jai opcijai izv\u0113l\u0113to kr\u0101su noz\u012bme aizsk\u0101rusi le\u0123endas.<\/p>\n<p style=\"text-align: justify\">T\u0101tad m\u016bsdienu Kolumbijas karogs izskat\u0101s:<\/p>\n<p style=\"text-align: justify\"><span itemprop=\"image\" itemscope itemtype=\"https:\/\/schema.org\/ImageObject\"><img itemprop=\"url image\" loading=\"lazy\" decoding=\"async\" class=\"alignnone size-full wp-image-3425\" src=\"\/wp-content\/uploads\/2021\/01\/flag-of-colombia_1.png\" width=\"500\" height=\"335\" alt=\"Kolumbijas karogs-2\" \/><meta itemprop=\"width\" content=\"500\"><meta itemprop=\"height\" content=\"335\"><\/span><\/p>\n<h2 style=\"text-align: justify\">Karoga v\u0113sture<\/h2>\n<p style=\"text-align: justify\">Pirm\u0101s personas p\u0113das m\u016bsdienu Kolumbijas apvid\u016b tika atkl\u0101tas pirms ZA. \u0160\u012bs zemes atv\u0113r\u0161anas br\u012bd\u012b sp\u0101\u0146i 1499. g. Vi\u0146u apdz\u012bvoja sarkan\u0101k\u0101s, da\u017e\u0101das ciltis.<\/p>\n<p style=\"text-align: justify\">Koloniz\u0101cijas laik\u0101 vald\u012bba \u0161\u0137ita jauna Granada, kas pasludin\u0101ja savu neatkar\u012bbu no Sp\u0101nijas\u00a01810.\u00a0gad\u0101. 10 gadus v\u0113l\u0101k tika prezent\u0113ts audekls, kas tika apstiprin\u0101ts k\u0101 Liel\u0101s Kolumbijas karogs.<\/p>\n<p style=\"text-align: justify\">Neskaitot zemi, kas ir da\u013ca no pa\u0161reiz\u0113j\u0101s Kolumbijas, reljefs ir apvienots zem \u0161\u012bs valsts karoga Venecu\u0113las, Ekvadoras un Panamas.<\/p>\n<p style=\"text-align: justify\">Karog\u0101 bija skats uz 3 nesam\u0113r\u012bg\u0101m horizont\u0101l\u0101m josl\u0101m. 1. (dzelten\u0101) josla aiz\u0146\u0113ma tr\u012bs sesto kop\u0113jo audeklu, 2-ala (zil\u0101) &#8211; divas sest\u0101s, 3. sarkan\u0101 &#8211; vienu sesto da\u013cu. Aug\u0161\u0113j\u0101 kreisaj\u0101 st\u016br\u012b bija \u0123erbonis.<\/p>\n<p style=\"text-align: justify\">1831. gad\u0101. Republika \u0161\u0137ita jauna Granada, kuras pa\u0161vald\u012bbas simbolika, neskaitot \u0161o p\u0101ri, main\u012bj\u0101s. Joslu kr\u0101sas un to horizont\u0101lais izvietojums palika nemain\u012bgs, ta\u010du tagad nav svar\u012bgi, kura no t\u0101m s\u0101ka ie\u0146emt vien\u0101du platumu un \u0123erbonis &#8211; att\u0113lots karoga centr\u0101. 1858. gad\u0101. Jaun\u0101s Gran\u0101das Republika un kop\u0101 ar vi\u0146u un Kolumbiju k\u013cuva par Granadas konfeder\u0101ciju.<\/p>\n<blockquote>\n<p style=\"text-align: justify\">Granadas konfeder\u0101cijas karogs ir saglab\u0101jis t\u0101s pa\u0161as kr\u0101sas, kas tika izmantotas agr\u0101k, ta\u010du t\u0101 veidot\u0101ji izvietoja joslu vertik\u0101li \u0161\u0101d\u0101 sec\u012bb\u0101: sarkan\u0101, zil\u0101 un dzelten\u0101.<\/p>\n<\/blockquote>\n<h2 style=\"text-align: justify\">Karoga apraksts<\/h2>\n<p style=\"text-align: justify\">1861. gada novembr\u012b. Tika izveidots karogs, kas joproj\u0101m ir Kolumbijas valsts z\u012bme un \u0161obr\u012bd padara to par vienu no dzirdamajiem eso\u0161ajiem karogiem pasaul\u0113. \u0160aj\u0101 Tricolor tika izmantotas Kolumbijas Savienot\u0101s Valstis, kas past\u0101v\u0113ja no 1863. l\u012bdz 1886. gadam. 1886. gad\u0101. Tika pie\u0146emta jauna konstit\u016bcija, kas Kolumbijas Centr\u0101lo Republiku padar\u012bja no valsts alianses, bet karogs palika nemain\u012bgs.<\/p>\n<p style=\"text-align: justify\">Kolumbijas \u0161tata karogam ir horizont\u0101las sv\u012btras un 3 taisnst\u016bra formas: dzeltena, zila, sarkana. Aug\u0161\u0113j\u0101 dzelten\u0101 josla aiz\u0146em divas ceturtda\u013cas no karoga, zila un p\u0101rtais\u012bta.<\/p>\n<p style=\"text-align: justify\">\u0160o kr\u0101su kr\u0101s\u0101m nav ofici\u0101lu v\u0113rt\u012bbu, bet ir ieteicamas: kop\u0101 dzeltenajam &#8211; 116, zilajam &#8211; 287, sarkanajam &#8211; 186.<\/p>\n<h2 style=\"text-align: justify\">Kolumbijas karoga kr\u0101sas un noz\u012bme<\/h2>\n<p style=\"text-align: justify\">Kolumbijas karoga kr\u0101s\u0101m tiek pie\u0161\u0137irts liels skaits v\u0113rt\u012bbu, kas no t\u0101m ir popul\u0101ras:<\/p>\n<ol style=\"text-align: justify\">\n<li>Dzeltens &#8211; Zelta saule un Kolumbijas b\u0113rni.<\/li>\n<li>Zils\u00a0\u2014 \u016bdens oke\u0101ni, mazg\u0101\u0161an\u0101s lauku piekraste.<\/li>\n<li>Sarkans \u2013 kaujas lauk\u0101 izlietas asinis par neatkar\u012bbas izkr\u0101p\u0161anu.<\/li>\n<\/ol>\n<p style=\"text-align: justify\"><span itemprop=\"image\" itemscope itemtype=\"https:\/\/schema.org\/ImageObject\"><img itemprop=\"url image\" loading=\"lazy\" decoding=\"async\" class=\"alignnone size-full wp-image-3427\" src=\"\/wp-content\/uploads\/2021\/01\/flag-of-colombia_2.png\" width=\"500\" height=\"117\" alt=\"\" \/><meta itemprop=\"width\" content=\"500\"><meta itemprop=\"height\" content=\"117\"><\/span><\/p>\n<h2 style=\"text-align: justify\">Interesanti fakti<\/h2>\n<p style=\"text-align: justify\">Saska\u0146ojot ar citu min\u0113jumu, Fransisko de Miranda iepriek\u0161 noteica savas m\u012b\u013cot\u0101s valsts karogu.<\/p>\n<p style=\"text-align: justify\">T\u0101 k\u0101 f. de Miranda apmekl\u0113ja Krievijas Feder\u0101ciju un person\u012bgi pazina Katr\u012bnu II. \u0136eizariene, neskaitot to, patroniz\u0113ja vi\u0146u, k\u0101da iemesla d\u0113\u013c kl\u012bda baumas par vi\u0146u m\u012blas saiti, un Kolumbijas karoga kr\u0101sas nosaka sekojo\u0161o: Dzeltens atg\u0101din\u0101ja Mirandai par maigiem, izciliem m\u012b\u013cotajiem matiem, zils &#8211; par vi\u0146as bezdiben\u012bgaj\u0101m ac\u012bm, sarkans &#8211; iev\u0113rojamas mutes. Saska\u0146ojot ar 2. info, Mirandas m\u012b\u013cot\u0101 bija Zviedrijas karaliene Krist\u012bna.<\/p>\n<p style=\"text-align: justify\">L\u012bdz 2000. Kolumbijas Krimin\u0101lkodeks\u0101 bija pants par valsts simbolikas publiskiem tr\u016bkumiem. Soda termi\u0146\u0161 bija sl\u0113g\u0161anas termi\u0146\u0161 l\u012bdz 2 gadiem, un par \u0161\u012b p\u0101rk\u0101puma faktu tika uzskat\u012bts Vald\u012bbas.<\/p>\n<blockquote>\n<p style=\"text-align: justify\">\u0160obr\u012bd vis\u0101m juridiskaj\u0101m person\u0101m ir uzlikts naudas sods, kas nav cietis vi\u0146u valsts karogam.<\/p>\n<\/blockquote>\n<h2 style=\"text-align: justify\">Nespecializ\u0113ta inform\u0101cija par Kolumbiju<\/h2>\n<table>\n<tbody>\n<tr style=\"text-align: justify\">\n<td>Ofici\u0101l\u0101 valoda<\/td>\n<td>sp\u0101\u0146u (ang\u013cu un kreolie\u0161u valod\u0101, San Andres-I-Providencia provinc\u0113)<\/td>\n<\/tr>\n<tr style=\"text-align: justify\">\n<td>Kapit\u0101ls<\/td>\n<td>Bogota<\/td>\n<\/tr>\n<tr style=\"text-align: justify\">\n<td>Teritorija<\/td>\n<td>1 141 748 km2<\/td>\n<\/tr>\n<tr style=\"text-align: justify\">\n<td>Popul\u0101cija<\/td>\n<td>50 372 424 cilv\u0113ki<\/td>\n<\/tr>\n<tr style=\"text-align: justify\">\n<td>Val\u016bta<\/td>\n<td>Kolumbijas peso (COP, kods 170)<\/td>\n<\/tr>\n<tr>\n<td style=\"text-align: justify\">Telefona kods<\/td>\n<td style=\"text-align: justify\">+57<\/td>\n<\/tr>\n<\/tbody>\n<\/table>\n","protected":false},"excerpt":{"rendered":"<p>Kolumbijas karogs \u2014 galvenais atrib\u016bts, vismaz k\u0101da valsts. Vi\u0146\u0161 atspogu\u013co valsts v\u0113sturi, t\u0101s v\u0113rt\u012bbas un galvenos noteikumus. Kolumbijas pa\u0161vald\u012bbas z\u012bme daudzk\u0101rt main\u012bj\u0101s, un pa\u0161reiz\u0113jai opcijai izv\u0113l\u0113to kr\u0101su noz\u012bme&#8230;<\/p>\n","protected":false},"author":1,"featured_media":5871,"comment_status":"open","ping_status":"open","sticky":false,"template":"","format":"standard","meta":{"footnotes":""},"categories":[7],"tags":[],"class_list":["post-1583","post","type-post","status-publish","format-standard","has-post-thumbnail","","category-dienvidamerikas-karogi"],"aioseo_notices":[],"_links":{"self":[{"href":"https:\/\/flags-world.com\/lv\/wp-json\/wp\/v2\/posts\/1583","targetHints":{"allow":["GET"]}}],"collection":[{"href":"https:\/\/flags-world.com\/lv\/wp-json\/wp\/v2\/posts"}],"about":[{"href":"https:\/\/flags-world.com\/lv\/wp-json\/wp\/v2\/types\/post"}],"author":[{"embeddable":true,"href":"https:\/\/flags-world.com\/lv\/wp-json\/wp\/v2\/users\/1"}],"replies":[{"embeddable":true,"href":"https:\/\/flags-world.com\/lv\/wp-json\/wp\/v2\/comments?post=1583"}],"version-history":[{"count":0,"href":"https:\/\/flags-world.com\/lv\/wp-json\/wp\/v2\/posts\/1583\/revisions"}],"wp:featuredmedia":[{"embeddable":true,"href":"https:\/\/flags-world.com\/lv\/wp-json\/wp\/v2\/media\/5871"}],"wp:attachment":[{"href":"https:\/\/flags-world.com\/lv\/wp-json\/wp\/v2\/media?parent=1583"}],"wp:term":[{"taxonomy":"category","embeddable":true,"href":"https:\/\/flags-world.com\/lv\/wp-json\/wp\/v2\/categories?post=1583"},{"taxonomy":"post_tag","embeddable":true,"href":"https:\/\/flags-world.com\/lv\/wp-json\/wp\/v2\/tags?post=1583"}],"curies":[{"name":"wp","href":"https:\/\/api.w.org\/{rel}","templated":true}]}}