{"id":1582,"date":"2021-01-04T17:18:13","date_gmt":"2021-01-04T14:18:13","guid":{"rendered":"https:\/\/flags-world.com\/lv\/2021\/01\/04\/nas-karogi-nas-karoga-attli\/"},"modified":"2021-01-04T17:18:13","modified_gmt":"2021-01-04T14:18:13","slug":"nas-karogi-nas-karoga-attli","status":"publish","type":"post","link":"https:\/\/flags-world.com\/lv\/nas-karogi-nas-karoga-attli\/","title":{"rendered":"\u0136\u012bnas karogi: \u0136\u012bnas karoga att\u0113li"},"content":{"rendered":"<p style=\"text-align: justify\">Valsts milz\u012bgo iedz\u012bvot\u0101ju karogs netika \u0146emts, bet vi\u0146\u0161 m\u012bl cilv\u0113kus pie gadsimta.<\/p>\n<p style=\"text-align: justify\">T\u0101tad m\u016bsdienu \u0136\u012bnas karogs izskat\u0101s:<\/p>\n<p style=\"text-align: justify\"><span itemprop=\"image\" itemscope itemtype=\"https:\/\/schema.org\/ImageObject\"><img itemprop=\"url image\" loading=\"lazy\" decoding=\"async\" class=\"alignnone size-full wp-image-3436\" src=\"\/wp-content\/uploads\/2021\/01\/flags-of-china_1.png\" width=\"500\" height=\"333\" alt=\"\u0136\u012bnas karogs - 1\" \/><meta itemprop=\"width\" content=\"500\"><meta itemprop=\"height\" content=\"333\"><\/span><\/p>\n<h2 style=\"text-align: justify\">\u0136\u012bnas karogu v\u0113sture<\/h2>\n<p style=\"text-align: justify\">Ofici\u0101li pie\u0146emts divdesmit\u0101 gadsimta 20. gadu 2. pus\u0113 Tautas politisk\u0101s konsultat\u012bv\u0101s padomes s\u0113d\u0113, kas neilgi iepriek\u0161 organiz\u0113ja konkursu par jaunu pa\u0161vald\u012bbas z\u012bmi. Izstr\u0101des veidot\u0101js \u2013 ekonomists.<\/p>\n<p style=\"text-align: justify\">Karogs nok\u013cuvis starp 38 konkursa fin\u0101listiem, kas pirms apstiprin\u0101\u0161anas pak\u013cauts vair\u0101k\u0101m p\u0101rv\u0113rt\u012bb\u0101m.<\/p>\n<p style=\"text-align: justify\">Visvair\u0101k 1. karogs ir dzeltens, ar p\u016b\u0137i, kura seja pievilkta sarkanai saulei. Lietots no 1644. gada, bet savulaik pak\u013cauts izmai\u0146\u0101m &#8211; bija tr\u012bsst\u016bra, nevis taisnst\u016bra forma no 1862. gada.<\/p>\n<p style=\"text-align: justify\"><span itemprop=\"image\" itemscope itemtype=\"https:\/\/schema.org\/ImageObject\"><img itemprop=\"url image\" loading=\"lazy\" decoding=\"async\" class=\"alignnone size-full wp-image-3437\" src=\"\/wp-content\/uploads\/2021\/01\/flags-of-china_2.png\" width=\"500\" height=\"322\" alt=\"\u0136\u012bnas karogs-2\" \/><meta itemprop=\"width\" content=\"500\"><meta itemprop=\"height\" content=\"322\"><\/span><\/p>\n<p style=\"text-align: justify\">Devi\u0146padsmit\u0101 gadsimta beig\u0101s tika atgriezta. P\u016b\u0137is &#8211; valdnieka sp\u0113ks un sp\u0113ks.<\/p>\n<p style=\"text-align: justify\"><span itemprop=\"image\" itemscope itemtype=\"https:\/\/schema.org\/ImageObject\"><img itemprop=\"url image\" loading=\"lazy\" decoding=\"async\" class=\"alignnone size-full wp-image-3438\" src=\"\/wp-content\/uploads\/2021\/01\/flags-of-china_3.png\" width=\"500\" height=\"333\" alt=\"\u0136\u012bnas karogs-3\" \/><meta itemprop=\"width\" content=\"500\"><meta itemprop=\"height\" content=\"333\"><\/span><\/p>\n<p style=\"text-align: justify\">\u0136\u012bnas Republikas karogs, kura sast\u0101v\u0101 bija un \u0136TR, veidoj\u0101s no 5 josl\u0101m, kuru kr\u0101sas tika izv\u0113l\u0113tas nejau\u0161i &#8211; t\u0101s personific\u0113ja tautas &#8211; Hancevu, Man\u010durovu, mongo\u013cus, cilv\u0113kus un tibetie\u0161us. Darbojies kop\u0161 1912. gada.<\/p>\n<p style=\"text-align: justify\"><span itemprop=\"image\" itemscope itemtype=\"https:\/\/schema.org\/ImageObject\"><img itemprop=\"url image\" loading=\"lazy\" decoding=\"async\" class=\"alignnone size-full wp-image-3439\" src=\"\/wp-content\/uploads\/2021\/01\/flags-of-china_4.png\" width=\"500\" height=\"312\" alt=\"\u0136\u012bnas-4 karogs\" \/><meta itemprop=\"width\" content=\"500\"><meta itemprop=\"height\" content=\"312\"><\/span><\/p>\n<p style=\"text-align: justify\">Tagad \u0136\u012bnas Republiku sauc par Taiv\u0101nu. Nejauciet ar \u0136TR.<\/p>\n<p style=\"text-align: justify\">V\u0113l\u0101k, 1928. gad\u0101, s\u0101ka izmantot zilo z\u012bmi ar Balto sauli centr\u0101, kas darboj\u0101s l\u012bdz 1949. gadam.<\/p>\n<p style=\"text-align: justify\"><span itemprop=\"image\" itemscope itemtype=\"https:\/\/schema.org\/ImageObject\"><img itemprop=\"url image\" loading=\"lazy\" decoding=\"async\" class=\"alignnone size-full wp-image-3440\" src=\"\/wp-content\/uploads\/2021\/01\/flags-of-china_5.png\" width=\"500\" height=\"333\" alt=\"\u0136\u012bnas karogs-5\" \/><meta itemprop=\"width\" content=\"500\"><meta itemprop=\"height\" content=\"333\"><\/span><\/p>\n<h2 style=\"text-align: justify\">Apraksts<\/h2>\n<p style=\"text-align: justify\">Tas ir viena fotona audums ar piec\u0101m piecstaru zvaigzn\u0113m &#8211; vienu lielu, kas atrodas net\u0101lu no p\u0101rg\u0101jiena, aug\u0161\u0113j\u0101 kreisaj\u0101 st\u016br\u012b un v\u0113l 4 Majakhansky, kas veidojas pirm\u0101 loka labaj\u0101 pus\u0113, kas atrodas t\u0101, lai viena no vi\u0146u apdares run\u0101ja par lielu zvaigzni.<\/p>\n<h2 style=\"text-align: justify\">Kr\u0101su karogi \u0136\u012bna<\/h2>\n<p style=\"text-align: justify\">Ir divas kr\u0101sas &#8211; zelta un sarkana.<\/p>\n<h2 style=\"text-align: justify\">Noz\u012bm\u0113 kr\u0101sas un karoga z\u012bme<\/h2>\n<ol style=\"text-align: justify\">\n<li>Sarkans \u2014 revol\u016bcijas z\u012bme.<\/li>\n<li>Zelta ievie\u0161ana nek\u0101d\u0101 veid\u0101 netiek interpret\u0113ta, ta\u010du var gad\u012bties, ka \u0161aj\u0101 gad\u012bjum\u0101 tam nav sliktas noz\u012bmes, kas apz\u012bm\u0113ta heraldik\u0101 &#8211; sp\u0113ks, di\u017eenums un cie\u0146a.<\/li>\n<li>Piln\u012bgi pareizi, jo m\u0113s zin\u0101m, ka draudu zvaigzne ir \u0136TR Komunistisk\u0101s partijas vad\u012bbas simbols.<\/li>\n<li>Otr\u0101s zvaigznes, kas atrodas net\u0101lu no galven\u0101, noz\u012bme tiek izskaidrota da\u017e\u0101dos veidos, ta\u010du daudzi sliecas uz uzskatu, ka t\u0101s personific\u0113 \u010detras \u0137\u012bnie\u0161u tautas klases. Bet kuras tie\u0161i tie\u0161i tie\u0161i tie\u0161i tie\u0161i ir tie\u0161as, to nenosaka gad\u012bjums, ka nevienam valdniekam nav skaidr\u012bbas \u0161aj\u0101 jaut\u0101jum\u0101.<\/li>\n<li>Mao Dzeduns teica, ka t\u0101 ir str\u0101dnieku \u0161\u0137ira, zemnieki, maz\u0101 un valsts bur\u017eu\u0101zija.<\/li>\n<li>T\u0101s pa\u0161as tautas tuv\u0101k\u0101 versija, kur\u0101 teikts, ka tiek prezent\u0113ts proletari\u0101ts, zemnieki, inteli\u0123ence un armija.<\/li>\n<\/ol>\n<h2 style=\"text-align: justify\">Citi karogi \u0136\u012bna<\/h2>\n<p style=\"text-align: justify\">\u0136TR, neskaitot t\u0101s galveno reljefu, nav ieskait\u012bjusi \u0161\u012bs divas \u012bpa\u0161\u0101s da\u013cas, kur\u0101m ir zin\u0101ma autonomija. \u0160is ir \u012bpa\u0161s administrat\u012bvais apgabals Honkong\u0101 un Makao.<\/p>\n<p style=\"text-align: justify\">Honkongas karogs &#8211; tas ir sarkans audums ar baltu ziedu, kuram ir 5 ziedlapi\u0146as. Katrs no tiem ir sarkana zvaigzne, kas simboliz\u0113 iedz\u012bvot\u0101ju m\u012blest\u012bbu pret vi\u0146a drup\u0101m. Zieds pats par sevi &#8211; vienot\u012bba Honkonga Un \u0136\u012bnas z\u012bme, novieto\u0161ana uz cietzemes.<\/p>\n<p style=\"text-align: justify\"><span itemprop=\"image\" itemscope itemtype=\"https:\/\/schema.org\/ImageObject\"><img itemprop=\"url image\" loading=\"lazy\" decoding=\"async\" class=\"alignnone size-full wp-image-3441\" src=\"\/wp-content\/uploads\/2021\/01\/flags-of-china_6.png\" width=\"500\" height=\"333\" alt=\"\u0136\u012bnas-6 karogs\" \/><meta itemprop=\"width\" content=\"500\"><meta itemprop=\"height\" content=\"333\"><\/span><\/p>\n<p style=\"text-align: justify\">Makao karogam ir za\u013ca kr\u0101sa, uz kuras ir att\u0113lots tilts, zem t\u0101 &#8211; \u016bdens, bet virs t\u0101 &#8211; lotoss, uz kura kar\u0101jas zvaigznes &#8211; \u010detras mazas un 5. &#8211; liela centr\u0101. Viss z\u012bm\u0113jums balts, un zvaigznes &#8211; zelts.<\/p>\n<p style=\"text-align: justify\"><span itemprop=\"image\" itemscope itemtype=\"https:\/\/schema.org\/ImageObject\"><img itemprop=\"url image\" loading=\"lazy\" decoding=\"async\" class=\"alignnone size-full wp-image-3442\" src=\"\/wp-content\/uploads\/2021\/01\/flags-of-china_7.png\" width=\"500\" height=\"333\" alt=\"\u0136\u012bnas-7 karogs\" \/><meta itemprop=\"width\" content=\"500\"><meta itemprop=\"height\" content=\"333\"><\/span><\/p>\n<p style=\"text-align: justify\">Personisk\u0101s z\u012bmes nav saskait\u012bju\u0161as \u0161o karasp\u0113ku un valsts armiju.<\/p>\n<p style=\"text-align: justify\">\u0136\u012bnas Tautas atbr\u012bvo\u0161anas armija pat\u0113r\u0113 valstij l\u012bdz\u012bgu karogu, kas at\u0161\u0137iras tikai ar to, ka uz t\u0101 ir tikai milz\u012bga zvaigzne, bet labaj\u0101 pus\u0113 ir cipari asto\u0146i un viens &#8211; saules dibin\u0101\u0161anas datums.<\/p>\n<p style=\"text-align: justify\"><span itemprop=\"image\" itemscope itemtype=\"https:\/\/schema.org\/ImageObject\"><img itemprop=\"url image\" loading=\"lazy\" decoding=\"async\" class=\"alignnone size-full wp-image-3443\" src=\"\/wp-content\/uploads\/2021\/01\/flags-of-china_8.png\" width=\"500\" height=\"400\" alt=\"\u0136\u012bnas-8 karogs\" \/><meta itemprop=\"width\" content=\"500\"><meta itemprop=\"height\" content=\"400\"><\/span><\/p>\n<p style=\"text-align: justify\">\u0136TR sauszemes armij\u0101m ir l\u012bdz\u012bgs simbols, ta\u010du kaklasaites apak\u0161\u0101 \u0161\u012b za\u013c\u0101 josla netiek skait\u012bta.<\/p>\n<p style=\"text-align: justify\"><span itemprop=\"image\" itemscope itemtype=\"https:\/\/schema.org\/ImageObject\"><img itemprop=\"url image\" loading=\"lazy\" decoding=\"async\" class=\"alignnone size-full wp-image-3444\" src=\"\/wp-content\/uploads\/2021\/01\/flags-of-china_9.png\" width=\"500\" height=\"400\" alt=\"\u0136\u012bnas-9 karogs\" \/><meta itemprop=\"width\" content=\"500\"><meta itemprop=\"height\" content=\"400\"><\/span><\/p>\n<p style=\"text-align: justify\">Josla uz gaisa sp\u0113ku karoga &#8211; zila.<\/p>\n<p style=\"text-align: justify\"><span itemprop=\"image\" itemscope itemtype=\"https:\/\/schema.org\/ImageObject\"><img itemprop=\"url image\" loading=\"lazy\" decoding=\"async\" class=\"alignnone size-full wp-image-3445\" src=\"\/wp-content\/uploads\/2021\/01\/flags-of-china_10.png\" width=\"500\" height=\"400\" alt=\"\u0136\u012bnas karogs-10\" \/><meta itemprop=\"width\" content=\"500\"><meta itemprop=\"height\" content=\"400\"><\/span><\/p>\n<p style=\"text-align: justify\">Navy \u0136TR izce\u013cas ar baltu sloks\u0146u kl\u0101tb\u016btni.<\/p>\n<p style=\"text-align: justify\"><span itemprop=\"image\" itemscope itemtype=\"https:\/\/schema.org\/ImageObject\"><img itemprop=\"url image\" loading=\"lazy\" decoding=\"async\" class=\"alignnone size-full wp-image-3446\" src=\"\/wp-content\/uploads\/2021\/01\/flags-of-china_11.png\" width=\"500\" height=\"400\" alt=\"\u0136\u012bnas karogs-11\" \/><meta itemprop=\"width\" content=\"500\"><meta itemprop=\"height\" content=\"400\"><\/span><\/p>\n<p style=\"text-align: justify\">M\u012blest\u012bba pret komunistisko partiju \u0136\u012bn\u0101 ir milz\u012bga, uz t\u0101s pamata var izsekot, neskaitot to simbolik\u0101, kas nemain\u0101s daudzu gadu garum\u0101.<\/p>\n<h2 style=\"text-align: justify\">Nespecializ\u0113ta inform\u0101cija par \u0136\u012bnu<\/h2>\n<table>\n<tbody>\n<tr style=\"text-align: justify\">\n<td>Ofici\u0101l\u0101 valoda<\/td>\n<td>\u0136\u012bnie\u0161u, k\u0101 ar\u012b citu \u0136\u012bnas tautu valodas autonomijas ietvaros<\/td>\n<\/tr>\n<tr style=\"text-align: justify\">\n<td>Kapit\u0101ls<\/td>\n<td>Pekina<\/td>\n<\/tr>\n<tr style=\"text-align: justify\">\n<td>Teritorija<\/td>\n<td>9 598 962 km2<\/td>\n<\/tr>\n<tr style=\"text-align: justify\">\n<td>Popul\u0101cija<\/td>\n<td>1 404 328 611 cilv\u0113ki<\/td>\n<\/tr>\n<tr style=\"text-align: justify\">\n<td>Val\u016bta<\/td>\n<td>\u0136\u012bnas jua\u0146a (CNY, kods 156)<\/td>\n<\/tr>\n<tr>\n<td style=\"text-align: justify\">Telefona kods<\/td>\n<td style=\"text-align: justify\">+86<\/td>\n<\/tr>\n<\/tbody>\n<\/table>\n","protected":false},"excerpt":{"rendered":"<p>Valsts milz\u012bgo iedz\u012bvot\u0101ju karogs netika \u0146emts, bet vi\u0146\u0161 m\u012bl cilv\u0113kus pie gadsimta. T\u0101tad m\u016bsdienu \u0136\u012bnas karogs izskat\u0101s: \u0136\u012bnas karogu v\u0113sture Ofici\u0101li pie\u0146emts divdesmit\u0101 gadsimta 20. gadu 2. pus\u0113&#8230;<\/p>\n","protected":false},"author":1,"featured_media":5867,"comment_status":"open","ping_status":"open","sticky":false,"template":"","format":"standard","meta":{"footnotes":""},"categories":[2],"tags":[],"class_list":["post-1582","post","type-post","status-publish","format-standard","has-post-thumbnail","","category-zijas-karogi"],"aioseo_notices":[],"_links":{"self":[{"href":"https:\/\/flags-world.com\/lv\/wp-json\/wp\/v2\/posts\/1582","targetHints":{"allow":["GET"]}}],"collection":[{"href":"https:\/\/flags-world.com\/lv\/wp-json\/wp\/v2\/posts"}],"about":[{"href":"https:\/\/flags-world.com\/lv\/wp-json\/wp\/v2\/types\/post"}],"author":[{"embeddable":true,"href":"https:\/\/flags-world.com\/lv\/wp-json\/wp\/v2\/users\/1"}],"replies":[{"embeddable":true,"href":"https:\/\/flags-world.com\/lv\/wp-json\/wp\/v2\/comments?post=1582"}],"version-history":[{"count":0,"href":"https:\/\/flags-world.com\/lv\/wp-json\/wp\/v2\/posts\/1582\/revisions"}],"wp:featuredmedia":[{"embeddable":true,"href":"https:\/\/flags-world.com\/lv\/wp-json\/wp\/v2\/media\/5867"}],"wp:attachment":[{"href":"https:\/\/flags-world.com\/lv\/wp-json\/wp\/v2\/media?parent=1582"}],"wp:term":[{"taxonomy":"category","embeddable":true,"href":"https:\/\/flags-world.com\/lv\/wp-json\/wp\/v2\/categories?post=1582"},{"taxonomy":"post_tag","embeddable":true,"href":"https:\/\/flags-world.com\/lv\/wp-json\/wp\/v2\/tags?post=1582"}],"curies":[{"name":"wp","href":"https:\/\/api.w.org\/{rel}","templated":true}]}}