{"id":1580,"date":"2021-01-04T17:18:13","date_gmt":"2021-01-04T14:18:13","guid":{"rendered":"https:\/\/flags-world.com\/lv\/2021\/01\/04\/kirgizstnas-karogs-nozme\/"},"modified":"2021-01-04T17:18:13","modified_gmt":"2021-01-04T14:18:13","slug":"kirgizstnas-karogs-nozme","status":"publish","type":"post","link":"https:\/\/flags-world.com\/lv\/kirgizstnas-karogs-nozme\/","title":{"rendered":"Kirgizst\u0101nas karogs: noz\u012bme"},"content":{"rendered":"<p style=\"text-align: justify\">Kirgizst\u0101nas karogs &#8211; valsts z\u012bme un lepnums. Pa\u0161vald\u012bbas identit\u0101te, cilv\u0113ku apz\u012bmogo\u0161ana un galvenie d\u0101rgumi &#8211; tas viss ir atspogu\u013cots galvenaj\u0101 ofici\u0101laj\u0101 z\u012bm\u0113. M\u0113s redz\u0113sim t\u0101s v\u0113sturi, t\u0113la v\u0113rt\u012bbas un da\u017eus labus faktus par uzman\u012bbu.<\/p>\n<p style=\"text-align: justify\">T\u0101tad m\u016bsdienu Kirgizst\u0101nas karogs izskat\u0101s:<\/p>\n<p style=\"text-align: justify\"><span itemprop=\"image\" itemscope itemtype=\"https:\/\/schema.org\/ImageObject\"><img itemprop=\"url image\" loading=\"lazy\" decoding=\"async\" class=\"alignnone size-full wp-image-3454\" src=\"\/wp-content\/uploads\/2021\/01\/flag-kyrgyzstan_4.png\" width=\"500\" height=\"300\" alt=\"Kirgizst\u0101nas karogs-1\" \/><meta itemprop=\"width\" content=\"500\"><meta itemprop=\"height\" content=\"300\"><\/span><\/p>\n<h2 style=\"text-align: justify\">Kirgizst\u0101nas v\u0113stures karogs<\/h2>\n<p style=\"text-align: justify\">Kirgizst\u0101nas person\u012bgais 1. karogs tika uz\u0146emts 1920. gadu beig\u0101s., Iepriek\u0161 vi\u0146i staig\u0101ja zem Turkest\u0101nas Republikas vietas.<\/p>\n<p style=\"text-align: justify\"><span itemprop=\"image\" itemscope itemtype=\"https:\/\/schema.org\/ImageObject\"><img itemprop=\"url image\" loading=\"lazy\" decoding=\"async\" class=\"alignnone size-full wp-image-3455\" src=\"\/wp-content\/uploads\/2021\/01\/flag-kyrgyzstan_1.png\" width=\"500\" height=\"248\" alt=\"Kirgizst\u0101nas karogs-2\" \/><meta itemprop=\"width\" content=\"500\"><meta itemprop=\"height\" content=\"248\"><\/span> <span itemprop=\"image\" itemscope itemtype=\"https:\/\/schema.org\/ImageObject\"><img itemprop=\"url image\" loading=\"lazy\" decoding=\"async\" class=\"alignnone size-full wp-image-3456\" src=\"\/wp-content\/uploads\/2021\/01\/flag-kyrgyzstan_2.png\" width=\"500\" height=\"250\" alt=\"Kirgizst\u0101nas karogs-3\" \/><meta itemprop=\"width\" content=\"500\"><meta itemprop=\"height\" content=\"250\"><\/span><\/p>\n<p style=\"text-align: justify\">Pirmais Kirgizst\u0101nas karogs bija krievu: sarkans burk\u0101ns ar sirpi un \u0101muru, uzraksti kirg\u012bzu un krievu valod\u0101, un s\u0101kum\u0101 Kirgizst\u0101nas versija tika rakst\u012bta ar lat\u012b\u0146u valodu (un uz Turkest\u0101nas Republikas karoga &#8211; ar\u0101bu valod\u0101 grafika), p\u0101reja uz krievu alfab\u0113tu notika v\u0113l\u0101k.<\/p>\n<p style=\"text-align: justify\"><span itemprop=\"image\" itemscope itemtype=\"https:\/\/schema.org\/ImageObject\"><img itemprop=\"url image\" loading=\"lazy\" decoding=\"async\" class=\"alignnone size-full wp-image-3457\" src=\"\/wp-content\/uploads\/2021\/01\/flag-kyrgyzstan_3.png\" width=\"500\" height=\"250\" alt=\"karogs Kirgizi-4\" \/><meta itemprop=\"width\" content=\"500\"><meta itemprop=\"height\" content=\"250\"><\/span><\/p>\n<p style=\"text-align: justify\">M\u016bsdienu karogam bija citi priek\u0161te\u010di &#8211; sarkan\u0101 kr\u0101sa, izcili uzraksti un balti zilu sv\u012btru kl\u0101tb\u016btne.<\/p>\n<p style=\"text-align: justify\"><span itemprop=\"image\" itemscope itemtype=\"https:\/\/schema.org\/ImageObject\"><img itemprop=\"url image\" loading=\"lazy\" decoding=\"async\" class=\"alignnone size-full wp-image-3458\" src=\"\/wp-content\/uploads\/2021\/01\/flag-kyrgyzstan_5.png\" width=\"500\" height=\"250\" alt=\"Kirgizst\u0101nas karogs-5\" \/><meta itemprop=\"width\" content=\"500\"><meta itemprop=\"height\" content=\"250\"><\/span> <span itemprop=\"image\" itemscope itemtype=\"https:\/\/schema.org\/ImageObject\"><img itemprop=\"url image\" loading=\"lazy\" decoding=\"async\" class=\"alignnone size-full wp-image-3459\" src=\"\/wp-content\/uploads\/2021\/01\/flag-kyrgyzstan_6.png\" width=\"500\" height=\"250\" alt=\"Kirgizst\u0101nas karogs-6\" \/><meta itemprop=\"width\" content=\"500\"><meta itemprop=\"height\" content=\"250\"><\/span><span itemprop=\"image\" itemscope itemtype=\"https:\/\/schema.org\/ImageObject\"><img itemprop=\"url image\" loading=\"lazy\" decoding=\"async\" class=\"alignnone size-full wp-image-3460\" src=\"\/wp-content\/uploads\/2021\/01\/flag-kyrgyzstan_7.png\" width=\"500\" height=\"250\" alt=\"Kirgizst\u0101nas karogs-7\" \/><meta itemprop=\"width\" content=\"500\"><meta itemprop=\"height\" content=\"250\"><\/span><\/p>\n<p style=\"text-align: justify\">Kirgizst\u0101nas Republikas karogs tika apstiprin\u0101ts 1992. gada 3. mart\u0101. Vi\u0146\u0161 vienu nakti tika \u0161\u016bts un dekor\u0113ts ar sietspiedes meistariem no dab\u012bga materi\u0101la un vismaz dienu apstiprin\u0101\u0161anas beig\u0101s tika pacelts virs Kirgizst\u0101nas vald\u012bbas nama (&quot;Balt\u0101 m\u0101ja&quot;).<\/p>\n<blockquote>\n<p style=\"text-align: justify\">Kirgizst\u0101nas pa\u0161vald\u012bbas karoga diena tiek svin\u0113ta no 2010.\u00a0gada marta.<\/p>\n<\/blockquote>\n<h2 style=\"text-align: justify\">Karoga apraksts<\/h2>\n<p style=\"text-align: justify\">Kirgizst\u0101nas valsts karogs &#8211; sarkans taisnst\u016brveida audums, centr\u0101 redzams saulains zelta kr\u0101sas disks un 40 stari no t\u0101, kas atrodas vien\u0101d\u0101 att\u0101lum\u0101 viens no otra. Saules disk\u0101 atrodas ugun\u012bgas kr\u0101sas tunduks &#8211; \u0137erme\u0146i, kas apgaismojumam ir ieguvu\u0161i laba Kirgizst\u0101nas m\u0101jok\u013ca-jurtas kupolu.<\/p>\n<p style=\"text-align: justify\">Tudyk &#8211; iek\u0161\u0113j\u0101s un apk\u0101rt\u0113j\u0101s pasaules komunik\u0101cijas simbols ir saist\u012bts ar pa\u0161tais\u012btu pavardu. Dizains ir koka loka r\u0101mis, izliekts krusteniski savienota \u0161\u0137\u0113rsstie\u0146a re\u017e\u0123is. Tudiks tur jurtas kupola dizainu un veido gudru d\u016bmu izvad\u012b\u0161anas vietu, ir gai\u0161s logs.<\/p>\n<h2 style=\"text-align: justify\">Kirgizst\u0101nas karoga kr\u0101sas<\/h2>\n<p style=\"text-align: justify\">Karogs kr\u0101sots sarkan\u0101 (sarkan\u0101) un dzelten\u0101 (zelta) kr\u0101s\u0101s.<\/p>\n<p style=\"text-align: justify\">Pane\u013cu kr\u0101sa var\u0113tu b\u016bt zila, lai atk\u0101ptos no PSRS simbolikas. Bet zil\u0101 kr\u0101sa republikas dienvidos tiek uzskat\u012bta par s\u0113ru. Liel\u0101k\u0101 da\u013ca balsojuma p\u0101r sarkano kr\u0101su bija komunisti, un valsts Epos &quot;Manas&quot; galvas drosminieks bija sarkans baneris, pamatojoties uz \u0161o kr\u0101su nemain\u012bj\u0101s.<\/p>\n<p style=\"text-align: justify\">&quot;Manas&quot; &#8211; piemineklis Kirgizst\u0101nas gar\u012bgumam, Manas varo\u0146a po\u0113tiskajiem varo\u0146darbiem, kur\u0161 vad\u012bja savu c\u012bn\u012bt\u0101ju kampa\u0146\u0101, piemineklis nomadu kirg\u012bzu tautas c\u012b\u0146ai par neatkar\u012bbu, tautas mor\u0101lo d\u0101rgumu cietoksnis. Epos ir iek\u013cauts Ginesa rekordu gr\u0101mat\u0101 k\u0101 liel\u0101kais pasaul\u0113.<\/p>\n<h3 style=\"text-align: justify\">Noz\u012bm\u0113 kr\u0101sas un karoga z\u012bme<\/h3>\n<ul style=\"text-align: justify\">\n<li>Sarkan\u0101 kr\u0101sa tiek uzskat\u012bta par st\u0101vokli, gandr\u012bz vienm\u0113r tiek cien\u012bta, t\u0101 tiek uzskat\u012bta par drosmes un drosmes z\u012bmi, pats v\u0101rds &quot;kirgizsts&quot;, kas tiek tulkots k\u0101 &quot;sarkans&quot;.<\/li>\n<li>Zelta kr\u0101sa ir saist\u012bta ar mieru un bag\u0101t\u012bbu.<\/li>\n<li>Saule nor\u0101da uz deg\u0161anas pretest\u012bbu, gaismu, koh\u0113ziju un viesm\u012bl\u012bbu. Kirgizst\u0101nas jurtas jumti atg\u0101dina sauli par t\u0101s dizainu.<\/li>\n<li>Iz\u0161\u0137\u012bsto\u0161ie stari-apvienoju\u0161ies 40 Ukrainas cil\u0161u popul\u0101cij\u0101.<\/li>\n<li>Tudyk &#8211; visuma kolekt\u012bvs t\u0113ls, k\u0101p\u0113c m\u0101jas un sava veida turpin\u0101jums, Ukrainas iedz\u012bvot\u0101ju vienot\u012bba, komunik\u0101cija Zeme un Saglab\u0101t. Personific\u0113 k\u013c\u016bdas sp\u0113ku un m\u016b\u017esen\u0101s likte\u0146a trad\u012bcijas.<\/li>\n<\/ul>\n<h2 style=\"text-align: justify\">Interesanti fakti par karogu:<\/h2>\n<ul style=\"text-align: justify\">\n<li>Karogu Kirgizst\u0101n\u0101 izmanto karogs Kirgizst\u0101n\u0101, ar valsts \u0123erbo\u0146a att\u0113lu, tas ir atrodams ministru, m\u0113ru, ier\u0113d\u0146u kabinetos. Tas tika \u0161\u016bts Turcij\u0101, un izgatavo\u0161ana maks\u0101ja 20 t\u016bksto\u0161us USD.<\/li>\n<li>Vair\u0101kas reizes tika ierosin\u0101ts simbolu main\u012bt: main\u012bt kr\u0101su (sarkans, kas saist\u012bts ar apv\u0113rsumiem un asinsizlie\u0161anu valst\u012b), main\u012bt tunduku uz j\u016bras bi\u0161u vai kalnu att\u0113la (z\u012bm\u0113jum\u0101 tunduks tika atrasta l\u012bdz\u012bba ar saulespu\u0137u, z\u012bme, ka nesp\u0113j c\u012bn\u012bties par savu neatkar\u012bbu no cilv\u0113ka).<\/li>\n<li>T\u0101 k\u0101 l\u012bdz ofici\u0101l\u0101s pievieno\u0161an\u0101s ANO datumam (1992. gada 1. martam) nebija laika apstiprin\u0101t t\u012bmek\u013ca skat\u012bjumu, Kirgizst\u0101na iek\u013cuva Asamblej\u0101 ar nepiecie\u0161amo Kirgizst\u0101nas PSR karogu \u0145ujork\u0101.<\/li>\n<li>Kirgizst\u0101nas karogs atz\u012bm\u0113ts net\u0101lu no dienvidu poliem\u00a0\u2014 Kirgizst\u0101nas students uzvar\u0113ja starptautisk\u0101s sacens\u012bb\u0101s ar balvas ce\u013cojumu uz Antarkt\u012bdu un iem\u016b\u017ein\u0101ja valsts simbolu uz nebeidzamu past\u0101v\u012bgo fona.<\/li>\n<li>Karogs-kl\u0101t atrib\u016bts automa\u0161\u012bnu numuri Kirgizst\u0101na.<\/li>\n<li>Agr\u0101ko laiku karoga izgatavo\u0161an\u0101 izmanto 1. veidne, kas izgatavota 90. gadu pirmaj\u0101 pus\u0113 un gs.<\/li>\n<li>Kirgizst\u0101nas karoga centr\u0101lais elements Tudiks, neskaitot to, ir att\u0113lots Kazahst\u0101nas un Kizilas \u0123erbon\u012b.<\/li>\n<li>Tehno karoga specifik\u0101cija tika apstiprin\u0101ta tikai sal\u012bdzino\u0161i ne tik sen, 25 gadus v\u0113l\u0101k, vi\u0146a apstiprin\u0101\u0161anas beig\u0101s, iepriek\u0161 tika noskaidrots milz\u012bgs skaits baneru modifik\u0101ciju ar at\u0161\u0137ir\u012bb\u0101m dizain\u0101 un dizain\u0101.<\/li>\n<\/ul>\n<blockquote>\n<p style=\"text-align: justify\">Kirgizst\u0101nas karogs tika uz\u0161\u016bts vienas nakts laik\u0101, tika veikts \u013coti daudz konfigur\u0101ciju. Bet vi\u0146\u0161 sp\u0113ja saglab\u0101t personisku simbolisku v\u0113st\u012bjumu cilv\u0113kiem. Ori\u0123in\u0101ls, iev\u0113rojams, kodol\u012bgs -takov m\u016bsdienu Kirgizst\u0101nas karogs.<\/p>\n<\/blockquote>\n<h2 style=\"text-align: justify\">Nespecializ\u0113ta inform\u0101cija par Kirgizst\u0101nu<\/h2>\n<table>\n<tbody>\n<tr style=\"text-align: justify\">\n<td>Ofici\u0101l\u0101 valoda<\/td>\n<td>Kirgizst\u0101nas \u2013 valsts krievu \u2013 ier\u0113dnis<\/td>\n<\/tr>\n<tr style=\"text-align: justify\">\n<td>Kapit\u0101ls<\/td>\n<td>Bi\u0161keka<\/td>\n<\/tr>\n<tr style=\"text-align: justify\">\n<td>Teritorija<\/td>\n<td>199 951 km2<\/td>\n<\/tr>\n<tr style=\"text-align: justify\">\n<td>Popul\u0101cija<\/td>\n<td>6 523 529 cilv\u0113ki<\/td>\n<\/tr>\n<tr style=\"text-align: justify\">\n<td>Val\u016bta<\/td>\n<td>Kirgizst\u0101nas COM, (KGS, kods 417)<\/td>\n<\/tr>\n<tr>\n<td style=\"text-align: justify\">Telefona kods<\/td>\n<td style=\"text-align: justify\">+996<\/td>\n<\/tr>\n<\/tbody>\n<\/table>\n","protected":false},"excerpt":{"rendered":"<p>Kirgizst\u0101nas karogs &#8211; valsts z\u012bme un lepnums. Pa\u0161vald\u012bbas identit\u0101te, cilv\u0113ku apz\u012bmogo\u0161ana un galvenie d\u0101rgumi &#8211; tas viss ir atspogu\u013cots galvenaj\u0101 ofici\u0101laj\u0101 z\u012bm\u0113. M\u0113s redz\u0113sim t\u0101s v\u0113sturi, t\u0113la v\u0113rt\u012bbas&#8230;<\/p>\n","protected":false},"author":1,"featured_media":5869,"comment_status":"open","ping_status":"open","sticky":false,"template":"","format":"standard","meta":{"footnotes":""},"categories":[2],"tags":[],"class_list":["post-1580","post","type-post","status-publish","format-standard","has-post-thumbnail","","category-zijas-karogi"],"aioseo_notices":[],"_links":{"self":[{"href":"https:\/\/flags-world.com\/lv\/wp-json\/wp\/v2\/posts\/1580","targetHints":{"allow":["GET"]}}],"collection":[{"href":"https:\/\/flags-world.com\/lv\/wp-json\/wp\/v2\/posts"}],"about":[{"href":"https:\/\/flags-world.com\/lv\/wp-json\/wp\/v2\/types\/post"}],"author":[{"embeddable":true,"href":"https:\/\/flags-world.com\/lv\/wp-json\/wp\/v2\/users\/1"}],"replies":[{"embeddable":true,"href":"https:\/\/flags-world.com\/lv\/wp-json\/wp\/v2\/comments?post=1580"}],"version-history":[{"count":0,"href":"https:\/\/flags-world.com\/lv\/wp-json\/wp\/v2\/posts\/1580\/revisions"}],"wp:featuredmedia":[{"embeddable":true,"href":"https:\/\/flags-world.com\/lv\/wp-json\/wp\/v2\/media\/5869"}],"wp:attachment":[{"href":"https:\/\/flags-world.com\/lv\/wp-json\/wp\/v2\/media?parent=1580"}],"wp:term":[{"taxonomy":"category","embeddable":true,"href":"https:\/\/flags-world.com\/lv\/wp-json\/wp\/v2\/categories?post=1580"},{"taxonomy":"post_tag","embeddable":true,"href":"https:\/\/flags-world.com\/lv\/wp-json\/wp\/v2\/tags?post=1580"}],"curies":[{"name":"wp","href":"https:\/\/api.w.org\/{rel}","templated":true}]}}