{"id":1579,"date":"2021-01-04T17:18:13","date_gmt":"2021-01-04T14:18:13","guid":{"rendered":"https:\/\/flags-world.com\/lv\/2021\/01\/04\/kipras-karogi-nozme-un-krsas\/"},"modified":"2021-01-04T17:18:13","modified_gmt":"2021-01-04T14:18:13","slug":"kipras-karogi-nozme-un-krsas","status":"publish","type":"post","link":"https:\/\/flags-world.com\/lv\/kipras-karogi-nozme-un-krsas\/","title":{"rendered":"Kipras karogi: noz\u012bme un kr\u0101sas"},"content":{"rendered":"<p style=\"text-align: justify\">Kipra ir salu vald\u012bba Vidusj\u016br\u0101. \u0122eogr\u0101fiski vi\u0146\u0161 pieder \u0100zijai un ar skaistu klimatu un att\u012bst\u012btu t\u016brismu, kas veido galveno IKP da\u013cu.<\/p>\n<p style=\"text-align: justify\">T\u0101tad Kipras karogs izskat\u0101s:<\/p>\n<p style=\"text-align: justify\"><span itemprop=\"image\" itemscope itemtype=\"https:\/\/schema.org\/ImageObject\"><img itemprop=\"url image\" loading=\"lazy\" decoding=\"async\" class=\"alignnone size-full wp-image-3462\" src=\"\/wp-content\/uploads\/2021\/01\/flags-of-cyprus_1.png\" width=\"500\" height=\"333\" alt=\"Kipras karogs-1\" \/><meta itemprop=\"width\" content=\"500\"><meta itemprop=\"height\" content=\"333\"><\/span><\/p>\n<h2 style=\"text-align: justify\">Kipras v\u0113stures karogi<\/h2>\n<p style=\"text-align: justify\">L\u012bdz 1960. gadiem Kipra bija Anglijas kolonija, pamatojoties uz \u0161o lietoto ang\u013cu karogu. Uz audekla bija att\u0113lotas 2 robe\u017elauvas no Ri\u010darda Lauvas Sirds \u0123erbo\u0146a.<\/p>\n<p style=\"text-align: justify\"><span itemprop=\"image\" itemscope itemtype=\"https:\/\/schema.org\/ImageObject\"><img itemprop=\"url image\" loading=\"lazy\" decoding=\"async\" class=\"alignnone size-full wp-image-3464\" src=\"\/wp-content\/uploads\/2021\/01\/flags-of-cyprus_2.png\" width=\"500\" height=\"333\" alt=\"Kipras karogs-2\" \/><meta itemprop=\"width\" content=\"500\"><meta itemprop=\"height\" content=\"333\"><\/span><\/p>\n<p style=\"text-align: justify\">Divdesmit\u0101 gadsimta 60. gadu pirmaj\u0101 pus\u0113, kad Anglij\u0101 tika pasludin\u0101ts neatkar\u012bbas pazi\u0146ojums, tika apstiprin\u0101ts br\u012bvais Kipras karogs. T\u012bmek\u013ca izstr\u0101de pieder\u0113ja viegl\u0101s skolas skolot\u0101jam. Vi\u0146a izk\u0101rtojuma versija ir k\u013cuvusi par br\u012bvo balsojumu.<\/p>\n<p style=\"text-align: justify\"><span itemprop=\"image\" itemscope itemtype=\"https:\/\/schema.org\/ImageObject\"><img itemprop=\"url image\" loading=\"lazy\" decoding=\"async\" class=\"alignnone size-full wp-image-3465\" src=\"\/wp-content\/uploads\/2021\/01\/flags-of-cyprus_3.png\" width=\"500\" height=\"300\" alt=\"Kipras karogs-3\" \/><meta itemprop=\"width\" content=\"500\"><meta itemprop=\"height\" content=\"300\"><\/span><\/p>\n<p style=\"text-align: justify\">Kop\u0161 t\u0101 laika valsts simbolikas izskat\u0101 rad\u0101s tikai nenoz\u012bm\u012bgas konfigur\u0101cijas.<\/p>\n<p style=\"text-align: justify\">Visa pussala vara kr\u0101s\u0101:<\/p>\n<p style=\"text-align: justify\"><span itemprop=\"image\" itemscope itemtype=\"https:\/\/schema.org\/ImageObject\"><img itemprop=\"url image\" loading=\"lazy\" decoding=\"async\" class=\"alignnone size-full wp-image-3466\" src=\"\/wp-content\/uploads\/2021\/01\/flags-of-cyprus_4.png\" width=\"500\" height=\"300\" alt=\"Kipras karogs-4\" \/><meta itemprop=\"width\" content=\"500\"><meta itemprop=\"height\" content=\"300\"><\/span><\/p>\n<p style=\"text-align: justify\">Salas silueta palielin\u0101\u0161an\u0101s un koka zaru mai\u0146a:<\/p>\n<p style=\"text-align: justify\"><span itemprop=\"image\" itemscope itemtype=\"https:\/\/schema.org\/ImageObject\"><img itemprop=\"url image\" loading=\"lazy\" decoding=\"async\" class=\"alignnone size-full wp-image-3467\" src=\"\/wp-content\/uploads\/2021\/01\/flags-of-cyprus_5.png\" width=\"500\" height=\"333\" alt=\"Kipras karogs-5\" \/><meta itemprop=\"width\" content=\"500\"><meta itemprop=\"height\" content=\"333\"><\/span><\/p>\n<p style=\"text-align: justify\">Ir projekts jaunam Kipras karogam. Tas sast\u0101v no 3 vesel\u0101m horizont\u0101l\u0101m zilas, sarkanas un vara kr\u0101sas sloksn\u0113m. Bet izmantot \u0161o iesp\u0113ju nav ofici\u0101li steig\u0101.<\/p>\n<p style=\"text-align: justify\"><span itemprop=\"image\" itemscope itemtype=\"https:\/\/schema.org\/ImageObject\"><img itemprop=\"url image\" loading=\"lazy\" decoding=\"async\" class=\"alignnone size-full wp-image-3468\" src=\"\/wp-content\/uploads\/2021\/01\/flags-of-cyprus_6.png\" width=\"500\" height=\"333\" alt=\"Kipras karogs-6\" \/><meta itemprop=\"width\" content=\"500\"><meta itemprop=\"height\" content=\"333\"><\/span><\/p>\n<h2 style=\"text-align: justify\">Apraksts<\/h2>\n<p style=\"text-align: justify\">Karogs Tur ir taisnst\u016brveida balts taisnst\u016bris ar salas siluetu un 2 ol\u012bvu zariem. Valsts kont\u016bras s\u0101kum\u0101 bija pamestas, bet p\u0113d\u0113j\u0101 br\u012bd\u012b izl\u0113ma par to glezno\u0161anu.<\/p>\n<h2 style=\"text-align: justify\">Kr\u0101so Kipras karogus<\/h2>\n<p style=\"text-align: justify\">Audekla galven\u0101 kr\u0101sa ir balta, ar ol\u012bvu zariem uz t\u0101s &#8211; za\u013ca, bet pati pussala &#8211; smiltis vai var\u0161 (da\u017e\u0101dos avotos kr\u0101sa tiek apz\u012bm\u0113ta at\u0161\u0137ir\u012bgi).<\/p>\n<blockquote>\n<p style=\"text-align: justify\">Rito\u0161\u0101 un zil\u0101 kr\u0101sa uz audekla nav der\u012bga: t\u0101s tiek r\u0101d\u012btas noteikt\u0101 valst\u012b\u00a0\u2014 Grie\u0137ij\u0101 vai Turcij\u0101. Un karogam vajadz\u0113tu b\u016bt \u0161\u012bm 2 valst\u012bm, lai t\u0101s savienotu, nevis izceltu da\u017eas no t\u0101m.<\/p>\n<\/blockquote>\n<h2 style=\"text-align: justify\">Noz\u012bm\u0113 kr\u0101sas un karoga z\u012bme<\/h2>\n<p style=\"text-align: justify\">Simbolisms ir piln\u012bb\u0101 saist\u012bts ar Kipras noplicin\u0101to v\u0113sturi.<\/p>\n<ul style=\"text-align: justify\">\n<li>Uz audekla domin\u0113 balt\u0101 kr\u0101sa. T\u0101 ir pa\u0161apzi\u0146a un miera personifik\u0101cija valst\u012b.<\/li>\n<li>Vara kr\u0101sa run\u0101 par bag\u0101t\u012bg\u0101m vara nogulsn\u0113m. Kipr\u0101 tas tika atrasts pirms ZA. Saska\u0146\u0101 ar vienu no min\u0113jumiem pussalas personv\u0101rds tika pie\u0146emts par godu \u0161\u012b \u0137\u012bmisk\u0101 elementa lat\u012b\u0146u nosaukumam &#8211; Cuprum.<\/li>\n<li>Divi ol\u012bvu zari ir divi galvenie cilv\u0113ki, kas apdz\u012bvo pussalu: Kipras grie\u0137i un Kipras turki. Vi\u0146u lietas ne vienm\u0113r bija stabilas, bet zari l\u016bdzas, lai vi\u0146i var\u0113tu pie\u0146emt kompanjonu draugam.<\/li>\n<\/ul>\n<h2 style=\"text-align: justify\">Interesanti fakti par karogu<\/h2>\n<ul style=\"text-align: justify\">\n<li>Kipras karogs &#8211; gandr\u012bz vien\u012bgais karogs pasaul\u0113, uz kura redzamas valsts kont\u016bras.<\/li>\n<li>Kipras pilso\u0146iem ir ties\u012bbas peld\u0113ties ne tikai zem savas valsts karoga, bet ar\u012b ar Turcijas vai Grie\u0137ijas karogu. V\u0113l\u0101k probl\u0113mu neb\u016bs.<\/li>\n<\/ul>\n<h2 style=\"text-align: justify\">Nespecializ\u0113ta inform\u0101cija par Kipru<\/h2>\n<table>\n<tbody>\n<tr>\n<td>Ofici\u0101l\u0101 valoda<\/td>\n<td>Grie\u0137u un turku<\/td>\n<\/tr>\n<tr>\n<td>Kapit\u0101ls<\/td>\n<td>Dienvidu Nikosija<\/td>\n<\/tr>\n<tr>\n<td>Teritorija<\/td>\n<td>9251 km2<\/td>\n<\/tr>\n<tr>\n<td>Popul\u0101cija<\/td>\n<td>1\u00a0266\u00a0676 cilv\u0113ki<\/td>\n<\/tr>\n<tr>\n<td>Val\u016bta<\/td>\n<td>eiro (EUR, kods 978); Kipras m\u0101rci\u0146a (CYP, kods 196) (l\u012bdz 2008.\u00a0gadam)<\/td>\n<\/tr>\n<tr>\n<td>Telefona kods<\/td>\n<td>+357<\/td>\n<\/tr>\n<\/tbody>\n<\/table>\n","protected":false},"excerpt":{"rendered":"<p>Kipra ir salu vald\u012bba Vidusj\u016br\u0101. \u0122eogr\u0101fiski vi\u0146\u0161 pieder \u0100zijai un ar skaistu klimatu un att\u012bst\u012btu t\u016brismu, kas veido galveno IKP da\u013cu. T\u0101tad Kipras karogs izskat\u0101s: Kipras v\u0113stures karogi&#8230;<\/p>\n","protected":false},"author":1,"featured_media":5868,"comment_status":"open","ping_status":"open","sticky":false,"template":"","format":"standard","meta":{"footnotes":""},"categories":[2],"tags":[],"class_list":["post-1579","post","type-post","status-publish","format-standard","has-post-thumbnail","","category-zijas-karogi"],"aioseo_notices":[],"_links":{"self":[{"href":"https:\/\/flags-world.com\/lv\/wp-json\/wp\/v2\/posts\/1579","targetHints":{"allow":["GET"]}}],"collection":[{"href":"https:\/\/flags-world.com\/lv\/wp-json\/wp\/v2\/posts"}],"about":[{"href":"https:\/\/flags-world.com\/lv\/wp-json\/wp\/v2\/types\/post"}],"author":[{"embeddable":true,"href":"https:\/\/flags-world.com\/lv\/wp-json\/wp\/v2\/users\/1"}],"replies":[{"embeddable":true,"href":"https:\/\/flags-world.com\/lv\/wp-json\/wp\/v2\/comments?post=1579"}],"version-history":[{"count":0,"href":"https:\/\/flags-world.com\/lv\/wp-json\/wp\/v2\/posts\/1579\/revisions"}],"wp:featuredmedia":[{"embeddable":true,"href":"https:\/\/flags-world.com\/lv\/wp-json\/wp\/v2\/media\/5868"}],"wp:attachment":[{"href":"https:\/\/flags-world.com\/lv\/wp-json\/wp\/v2\/media?parent=1579"}],"wp:term":[{"taxonomy":"category","embeddable":true,"href":"https:\/\/flags-world.com\/lv\/wp-json\/wp\/v2\/categories?post=1579"},{"taxonomy":"post_tag","embeddable":true,"href":"https:\/\/flags-world.com\/lv\/wp-json\/wp\/v2\/tags?post=1579"}],"curies":[{"name":"wp","href":"https:\/\/api.w.org\/{rel}","templated":true}]}}