{"id":1576,"date":"2021-01-04T17:18:13","date_gmt":"2021-01-04T14:18:13","guid":{"rendered":"https:\/\/flags-world.com\/lv\/2021\/01\/04\/kataras-karogs-krsas-un-nozme\/"},"modified":"2021-01-04T17:18:13","modified_gmt":"2021-01-04T14:18:13","slug":"kataras-karogs-krsas-un-nozme","status":"publish","type":"post","link":"https:\/\/flags-world.com\/lv\/kataras-karogs-krsas-un-nozme\/","title":{"rendered":"Kataras karogs: kr\u0101sas un noz\u012bme"},"content":{"rendered":"<p style=\"text-align: justify\">Katara &#8211; Isl\u0101ma Emir\u0101ts. Galven\u0101 teritorija sast\u0101v no tuksne\u0161a o\u0101zes ar malehankih. Ne\u0146emot v\u0113r\u0101 nabadz\u012bgo faunu un past\u0101v\u012bgo nepiecie\u0161am\u012bbu p\u0113c dzeram\u0101 \u016bdens, Katara tiek uzskat\u012bta par bag\u0101tu valsti uz atbilsto\u0161u resursu r\u0113\u0137ina.<\/p>\n<p style=\"text-align: justify\">T\u0101tad izskat\u0101s m\u016bsdien\u012bgs Kataras karogs:<\/p>\n<p style=\"text-align: justify\"><span itemprop=\"image\" itemscope itemtype=\"https:\/\/schema.org\/ImageObject\"><img itemprop=\"url image\" loading=\"lazy\" decoding=\"async\" class=\"alignnone size-full wp-image-3483\" src=\"\/wp-content\/uploads\/2021\/01\/flag-of-qatar_1.png\" width=\"500\" height=\"196\" alt=\"katars-1 karogs\" \/><meta itemprop=\"width\" content=\"500\"><meta itemprop=\"height\" content=\"196\"><\/span><\/p>\n<h2 style=\"text-align: justify\">Kataras v\u0113stures karogs<\/h2>\n<p style=\"text-align: justify\">Pirm\u0101 Kataras karoga versija, kas par\u0101d\u012bj\u0101s 1916. gad\u0101, tika veikta sarkanbalt\u0101 dizain\u0101.<\/p>\n<p style=\"text-align: justify\"><span itemprop=\"image\" itemscope itemtype=\"https:\/\/schema.org\/ImageObject\"><img itemprop=\"url image\" loading=\"lazy\" decoding=\"async\" class=\"alignnone size-full wp-image-3484\" src=\"\/wp-content\/uploads\/2021\/01\/flag-of-qatar_3.png\" width=\"500\" height=\"250\" alt=\"katars-2 karogs\" \/><meta itemprop=\"width\" content=\"500\"><meta itemprop=\"height\" content=\"250\"><\/span><\/p>\n<p style=\"text-align: justify\">Sp\u0113c\u012bg\u0101s saules d\u0113\u013c sarkan\u0101 kr\u0101sa tika past\u0101v\u012bgi apglab\u0101ta un k\u013cuva par Karimu, pamatojoties uz to, divdesmit\u0101 gadsimta 30. gadu 2. pus\u0113 sarkan\u0101 kr\u0101sa tika main\u012bta uz tum\u0161\u0101ku. Turkl\u0101t karogam bija Vsemija uzraksts &quot;Katara&quot; ar\u0101bu valod\u0101.<\/p>\n<p style=\"text-align: justify\"><span itemprop=\"image\" itemscope itemtype=\"https:\/\/schema.org\/ImageObject\"><img itemprop=\"url image\" loading=\"lazy\" decoding=\"async\" class=\"alignnone size-full wp-image-3485\" src=\"\/wp-content\/uploads\/2021\/01\/flag-of-qatar_2.png\" width=\"500\" height=\"187\" alt=\"Kataras karogs-3\" \/><meta itemprop=\"width\" content=\"500\"><meta itemprop=\"height\" content=\"187\"><\/span><\/p>\n<p style=\"text-align: justify\">20.\u00a0gadsimta 40.\u00a0gadu otraj\u0101 pus\u0113 par\u0101d\u012bj\u0101s jaunais Kataras karogs, ta\u010du tas tika apstiprin\u0101ts divdesmit\u0101 gadsimta 70.\u00a0gadu pirmaj\u0101 pus\u0113.<\/p>\n<blockquote>\n<p style=\"text-align: justify\">Karoga jaun\u0101k\u0101s versijas pie\u0146em\u0161ana veicin\u0101ja valsts atbr\u012bvo\u0161anu no Anglijas protektor\u0101ta un neatkar\u012bbas.<\/p>\n<\/blockquote>\n<h2 style=\"text-align: justify\">Apraksts<\/h2>\n<p style=\"text-align: justify\">Kataras karogs ir taisnst\u016brveida sarkans audums. Tam ir plata balta l\u012bnija ar 9 zobiem. Zobu skaits nav tikai \u0161\u0101ds: simboliz\u0113 Persijas l\u012b\u010da dev\u012bto vald\u012bbu. Katara k\u013cuva par vi\u0146iem lomas beig\u0101s &quot;Emir\u0101tu samierin\u0101\u0161an\u0101s laik\u0101&quot; un parakstot l\u012bgumu ar Lielbrit\u0101niju.<\/p>\n<h2 style=\"text-align: justify\">Kataras kr\u0101su karogs<\/h2>\n<p style=\"text-align: justify\">Ofici\u0101l\u0101 z\u012bme 2 kr\u0101sas &#8211; sarkana un balta. Vi\u0146i saspieda karoga laukumu nel\u012bdzenaj\u0101s da\u013c\u0101s: Balt\u0101 &#8211; 2 reizes maz\u0101k.<\/p>\n<h2 style=\"text-align: justify\">Rakstz\u012bmju un karoga kr\u0101su noz\u012bme<\/h2>\n<p style=\"text-align: justify\">Kr\u0101su reakcija:<\/p>\n<ol style=\"text-align: justify\">\n<li>Maroon un sarkans gandr\u012bz vienm\u0113r ir heraldikas simboliz\u0113 asinis. Atskan aicin\u0101jums atg\u0101din\u0101t par cilv\u0113kiem, kuru dz\u012bv\u012bbas ir dotas kara laik\u0101.<\/li>\n<li>Balts &#8211; ir miers un harmonija. Vi\u0146\u0161 saka, ka vi\u0146u pa\u0161u cilv\u0113kiem nav sliktu nodomu un sola, ka viss b\u016bs lieliski.<\/li>\n<\/ol>\n<h2 style=\"text-align: justify\">Interesanti fakti par karogu<\/h2>\n<ul style=\"text-align: justify\">\n<li>T\u012bmek\u013ca platums ir daudzk\u0101rt liel\u0101ks par t\u0101 augstumu. \u0160is ir garais un \u0161aurais karogs visu \u0161tatu vid\u016b. Periodiski izmantojiet standarta proporciju, bet ne publiskos pas\u0101kumos.<\/li>\n<li>Kataras karogs ir \u013coti l\u012bdz\u012bgs Bahreinas karogam\u00a0\u2014 valsts, kas atrodas kaimi\u0146os. At\u0161\u0137iras viens no otra tikai ar to kr\u0101su skaitu un fona kr\u0101su &#8211; sarkanu un sarkanu.<\/li>\n<\/ul>\n<h2 style=\"text-align: justify\">Specializ\u0113ta inform\u0101cija par Kataru<\/h2>\n<table>\n<tbody>\n<tr style=\"text-align: justify\">\n<td>Ofici\u0101l\u0101 valoda<\/td>\n<td>ar\u0101bs<\/td>\n<\/tr>\n<tr style=\"text-align: justify\">\n<td>Kapit\u0101ls<\/td>\n<td>Doha<\/td>\n<\/tr>\n<tr style=\"text-align: justify\">\n<td>Teritorija<\/td>\n<td>11 586 km2<\/td>\n<\/tr>\n<tr style=\"text-align: justify\">\n<td>Popul\u0101cija<\/td>\n<td>2\u00a0638\u00a0657 cilv\u0113ki<\/td>\n<\/tr>\n<tr style=\"text-align: justify\">\n<td>Val\u016bta<\/td>\n<td>Kataras ri\u0101ls (QAR)<\/td>\n<\/tr>\n<tr>\n<td style=\"text-align: justify\">Telefona kods<\/td>\n<td style=\"text-align: justify\">+3<\/td>\n<\/tr>\n<\/tbody>\n<\/table>\n","protected":false},"excerpt":{"rendered":"<p>Katara &#8211; Isl\u0101ma Emir\u0101ts. Galven\u0101 teritorija sast\u0101v no tuksne\u0161a o\u0101zes ar malehankih. Ne\u0146emot v\u0113r\u0101 nabadz\u012bgo faunu un past\u0101v\u012bgo nepiecie\u0161am\u012bbu p\u0113c dzeram\u0101 \u016bdens, Katara tiek uzskat\u012bta par bag\u0101tu valsti&#8230;<\/p>\n","protected":false},"author":1,"featured_media":5864,"comment_status":"open","ping_status":"open","sticky":false,"template":"","format":"standard","meta":{"footnotes":""},"categories":[2],"tags":[],"class_list":["post-1576","post","type-post","status-publish","format-standard","has-post-thumbnail","","category-zijas-karogi"],"aioseo_notices":[],"_links":{"self":[{"href":"https:\/\/flags-world.com\/lv\/wp-json\/wp\/v2\/posts\/1576","targetHints":{"allow":["GET"]}}],"collection":[{"href":"https:\/\/flags-world.com\/lv\/wp-json\/wp\/v2\/posts"}],"about":[{"href":"https:\/\/flags-world.com\/lv\/wp-json\/wp\/v2\/types\/post"}],"author":[{"embeddable":true,"href":"https:\/\/flags-world.com\/lv\/wp-json\/wp\/v2\/users\/1"}],"replies":[{"embeddable":true,"href":"https:\/\/flags-world.com\/lv\/wp-json\/wp\/v2\/comments?post=1576"}],"version-history":[{"count":0,"href":"https:\/\/flags-world.com\/lv\/wp-json\/wp\/v2\/posts\/1576\/revisions"}],"wp:featuredmedia":[{"embeddable":true,"href":"https:\/\/flags-world.com\/lv\/wp-json\/wp\/v2\/media\/5864"}],"wp:attachment":[{"href":"https:\/\/flags-world.com\/lv\/wp-json\/wp\/v2\/media?parent=1576"}],"wp:term":[{"taxonomy":"category","embeddable":true,"href":"https:\/\/flags-world.com\/lv\/wp-json\/wp\/v2\/categories?post=1576"},{"taxonomy":"post_tag","embeddable":true,"href":"https:\/\/flags-world.com\/lv\/wp-json\/wp\/v2\/tags?post=1576"}],"curies":[{"name":"wp","href":"https:\/\/api.w.org\/{rel}","templated":true}]}}