{"id":1575,"date":"2021-01-04T17:18:13","date_gmt":"2021-01-04T14:18:13","guid":{"rendered":"https:\/\/flags-world.com\/lv\/2021\/01\/04\/kanriju-salu-karogs-nozme-un-attls\/"},"modified":"2021-01-04T17:18:13","modified_gmt":"2021-01-04T14:18:13","slug":"kanriju-salu-karogs-nozme-un-attls","status":"publish","type":"post","link":"https:\/\/flags-world.com\/lv\/kanriju-salu-karogs-nozme-un-attls\/","title":{"rendered":"Kan\u0101riju salu karogs: noz\u012bme un att\u0113ls"},"content":{"rendered":"<p style=\"text-align: justify\">Kan\u0101riju salas\u00a0\u2014 arhipel\u0101gs, kur\u0101 ir septi\u0146as salas, atrodas net\u0101lu no Marokas un Rietumsah\u0101ras zieme\u013crietumu piekrastes josl\u0101m. \u0160\u012bs teritorijas pieder Sp\u0101nijai un t\u0101m ir br\u012bvas sabiedr\u012bbas statuss.<\/p>\n<p style=\"text-align: justify\">T\u0101tad m\u016bsdienu Kan\u0101riju salu karogs izskat\u0101s:<\/p>\n<p style=\"text-align: justify\"><span itemprop=\"image\" itemscope itemtype=\"https:\/\/schema.org\/ImageObject\"><img itemprop=\"url image\" loading=\"lazy\" decoding=\"async\" class=\"alignnone  wp-image-3487\" src=\"\/wp-content\/uploads\/2021\/01\/flag-of-the-canary-islands_4.png\" width=\"500\" height=\"333\" alt=\"Kan\u0101riju salu karogs-1\" \/><meta itemprop=\"width\" content=\"500\"><meta itemprop=\"height\" content=\"333\"><\/span><\/p>\n<h2 style=\"text-align: justify\">Kan\u0101riju salu v\u0113stures karogs<\/h2>\n<p style=\"text-align: justify\">Nosaukums c\u0113lies no lat\u012b\u0146u valodas Canaria Insulae (&quot;Su\u0146u salas&quot;), kas ir saist\u012bts ar ne mazo skaitu savva\u013cas gabalu, ko atkl\u0101j\u0113ji atradu\u0161i arhipel\u0101g\u0101.<\/p>\n<p style=\"text-align: justify\">Pamatojoties uz to, ka eiropie\u0161i apmekl\u0113ja arhipel\u0101gu \u010detrpadsmitaj\u0101 gadsimt\u0101 un l\u012bdz 15. gadsimta beig\u0101m, \u0161ie apvidi piln\u012bb\u0101 sagr\u0101ba sp\u0101\u0146us, ne\u0146emot v\u0113r\u0101 faktu, ka agr\u0101k vi\u0146iem bija fran\u010du, portug\u0101\u013cu person\u012bg\u0101s sugas. Kan\u0101riju salas v\u0113l\u0101k c\u012bn\u012bj\u0101s ar cit\u0101m valst\u012bm, ta\u010du Sp\u0101nija sp\u0113ja saglab\u0101t savu kontroli p\u0101r t\u0101m.<\/p>\n<p style=\"text-align: justify\">1927. gad\u0101 Kan\u0101riju salu nacion\u0101listu partija (Partido Nacionalista Canario) p\u0113c salu skaita ofici\u0101li pie\u0146\u0113ma person\u012bgo z\u012bmi &#8211; zilu audumu ar septi\u0146\u0101m BeloTowet zvaigzn\u0113m uz t\u0101s, kuras izvieto\u0161anas k\u0101rt\u012bba bija l\u012bdz\u012bga to atra\u0161an\u0101s vieta oke\u0101n\u0101.<\/p>\n<p style=\"text-align: justify\"><span itemprop=\"image\" itemscope itemtype=\"https:\/\/schema.org\/ImageObject\"><img itemprop=\"url image\" loading=\"lazy\" decoding=\"async\" class=\"alignnone size-full wp-image-3489\" src=\"\/wp-content\/uploads\/2021\/01\/flag-of-the-canary-islands_1.png\" width=\"500\" height=\"333\" alt=\"Kan\u0101riju salu karogs-2\" \/><meta itemprop=\"width\" content=\"500\"><meta itemprop=\"height\" content=\"333\"><\/span><\/p>\n<p style=\"text-align: justify\">1961. gad\u0101 kust\u012bbas &quot;Free Canara&quot; (Canarias libre) uzvar\u0113t\u0101ji izdom\u0101ja jaunu z\u012bmi &#8211; zili balti dzeltenu karogu. Bet 20. gadsimta 60. gadu pirmaj\u0101 pus\u0113 kust\u012bba par br\u012bv\u0101s Kan\u0101riju salu biedr\u012bbas (MPAIAC) neatkar\u012bbu main\u012bja zilo kr\u0101su uz gai\u0161i zilu ar zvaigzn\u0113m apl\u012b.<\/p>\n<p style=\"text-align: justify\"><span itemprop=\"image\" itemscope itemtype=\"https:\/\/schema.org\/ImageObject\"><img itemprop=\"url image\" loading=\"lazy\" decoding=\"async\" class=\"alignnone size-full wp-image-3490\" src=\"\/wp-content\/uploads\/2021\/01\/flag-of-the-canary-islands_2.png\" width=\"500\" height=\"237\" alt=\"Kan\u0101riju salu karogs-3\" \/><meta itemprop=\"width\" content=\"500\"><meta itemprop=\"height\" content=\"237\"><\/span><\/p>\n<p style=\"text-align: justify\">Kan\u0101riju salu Br\u012bv\u0101s biedr\u012bbas z\u012bme tika ofici\u0101li apstiprin\u0101ta 1982. gada august\u0101 balti-zili-dzeltenu vertik\u0101lu joslu veid\u0101, kas 1989. gada apr\u012bl\u012b nemain\u012bj\u0101s \u2013 l\u012bdz\u0161in\u0113jai simbolikai tika pievienota Kan\u0101riju salu embl\u0113ma.<\/p>\n<p style=\"text-align: justify\"><span itemprop=\"image\" itemscope itemtype=\"https:\/\/schema.org\/ImageObject\"><img itemprop=\"url image\" loading=\"lazy\" decoding=\"async\" class=\"alignnone size-full wp-image-3491\" src=\"\/wp-content\/uploads\/2021\/01\/flag-of-the-canary-islands_3.png\" width=\"500\" height=\"333\" alt=\"Kan\u0101riju salu karogs-4\" \/><meta itemprop=\"width\" content=\"500\"><meta itemprop=\"height\" content=\"333\"><\/span><\/p>\n<h2 style=\"text-align: justify\">Apraksts<\/h2>\n<p style=\"text-align: justify\">Kan\u0101riju salu Br\u012bv\u0101s biedr\u012bbas pa\u0161vald\u012bbas karogs ir tr\u012bskr\u0101su balti zili dzeltens audums no vienveid\u012bg\u0101m vertik\u0101l\u0101m sv\u012btr\u0101m. Centr\u0101laj\u0101 da\u013c\u0101 ir att\u0113lots Kan\u0101riju salu \u0123erbonis &#8211; vairogs, uz kura atrodas septi\u0146as balt\u0101s kr\u0101sas salas, un Sp\u0101nijas kronis steidzas p\u0101ri vairogam, run\u0101jot par Sp\u0101nijas karalistes aksesu\u0101riem. Virs vainaga ir uzraksts Oceano, kas liecina par \u0123eogr\u0101fisko st\u0101vokli: Atlantijas oke\u0101ns. Vairogs atbalsta br\u016bnos su\u0146us pa kreisi un pa labi.<\/p>\n<blockquote>\n<p style=\"text-align: justify\">Pane\u013ca platums un garuma attiec\u012bba ir 2 pret 3. Katras joslas platums ir vien\u0101ds ar vienu tre\u0161da\u013cu no karoga garuma.<\/p>\n<\/blockquote>\n<h2 style=\"text-align: justify\">Kan\u0101riju salu kr\u0101su karogs<\/h2>\n<p style=\"text-align: justify\">Kan\u0101riju salu z\u012bm\u0113 Septi\u0146as kr\u0101sas. Pa kreisi (no koka) pa labi: baltas, zilas, dzeltenas vertik\u0101las sv\u012btras. P\u0101r\u0113j\u0101s \u010detras kr\u0101sas &#8211; br\u016bna, melna, sarkana, pel\u0113ka, to vid\u016b un balta, ir saist\u012btas ar \u0123erboni.<\/p>\n<h2 style=\"text-align: justify\">Noz\u012bme kr\u0101so Kan\u0101riju salu karogu<\/h2>\n<p style=\"text-align: justify\">Jebkur\u0161 ofici\u0101ls Kan\u0101riju salu karoga kr\u0101su skaidrojums. Tikai tum\u0161i zil\u0101 un balt\u0101 kr\u0101sa daudzus gadsimtus bija noteico\u0161\u0101. Tenerife. Zilais tika identific\u0113ts ar j\u016bru, bet balts ar virsotn\u0113m, kuras bija kl\u0101tas Tadeidas kalna ziemas period\u0101.<\/p>\n<blockquote>\n<p style=\"text-align: justify\">Nespecializ\u0113tais valsts simbols tiek izmantots uz vis\u0101m sal\u0101m, ta\u010du vismaz da\u017e\u0101m no t\u0101m ir ar\u012b person\u012bgais karogs.<\/p>\n<\/blockquote>\n<h2 style=\"text-align: justify\">Specializ\u0113ta inform\u0101cija par Kan\u0101riju sal\u0101m<\/h2>\n<table>\n<tbody>\n<tr style=\"text-align: justify\">\n<td>Ofici\u0101l\u0101 valoda<\/td>\n<td>sp\u0101\u0146u valoda<\/td>\n<\/tr>\n<tr style=\"text-align: justify\">\n<td>Kapit\u0101ls<\/td>\n<td>Santakrusa de Tenerife un Laspalmasa (ik p\u0113c 4 gadiem galvaspils\u0113ta p\u0101rc\u0113l\u0101s)<\/td>\n<\/tr>\n<tr style=\"text-align: justify\">\n<td>Teritorija<\/td>\n<td>7447 km2<\/td>\n<\/tr>\n<tr style=\"text-align: justify\">\n<td>Popul\u0101cija<\/td>\n<td>2 127 685 cilv\u0113ki<\/td>\n<\/tr>\n<tr style=\"text-align: justify\">\n<td>Val\u016bta<\/td>\n<td>eiro<\/td>\n<\/tr>\n<tr>\n<td style=\"text-align: justify\">Telefona kods<\/td>\n<td style=\"text-align: justify\">+3428<\/td>\n<\/tr>\n<\/tbody>\n<\/table>\n","protected":false},"excerpt":{"rendered":"<p>Kan\u0101riju salas\u00a0\u2014 arhipel\u0101gs, kur\u0101 ir septi\u0146as salas, atrodas net\u0101lu no Marokas un Rietumsah\u0101ras zieme\u013crietumu piekrastes josl\u0101m. \u0160\u012bs teritorijas pieder Sp\u0101nijai un t\u0101m ir br\u012bvas sabiedr\u012bbas statuss. T\u0101tad m\u016bsdienu&#8230;<\/p>\n","protected":false},"author":1,"featured_media":5861,"comment_status":"open","ping_status":"open","sticky":false,"template":"","format":"standard","meta":{"footnotes":""},"categories":[5],"tags":[],"class_list":["post-1575","post","type-post","status-publish","format-standard","has-post-thumbnail","","category-frikas-valstu-karogi"],"aioseo_notices":[],"_links":{"self":[{"href":"https:\/\/flags-world.com\/lv\/wp-json\/wp\/v2\/posts\/1575","targetHints":{"allow":["GET"]}}],"collection":[{"href":"https:\/\/flags-world.com\/lv\/wp-json\/wp\/v2\/posts"}],"about":[{"href":"https:\/\/flags-world.com\/lv\/wp-json\/wp\/v2\/types\/post"}],"author":[{"embeddable":true,"href":"https:\/\/flags-world.com\/lv\/wp-json\/wp\/v2\/users\/1"}],"replies":[{"embeddable":true,"href":"https:\/\/flags-world.com\/lv\/wp-json\/wp\/v2\/comments?post=1575"}],"version-history":[{"count":0,"href":"https:\/\/flags-world.com\/lv\/wp-json\/wp\/v2\/posts\/1575\/revisions"}],"wp:featuredmedia":[{"embeddable":true,"href":"https:\/\/flags-world.com\/lv\/wp-json\/wp\/v2\/media\/5861"}],"wp:attachment":[{"href":"https:\/\/flags-world.com\/lv\/wp-json\/wp\/v2\/media?parent=1575"}],"wp:term":[{"taxonomy":"category","embeddable":true,"href":"https:\/\/flags-world.com\/lv\/wp-json\/wp\/v2\/categories?post=1575"},{"taxonomy":"post_tag","embeddable":true,"href":"https:\/\/flags-world.com\/lv\/wp-json\/wp\/v2\/tags?post=1575"}],"curies":[{"name":"wp","href":"https:\/\/api.w.org\/{rel}","templated":true}]}}