{"id":1574,"date":"2021-01-04T17:18:13","date_gmt":"2021-01-04T14:18:13","guid":{"rendered":"https:\/\/flags-world.com\/lv\/2021\/01\/04\/kandas-karogs-nozme-un-krsas\/"},"modified":"2021-01-04T17:18:13","modified_gmt":"2021-01-04T14:18:13","slug":"kandas-karogs-nozme-un-krsas","status":"publish","type":"post","link":"https:\/\/flags-world.com\/lv\/kandas-karogs-nozme-un-krsas\/","title":{"rendered":"Kan\u0101das karogs: noz\u012bme un kr\u0101sas"},"content":{"rendered":"<p style=\"text-align: justify\">Kan\u0101da &#8211; Augst\u0101k\u0101 pasaules vald\u012bba, k\u0101zas Dienvidamerikas kontinent\u0101laj\u0101 da\u013c\u0101. Aiz\u0146emt\u0101s teritorijas lielum\u0101 tas ir zem\u0101ks par \u010dempion\u0101ta plaukstu tikai RF. \u0160\u012b ir aizraujo\u0161a nevain\u012bgas dabas un m\u016bsdienu pils\u0113tas likte\u0146a simbioze.<\/p>\n<p style=\"text-align: justify\">T\u0101tad m\u016bsdienu Kan\u0101das karogs izskat\u0101s:<\/p>\n<p style=\"text-align: justify\"><span itemprop=\"image\" itemscope itemtype=\"https:\/\/schema.org\/ImageObject\"><img itemprop=\"url image\" loading=\"lazy\" decoding=\"async\" class=\"alignnone size-full wp-image-3493\" src=\"\/wp-content\/uploads\/2021\/01\/flag-of-canada_3.png\" width=\"500\" height=\"250\" alt=\"Kan\u0101das karogs-1\" \/><meta itemprop=\"width\" content=\"500\"><meta itemprop=\"height\" content=\"250\"><\/span><\/p>\n<h2 style=\"text-align: justify\">Kan\u0101das v\u0113stures karogs<\/h2>\n<p style=\"text-align: justify\">Kan\u0101dai ir \u013coti aizraujo\u0161a karoga v\u0113sture: tas ir ilgsto\u0161u diskusiju un str\u012bdu rezult\u0101ts. L\u012bdz 1965. gadam past\u0101v\u0113ja nemain\u012bga konfigur\u0101cija t\u0101s \u0101r\u0113j\u0101 form\u0101 Francijas Anglijas koloniju un teritoriju antagonisma d\u0113\u013c.<\/p>\n<ul style=\"text-align: justify\">\n<li>Pirm\u0101 audekla versija \u0161\u0137ita piecpadsmit\u0101 gadsimta beig\u0101s. \u0160\u016b\u0161ana un mu\u013c\u0137\u012bbas D\u017eons Kapets uzst\u0101d\u012bja uz sava ku\u0123a k\u0101 ang\u013cu krustu. D\u017eohors. Atpaz\u012bstams it\u0101lis str\u0101d\u0101ja j\u016brniec\u012bbas darb\u0101 pie britu.<\/li>\n<li>Tas pras\u012bs divus l\u012bdz desmit gadus, un Francijas tiesas tiks at\u0161\u0137irtas pirms Kan\u0101das. Kreisaj\u0101 krast\u0101 vi\u0146\u0161 pace\u013c karogu ar lilij\u0101m, kas simboliz\u0113 Franciju.<\/li>\n<li>Saska\u0146\u0101 ar ilgsto\u0161as \u200b\u200bc\u012b\u0146as rezult\u0101tiem starp 2 vado\u0161aj\u0101m valst\u012bm Anglijas padom\u0113 ietilpst Kan\u0101da. XVIII gadsimta 30. gadu otraj\u0101 pus\u0113 valsts ofici\u0101lais karogs b\u016bs nosauktais &quot;Union Jack&quot; &#8211; Anglijas pa\u0161vald\u012bbas karogs.<\/li>\n<li>Devi\u0146padsmit\u0101 gadsimta 60. gadu otraj\u0101 pus\u0113 sadal\u012bt\u0101s Kan\u0101das provinces apvienosies. Izmekl\u0113\u0161an\u0101 \u0161\u0137it\u012bs nepiecie\u0161am\u012bba izveidot pa\u0161vald\u012bbas karogu. Bet ilgu laiku \u0161is jaut\u0101jums netika atrisin\u0101ts: valsts iedz\u012bvot\u0101ji bija \u013coti nepaklaus\u012bgi un daudznacion\u0101li. Aptuveni v\u0101j\u0101kajos gados iedz\u012bvot\u0101ji izmantoja Lielbrit\u0101nijas Sarkan\u0101 karoga koloni\u0101lo versiju.<\/li>\n<li>20. gadsimta 40. gadu 2. pus\u0113 diskusij\u0101 tika \u012bstenota \u0161\u0101da valsts simbolikas versija: dzelten\u0101 k\u013cavas lapa rodas Kan\u0101das \u0123erbo\u0146a viet\u0101. Bet \u0161is teikums noraid\u012bja lidojumu.<\/li>\n<li>Atbilde Kan\u0101das premjerministram Lesteram P\u012brsonam. Bet tas izn\u0101ca tikai divdesmit\u0101 gadsimta 60. gadu otraj\u0101 pus\u0113. 40 dienu laik\u0101 parlament\u0101 spraigi str\u012bdi par sava banera nepiecie\u0161am\u012bbu. V\u0113l\u0101k t\u0101s tiks d\u0113v\u0113tas par gar\u0101kaj\u0101m debat\u0113m valsts v\u0113stur\u0113. Galu gal\u0101, galu gal\u0101, non\u0101ca pie lieliskas atbildes, kop\u0161 t\u0101 laika Kan\u0101d\u0101, parast\u0101 audekla versija.<\/li>\n<\/ul>\n<p style=\"text-align: justify\">2018. gada oktobr\u012b valst\u012b tika at\u013cauts tirgot ka\u0146epju s\u0113klas. Sabiedr\u012bb\u0101 \u0161\u012b zi\u0146a guva milz\u012bgu rezonansi; neskaitot to pag\u0101ja baumas par jauna karoga ievie\u0161anu. Tipo k\u013cavas lapas viet\u0101 vajadz\u0113tu \u0161\u0137ist marihu\u0101nas lapai. Bet ofici\u0101lu apstiprin\u0101jumu par to nebija.<\/p>\n<h2 style=\"text-align: justify\">Apraksts<\/h2>\n<p style=\"text-align: justify\">Pane\u013ca nacion\u0101lais nosaukums &#8211; &quot;Kan\u0101das valsts karogs&quot;, neofici\u0101ls, &quot;k\u013cavas lapa&quot;, c\u0113lies no britu valodas. Fran\u010du valod\u0101 tas tiek izrun\u0101ts k\u0101 &quot;Vienots.&quot;<\/p>\n<ul style=\"text-align: justify\">\n<li>Karogs ir taisnst\u016brveida audums ar kvadr\u0101tu centr\u0101. T\u0101s garums ir divreiz liel\u0101ks par platumu.<\/li>\n<li>Balt\u0101 att\u0113l\u0101 redzama sarkana k\u013cavas lapa ar vienpadsmit apdari. Vi\u0146\u0161 apz\u012bm\u0113 milz\u012bgu skaitu otro k\u013cavas lapu.<\/li>\n<li>Audumam ir divpus\u0113ja simetrija; Kan\u0101das z\u012bmes priek\u0161puse un auto puse ir simtprocent\u012bgi l\u012bdz\u012bga.<\/li>\n<\/ul>\n<h2 style=\"text-align: justify\">Karoga kr\u0101sas<\/h2>\n<p style=\"text-align: justify\">M\u016bsdienu valsts karogs ir sarkana k\u013cavas lapa uz balta fona, kas ier\u0101m\u0113ta ar sarkan\u0101m sv\u012btr\u0101m ap mal\u0101m.<\/p>\n<p style=\"text-align: justify\">S\u0101kum\u0101 uz rekl\u0101mkaroga tika pl\u0101nots att\u0113lot tr\u012bs koka lapas, bet galu gal\u0101 tika atst\u0101ta viena, lai atkal pie\u0161\u0137irtu visu kan\u0101die\u0161u vienot\u012bbu.<\/p>\n<h2 style=\"text-align: justify\">Noz\u012bm\u0113 kr\u0101su karogs Kan\u0101da<\/h2>\n<p style=\"text-align: justify\">Zin\u0101tniska karoga kr\u0101su interpret\u0101cija nepast\u0101v, ta\u010du ir p\u0101ris neofici\u0101li min\u0113jumi.<\/p>\n<p style=\"text-align: justify\">Sarkan\u0101 un balt\u0101 &#8211; Kan\u0101das apstiprin\u0101t\u0101s kr\u0101sas, kas saist\u012btas ar valsts v\u0113sturi.<\/p>\n<ol style=\"text-align: justify\">\n<li>Sarkans &#8211; Pirm\u0101 Lielbrit\u0101nijas karoga piemin\u0113\u0161ana &#8211; Sv\u0113t\u0101 D\u017eohora krusts.<\/li>\n<li>Balts &#8211; liliju fran\u010du kro\u0146a simbols.<\/li>\n<\/ol>\n<p style=\"text-align: justify\">Kr\u0101su apz\u012bm\u0113juma otr\u0101 interpret\u0101cija:<\/p>\n<ol style=\"text-align: justify\">\n<li>Sarkan\u0101s sv\u012btras neko nesauc galv\u0101 par izlietaj\u0101m Kan\u0101das c\u012bn\u012bt\u0101ja asin\u012bm, kas deva vi\u0146u likteni pirm\u0101 un otr\u0101 glob\u0101l\u0101 kara laik\u0101.<\/li>\n<li>Baltais centrs\u00a0\u2014 Kan\u0101das zeme, sniegota iespaid\u012bg\u0101 da\u013ca.<\/li>\n<\/ol>\n<p style=\"text-align: justify\">K\u0101ds ir p\u0101rliecin\u0101ts, ka sarkan\u0101s sv\u012btras ap mal\u0101m ir nosac\u012bts 2 oke\u0101nu att\u0113ls &#8211; kluss un Atlantijas oke\u0101ns. No 2. puses vi\u0146i mazg\u0101 valsti. Nav br\u012bnums, ka Kan\u0101das \u0161tata moto k\u013cuva par fr\u0101zi: no j\u016bras un uz j\u016bru.<\/p>\n<p style=\"text-align: justify\">Attiec\u012bb\u0101 uz att\u0113lu uz k\u013cavas lapas audekla ir vesela le\u0123enda. Toreiz, toreiz, kad princis Velss s\u0101kuma laik\u0101 viesoj\u0101s Kan\u0101d\u0101, iedz\u012bvot\u0101ji pie vi\u0146a ierad\u0101s ar lab\u0101m savas tautas z\u012bm\u0113m: briti nesa rozes, skoti bija dadzis. Tikai jaunajai kan\u0101die\u0161u paaudzei nebija ko pa\u0146emt l\u012bdzi, pamatojoties uz to, vi\u0146i gatavoj\u0101s izv\u0113l\u0113ties par labu k\u013cavu lap\u0101m.<\/p>\n<p style=\"text-align: justify\">\u0160obr\u012bd lapas kl\u0101tb\u016btne uz karoga tiek uzskat\u012bta par di\u017eenumu un skaistuma simbolu.<\/p>\n<p style=\"text-align: justify\"><span itemprop=\"image\" itemscope itemtype=\"https:\/\/schema.org\/ImageObject\"><img itemprop=\"url image\" loading=\"lazy\" decoding=\"async\" class=\"alignnone size-full wp-image-3495\" src=\"\/wp-content\/uploads\/2021\/01\/flag-of-canada_1.png\" alt=\"Kan\u0101das karogs-2\" width=\"250\" height=\"500\" \/><meta itemprop=\"width\" content=\"250\"><meta itemprop=\"height\" content=\"500\"><\/span><\/p>\n<h2 style=\"text-align: justify\">Interesanti fakti par karogu<\/h2>\n<ul style=\"text-align: justify\">\n<li>K\u013cavas lapas apdares numurs un sec\u012bba tika izv\u0113l\u0113ta nejau\u0161i, un pieredzes beig\u0101s aerodinamiskaj\u0101 caurul\u0113. Vi\u0146\u0161 par\u0101d\u012bja, ka stipra v\u0113ja parametros tie\u0161i \u0161\u0101ds z\u012bm\u0113jums b\u016bs maz\u0101k izkrop\u013cots.<\/li>\n<li>Kan\u0101d\u0101 ir neofici\u0101ls regul\u0113jums, kas dr\u012bkst griezt kaut k\u0101du karogu, bet ne visi to iev\u0113ro.<\/li>\n<li>Ja audekls ir vertik\u0101ls, k\u013cavas lapas kotletes j\u0101atst\u0101j pa labi.<\/li>\n<li>1867. gada karoga paraugs piedal\u0101s svin\u012bg\u0101s ceremonij\u0101s, kas saist\u012btas ar v\u0113sturiskiem notikumiem. Tas ir valsts atmi\u0146as un pag\u0101tnes paaud\u017eu cie\u0146as simbols.<\/li>\n<\/ul>\n<p style=\"text-align: justify\"><span itemprop=\"image\" itemscope itemtype=\"https:\/\/schema.org\/ImageObject\"><img itemprop=\"url image\" loading=\"lazy\" decoding=\"async\" class=\"alignnone size-full wp-image-3496\" src=\"\/wp-content\/uploads\/2021\/01\/flag-of-canada_4.png\" width=\"500\" height=\"250\" alt=\"Kan\u0101das karogs-3\" \/><meta itemprop=\"width\" content=\"500\"><meta itemprop=\"height\" content=\"250\"><\/span><\/p>\n<ul style=\"text-align: justify\">\n<li>XX gadsimta 20. gadu pirmaj\u0101 pus\u0113 tika main\u012bts un papildin\u0101ts \u0123erbonis, taj\u0101 pa\u0161\u0101 gad\u0101 notika karoga mai\u0146a. Vec\u0101 \u0123erbo\u0146a att\u0113ls, kur\u0101 iek\u013cauts 9 provin\u010du \u0123erbonis, tika aizst\u0101ts ar piecda\u013c\u012bgo vairogu, kas \u0161obr\u012bd ir neliela Kan\u0101das embl\u0113ma.<\/li>\n<\/ul>\n<p style=\"text-align: justify\"><span itemprop=\"image\" itemscope itemtype=\"https:\/\/schema.org\/ImageObject\"><img itemprop=\"url image\" loading=\"lazy\" decoding=\"async\" class=\"alignnone size-full wp-image-3497\" src=\"\/wp-content\/uploads\/2021\/01\/flag-of-canada_2.png\" width=\"500\" height=\"250\" alt=\"Kan\u0101das karogs-4\" \/><meta itemprop=\"width\" content=\"500\"><meta itemprop=\"height\" content=\"250\"><\/span><\/p>\n<ul style=\"text-align: justify\">\n<li>Rekl\u0101mkaroga ofici\u0101l\u0101 versija tika pie\u0146emta 1965.\u00a0gad\u0101: s\u0101kotn\u0113ji tas tika pacelts parlamenta k\u013c\u016bdas d\u0113\u013c. Bet, lai atz\u012bm\u0113tu Valsts karoga dienas, t\u0101s k\u013cuva iev\u0113rojami v\u0113l\u0101kas: spogul\u012b 1996. gada 15. febru\u0101ris. Reizi gad\u0101 sv\u0113t\u0101 datum\u0101 p\u0101rdod un izce\u013c da\u017e\u0101das k\u013cavu lapas. T\u0101s nav br\u012bvas dienas, bet bez at\u0161\u0137ir\u012bbas valsts sv\u0113tkos ar daudz svin\u012bgu pas\u0101kumu.<\/li>\n<li>2011. gad\u0101 Kan\u0101das Kult\u016bras mantojuma ministrija izdod uzzi\u0146u gr\u0101matu &quot;Eti\u0137etes karogs.&ldquo;Padomi valsts z\u012bmes pareizai lieto\u0161anai taj\u0101 ir ieteikums.<\/li>\n<li>Piecdesmit gadu vecaj\u0101 Kan\u0101d\u0101 pierakst\u012b\u0161an\u0101s gadadien\u0101 tika atz\u012bm\u0113ta jubilejas z\u012bmolu un mon\u0113tu izlai\u0161ana.<\/li>\n<\/ul>\n<p style=\"text-align: justify\">\u0160obr\u012bd Kan\u0101das karoga t\u0113ls ir k\u013cuvis tik ierasts, ka, neskaitot \u0161o, nav viegli iedom\u0101ties, ka reiz var\u0113tu b\u016bt otrs. \u0160\u0137iet, ka uz audekla ir att\u0113lota pati Kan\u0101das tautas dv\u0113sele.<\/p>\n<h2 style=\"text-align: justify\">Nespecializ\u0113ta inform\u0101cija par Kan\u0101du<\/h2>\n<table>\n<tbody>\n<tr style=\"text-align: justify\">\n<td>Ofici\u0101l\u0101 valoda<\/td>\n<td>ang\u013cu, fran\u010du<\/td>\n<\/tr>\n<tr style=\"text-align: justify\">\n<td>Kapit\u0101ls<\/td>\n<td>Otava<\/td>\n<\/tr>\n<tr style=\"text-align: justify\">\n<td>Teritorija<\/td>\n<td>9 984 670 km2<\/td>\n<\/tr>\n<tr style=\"text-align: justify\">\n<td>Popul\u0101cija<\/td>\n<td>37 602 103 cilv\u0113ki<\/td>\n<\/tr>\n<tr style=\"text-align: justify\">\n<td>Val\u016bta<\/td>\n<td>Kan\u0101das dol\u0101rs (CAD, kods 124)<\/td>\n<\/tr>\n<tr>\n<td style=\"text-align: justify\">Telefona kods<\/td>\n<td style=\"text-align: justify\">+1<\/td>\n<\/tr>\n<\/tbody>\n<\/table>\n","protected":false},"excerpt":{"rendered":"<p>Kan\u0101da &#8211; Augst\u0101k\u0101 pasaules vald\u012bba, k\u0101zas Dienvidamerikas kontinent\u0101laj\u0101 da\u013c\u0101. Aiz\u0146emt\u0101s teritorijas lielum\u0101 tas ir zem\u0101ks par \u010dempion\u0101ta plaukstu tikai RF. \u0160\u012b ir aizraujo\u0161a nevain\u012bgas dabas un m\u016bsdienu pils\u0113tas&#8230;<\/p>\n","protected":false},"author":1,"featured_media":5860,"comment_status":"open","ping_status":"open","sticky":false,"template":"","format":"standard","meta":{"footnotes":""},"categories":[6],"tags":[],"class_list":["post-1574","post","type-post","status-publish","format-standard","has-post-thumbnail","","category-ziemeamerikas-karogi"],"aioseo_notices":[],"_links":{"self":[{"href":"https:\/\/flags-world.com\/lv\/wp-json\/wp\/v2\/posts\/1574","targetHints":{"allow":["GET"]}}],"collection":[{"href":"https:\/\/flags-world.com\/lv\/wp-json\/wp\/v2\/posts"}],"about":[{"href":"https:\/\/flags-world.com\/lv\/wp-json\/wp\/v2\/types\/post"}],"author":[{"embeddable":true,"href":"https:\/\/flags-world.com\/lv\/wp-json\/wp\/v2\/users\/1"}],"replies":[{"embeddable":true,"href":"https:\/\/flags-world.com\/lv\/wp-json\/wp\/v2\/comments?post=1574"}],"version-history":[{"count":0,"href":"https:\/\/flags-world.com\/lv\/wp-json\/wp\/v2\/posts\/1574\/revisions"}],"wp:featuredmedia":[{"embeddable":true,"href":"https:\/\/flags-world.com\/lv\/wp-json\/wp\/v2\/media\/5860"}],"wp:attachment":[{"href":"https:\/\/flags-world.com\/lv\/wp-json\/wp\/v2\/media?parent=1574"}],"wp:term":[{"taxonomy":"category","embeddable":true,"href":"https:\/\/flags-world.com\/lv\/wp-json\/wp\/v2\/categories?post=1574"},{"taxonomy":"post_tag","embeddable":true,"href":"https:\/\/flags-world.com\/lv\/wp-json\/wp\/v2\/tags?post=1574"}],"curies":[{"name":"wp","href":"https:\/\/api.w.org\/{rel}","templated":true}]}}