{"id":1573,"date":"2021-01-04T17:18:13","date_gmt":"2021-01-04T14:18:13","guid":{"rendered":"https:\/\/flags-world.com\/lv\/2021\/01\/04\/kamernas-karogs-nozme-un-krsas\/"},"modified":"2021-01-04T17:18:13","modified_gmt":"2021-01-04T14:18:13","slug":"kamernas-karogs-nozme-un-krsas","status":"publish","type":"post","link":"https:\/\/flags-world.com\/lv\/kamernas-karogs-nozme-un-krsas\/","title":{"rendered":"Kamer\u016bnas karogs: noz\u012bme un kr\u0101sas"},"content":{"rendered":"<p style=\"text-align: justify\">Kamer\u016bnas Republika ir vald\u012bba Centr\u0101l\u0101frik\u0101, kuras atkl\u0101jumi 15. gadsimta beig\u0101s bija Portug\u0101les Gl\u0101b\u0113js. No \u0161\u012b br\u012b\u017ea tiek skait\u012bti 1. iedz\u012bvot\u0101ju kontakti ar eiropie\u0161iem. Valsts nosaukums c\u0113lies no Rio Dos Camarao (portug\u0101\u013cu valod\u0101 &quot;River Shrimp&quot;).<\/p>\n<p style=\"text-align: justify\">T\u0101tad m\u016bsdienu Kamer\u016bnas karogs izskat\u0101s:<\/p>\n<p style=\"text-align: justify\"><span itemprop=\"image\" itemscope itemtype=\"https:\/\/schema.org\/ImageObject\"><img itemprop=\"url image\" loading=\"lazy\" decoding=\"async\" class=\"alignnone size-full wp-image-3500\" src=\"\/wp-content\/uploads\/2021\/01\/flag-of-cameroon_1.png\" width=\"500\" height=\"333\" alt=\"Kamer\u016bnas karogs-1\" \/><meta itemprop=\"width\" content=\"500\"><meta itemprop=\"height\" content=\"333\"><\/span><\/p>\n<h2 style=\"text-align: justify\">Kamer\u016bnas v\u0113stures karogs<\/h2>\n<p style=\"text-align: justify\">Kamer\u016bna kop\u0161 19. gadsimta beig\u0101m un turpm\u0101k l\u012bdz 1916. gadam bija V\u0101cijas kolonija. L\u012bdz 1914. gadam teritoriju p\u0101rvald\u012bja V\u0101cijas Rietum\u0101frikas komp\u0101nija. Vi\u0146a izmantoja person\u012bgo karogu balta auduma form\u0101 ar sarkanu krustu un melna piek\u016bna att\u0113lu centr\u0101, kas novietots dzelten\u0101 apl\u012b. Taisnst\u016bros starp krusta kariem uz balta fona tika uzlikti 1. lielkn\u0101bji uz\u0146\u0113muma &#8211; Dwag.<\/p>\n<p style=\"text-align: justify\"><span itemprop=\"image\" itemscope itemtype=\"https:\/\/schema.org\/ImageObject\"><img itemprop=\"url image\" loading=\"lazy\" decoding=\"async\" class=\"alignnone size-full wp-image-3501\" src=\"\/wp-content\/uploads\/2021\/01\/flag-of-cameroon_2.png\" width=\"500\" height=\"302\" alt=\"Kamer\u016bnas karogs-2\" \/><meta itemprop=\"width\" content=\"500\"><meta itemprop=\"height\" content=\"302\"><\/span><\/p>\n<p style=\"text-align: justify\">Pirm\u0101s pasaules s\u0101kuma gad\u0101 tika izveidots jauna karoga projekts, kas tika nosaukts &#8211; Kamer\u016bnas protektor\u0101ta karogs. Bija pl\u0101nots att\u0113lot sudraba zilo\u0146a galvu uz sarkan\u0101s kr\u0101sas vairoga fona, un tas viss uz nespecializ\u0113ta v\u0101cu z\u012bmes melnbaltsarkan\u0101 fona.<\/p>\n<p style=\"text-align: justify\"><span itemprop=\"image\" itemscope itemtype=\"https:\/\/schema.org\/ImageObject\"><img itemprop=\"url image\" loading=\"lazy\" decoding=\"async\" class=\"alignnone size-full wp-image-3502\" src=\"\/wp-content\/uploads\/2021\/01\/flag-of-cameroon_3.png\" width=\"500\" height=\"333\" alt=\"Kamer\u016bnas karogs-3\" \/><meta itemprop=\"width\" content=\"500\"><meta itemprop=\"height\" content=\"333\"><\/span><\/p>\n<p style=\"text-align: justify\">Bet tas neizn\u0101ca, jo saska\u0146\u0101 ar glob\u0101l\u0101 kara rezult\u0101tiem teritorija tika sadal\u012bta starp Apvienoto Karalisti un Franciju. Kamer\u016bnas pa\u0161as karogu ne 1., ne 2. da\u013ca nav at\u0146\u0113musi, neskatoties uz to, ka ang\u013cu da\u013cai bija vienk\u0101r\u0161a versija, ko izmantoja vis\u0101m aizj\u016bras teritorij\u0101m.<\/p>\n<p style=\"text-align: justify\"><span itemprop=\"image\" itemscope itemtype=\"https:\/\/schema.org\/ImageObject\"><img itemprop=\"url image\" loading=\"lazy\" decoding=\"async\" class=\"alignnone size-full wp-image-3503\" src=\"\/wp-content\/uploads\/2021\/01\/flag-of-cameroon_4.png\" width=\"500\" height=\"250\" alt=\"Kamer\u016bnas karogs-4\" \/><meta itemprop=\"width\" content=\"500\"><meta itemprop=\"height\" content=\"250\"><\/span><\/p>\n<p style=\"text-align: justify\">2.\u00a0gada beig\u0101s 20.\u00a0gadsimta 60.\u00a0gadu pirmaj\u0101 pus\u0113 pieauga glob\u0101l\u0101 nacion\u0101l\u0101 atbr\u012bvo\u0161an\u0101s kust\u012bba, Kamer\u016bna k\u013cuva br\u012bva. Bet v\u0113l agr\u0101k Francijas da\u013ca p\u0101r\u0146\u0113ma autonomiju un kop\u0101 ar to 20. gadsimta 50. gadu 2. pus\u0113 apstiprin\u0101to karoga 1. paraugu. Vi\u0146\u0161 sast\u0101v\u0113ja no trim vien\u0101d\u0101m vertik\u0101l\u0101m sv\u012btr\u0101m &#8211; za\u013cas, kr\u0101sas un dzeltensarkanas.<\/p>\n<p style=\"text-align: justify\"><span itemprop=\"image\" itemscope itemtype=\"https:\/\/schema.org\/ImageObject\"><img itemprop=\"url image\" loading=\"lazy\" decoding=\"async\" class=\"alignnone size-full wp-image-3504\" src=\"\/wp-content\/uploads\/2021\/01\/flag-of-cameroon_6.png\" width=\"500\" height=\"333\" alt=\"Kamer\u016bnas karogs-5\" \/><meta itemprop=\"width\" content=\"500\"><meta itemprop=\"height\" content=\"333\"><\/span><\/p>\n<p style=\"text-align: justify\">20. gadsimta 60. gadu pirmaj\u0101 pus\u0113 tika pan\u0101kta savien\u012bba ar Kamer\u016bnas britu da\u013cu, un valsts k\u013cuva feder\u0101la. Pamatojoties uz to, tika apstiprin\u0101ta jauna z\u012bme &#8211; vecs audums ar 2 zvaigzn\u0113m t\u0101s za\u013caj\u0101 pus\u0113. \u0160\u0101da veida z\u012bmes past\u0101v\u0113ja l\u012bdz 1975. gadam, ne\u0146emot v\u0113r\u0101 faktu, ka divdesmit\u0101 gadsimta 70. gadu pirmaj\u0101 pus\u0113 Kamer\u016bnas Federat\u012bv\u0101 Republika tika p\u0101rd\u0113v\u0113ta par Kamer\u016bnas Apvienoto Republiku.<\/p>\n<p style=\"text-align: justify\"><span itemprop=\"image\" itemscope itemtype=\"https:\/\/schema.org\/ImageObject\"><img itemprop=\"url image\" loading=\"lazy\" decoding=\"async\" class=\"alignnone size-full wp-image-3505\" src=\"\/wp-content\/uploads\/2021\/01\/flag-of-cameroon_7.png\" width=\"500\" height=\"333\" alt=\"Kamer\u016bnas karogs-6\" \/><meta itemprop=\"width\" content=\"500\"><meta itemprop=\"height\" content=\"333\"><\/span><\/p>\n<p style=\"text-align: justify\">\u0160obr\u012bd valsts z\u012bmes akt\u012bv\u0101 versija \u0161\u0137ita 1975. gada maij\u0101, jo to vair\u0101k vai dr\u012bz\u0101k raksturo jaunais nosaukums &#8211; Kamer\u016bnas Apvienot\u0101 Republika. Kop\u0161 1984. gada vald\u012bba s\u0101ka atsaukties uz Republiku.<\/p>\n<p style=\"text-align: justify\"><span itemprop=\"image\" itemscope itemtype=\"https:\/\/schema.org\/ImageObject\"><img itemprop=\"url image\" loading=\"lazy\" decoding=\"async\" class=\"alignnone size-full wp-image-3506\" src=\"\/wp-content\/uploads\/2021\/01\/flag-of-cameroon_5.png\" width=\"500\" height=\"333\" alt=\"Kamer\u016bnas karogs-7\" \/><meta itemprop=\"width\" content=\"500\"><meta itemprop=\"height\" content=\"333\"><\/span><\/p>\n<h2 style=\"text-align: justify\">Apraksts<\/h2>\n<p style=\"text-align: justify\">Sloks\u0146u mai\u0146a uz Kamer\u016bnas karoga Pomo-Mu, atk\u0101rtojiet fran\u010du tr\u012bskr\u0101sas versiju. Uzz\u012bm\u0113ta standarta taisnst\u016bra forma ar s\u0101nu attiec\u012bb\u0101m &#8211; platums pret garumu no 2 l\u012bdz 3. Tas sast\u0101v no 3\u00a0vienkr\u0101sas platuma josl\u0101m, kas atrodas vertik\u0101li. No koka otrie v\u0101rdi pa kreisi, lai pa labi, seko sv\u012btr\u0101m: za\u013ca, sarkana un dzeltena. Tie\u0161i karoga centr\u0101, sarkan\u0101s joslas vid\u016b, att\u0113lota dzeltena piecstaru zvaigzne.<\/p>\n<blockquote>\n<p style=\"text-align: justify\">Satversm\u0113 par republikas z\u012bmi 1.panta PT 5 un 1.da\u013c\u0101 rakst\u012bts, ka &quot;karogam j\u0101b\u016bt za\u013cam, sarkanam, dzeltenam tr\u012bs vien\u0101d\u0101s vertik\u0101l\u0101s sv\u012btr\u0101s ar vienu zelta zvaigzni Sarkan\u0101s sv\u012btras centr\u0101&quot;.<\/p>\n<\/blockquote>\n<h2 style=\"text-align: justify\">Kamer\u016bnas kr\u0101su karogs<\/h2>\n<p style=\"text-align: justify\">Kamer\u016bnas karoga kr\u0101sas (dzeltena, za\u013ca, sarkana) &#8211; tas ir pie\u0146emtais \u0100frikas kontinenta valstu kr\u0101su sast\u0101vs.<\/p>\n<h2 style=\"text-align: justify\">Noz\u012bm\u0113 kr\u0101sas un karoga z\u012bme<\/h2>\n<p style=\"text-align: justify\">Za\u013c\u0101 kr\u0101sa uz karoga simboliz\u0113 valsts dienvidu re\u0123iona bag\u0101t\u012bgo me\u017eu ve\u0123et\u0101ciju; liecina par cer\u012bbu uz apmierin\u0101tu n\u0101kotni. Sarkan\u0101 MNIT suverenit\u0101te un neatkar\u012bba, k\u0101 ar\u012b Kamer\u016bnas zieme\u013cu un dienvidu da\u013cas vienot\u012bba. Dzelten\u0101 MNIT saule, kas ir laimes un savannas avots Kamer\u016bna valsts zieme\u013cu da\u013c\u0101. Zvaigzne &#8211; valsts vienot\u012bbas simbols.<\/p>\n<blockquote>\n<p style=\"text-align: justify\">Kamer\u016bnas Republika ir daudzvalodu valsts, bet ier\u0113d\u0146i ir ofici\u0101li un fran\u010du valod\u0101. Un fakts, ka divas zvaigznes v\u0113l\u0101k p\u0101rv\u0113rt\u0101s par vienu, atg\u0101dina par Ukrainas iedz\u012bvot\u0101ju vienot\u012bbas noz\u012bmi, Garas nodz\u012bvotas desmitgades sadal\u012btas.<\/p>\n<\/blockquote>\n<h2 style=\"text-align: justify\">Interesanti fakti par karogu<\/h2>\n<p style=\"text-align: justify\">Kr\u0101sas uz Kamer\u016bnas karoga iemieso PanFrean kust\u012bbu, un Kamer\u016bna ir pieejama otraj\u0101 ofici\u0101laj\u0101 \u0161tat\u0101, un beig\u0101s Gana t\u0101s izmantoja sav\u0101 rekl\u0101mkarog\u0101.<\/p>\n<h2 style=\"text-align: justify\">Nespecializ\u0113ta inform\u0101cija par Kamer\u016bnu<\/h2>\n<table>\n<tbody>\n<tr style=\"text-align: justify\">\n<td>Ofici\u0101l\u0101 valoda<\/td>\n<td>fran\u010du un ang\u013cu (de facto)<\/td>\n<\/tr>\n<tr style=\"text-align: justify\">\n<td>Kapit\u0101ls<\/td>\n<td>Jaunde<\/td>\n<\/tr>\n<tr style=\"text-align: justify\">\n<td>Teritorija<\/td>\n<td>475 440 km2<\/td>\n<\/tr>\n<tr style=\"text-align: justify\">\n<td>Popul\u0101cija<\/td>\n<td>27 744 989 cilv\u0113ki<\/td>\n<\/tr>\n<tr style=\"text-align: justify\">\n<td>Val\u016bta<\/td>\n<td>Francs CFA Beaks (XAF)<\/td>\n<\/tr>\n<tr>\n<td style=\"text-align: justify\">Telefona kods<\/td>\n<td style=\"text-align: justify\">+237<\/td>\n<\/tr>\n<\/tbody>\n<\/table>\n","protected":false},"excerpt":{"rendered":"<p>Kamer\u016bnas Republika ir vald\u012bba Centr\u0101l\u0101frik\u0101, kuras atkl\u0101jumi 15. gadsimta beig\u0101s bija Portug\u0101les Gl\u0101b\u0113js. No \u0161\u012b br\u012b\u017ea tiek skait\u012bti 1. iedz\u012bvot\u0101ju kontakti ar eiropie\u0161iem. Valsts nosaukums c\u0113lies no Rio&#8230;<\/p>\n","protected":false},"author":1,"featured_media":5859,"comment_status":"open","ping_status":"open","sticky":false,"template":"","format":"standard","meta":{"footnotes":""},"categories":[5],"tags":[],"class_list":["post-1573","post","type-post","status-publish","format-standard","has-post-thumbnail","","category-frikas-valstu-karogi"],"aioseo_notices":[],"_links":{"self":[{"href":"https:\/\/flags-world.com\/lv\/wp-json\/wp\/v2\/posts\/1573","targetHints":{"allow":["GET"]}}],"collection":[{"href":"https:\/\/flags-world.com\/lv\/wp-json\/wp\/v2\/posts"}],"about":[{"href":"https:\/\/flags-world.com\/lv\/wp-json\/wp\/v2\/types\/post"}],"author":[{"embeddable":true,"href":"https:\/\/flags-world.com\/lv\/wp-json\/wp\/v2\/users\/1"}],"replies":[{"embeddable":true,"href":"https:\/\/flags-world.com\/lv\/wp-json\/wp\/v2\/comments?post=1573"}],"version-history":[{"count":0,"href":"https:\/\/flags-world.com\/lv\/wp-json\/wp\/v2\/posts\/1573\/revisions"}],"wp:featuredmedia":[{"embeddable":true,"href":"https:\/\/flags-world.com\/lv\/wp-json\/wp\/v2\/media\/5859"}],"wp:attachment":[{"href":"https:\/\/flags-world.com\/lv\/wp-json\/wp\/v2\/media?parent=1573"}],"wp:term":[{"taxonomy":"category","embeddable":true,"href":"https:\/\/flags-world.com\/lv\/wp-json\/wp\/v2\/categories?post=1573"},{"taxonomy":"post_tag","embeddable":true,"href":"https:\/\/flags-world.com\/lv\/wp-json\/wp\/v2\/tags?post=1573"}],"curies":[{"name":"wp","href":"https:\/\/api.w.org\/{rel}","templated":true}]}}