{"id":1572,"date":"2021-01-04T17:18:13","date_gmt":"2021-01-04T14:18:13","guid":{"rendered":"https:\/\/flags-world.com\/lv\/2021\/01\/04\/kambodas-karogi-nozme-un-krsas\/"},"modified":"2021-01-04T17:18:13","modified_gmt":"2021-01-04T14:18:13","slug":"kambodas-karogi-nozme-un-krsas","status":"publish","type":"post","link":"https:\/\/flags-world.com\/lv\/kambodas-karogi-nozme-un-krsas\/","title":{"rendered":"Kambod\u017eas karogi: noz\u012bme un kr\u0101sas"},"content":{"rendered":"<p style=\"text-align: justify\">Kambod\u017eas karaliste ir vald\u012bba, kas atrodas \u0100zijas dienvidaustrumos. Vi\u0146a iedz\u012bvot\u0101ji ir vair\u0101k nek\u0101 16 miljoni cilv\u0113ku. Vispopul\u0101r\u0101ko etnosu p\u0101rst\u0101v khmeri: tie ir 80% no valsts kop\u0113j\u0101 skaita.<\/p>\n<p style=\"text-align: justify\">T\u0101tad m\u016bsdienu Kambod\u017eas karogs izskat\u0101s:<\/p>\n<p style=\"text-align: justify\"><span itemprop=\"image\" itemscope itemtype=\"https:\/\/schema.org\/ImageObject\"><img itemprop=\"url image\" loading=\"lazy\" decoding=\"async\" class=\"alignnone size-full wp-image-3509\" src=\"\/wp-content\/uploads\/2021\/01\/flags-of-cambodia_1.png\" width=\"500\" height=\"320\" alt=\"Kambod\u017eas karogs-1\" \/><meta itemprop=\"width\" content=\"500\"><meta itemprop=\"height\" content=\"320\"><\/span><\/p>\n<h2 style=\"text-align: justify\">Kambod\u017eas v\u0113stures karogs<\/h2>\n<p style=\"text-align: justify\">Pirms sest\u0101 gadsimta khmeriem nebija valstiskuma k\u0101 t\u0101da: uz vietas vald\u012bja atsevi\u0161\u0137as Firstistes. Nek\u0101das at\u0161\u0137ir\u012bgas simbolikas, attiec\u012bgi, p\u0113c vi\u0146u neskait\u012b\u0161anas t\u0101 nebija. Bet pamaz\u0101m atsevi\u0161\u0137as zemes s\u0101ka apvienoties, un khmeru imp\u0113rija tika p\u0101rveidota par sp\u0113c\u012bgu un br\u012bvu valsti.<\/p>\n<p style=\"text-align: justify\">\u0145emot v\u0113r\u0101 Kambod\u017eas ofici\u0101l\u0101 karoga izcelsmes v\u0113sturi, iesp\u0113jams, izcelt p\u0101ris so\u013cus. Audekla izskatu izdev\u0101s apmain\u012bt 10 reizes.<\/p>\n<ul style=\"text-align: justify\">\n<li>Laikposms no piecpadsmit\u0101 devi\u0146padsmit\u0101 gadsimta Kambod\u017eas v\u0113stur\u0113 tiek saukts par &quot;tum\u0161ajiem laikiem&quot;. Tad karogs izskat\u012bj\u0101s k\u0101 balts audekls ar dzelten\u012bgu tr\u012bsst\u016bri. Tr\u012bsst\u016bris tika apvilkts ar \u0161auru za\u013cganu kont\u016bru.<\/li>\n<li>N\u0101kam\u0101 karoga versija tika izmesta un apstiprin\u0101ta 1863.\u00a0gad\u0101. Vi\u0146\u0161 tika uzskait\u012bts ar Francijas protektor\u0101ta z\u012bmi: ar \u0161o amatu viena vald\u012bba atrodas citas vald\u012bbas aizsardz\u012bb\u0101. Rekl\u0101mkarogs iedom\u0101j\u0101s sarkanu audumu ar ziliem ielikt\u0146iem. Centr\u0101 bija Angkor Wat kompleksa att\u0113ls. Ar maziem main\u012bgajiem lielumiem iesp\u0113ja past\u0101v\u0113ja apm\u0113ram akriem.<\/li>\n<\/ul>\n<p style=\"text-align: justify\"><span itemprop=\"image\" itemscope itemtype=\"https:\/\/schema.org\/ImageObject\"><img itemprop=\"url image\" loading=\"lazy\" decoding=\"async\" class=\"alignnone wp-image-3510\" src=\"\/wp-content\/uploads\/2021\/01\/flags-of-cambodia_2.png\" width=\"500\" height=\"320\" alt=\"Kambod\u017eas karogs-2\" \/><meta itemprop=\"width\" content=\"500\"><meta itemprop=\"height\" content=\"320\"><\/span><\/p>\n<ul style=\"text-align: justify\">\n<li>Kambod\u017eas otraj\u0101 glob\u0101laj\u0101 teritorij\u0101 ie\u0146\u0113ma Jap\u0101nas armijas. \u0160ajos gados karogu izmanto sarkans audekls ar baltu Angkor Wool karti\u0146u centr\u0101. Ta\u010du zin\u0101tnieku sec\u012bba pak\u013cauj \u0161os datus \u0161aub\u0101m: nav saglab\u0101ju\u0161ies nek\u0101di pier\u0101d\u012bjumi.<\/li>\n<\/ul>\n<p style=\"text-align: justify\"><span itemprop=\"image\" itemscope itemtype=\"https:\/\/schema.org\/ImageObject\"><img itemprop=\"url image\" loading=\"lazy\" decoding=\"async\" class=\"alignnone wp-image-3511\" src=\"\/wp-content\/uploads\/2021\/01\/flags-of-cambodia_3.png\" width=\"500\" height=\"333\" alt=\"Kambod\u017eas karogs-3\" \/><meta itemprop=\"width\" content=\"500\"><meta itemprop=\"height\" content=\"333\"><\/span><\/p>\n<ul style=\"text-align: justify\">\n<li>N\u0101kam\u0101 valsts simbolikas versija tika apstiprin\u0101ta 1948. gad\u0101. Kopum\u0101 vi\u0146\u0161 saglab\u0101ja stilistu, kur\u0161 k\u0101dreiz bija eksist\u0113jis un izskat\u012bj\u0101s p\u0113c tr\u012bskr\u0101sas &#8211; ar 2 zil\u0101m sv\u012btr\u0101m un vienu sarkanu. Kompleksa strukt\u016bra uz audekla neuzskat\u012bja \u0161o kreiso. 1970. gad\u0101. Karogs tika atcelts taj\u0101 laik\u0101, taj\u0101 laik\u0101, kad Republika pazi\u0146oja par Kambod\u017eu.<\/li>\n<\/ul>\n<p style=\"text-align: justify\"><span itemprop=\"image\" itemscope itemtype=\"https:\/\/schema.org\/ImageObject\"><img itemprop=\"url image\" loading=\"lazy\" decoding=\"async\" class=\"alignnone size-full wp-image-3512\" src=\"\/wp-content\/uploads\/2021\/01\/flags-of-cambodia_4.png\" width=\"500\" height=\"333\" alt=\"Kambod\u017eas karogs-4\" \/><meta itemprop=\"width\" content=\"500\"><meta itemprop=\"height\" content=\"333\"><\/span><\/p>\n<ul style=\"text-align: justify\">\n<li>Karalist\u0113 notiek armijas apv\u0113rsums, kura rezult\u0101t\u0101 eso\u0161ais Tsarevi\u010ds Nodoma Sja\u0146uks tiek no\u0146emts no varas. \u0122ener\u0101lis Lon Nol ievie\u0161 jaunu valsts karoga versiju. Uz t\u0101 ir t\u0101das pa\u0161as kr\u0101sas, bet papildus ir att\u0113lotas tr\u012bs zvaigznes. Ta\u010du karalisk\u0101 vald\u012bba neatz\u012bst atsvaidzino\u0161\u0101s reformas un pat\u0113r\u0113 iepriek\u0161\u0113jo karoga versiju.<\/li>\n<li>1975. gad\u0101. Sarkanie khmeri n\u0101k pie varas: Lon Nolan re\u017e\u012bms tika g\u0101zts. Kambod\u017e\u0101 tiek izmantoti tikai sarkani karogi ar dzelteniem Angkor Wat siluetiem. Kr\u0101sa simboliz\u0113ja revolucion\u0101ro kust\u012bbu un iz\u0161\u0137iro\u0161o c\u012b\u0146u par valsts labkl\u0101j\u012bbu.<\/li>\n<\/ul>\n<p style=\"text-align: justify\"><span itemprop=\"image\" itemscope itemtype=\"https:\/\/schema.org\/ImageObject\"><img itemprop=\"url image\" loading=\"lazy\" decoding=\"async\" class=\"alignnone size-full wp-image-3513\" src=\"\/wp-content\/uploads\/2021\/01\/flags-of-cambodia_5.png\" width=\"500\" height=\"333\" alt=\"Kambod\u017eas karogs-5\" \/><meta itemprop=\"width\" content=\"500\"><meta itemprop=\"height\" content=\"333\"><\/span><\/p>\n<ul style=\"text-align: justify\">\n<li>Vjetnamie\u0161u okup\u0101cijas laik\u0101 Kambod\u017e\u0101 tika pasludin\u0101ta Kampu\u010dejas Tautas Republika. Sarkan\u0101 kr\u0101sa uz audekla \u0161obr\u012bd simboliz\u0113 kambod\u017eie\u0161u asinis, ko vi\u0146i izl\u0113ja par soci\u0101listisk\u0101s revol\u016bcijas idej\u0101m. 5 tor\u0146i uz temp\u013ca silueta v\u0113st\u012bja par visas sabiedr\u012bbas vienot\u012bbu: c\u012bn\u012bt\u0101ju, inteli\u0123enci un str\u0101dnieku \u0161\u0137iru.<\/li>\n<\/ul>\n<p style=\"text-align: justify\"><span itemprop=\"image\" itemscope itemtype=\"https:\/\/schema.org\/ImageObject\"><img itemprop=\"url image\" loading=\"lazy\" decoding=\"async\" class=\"alignnone size-full wp-image-3514\" src=\"\/wp-content\/uploads\/2021\/01\/flags-of-cambodia_9.png\" width=\"500\" height=\"333\" alt=\"Kambod\u017eas karogs-6\" \/><meta itemprop=\"width\" content=\"500\"><meta itemprop=\"height\" content=\"333\"><\/span><\/p>\n<p style=\"text-align: justify\">\u0160is karoga variants gan tika izmantots diezgan akt\u012bvi, bet \u0101rzem\u0113s t\u0101 ar\u012b nebija izplat\u012bts. Heng Sumina re\u017e\u012bms, kas taj\u0101 laik\u0101 vald\u012bja valst\u012b, nebija starptautiskas atz\u012b\u0161anas; Mums vajadz\u0113ja aprobe\u017eoties tikai ar atsevi\u0161\u0137u soci\u0101listisk\u0101s nometnes valstu pal\u012bdz\u012bbu. T\u0101s bija PSRS un Vjetnama.<\/p>\n<ul style=\"text-align: justify\">\n<li>1989. gad\u0101. S\u0101kas Vjetnamas armiju nosl\u0113g\u0161ana no Kambod\u017eas. Notiek valsts simbolu deideolo\u0123iz\u0101cija: ideolo\u0123iju loma ir iev\u0113rojami daudz noz\u012bm\u012bgi mini tribute b\u016btiski. Ir pie\u0146emta jauna konstit\u016bcija: Kampu\u010das Tautas Republika tiek p\u0101rd\u0113v\u0113ta par Kambod\u017eu. \u0160obr\u012bd karogs ir 2 joslu apvienojums &#8211; sarkan\u0101 un zil\u0101 kr\u0101s\u0101. Angkor Wat centrs ar pieciem tor\u0146iem dzeltenaj\u0101 att\u0113l\u0101 gandr\u012bz vienm\u0113r ir tor\u0146i centr\u0101. Bet tas vairs nav shematisks slaven\u0101 temp\u013ca siluets, bet gan t\u0101 r\u016bp\u012bgais un p\u0101rdom\u0101tais z\u012bm\u0113jums.<\/li>\n<\/ul>\n<p style=\"text-align: justify\"><span itemprop=\"image\" itemscope itemtype=\"https:\/\/schema.org\/ImageObject\"><img itemprop=\"url image\" loading=\"lazy\" decoding=\"async\" class=\"alignnone size-full wp-image-3515\" src=\"\/wp-content\/uploads\/2021\/01\/flags-of-cambodia_6.png\" width=\"500\" height=\"333\" alt=\"Kambod\u017eas karogs-7\" \/><meta itemprop=\"width\" content=\"500\"><meta itemprop=\"height\" content=\"333\"><\/span><\/p>\n<ul style=\"text-align: justify\">\n<li>1992. gad\u0101. ANO ir izveidota pagaidu iest\u0101de. Vi\u0146a galvenais m\u0113r\u0137is ir izveidot p\u0101rejas administr\u0101cijas lomu. Vi\u0146u karogs bija zils audums ar baltu valsts karti. Valsts nosaukums uz t\u0101 bija rakst\u012bts Khemersky &#8211; Kampuchea. Simbolika tika atcelta aptuveni gada laik\u0101 &#8211; kara\u013cvalsts atg\u016b\u0161anas beig\u0101s.<\/li>\n<\/ul>\n<p style=\"text-align: justify\"><span itemprop=\"image\" itemscope itemtype=\"https:\/\/schema.org\/ImageObject\"><img itemprop=\"url image\" loading=\"lazy\" decoding=\"async\" class=\"alignnone size-full wp-image-3516\" src=\"\/wp-content\/uploads\/2021\/01\/flags-of-cambodia_7.png\" width=\"500\" height=\"333\" alt=\"Kambod\u017eas karogs-8\" \/><meta itemprop=\"width\" content=\"500\"><meta itemprop=\"height\" content=\"333\"><\/span><\/p>\n<ul style=\"text-align: justify\">\n<li>1993. gad\u0101. Atk\u0101rtots 1948. gada piem\u0113ra karogs. Kop\u0161 t\u0101 laika jaunin\u0101jumi nenotika.<\/li>\n<\/ul>\n<p style=\"text-align: justify\"><span itemprop=\"image\" itemscope itemtype=\"https:\/\/schema.org\/ImageObject\"><img itemprop=\"url image\" loading=\"lazy\" decoding=\"async\" class=\"alignnone size-full wp-image-3517\" src=\"\/wp-content\/uploads\/2021\/01\/flags-of-cambodia_8.png\" width=\"500\" height=\"320\" alt=\"Kambod\u017eas karogs-9\" \/><meta itemprop=\"width\" content=\"500\"><meta itemprop=\"height\" content=\"320\"><\/span><\/p>\n<h2 style=\"text-align: justify\">Apraksts<\/h2>\n<p style=\"text-align: justify\">Pa\u0161reiz\u0113j\u0101 Kambod\u017eas Karalistes karoga versija ir veidota no taisnst\u016bra pane\u013ca ar malu attiec\u012bbu no diviem l\u012bdz tr\u012bs. Z\u012bm\u0113 att\u0113lotas tr\u012bs da\u017e\u0101da izm\u0113ra horizont\u0101las sv\u012btras: zila un sarkana. Centr\u0101 ir uzz\u012bm\u0113ts Angkor Wat &#8211; popul\u0101rs temp\u013cu komplekss, kas celts XII gadsimta pirmaj\u0101 pus\u0113.<\/p>\n<h2 style=\"text-align: justify\">Kr\u0101su karodzi\u0146\u0161\u00a0Kambod\u017ea<\/h2>\n<p style=\"text-align: justify\">Karogs ir saloc\u012bts no 3 resn\u0101m l\u012bnij\u0101m:<\/p>\n<ol style=\"text-align: justify\">\n<li>Zil\u0101 karoga aug\u0161\u0113j\u0101s un apak\u0161\u0113j\u0101s sv\u012btras.<\/li>\n<li>Vid\u0113jais sarkans &#8211; aiz\u0146em audekla platuma vidu.<\/li>\n<li>Templis ir att\u0113lots baltos to\u0146os.<\/li>\n<\/ol>\n<h2 style=\"text-align: justify\">Noz\u012bm\u0113 kr\u0101sas un karoga z\u012bme<\/h2>\n<p style=\"text-align: justify\">Att\u0113lus un kr\u0101sas uz audekla var interpret\u0113t \u0161\u0101di:<\/p>\n<ol style=\"text-align: justify\">\n<li>Zils &#8211; monarhijas iemiesojums, valsts valdnieks tiek uzskat\u012bts par starpnieku starp augst\u0101kajiem sp\u0113kiem un parastajiem cilv\u0113kiem. 2. versij\u0101 \u0161\u012b ir debesu kr\u0101sa un domu t\u012br\u012bbas z\u012bme.<\/li>\n<li>Sarkans &#8211; vi\u0146a drosme un tautas z\u012bme.<\/li>\n<li>Balt\u0101 kr\u0101sa run\u0101 par budisma reli\u0123ijas un taisn\u012bguma iev\u0113ro\u0161anu.<\/li>\n<li>Temp\u013ca z\u012bm\u0113jums ir nosac\u012bts Visuma att\u0113ls. Angkor Wat komplekss ir ofici\u0101li atz\u012bts par milz\u012bg\u0101ko kulta celtni uz plan\u0113tas okup\u0113taj\u0101 teritorij\u0101. Vi\u0146a ir velt\u012bta Augst\u0101kajam Vi\u0161nu &#8211; visa Visuma galvenajam glab\u0101t\u0101jam.<\/li>\n<\/ol>\n<p style=\"text-align: justify\">Angkor Wat ir celts p\u0113c kalnu temp\u013ca veida. \u0160\u012b no\u0161\u0137elta piram\u012bda ar 3 l\u012bme\u0146iem. Vien\u012bg\u0101 ieeja atrodas rietumu pus\u0113. Vi\u0146a v\u0101rdu burtiski var tulkot k\u0101 &quot;pils\u0113ta&quot;. Slaveno \u0113ku diezgan bie\u017ei sal\u012bdzina ar grie\u0137u Olimpu, uz kura dz\u012bvoja Augst\u0101kais, un Zeva templi.<\/p>\n<p style=\"text-align: justify\">Var gad\u012bties, ka karoga simbolika liecina par tri\u0101di:<\/p>\n<ol style=\"text-align: justify\">\n<li>Reli\u0123ija.<\/li>\n<li>Civiliz\u0101cija.<\/li>\n<li>Kungs.<\/li>\n<\/ol>\n<p style=\"text-align: justify\">Kambod\u017ea &#8211; valstij ir sava v\u0113sture, ta\u010du t\u0101 ir piln\u012bgi jauna t\u016brismam. \u0160eit viss ir \u013coti interesants un valsts gar\u0161as pies\u0101tin\u0101ts.<\/p>\n<h2 style=\"text-align: justify\">Nespecializ\u0113ta inform\u0101cija par Kambod\u017eu<\/h2>\n<table>\n<tbody>\n<tr style=\"text-align: justify\">\n<td>Ofici\u0101l\u0101 valoda<\/td>\n<td>Khmerskis<\/td>\n<\/tr>\n<tr style=\"text-align: justify\">\n<td>Kapit\u0101ls<\/td>\n<td>Pnommas pildspalva<\/td>\n<\/tr>\n<tr style=\"text-align: justify\">\n<td>Teritorija<\/td>\n<td>181 035 km2<\/td>\n<\/tr>\n<tr style=\"text-align: justify\">\n<td>Popul\u0101cija<\/td>\n<td>16 926 984 cilv\u0113ki<\/td>\n<\/tr>\n<tr style=\"text-align: justify\">\n<td>Val\u016bta<\/td>\n<td>R\u012bla (KHR)<\/td>\n<\/tr>\n<tr>\n<td style=\"text-align: justify\">Telefona kods<\/td>\n<td style=\"text-align: justify\">+855<\/td>\n<\/tr>\n<\/tbody>\n<\/table>\n","protected":false},"excerpt":{"rendered":"<p>Kambod\u017eas karaliste ir vald\u012bba, kas atrodas \u0100zijas dienvidaustrumos. Vi\u0146a iedz\u012bvot\u0101ji ir vair\u0101k nek\u0101 16 miljoni cilv\u0113ku. Vispopul\u0101r\u0101ko etnosu p\u0101rst\u0101v khmeri: tie ir 80% no valsts kop\u0113j\u0101 skaita. T\u0101tad&#8230;<\/p>\n","protected":false},"author":1,"featured_media":5858,"comment_status":"open","ping_status":"open","sticky":false,"template":"","format":"standard","meta":{"footnotes":""},"categories":[2],"tags":[],"class_list":["post-1572","post","type-post","status-publish","format-standard","has-post-thumbnail","","category-zijas-karogi"],"aioseo_notices":[],"_links":{"self":[{"href":"https:\/\/flags-world.com\/lv\/wp-json\/wp\/v2\/posts\/1572","targetHints":{"allow":["GET"]}}],"collection":[{"href":"https:\/\/flags-world.com\/lv\/wp-json\/wp\/v2\/posts"}],"about":[{"href":"https:\/\/flags-world.com\/lv\/wp-json\/wp\/v2\/types\/post"}],"author":[{"embeddable":true,"href":"https:\/\/flags-world.com\/lv\/wp-json\/wp\/v2\/users\/1"}],"replies":[{"embeddable":true,"href":"https:\/\/flags-world.com\/lv\/wp-json\/wp\/v2\/comments?post=1572"}],"version-history":[{"count":0,"href":"https:\/\/flags-world.com\/lv\/wp-json\/wp\/v2\/posts\/1572\/revisions"}],"wp:featuredmedia":[{"embeddable":true,"href":"https:\/\/flags-world.com\/lv\/wp-json\/wp\/v2\/media\/5858"}],"wp:attachment":[{"href":"https:\/\/flags-world.com\/lv\/wp-json\/wp\/v2\/media?parent=1572"}],"wp:term":[{"taxonomy":"category","embeddable":true,"href":"https:\/\/flags-world.com\/lv\/wp-json\/wp\/v2\/categories?post=1572"},{"taxonomy":"post_tag","embeddable":true,"href":"https:\/\/flags-world.com\/lv\/wp-json\/wp\/v2\/tags?post=1572"}],"curies":[{"name":"wp","href":"https:\/\/api.w.org\/{rel}","templated":true}]}}