{"id":1569,"date":"2021-01-04T17:18:13","date_gmt":"2021-01-04T14:18:13","guid":{"rendered":"https:\/\/flags-world.com\/lv\/2021\/01\/04\/jemenas-karogs-nozme-un-krsas\/"},"modified":"2021-01-04T17:18:13","modified_gmt":"2021-01-04T14:18:13","slug":"jemenas-karogs-nozme-un-krsas","status":"publish","type":"post","link":"https:\/\/flags-world.com\/lv\/jemenas-karogs-nozme-un-krsas\/","title":{"rendered":"Jemenas karogs: noz\u012bme un kr\u0101sas"},"content":{"rendered":"<p style=\"text-align: justify\">Jemenas Republika atrodas Ar\u0101bijas pussalas dienvidrietumu da\u013c\u0101. Neatkar\u012bgi no cietzemes t\u0101 pieder pie Sokotras, Kamaranas, Perimas, Sukaras un cit\u0101m sal\u0101m. M\u016bsdienu vald\u012bba \u0161\u0137ita XX gadsimta 90. gadu pirmaj\u0101 pus\u0113 p\u0113c Zieme\u013cu un Dienvidjemenas apvieno\u0161an\u0101s ilg\u0101s c\u012b\u0146as beig\u0101s. Zieme\u013cu da\u013cu sauca par Jemenas Ar\u0101bu Republiku, bet dienvidus &#8211; Jemenas Tautas Demokr\u0101tisko Republiku.<\/p>\n<p style=\"text-align: justify\">T\u0101tad m\u016bsdienu Jemenas karogs izskat\u0101s:<\/p>\n<p style=\"text-align: justify\"><span itemprop=\"image\" itemscope itemtype=\"https:\/\/schema.org\/ImageObject\"><img itemprop=\"url image\" loading=\"lazy\" decoding=\"async\" class=\"alignnone  wp-image-4641\" src=\"\/wp-content\/uploads\/2021\/01\/yemen-flag_1.png\" width=\"500\" height=\"333\" alt=\"Jemenas-1 karogs\" \/><meta itemprop=\"width\" content=\"500\"><meta itemprop=\"height\" content=\"333\"><\/span><\/p>\n<h2 style=\"text-align: justify\">Jemenas karoga v\u0113sture<\/h2>\n<p style=\"text-align: justify\">M\u016bsdienu pa\u0161vald\u012bbas karogs apstiprin\u0101ts 1990. gada 22. maij\u0101.<\/p>\n<p style=\"text-align: justify\">No 1927. l\u012bdz 1965. gadam Jemenas Republik\u0101 past\u0101v\u0113ja person\u012bgais karogs. Jemena pa\u0146\u0113ma vi\u0146u mantojum\u0101 no Jemenas karalistes, kas past\u0101v\u0113ja 1927.\u20131962. T\u0101 izveidoj\u0101s pirm\u0101s pasaules beigu beig\u0101s un valsts atbr\u012bvo\u0161an\u0101 no ilg\u0101s Osma\u0146u varas. Uz sarkan\u0101s kr\u0101sas karoga tika att\u0113lots zvaig\u017e\u0146u zobens un izliekti 5 veidi: \u010detri karoga st\u016bros, bet 5. &#8211; virs pistoles.<\/p>\n<p style=\"text-align: justify\"><span itemprop=\"image\" itemscope itemtype=\"https:\/\/schema.org\/ImageObject\"><img itemprop=\"url image\" loading=\"lazy\" decoding=\"async\" class=\"alignnone  wp-image-4642\" src=\"\/wp-content\/uploads\/2021\/01\/yemen-flag_2.png\" width=\"500\" height=\"250\" alt=\"Jemenas-2 karogs\" \/><meta itemprop=\"width\" content=\"500\"><meta itemprop=\"height\" content=\"250\"><\/span><\/p>\n<p style=\"text-align: justify\">Beidzoties Jemenas karalistes savien\u012bbai 20.\u00a0gadsimta 50.\u00a0gadu otraj\u0101 pus\u0113 ar \u0112\u0123ipti un S\u012briju, tika apstiprin\u0101ta ar otro karogu. Uz karoga ar sarkan\u0101m, balt\u0101m un meln\u0101m sv\u012btr\u0101m centr\u0101 bija za\u013ca piecstaru zvaigzne.<\/p>\n<p style=\"text-align: justify\">Kop\u0161 dibin\u0101\u0161anas un l\u012bdz 1962. gada 4. apr\u012blim Jemenas pa\u0161vald\u012bbas z\u012bme, karogs pieder\u0113ja Dienvidar\u0101bijas feder\u0101cijai. Tas sast\u0101v\u0113ja no 3 horizont\u0101l\u0101m meln\u0101m, za\u013cgan\u0101m un zil\u0101m josl\u0101m, kuras dala \u0161auri dzelten\u012bgi. Bez tam uz t\u0101 tika att\u0113lota musulma\u0146u zvaigzne un pusm\u0113ness.<\/p>\n<p style=\"text-align: justify\"><span itemprop=\"image\" itemscope itemtype=\"https:\/\/schema.org\/ImageObject\"><img itemprop=\"url image\" loading=\"lazy\" decoding=\"async\" class=\"alignnone size-full wp-image-4643\" src=\"\/wp-content\/uploads\/2021\/01\/yemen-flag_3.png\" width=\"500\" height=\"250\" alt=\"Jemenas-3 karogs\" \/><meta itemprop=\"width\" content=\"500\"><meta itemprop=\"height\" content=\"250\"><\/span><\/p>\n<p style=\"text-align: justify\">Iepriek\u0161\u0113jais Jemenas Republikas karogs tika aizst\u0101ts 1962.\u00a0gad\u0101 ar p\u0101rsteidzo\u0161i 3 labdab\u012bg\u0101m sv\u012btr\u0101m ar\u0101bu valst\u012bm &#8211; sarkanu, baltu un melnu ar 2 Majan za\u013cgan\u0101m zvaigzn\u0113m.<\/p>\n<p style=\"text-align: justify\"><span itemprop=\"image\" itemscope itemtype=\"https:\/\/schema.org\/ImageObject\"><img itemprop=\"url image\" loading=\"lazy\" decoding=\"async\" class=\"alignnone size-full wp-image-4644\" src=\"\/wp-content\/uploads\/2021\/01\/yemen-flag_4.png\" width=\"500\" height=\"333\" alt=\"Jemenas-4 karogs\" \/><meta itemprop=\"width\" content=\"500\"><meta itemprop=\"height\" content=\"333\"><\/span><\/p>\n<p style=\"text-align: justify\">20. gadsimta 60. gadu 2. pus\u0113 to main\u012bja t\u0101du pa\u0161u kr\u0101su karogs. Pane\u013ca pamatn\u0113 bija zils tr\u012bsst\u016bris ar sarkanu piecstaru zvaigzni.<\/p>\n<p style=\"text-align: justify\"><span itemprop=\"image\" itemscope itemtype=\"https:\/\/schema.org\/ImageObject\"><img itemprop=\"url image\" loading=\"lazy\" decoding=\"async\" class=\"alignnone size-full wp-image-4645\" src=\"\/wp-content\/uploads\/2021\/01\/yemen-flag_5.png\" width=\"500\" height=\"333\" alt=\"Jemenas-5 karogs\" \/><meta itemprop=\"width\" content=\"500\"><meta itemprop=\"height\" content=\"333\"><\/span><\/p>\n<h2 style=\"text-align: justify\">Apraksts<\/h2>\n<p style=\"text-align: justify\">M\u016bsdienu Jemenas karoga krokas no da\u017e\u0101du kr\u0101su sloksn\u0113m. Audekla platumu un garumu apstiprin\u0101ja Jemenas konstit\u016bcija 20.\u00a0gadsimta 90.\u00a0gadu pirmaj\u0101 pus\u0113, un tas veido proporciju 2:3.<\/p>\n<h2 style=\"text-align: justify\">Jemenas kr\u0101sas karogs<\/h2>\n<p style=\"text-align: justify\">Karogu p\u0101rrauj tr\u012bs sarkanas, baltas un melnas sv\u012btras. Tie n\u0101k par labu ar\u0101bu valst\u012bm.<\/p>\n<h2 style=\"text-align: justify\">Noz\u012bm\u0113 kr\u0101sas un karoga z\u012bme<\/h2>\n<p style=\"text-align: justify\">Jemenas karoga noz\u012bme ir lieliski austa ar isl\u0101ma reli\u0123iju. Saska\u0146\u0101 ar le\u0123endu, pravietis Muhameds c\u012bn\u012bj\u0101s zem balt\u0101 karoga. Vi\u0146\u0161 vi\u0146u iebrauca Mek\u0101. Balt\u0101 kr\u0101sa tiek uzskat\u012bta par Omejadova kr\u0101su, kas ir tie\u0161ie pravie\u0161a p\u0113cte\u010di. No 661. l\u012bdz 750. gadam vi\u0146i vald\u012bja musulma\u0146u valst\u012bs un no 756. l\u012bdz 1031. gadam un Sp\u0101nij\u0101.<\/p>\n<p style=\"text-align: justify\">Meln\u0101 kr\u0101sa, neskaitot to, bija uz Muhameda armiju karogiem. Turkl\u0101t vi\u0146\u0161 pieder\u0113ja abbas\u012bdu \u0123imenei, Khalifat p\u0101rvaldniekiem 750.-1258.<\/p>\n<p style=\"text-align: justify\">Sarkan\u0101 kr\u0101sa tika uzskat\u012bta par ha\u0161istu kr\u0101su, kuri vad\u012bja savu \u0123imeni no pravie\u0161a Muhameda vect\u0113va. Tie\u0161i gadsimtu gait\u0101 bija Mekas em\u012bri, \u0161\u012bs ties\u012bbas vi\u0146i nodeva no T\u0113va p\u0113cn\u0101c\u0113jam.<\/p>\n<h2 style=\"text-align: justify\">Interesanti fakti par karogu<\/h2>\n<p style=\"text-align: justify\">M\u016bsdienu st\u0101sts citk\u0101rt attiecas uz kr\u0101s\u0101m uz ar\u0101bu karogiem. \u0112\u0123iptes monarhistu \u0113kas g\u0101\u0161anas beig\u0101s XX gadsimta 50. gadu pirmaj\u0101 pus\u0113 ar\u0101bu kr\u0101sas s\u0101ka simboliz\u0113t apspiesto cilv\u0113ku briesm\u012bgo v\u0113sturi. Melns &#8211; gr\u016bt\u012bbas un p\u0101rbaud\u012bjumi ce\u013c\u0101 uz br\u012bv\u012bbu, sarkans &#8211; tautas zaud\u0113jums \u0161\u0137iru c\u012b\u0146as gait\u0101, balts &#8211; iev\u0113rojama br\u012bvo cilv\u0113ku n\u0101kotne.<\/p>\n<p style=\"text-align: justify\">Jemenas konstit\u016bcija apstiprin\u0101ja valsts z\u012bmes kl\u0101tb\u016btni valsts \u0123erbon\u012b. Ab\u0101s \u0113rg\u013ca pus\u0113s ir karogi. Un uz kr\u016bt\u012bm &#8211; vairogs ar kafijas koka zaru. Tie\u0161i Jemen\u0101 ir iem\u012b\u013cots dz\u0113riens gan\u012bb\u0101s visos zemeslodes kontinentos. Laukos senatn\u0113 atrad\u0101s Sabas valsts, kuru uzc\u0113la marib dambja. Tas simboliski par\u0101d\u012bts zem kafijas att\u0113la.<\/p>\n<p style=\"text-align: justify\">M\u016bsdienu ar\u0101bu simbols s\u0101kotn\u0113ji tika apstiprin\u0101ts XX gadsimt\u0101 Stambul\u0101, kur tika pulc\u0113ti \u0161o valstu jaunie uzbruc\u0113ji. Diskusiju laik\u0101 vi\u0146i rad\u012bja secin\u0101jumu, ka simboliskaj\u0101 ar\u0101bu br\u012bvaj\u0101 karog\u0101 j\u0101b\u016bt tr\u012bs kr\u0101s\u0101m. Balts-Omejadovs, Melns &#8211; Abbas\u012bds, Za\u013c\u0161-Fimidovs. \u0160arifs Huseins, 1916. gada 10. j\u016bnija Hid\u017eazas sacel\u0161an\u0101s favor\u012bts, pieder\u0113ja \u0123imenei, kur\u0101 sarkanais bija dinastisks. San\u0101ksmju laik\u0101 vi\u0146\u0161 vi\u0146u pievienoja rekl\u0101mkarogam. 1917.\u00a0gada 30.\u00a0maiju varat uzskat\u012bt par br\u012bv\u0101 ar\u0101bu karoga dzim\u0161anas dienu.<\/p>\n<p style=\"text-align: justify\">Katra valsts att\u012bst\u012bbas period\u0101 maina ne tikai valdniekus, bet ar\u012b nacion\u0101l\u0101s z\u012bmes. Jemenas karogu izdev\u0101s main\u012bt, bet atst\u0101jiet vienot\u012bbu ar citiem ar\u0101bu karogiem.<\/p>\n<h2 style=\"text-align: justify\">Nespecializ\u0113ta inform\u0101cija par Jemenu<\/h2>\n<table>\n<tbody>\n<tr style=\"text-align: justify\">\n<td>Ofici\u0101l\u0101 valoda<\/td>\n<td>ar\u0101bs<\/td>\n<\/tr>\n<tr style=\"text-align: justify\">\n<td>Kapit\u0101ls<\/td>\n<td>Sana<\/td>\n<\/tr>\n<tr style=\"text-align: justify\">\n<td>Teritorija<\/td>\n<td>527 970 km2<\/td>\n<\/tr>\n<tr style=\"text-align: justify\">\n<td>Popul\u0101cija<\/td>\n<td>25 408 288 cilv\u0113ki<\/td>\n<\/tr>\n<tr style=\"text-align: justify\">\n<td>Val\u016bta<\/td>\n<td>Jemenas ri\u0101ls (Yer)<\/td>\n<\/tr>\n<tr>\n<td style=\"text-align: justify\">Telefona kods<\/td>\n<td style=\"text-align: justify\">+967<\/td>\n<\/tr>\n<\/tbody>\n<\/table>\n","protected":false},"excerpt":{"rendered":"<p>Jemenas Republika atrodas Ar\u0101bijas pussalas dienvidrietumu da\u013c\u0101. Neatkar\u012bgi no cietzemes t\u0101 pieder pie Sokotras, Kamaranas, Perimas, Sukaras un cit\u0101m sal\u0101m. M\u016bsdienu vald\u012bba \u0161\u0137ita XX gadsimta 90. gadu pirmaj\u0101&#8230;<\/p>\n","protected":false},"author":1,"featured_media":5854,"comment_status":"open","ping_status":"open","sticky":false,"template":"","format":"standard","meta":{"footnotes":""},"categories":[2],"tags":[],"class_list":["post-1569","post","type-post","status-publish","format-standard","has-post-thumbnail","","category-zijas-karogi"],"aioseo_notices":[],"_links":{"self":[{"href":"https:\/\/flags-world.com\/lv\/wp-json\/wp\/v2\/posts\/1569","targetHints":{"allow":["GET"]}}],"collection":[{"href":"https:\/\/flags-world.com\/lv\/wp-json\/wp\/v2\/posts"}],"about":[{"href":"https:\/\/flags-world.com\/lv\/wp-json\/wp\/v2\/types\/post"}],"author":[{"embeddable":true,"href":"https:\/\/flags-world.com\/lv\/wp-json\/wp\/v2\/users\/1"}],"replies":[{"embeddable":true,"href":"https:\/\/flags-world.com\/lv\/wp-json\/wp\/v2\/comments?post=1569"}],"version-history":[{"count":0,"href":"https:\/\/flags-world.com\/lv\/wp-json\/wp\/v2\/posts\/1569\/revisions"}],"wp:featuredmedia":[{"embeddable":true,"href":"https:\/\/flags-world.com\/lv\/wp-json\/wp\/v2\/media\/5854"}],"wp:attachment":[{"href":"https:\/\/flags-world.com\/lv\/wp-json\/wp\/v2\/media?parent=1569"}],"wp:term":[{"taxonomy":"category","embeddable":true,"href":"https:\/\/flags-world.com\/lv\/wp-json\/wp\/v2\/categories?post=1569"},{"taxonomy":"post_tag","embeddable":true,"href":"https:\/\/flags-world.com\/lv\/wp-json\/wp\/v2\/tags?post=1569"}],"curies":[{"name":"wp","href":"https:\/\/api.w.org\/{rel}","templated":true}]}}