{"id":1567,"date":"2021-01-04T17:18:13","date_gmt":"2021-01-04T14:18:13","guid":{"rendered":"https:\/\/flags-world.com\/lv\/2021\/01\/04\/itlijas-karogi-krsas-un-vsture\/"},"modified":"2021-01-04T17:18:13","modified_gmt":"2021-01-04T14:18:13","slug":"itlijas-karogi-krsas-un-vsture","status":"publish","type":"post","link":"https:\/\/flags-world.com\/lv\/itlijas-karogi-krsas-un-vsture\/","title":{"rendered":"It\u0101lijas karogi: kr\u0101sas un v\u0113sture"},"content":{"rendered":"<p style=\"text-align: justify\">It\u0101lijas karogs ir \u012bsta visu it\u0101\u013cu pa\u0161vald\u012bbas vienot\u012bbas z\u012bme. \u0122erboni rad\u012bja tautas drosm\u012bgie un pavad\u012bja Apen\u012bnu pussalas iedz\u012bvot\u0101jus pa ce\u013cam uz vienotas un br\u012bvas valsts veido\u0161anu. Lai gan m\u016bsdienu \u0161\u012bs valsts pilsonis ciena un m\u012bl dzimto karogu, par vi\u0146a darb\u012bb\u0101m un neatk\u0101rtojamo v\u0113sturi, kas saist\u012bta ar It\u0101lijas pa\u0161vald\u012bbas z\u012bmi.<\/p>\n<p style=\"text-align: justify\">It\u0101lijas karogam ir milz\u012bgs skaits l\u012bdz\u012bga dizaina dzimu\u0161o. Nepiev\u0113r\u0161ot tam uzman\u012bbu, tr\u012bskr\u0101sains saglab\u0101ja unikalit\u0101ti, un vi\u0146a b\u016bt\u012bbai bija \u013coti daudz interpret\u0101ciju &#8211; pa\u0161vald\u012bbu un eksotisku.<\/p>\n<p style=\"text-align: justify\">T\u0101tad m\u016bsdienu It\u0101lijas karogs izskat\u0101s:<\/p>\n<p style=\"text-align: justify\"><span itemprop=\"image\" itemscope itemtype=\"https:\/\/schema.org\/ImageObject\"><img itemprop=\"url image\" loading=\"lazy\" decoding=\"async\" class=\"alignnone size-full wp-image-3519\" src=\"\/wp-content\/uploads\/2021\/01\/flags-italy_1.png\" width=\"500\" height=\"333\" alt=\"It\u0101lijas karogs-1\" \/><meta itemprop=\"width\" content=\"500\"><meta itemprop=\"height\" content=\"333\"><\/span><\/p>\n<h2 style=\"text-align: justify\">V\u0113sture karogi karo It\u0101lij\u0101<\/h2>\n<p style=\"text-align: justify\">It\u0101lija aizpag\u0101ju\u0161\u0101 gada 60.\u00a0gados aizvad\u012bja izmekl\u0113\u0161anu. Agr\u0101k bija tikai individu\u0101la nacion\u0101l\u0101 izgl\u012bt\u012bba. Karogs ar \u0161o kr\u0101su kr\u0101sojumu tika izveidots pirms apvienot\u0101s It\u0101lijas ra\u0161an\u0101s.<\/p>\n<p style=\"text-align: justify\">Pirmo reizi karogs tika par\u0101d\u012bts XVIII gada beig\u0101s. Karoga izk\u0101rtojums tiek d\u0113v\u0113ts par Bolo\u0146as pils\u0113tas nemiernieku g\u013c\u0113vu\u013ciem, kuri XVIII gadsimta 9.\u00a0gadsimta pirmaj\u0101 pus\u0113 izrais\u012bja sacel\u0161anos un c\u012bn\u012bj\u0101s pret p\u0101vesta varu. \u0160\u012b doma tika aizg\u016bta no tr\u012bskr\u0101su lokiem, kurus izmantoja fran\u010du revolucion\u0101ri &#8211; republik\u0101\u0146i. Napoleons vis\u0101d\u0101 veid\u0101 pal\u012bdz\u0113ja Bolo\u0146as nemierniekiem, vi\u0146\u0161 neuzskat\u012bja, ka tas b\u016btu ieinteres\u0113ts Pontifik\u0101cijas autorit\u0101tes v\u0101jin\u0101\u0161an\u0101.<\/p>\n<p style=\"text-align: justify\">XVIII gadsimta 90. gadu otraj\u0101 pus\u0113 Napoleons Bonaparts uzvar\u0113ja p\u0101vesta dikt\u0101tu. Par\u0101d\u012bj\u0101s Hispanic republikas sast\u0101vs, ien\u0101ca Bolo\u0146a. Komandieris deva pav\u0113li, lai sacel\u0161an\u0101s karogs k\u013c\u016btu par jaun\u0101k\u0101s br\u012bv\u0101s varas ofici\u0101lu z\u012bmi. S\u0101kum\u0101 mana eksistence karogam bija horizont\u0101li novietota josla. Centr\u0101 tika uzz\u012bm\u0113ts valsts centrs, uz kura var izmantot armijas trofejas un \u010detras bultas, kas simboliz\u0113 provinces.<\/p>\n<p style=\"text-align: justify\"><span itemprop=\"image\" itemscope itemtype=\"https:\/\/schema.org\/ImageObject\"><img itemprop=\"url image\" loading=\"lazy\" decoding=\"async\" class=\"alignnone size-full wp-image-3521\" src=\"\/wp-content\/uploads\/2021\/01\/flags-italy_2.png\" width=\"448\" height=\"500\" alt=\"It\u0101lijas karogs-2\" \/><meta itemprop=\"width\" content=\"448\"><meta itemprop=\"height\" content=\"500\"><\/span><\/p>\n<p style=\"text-align: justify\">N\u0101kamaj\u0101 gad\u0101 Sipadanas vald\u012bba ien\u0101ca Cizalpinas Republik\u0101 un k\u0101 cie\u0146as z\u012bmi pasniedza tai tr\u012bskr\u0101su simboliku. Karogam bija za\u013c\u0101 un balt\u0101 kr\u0101sa ar vertik\u0101lu ziedu izvietojumu, bet karoga at\u0161\u0137ir\u012bg\u0101 iez\u012bme bija fakts, ka tam bija kvadr\u0101tveida forma.<\/p>\n<p style=\"text-align: justify\"><span itemprop=\"image\" itemscope itemtype=\"https:\/\/schema.org\/ImageObject\"><img itemprop=\"url image\" loading=\"lazy\" decoding=\"async\" class=\"alignnone size-full wp-image-3522\" src=\"\/wp-content\/uploads\/2021\/01\/flags-italy_3.png\" width=\"500\" height=\"500\" alt=\"It\u0101lijas karogs-3\" \/><meta itemprop=\"width\" content=\"500\"><meta itemprop=\"height\" content=\"500\"><\/span><\/p>\n<p style=\"text-align: justify\">1802. gad\u0101 Cizalpinas Republika tika p\u0101rd\u0113v\u0113ta par It\u0101lijas Republiku. Jaunais karogs \u0161\u0137ita:<\/p>\n<p style=\"text-align: justify\"><span itemprop=\"image\" itemscope itemtype=\"https:\/\/schema.org\/ImageObject\"><img itemprop=\"url image\" loading=\"lazy\" decoding=\"async\" class=\"alignnone size-full wp-image-3523\" src=\"\/wp-content\/uploads\/2021\/01\/flags-italy_4.png\" width=\"500\" height=\"500\" alt=\"It\u0101lijas karogs-4\" \/><meta itemprop=\"width\" content=\"500\"><meta itemprop=\"height\" content=\"500\"><\/span><\/p>\n<p style=\"text-align: justify\">1804. gad\u0101. Republika ir k\u013cuvusi par monarhiju. Pats karogs ir saglab\u0101jis vienk\u0101r\u0161u kr\u0101su, bet forma un att\u0113ls uz t\u0101 tika main\u012bts. Uz sarkan\u0101 lauka taisnst\u016bra form\u0101 tika uzz\u012bm\u0113ts balts rombs, kur\u0101 bija ierakst\u012bts za\u013cgans taisnst\u016bris. Starp Napoleona valdnieka Zelta \u0113rgli var izmantot.<\/p>\n<p style=\"text-align: justify\"><span itemprop=\"image\" itemscope itemtype=\"https:\/\/schema.org\/ImageObject\"><img itemprop=\"url image\" loading=\"lazy\" decoding=\"async\" class=\"alignnone size-full wp-image-3524\" src=\"\/wp-content\/uploads\/2021\/01\/flags-italy_5.png\" width=\"500\" height=\"333\" alt=\"It\u0101lijas karogs-5\" \/><meta itemprop=\"width\" content=\"500\"><meta itemprop=\"height\" content=\"333\"><\/span><\/p>\n<p style=\"text-align: justify\">Beig\u0101s, k\u0101 Napoleons Bonaparts zaud\u0113ja sp\u0113ku It\u0101lij\u0101, kara\u013cvalsts tika st\u016br\u0113ts uz mirst\u012bgaj\u0101m atliek\u0101m un p\u016bk\u0101m. Karogs beidza lietot, bet pati kr\u0101su kombin\u0101cija tika saglab\u0101ta un to var\u0113ja redz\u0113t da\u017eu novadu embl\u0113m\u0101s.<\/p>\n<p style=\"text-align: justify\">1861. gads iez\u012bm\u0113j\u0101s ar centraliz\u0113tas It\u0101lijas monarhijas izveidi. Jaunaj\u0101 valst\u012b ir izveidots jauns simbols &#8211; audekls, uz kura tika uzvilktas vertik\u0101las sv\u012btras (za\u013ca, balta un sarkana). Un centr\u0101 tika uzst\u0101d\u012bta dinastijas embl\u0113ma, savuk\u0101rt valdo\u0161\u0101 Savojas dinastija. Karog\u0101 atrad\u0101s sarkans heraldiskais vairogs, uz kura tika uzvilkts vertik\u0101ls krusts. It\u0101lijas fa\u0161istam 20.\u00a0gadsimta 20.\u00a0gadu otraj\u0101 pus\u0113 vald\u012bba tika sast\u0101d\u012bta, lai veiktu nelielas konfigur\u0101cijas It\u0101lijas karoga dizain\u0101, ta\u010du iebrukums nedeva v\u0113lamo rezult\u0101tu.<\/p>\n<p style=\"text-align: justify\"><span itemprop=\"image\" itemscope itemtype=\"https:\/\/schema.org\/ImageObject\"><img itemprop=\"url image\" loading=\"lazy\" decoding=\"async\" class=\"alignnone size-full wp-image-3525\" src=\"\/wp-content\/uploads\/2021\/01\/flags-italy_6.png\" width=\"500\" height=\"333\" alt=\"It\u0101lijas karogs-6\" \/><meta itemprop=\"width\" content=\"500\"><meta itemprop=\"height\" content=\"333\"><\/span><\/p>\n<p style=\"text-align: justify\">Musol\u012bni vald\u012bbas laik\u0101 no 1943. l\u012bdz 1945. gadam Zieme\u013cit\u0101lij\u0101 tika izveidota perivaskul\u0101ra It\u0101lijas Soci\u0101listisko Republika. Vi\u0146ai bija person\u012bgais karogs, tas bija valsts tr\u012bskr\u0101sains, uz kura bija att\u0113lots melns \u0113rglis ar fasciju.<\/p>\n<p style=\"text-align: justify\"><span itemprop=\"image\" itemscope itemtype=\"https:\/\/schema.org\/ImageObject\"><img itemprop=\"url image\" loading=\"lazy\" decoding=\"async\" class=\"alignnone size-full wp-image-3526\" src=\"\/wp-content\/uploads\/2021\/01\/flags-italy_7.png\" width=\"500\" height=\"333\" alt=\"It\u0101lijas karogs-7\" \/><meta itemprop=\"width\" content=\"500\"><meta itemprop=\"height\" content=\"333\"><\/span><\/p>\n<p style=\"text-align: justify\">XX gadsimta 40. gadu otraj\u0101 pus\u0113 tika apstiprin\u0101ta It\u0101lijas karoga modern\u0101 versija. \u0160obr\u012bd valsts un \u0161tata varianti ir att\u0113loti bez da\u013c\u0101m.<\/p>\n<p style=\"text-align: justify\">It\u0101lijas valsts z\u012bmes v\u0113sture ir \u013coti bag\u0101ta ar da\u017e\u0101diem aktiem. \u0160obr\u012bd karogs tiek izmantots 100 procentiem vis\u0101s nozar\u0113s: sv\u0113tkos, politiskaj\u0101s san\u0101ksm\u0113s, tautas sv\u0113tkos. To var redz\u0113t policijas, milit\u0101ro, valsts politisko strukt\u016bru, tirdzniec\u012bbas centru, m\u0101c\u012bbu iest\u0101\u017eu, r\u016bpniec\u012bbas uz\u0146\u0113mumu veidol\u0101. Pateicoties studentiem, kuri izvirz\u012bja risku pret p\u0101vesta dikt\u0101tu, un Napoleona Bonaparta pal\u012bdz\u012bba \u0161\u0137ita br\u012bva It\u0101lijas valsts ar unik\u0101lu karogu.<\/p>\n<h2 style=\"text-align: justify\">Apraksts<\/h2>\n<p style=\"text-align: justify\">It\u0101lijas karogam ir za\u013ca un balta kr\u0101sa ar vertik\u0101l\u0101m sv\u012btr\u0101m, tas izskat\u0101s \u0161\u0101di:<\/p>\n<ul style=\"text-align: justify\">\n<li>Forma ir taisnst\u016bris, un formu platuma un garuma attiec\u012bba ir 2:3.<\/li>\n<li>Taisnst\u016bris ir sadal\u012bts tr\u012bs josl\u0101s, kur\u0101m ir vien\u0101di izm\u0113ri, bet da\u017e\u0101das kr\u0101sas. It\u0101lijas valsts z\u012bmes dizainu izgudroja skol\u0113ni, kuri ierad\u0101s m\u012bti\u0146\u0101 pret t\u0113ti.<\/li>\n<\/ul>\n<h2 style=\"text-align: justify\">It\u0101lijas karogu kr\u0101so\u0161ana<\/h2>\n<p style=\"text-align: justify\">Daudziem v\u0113sturniekiem nav pareizas inform\u0101cijas, k\u0101d\u0113\u013c tika izv\u0113l\u0113tas \u0161\u0101das It\u0101lijas karoga kr\u0101sas. Sarkanbalt\u0101 simbolika attiecas uz Mil\u0101nas pils\u0113tu. \u0122erbonis, uz kura atrodas krusts, pieder \u0161\u012bs pils\u0113tas patronei &#8211; Ambrosia Meliohansky. It\u0101\u013cu za\u013c\u0101 nokr\u0101sa ir saist\u012bta ar It\u0101lijas armijas formu.<\/p>\n<p style=\"text-align: justify\">It\u0101lijas karoga kr\u0101sas izskat\u0101s k\u0101 otro valstu tr\u012bskr\u0101sas. Piem\u0113ram, Meksika un It\u0101lija ir praktiski l\u012bdz\u012bgs dizains. Karogi ar monofonisku kr\u0101sojamu, bet valsts \u0123erbonis atrodas uz Meksikas audekla, ta\u010du tas ne vienm\u0113r tiek izmantots.<\/p>\n<p style=\"text-align: justify\">Rad\u0101s probl\u0113ma ar Tricolor Ireland. To galven\u0101 at\u0161\u0137ir\u012bba ir t\u0101, ka pareiz\u0101 gala kr\u0101sa It\u0101lij\u0101 ir sarkana, un \u012arij\u0101 ir oran\u017ea. Lai tos at\u0161\u0137irtu, jums j\u0101atceras, ka \u012briem ir pietiekami daudz sarkanu matu. T\u0101 nav vien\u012bg\u0101 at\u0161\u0137ir\u012bba, \u012arijai ir karogs, More square. W Ung\u0101rijas karogs, kas tam netic, ir l\u012bdz\u012bgs It\u0101lijas karogam. Bet at\u0161\u0137ir\u012bb\u0101 no It\u0101lijas joslas, lai ar\u012b t\u0101m ir vien\u0101das kr\u0101sas, nav vertik\u0101li un horizont\u0101li.<\/p>\n<h2 style=\"text-align: justify\">Noz\u012bm\u0113 kr\u0101sas un karoga z\u012bme<\/h2>\n<p style=\"text-align: justify\">\u0160obr\u012bd ir \u013coti daudz da\u017e\u0101du karoga kr\u0101su kr\u0101su interpret\u0101ciju. M\u016bsdienu interpret\u0101cija run\u0101 par demokr\u0101tiskas un br\u012bvas valsts d\u0101rgumiem. Zin\u0101tnieki ir p\u0101rliecin\u0101ti, ka t\u0101 ir l\u012bdz\u012bba to gadu republik\u0101\u0146u Francijai, jo vi\u0146iem ir zili balti sarkanas kr\u0101sas embl\u0113ma. Cilv\u0113ku vienl\u012bdz\u012bba \u0161eit simboliz\u0113 balto uzplaukumu, bet sarkanais liecina par \u0123imeni un br\u0101l\u012bbu. Za\u013c\u0101 josla noz\u012bm\u0113 cer\u012bbu uz iev\u0113rojamu n\u0101kotni.<\/p>\n<p style=\"text-align: justify\">Da\u017ei cilv\u0113ki ir p\u0101rliecin\u0101ti, ka sniegbalti un sarkani gabali noz\u012bm\u0113 m\u012blest\u012bbu un tic\u012bbu, t\u0101s ir \u012bpa\u0161\u012bbas, kas ir \u013coti svar\u012bgas Dienvideiropas iedz\u012bvot\u0101jiem. Bez \u0161\u012b un \u0123eogr\u0101fiskajiem kr\u0101su skaidrojumiem: za\u013c\u0101 da\u013ca ir svaig\u0101 It\u0101lijas p\u013cava, baltais taisnst\u016bris ir sniegs, kas atrodas kalnu virsotn\u0113, un sarkan\u0101 l\u012bnija &#8211; vulk\u0101ni.<\/p>\n<p style=\"text-align: justify\">Ir izklaid\u0113jo\u0161a po\u0113tiska interpret\u0101cija, kas run\u0101 par ave\u0146u un zeme\u0146u og\u0101m, za\u013c\u0101m lap\u0101m, z\u0101li un piln\u012bgi baltiem miltiem.<\/p>\n<p style=\"text-align: justify\">Pav\u0101ri savu trakt\u0101tu izgudroja it\u0101\u013cu z\u012bm\u0113, par ko liecina Mocarellas siers, tom\u0101ti un pikanta z\u0101le. Izklaid\u0113jo\u0161\u0101 versija veicin\u0101ja. Fiori, kas atg\u0101dina, ka par kr\u0101sojumu liecina milicijas, t\u0101 laika str\u0101dnieku, ap\u0123\u0113rbu kr\u0101sa.<\/p>\n<h2 style=\"text-align: justify\">Interesanti fakti par karogu<\/h2>\n<ul style=\"text-align: justify\">\n<li>Reizi gad\u0101 7. janv\u0101r\u012b It\u0101lijas pilso\u0146i atz\u012bm\u0113ja karoga dienas. \u0160aj\u0101s dien\u0101s it\u0101\u013ci sar\u012bko neskait\u0101mas svin\u012bbas visos valsts nost\u016bros. Bez tam vi\u0146i valk\u0101 ap\u0123\u0113rbu karoga kr\u0101s\u0101s un rot\u0101 Tr\u012bskr\u0101sas m\u0101jas.<\/li>\n<li>D\u017euzepe Garibaldi, Sard\u012bnijas dzimtene, It\u0101lij\u0101 ir valstij piedero\u0161s str\u0101dnieks. V\u0113sturnieki ir p\u0101rliecin\u0101ju\u0161ies, ka tie\u0161i pateicoties D\u017euzepei Sardinskim Tricolor un k\u013cuva par \u012bstu m\u016bsdienu valsts z\u012bmi. Vi\u0146\u0161 uzst\u0101j\u0101s zem savas dzimt\u0101s z\u012bmes valsts savien\u012bbai XIX gadsimta vid\u016b.<\/li>\n<li>It\u0101lij\u0101 ir likums par valsts karoga neatbilsto\u0161u ievie\u0161anu, par ko draud naudas sods 5 t\u016bksto\u0161u eiro apm\u0113r\u0101. Pag\u0101ju\u0161\u0101 gadsimta beig\u0101s k\u0101ds v\u012brietis v\u0101rd\u0101 Umberto Bosi, kur\u0161 bija antieiropeisk\u0101s partijas &quot;Zieme\u013cu l\u012bga&quot; uzvar\u0113t\u0101js, karogu izmantoja k\u0101 tualetes pap\u012bru, par ko vi\u0146am piesprieda pusotru gadu cietum\u0101.<\/li>\n<li>It\u0101lijas lidma\u0161\u012bnas ir apr\u012bkotas ar apa\u013cu at\u0161\u0137ir\u012bgu valsts kr\u0101sojuma z\u012bmi. Za\u013c\u0161, \u0161eit ir \u0101r\u0113j\u0101 kont\u016bra, kur\u0101 ir ievad\u012bts balts aplis, un centr\u0101 var redz\u0113t sarkanu apli. Za\u013c\u0101s kr\u0101sas kont\u016bra tiek par\u0101d\u012bta pla\u0161\u0101k nek\u0101 citi elementi, lai nodro\u0161in\u0101tu lab\u0101ku z\u012bmju redzam\u012bbu.<\/li>\n<li>Daudzi ir p\u0101rliecin\u0101ti, ka karoga dai\u013cliterat\u016bra person\u012bgi ir Napoleons Bonaparts, ta\u010du t\u0101 ir nepareiza.<\/li>\n<li>Valst\u012b, neskaitot to, ir pica, kuras nosaukums ir &quot;It\u0101lijas karogs&quot;.<\/li>\n<\/ul>\n<h2 style=\"text-align: justify\">Nespecializ\u0113ta inform\u0101cija par It\u0101liju<\/h2>\n<table>\n<tbody>\n<tr style=\"text-align: justify\">\n<td>Ofici\u0101l\u0101 valoda<\/td>\n<td>it\u0101\u013cu valoda<\/td>\n<\/tr>\n<tr style=\"text-align: justify\">\n<td>Kapit\u0101ls<\/td>\n<td>Roma<\/td>\n<\/tr>\n<tr style=\"text-align: justify\">\n<td>Teritorija<\/td>\n<td>301 340 km2<\/td>\n<\/tr>\n<tr style=\"text-align: justify\">\n<td>Popul\u0101cija<\/td>\n<td>60 588 366 cilv\u0113ki<\/td>\n<\/tr>\n<tr style=\"text-align: justify\">\n<td>Val\u016bta<\/td>\n<td>Eiro (EUR, kods 978)<\/td>\n<\/tr>\n<tr>\n<td style=\"text-align: justify\">Telefona kods<\/td>\n<td style=\"text-align: justify\">+39<\/td>\n<\/tr>\n<\/tbody>\n<\/table>\n","protected":false},"excerpt":{"rendered":"<p>It\u0101lijas karogs ir \u012bsta visu it\u0101\u013cu pa\u0161vald\u012bbas vienot\u012bbas z\u012bme. \u0122erboni rad\u012bja tautas drosm\u012bgie un pavad\u012bja Apen\u012bnu pussalas iedz\u012bvot\u0101jus pa ce\u013cam uz vienotas un br\u012bvas valsts veido\u0161anu. Lai gan&#8230;<\/p>\n","protected":false},"author":1,"featured_media":5848,"comment_status":"open","ping_status":"open","sticky":false,"template":"","format":"standard","meta":{"footnotes":""},"categories":[3],"tags":[],"class_list":["post-1567","post","type-post","status-publish","format-standard","has-post-thumbnail","","category-eiropas-karogi"],"aioseo_notices":[],"_links":{"self":[{"href":"https:\/\/flags-world.com\/lv\/wp-json\/wp\/v2\/posts\/1567","targetHints":{"allow":["GET"]}}],"collection":[{"href":"https:\/\/flags-world.com\/lv\/wp-json\/wp\/v2\/posts"}],"about":[{"href":"https:\/\/flags-world.com\/lv\/wp-json\/wp\/v2\/types\/post"}],"author":[{"embeddable":true,"href":"https:\/\/flags-world.com\/lv\/wp-json\/wp\/v2\/users\/1"}],"replies":[{"embeddable":true,"href":"https:\/\/flags-world.com\/lv\/wp-json\/wp\/v2\/comments?post=1567"}],"version-history":[{"count":0,"href":"https:\/\/flags-world.com\/lv\/wp-json\/wp\/v2\/posts\/1567\/revisions"}],"wp:featuredmedia":[{"embeddable":true,"href":"https:\/\/flags-world.com\/lv\/wp-json\/wp\/v2\/media\/5848"}],"wp:attachment":[{"href":"https:\/\/flags-world.com\/lv\/wp-json\/wp\/v2\/media?parent=1567"}],"wp:term":[{"taxonomy":"category","embeddable":true,"href":"https:\/\/flags-world.com\/lv\/wp-json\/wp\/v2\/categories?post=1567"},{"taxonomy":"post_tag","embeddable":true,"href":"https:\/\/flags-world.com\/lv\/wp-json\/wp\/v2\/tags?post=1567"}],"curies":[{"name":"wp","href":"https:\/\/api.w.org\/{rel}","templated":true}]}}