{"id":1566,"date":"2021-01-04T17:18:13","date_gmt":"2021-01-04T14:18:13","guid":{"rendered":"https:\/\/flags-world.com\/lv\/2021\/01\/04\/spnijas-karogs-krsa-un-nozme\/"},"modified":"2021-01-04T17:18:13","modified_gmt":"2021-01-04T14:18:13","slug":"spnijas-karogs-krsa-un-nozme","status":"publish","type":"post","link":"https:\/\/flags-world.com\/lv\/spnijas-karogs-krsa-un-nozme\/","title":{"rendered":"Sp\u0101nijas karogs: kr\u0101sa un noz\u012bme"},"content":{"rendered":"<p style=\"text-align: justify\">Sp\u0101nijas karogs &#8211; valsts atpaz\u012bstam\u0101k\u0101 z\u012bme. Vi\u0146a rad\u012b\u0161anas v\u0113sture nav atdal\u0101ma no pa\u0161as valsts v\u0113stures. Sp\u0101nijas karogs ir piedz\u012bvojis milz\u012bgu skaitu konfigur\u0101ciju un ir k\u013cuvis par aculiecinieku daudziem pils\u0113tas apv\u0113rsumiem, pirms tas iemiesoj\u0101s mums apbr\u012bnojami paz\u012bstamaj\u0101 un n\u0113s\u0101 br\u012bni\u0161\u0137\u012bgo nosaukumu Rhiguhald.<\/p>\n<p style=\"text-align: justify\">T\u0101tad m\u016bsdienu Sp\u0101nijas karogs izskat\u0101s:<\/p>\n<p style=\"text-align: justify\"><span itemprop=\"image\" itemscope itemtype=\"https:\/\/schema.org\/ImageObject\"><img itemprop=\"url image\" loading=\"lazy\" decoding=\"async\" class=\"alignnone wp-image-3529\" src=\"\/wp-content\/uploads\/2021\/01\/flag-of-spain_1.png\" width=\"500\" height=\"333\" alt=\"Sp\u0101nijas karogs-1\" \/><meta itemprop=\"width\" content=\"500\"><meta itemprop=\"height\" content=\"333\"><\/span><\/p>\n<h2 style=\"text-align: justify\">Sp\u0101nijas v\u0113stures karogs<\/h2>\n<p style=\"text-align: justify\">Pirmie karogi, kas pl\u012bvoja uz m\u016bsdienu Sp\u0101nijas zemes, pieder\u0113ja mu\u013c\u0137\u012bgajiem musulma\u0146iem un krustne\u0161iem. Tad karogi kalpoja, lai apz\u012bm\u0113tu valdnieku vai senoru person\u012bg\u0101s armijas. Tie nebija sp\u0101\u0146u civiliz\u0101cijas z\u012bme, bet kalpoja k\u0101 iespaids idejai izveidot valsts m\u0113roga karogu.<\/p>\n<p style=\"text-align: justify\">\u0160hetadent\u0101 gadsimt\u0101 karaliene Kast\u012blija Huana I apprec\u0113j\u0101s ar Filipu Skaistu, Ertzgezzog Austria, Par godu \u0161im aktam par\u0101d\u0101s 1. Sp\u0101nijas karogs &#8211; sarkans bordo krusts uz balta fona. Vi\u0146\u0161 simboliz\u0113 Kast\u012blijas kombin\u0101ciju &#8211; Balto lauku un karalisko zaru, neskaitot to sauc par b\u0113rnu krustu. \u0160is dizains ar neliel\u0101m izmai\u0146\u0101m palika Sp\u0101nijas z\u012bme l\u012bdz 1713.\u00a0gadam, taj\u0101 laik\u0101, taj\u0101 laik\u0101, laik\u0101, kad valsts s\u0101ka vald\u012bt p\u0101r Burbonu \u0123imeni.<\/p>\n<p style=\"text-align: justify\"><span itemprop=\"image\" itemscope itemtype=\"https:\/\/schema.org\/ImageObject\"><img itemprop=\"url image\" loading=\"lazy\" decoding=\"async\" class=\"alignnone wp-image-3530\" src=\"\/wp-content\/uploads\/2021\/01\/flag-of-spain_2.png\" width=\"500\" height=\"333\" alt=\"Sp\u0101nijas karogs-2\" \/><meta itemprop=\"width\" content=\"500\"><meta itemprop=\"height\" content=\"333\"><\/span><\/p>\n<p style=\"text-align: justify\">K\u0101p\u0161ana uz Trona Filipa V, pirm\u0101 Burbonu \u0123imenes p\u0101rst\u0101vja Sp\u0101nij\u0101, radik\u0101li maina att\u0113lu uz karoga. Uz baltas kr\u0101sas ir Burbona \u0123erbonis, viens un tas pats karogs bija abas Burbonas Francij\u0101.<\/p>\n<p style=\"text-align: justify\"><span itemprop=\"image\" itemscope itemtype=\"https:\/\/schema.org\/ImageObject\"><img itemprop=\"url image\" loading=\"lazy\" decoding=\"async\" class=\"alignnone wp-image-3531\" src=\"\/wp-content\/uploads\/2021\/01\/flag-of-spain_3.png\" width=\"500\" height=\"334\" alt=\"Sp\u0101nijas karogs-3\" \/><meta itemprop=\"width\" content=\"500\"><meta itemprop=\"height\" content=\"334\"><\/span><\/p>\n<ul>\n<li style=\"text-align: justify\">Burbonas karogs 1701.-1760<\/li>\n<\/ul>\n<p style=\"text-align: justify\"><span itemprop=\"image\" itemscope itemtype=\"https:\/\/schema.org\/ImageObject\"><img itemprop=\"url image\" loading=\"lazy\" decoding=\"async\" class=\"alignnone wp-image-3532\" src=\"\/wp-content\/uploads\/2021\/01\/flag-of-spain_4.png\" width=\"500\" height=\"333\" alt=\"Sp\u0101nijas karogs-4\" \/><meta itemprop=\"width\" content=\"500\"><meta itemprop=\"height\" content=\"333\"><\/span><\/p>\n<ul>\n<li style=\"text-align: justify\">Burbonas karogs 1760-1785<\/li>\n<\/ul>\n<p style=\"text-align: justify\">M\u016bsdienu Sp\u0101nijas karoga skat\u012bjumam tuvs k\u013cuva 12 dizaini, kas tika izgatavoti p\u0113c kara\u013ca K\u0101r\u013ca III l\u016bguma 1785. Tolaik Sp\u0101nija v\u0113l atrad\u0101s Burbonu dzimtas p\u0101rzi\u0146\u0101, un vis\u0101s vi\u0146as pak\u013cautaj\u0101s valst\u012bs \u2013 Francij\u0101, Parm\u0101, Tosk\u0101n\u0101, div\u0101s Sic\u012blij\u0101s \u2013 bija vienmu\u013ca karoga suga: balta, ar Burbonu \u0123erboni centr\u0101. Tas rad\u012bja milz\u012bgu lietu j\u016brai, jo no milz\u012bga att\u0101luma nevar\u0113ja at\u0161\u0137irt &#8211; kur\u0161 konkr\u0113ti apg\u0101d\u0101 ku\u0123i.<\/p>\n<p style=\"text-align: justify\">1785. gada 28. maij\u0101 K\u0101rlis III sar\u012bkoja konkursu par lab\u0101ko karoga izstr\u0101di milit\u0101rajiem un tirdzniec\u012bbas ku\u0123iem. Sp\u0101\u0146i izdom\u0101 \u0161o dienu &#8211; vi\u0146a pa\u0161a pa\u0161vald\u012bbas karoga dienu.<\/p>\n<p style=\"text-align: justify\"><span itemprop=\"image\" itemscope itemtype=\"https:\/\/schema.org\/ImageObject\"><img itemprop=\"url image\" loading=\"lazy\" decoding=\"async\" class=\"alignnone size-full wp-image-3533\" src=\"\/wp-content\/uploads\/2021\/01\/flag-of-spain_5.png\" width=\"500\" height=\"333\" alt=\"Sp\u0101nijas karogs-5\" \/><meta itemprop=\"width\" content=\"500\"><meta itemprop=\"height\" content=\"333\"><\/span><\/p>\n<blockquote>\n<p style=\"text-align: justify\">Faktiski \u0161\u0101d\u0101 form\u0101 karogs past\u0101v\u0113ja l\u012bdz 1931. gadam.<\/p>\n<\/blockquote>\n<p style=\"text-align: justify\">20.\u00a0gadsimta 30.\u00a0gadu pirmaj\u0101 pus\u0113 saist\u012bb\u0101 ar republikas varas pasludin\u0101\u0161anu pa\u0161reiz\u0113jais Sp\u0101nijas karogs tika atcelts un nomain\u012bts pret opciju ar 3 sv\u012btr\u0101m: sarkanu, dzelten\u012bgu un purpursarkanu, l\u012bdz\u012bgs platum\u0101. P\u0113c asto\u0146iem gadiem, pilso\u0146u kara beig\u0101s, republika tika g\u0101zta, un vecais karogs atgriez\u0101s ikdienas dz\u012bv\u0113.<\/p>\n<p style=\"text-align: justify\"><span itemprop=\"image\" itemscope itemtype=\"https:\/\/schema.org\/ImageObject\"><img itemprop=\"url image\" loading=\"lazy\" decoding=\"async\" class=\"alignnone size-full wp-image-3534\" src=\"\/wp-content\/uploads\/2021\/01\/flag-of-spain_6.png\" width=\"500\" height=\"300\" alt=\"Sp\u0101nijas karogs-6\" \/><meta itemprop=\"width\" content=\"500\"><meta itemprop=\"height\" content=\"300\"><\/span><\/p>\n<p style=\"text-align: justify\">Ir v\u0113rts piemin\u0113t laiku, taj\u0101 laik\u0101, taj\u0101 laik\u0101, laik\u0101, kad Sp\u0101nija bija diktatora Fransisko Franko &quot;zem pasp\u0101rn\u0113&quot;. No 1938. l\u012bdz 1981. gadam uz Sp\u0101nijas karoga atrad\u0101s melnais \u0113rglis, kas ar lielajiem sp\u0101rniem no 2 pus\u0113m ap\u0146\u0113ma \u0123erboni. Tas bija smags slogs taj\u0101 laik\u0101, taj\u0101 laik\u0101, kad par nacion\u0101listisko re\u017e\u012bmu st\u0101st\u012bja visai valstij.<\/p>\n<p><span itemprop=\"image\" itemscope itemtype=\"https:\/\/schema.org\/ImageObject\"><img itemprop=\"url image\" loading=\"lazy\" decoding=\"async\" class=\"alignnone size-full wp-image-3535\" src=\"\/wp-content\/uploads\/2021\/01\/flag-of-spain_7.png\" width=\"500\" height=\"333\" alt=\"Sp\u0101nijas karogs-7\" \/><meta itemprop=\"width\" content=\"500\"><meta itemprop=\"height\" content=\"333\"><\/span><\/p>\n<ul>\n<li>Sp\u0101nijas karogs ar melno \u0113rgli 1938-1945<\/li>\n<\/ul>\n<p><span itemprop=\"image\" itemscope itemtype=\"https:\/\/schema.org\/ImageObject\"><img itemprop=\"url image\" loading=\"lazy\" decoding=\"async\" class=\"alignnone size-full wp-image-3536\" src=\"\/wp-content\/uploads\/2021\/01\/flag-of-spain_8.png\" width=\"500\" height=\"333\" alt=\"Sp\u0101nijas karogs-8\" \/><meta itemprop=\"width\" content=\"500\"><meta itemprop=\"height\" content=\"333\"><\/span><\/p>\n<ul>\n<li>Sp\u0101nijas karogs ar melno \u0113rgli 1945-1977<\/li>\n<\/ul>\n<p><span itemprop=\"image\" itemscope itemtype=\"https:\/\/schema.org\/ImageObject\"><img itemprop=\"url image\" loading=\"lazy\" decoding=\"async\" class=\"alignnone size-full wp-image-3537\" src=\"\/wp-content\/uploads\/2021\/01\/flag-of-spain_9.png\" width=\"500\" height=\"333\" alt=\"Sp\u0101nijas karogs-9\" \/><meta itemprop=\"width\" content=\"500\"><meta itemprop=\"height\" content=\"333\"><\/span><\/p>\n<ul>\n<li>Sp\u0101nijas karogs ar melno \u0113rgli 1977-1981<\/li>\n<\/ul>\n<p style=\"text-align: justify\">Gados un divdesmit\u0101 gadsimta 80. pus\u0113 \u0113rglis nokrita p\u0101ri augsnei no Sp\u0101nijas valsts karoga, Franko nomira, un Sp\u0101nijas karalis k\u013cuva Huans Karloss. Vi\u0146\u0161 p\u0101rveidoja valsti par demokr\u0101tisku re\u017e\u012bmu ar parlament\u0101ru demokr\u0101tiju un konstitucion\u0101lu monarhiju un atdeva sarkani dzeltensarkanu karogu ar kron\u0113tu \u0123erboni, ov\u0101lu ar lilij\u0101m centr\u0101 un p\u0101rpild\u012bt\u0101m kronu kolonn\u0101m mal\u0101s.<\/p>\n<p style=\"text-align: justify\">M\u016bsdienu Sp\u0101nijas karoga ar \u0123erboni skats tika ofici\u0101li pie\u0146emts 1981. gada 19. decembr\u012b. To izmanto uz sauszemes un j\u016br\u0101 k\u0101 valsts, milit\u0101ro un civilo rekl\u0101mkarogu. Valsts karogam j\u0101b\u016bt ar valsts \u0123erbo\u0146a att\u0113lu, civilajam karogam v\u0113lam\u0101 \u0123erbo\u0146a kl\u0101tb\u016btne ne vienm\u0113r b\u016bs, bet praks\u0113 karogu ar \u0123erboni izmanto visur.<\/p>\n<h2 style=\"text-align: justify\">Apraksts<\/h2>\n<p style=\"text-align: justify\">Sp\u0101nijas konstit\u016bcij\u0101 ir ofici\u0101li priek\u0161raksti attiec\u012bb\u0101 uz Sp\u0101nijas karoga veidu, kas ieviests 1981. gada 19. decembr\u012b: &quot;Sp\u0101nijas karogs ir saloc\u012bts no 3 horizont\u0101l\u0101m sv\u012btr\u0101m: sarkanas, dzeltenas un sarkanas, kop\u0101 ar \u0161o dzelteno joslu dubult\u0101 &#8211; pla\u0161i katra sarkan\u0101 sv\u012btra. Taj\u0101 j\u0101b\u016bt valsts \u0123erbo\u0146a simboliem, kas novietoti 1\/3 att\u0101lum\u0101 no karoga masta.<\/p>\n<blockquote>\n<p style=\"text-align: justify\">Uz m\u016bsdienu Sp\u0101nijas karoga ir att\u0113lotas tr\u012bs horizont\u0101las sv\u012btras: dzeltena un divas sarkanas. Dzeltens ir vid\u016b un divreiz pla\u0161\u0101ks nek\u0101 sarkan\u0101s sv\u012btras, kas ier\u0101m\u0113 karogu no aug\u0161as un apak\u0161as. Karoga dr\u0101nai ir taisnst\u016bra forma, t\u0101s da\u013cas noregul\u0113tas proporcij\u0101 2:3.<\/p>\n<\/blockquote>\n<p style=\"text-align: justify\">Ir divas Sp\u0101nijas karoga versijas: viegls un pabeigts. K\u0101 civilais karogs tiek izmantota viegl\u0101 karoga versija bez \u0123erbo\u0146a. Faktiski vis\u0101m zvejas laiv\u0101m, pasa\u017eieru pr\u0101mjiem, iepirk\u0161an\u0101s ku\u0123iem un Sp\u0101nijas Colliers ir karoga versija bez \u0123erbo\u0146a. Bet pils\u0113tu iest\u0101d\u0113m un administr\u0101cijas locek\u013ciem ir j\u0101izliek pilna karoga versija valdes strukt\u016br\u0101 un \u0101rpus t\u0101s, milit\u0101rajos objektos un noda\u013cu person\u012bgaj\u0101s dz\u012bvesviet\u0101s un to transportl\u012bdzek\u013cos.<\/p>\n<p style=\"text-align: justify\">\u0122erbo\u0146a att\u0113lam vis\u0101s sekund\u0113s j\u0101b\u016bt adres\u0113tam vien\u0101dai karoga apdarei ab\u0101s pus\u0113s. Tam j\u0101b\u016bt no lifta puses gan ar seju, gan no nepareiz\u0101s puses. Priek\u0161pus\u0113 parasts \u0123erbo\u0146a att\u0113ls, pret\u0113j\u0101 pus\u0113 spogu\u013catt\u0113ls un apgriezts uzraksts Maiden.<\/p>\n<p style=\"text-align: justify\">Var b\u016bt ar\u012b karoga vertik\u0101ls att\u0113ls: ostas pils\u0113t\u0101 Loskristianos\u0101 La Hom\u0113r\u0101 (Kan\u0101riju salas) kar\u0101 karogs proporcij\u0101s 3:1, vertik\u0101li sadal\u012bts sarkandzeltens &#8211; sarkanas sv\u012btras. Att\u0113lu izveidoja Klauss Maikls \u0160neiders un ievietoja 2010. gada 10. mart\u0101.<\/p>\n<blockquote>\n<p style=\"text-align: justify\">Kul\u0161anas Sp\u0101nijas karogs tiek izst\u0101d\u012bts Plaza de Colon (laukuma nosaukums Kolumbs) Madrides centr\u0101 2002. gada oktobr\u012b. T\u0101s izm\u0113ri: 14 metri platum\u0101 un 21 metru garum\u0101. Pane\u013ca plat\u012bba ir 264 kvadr\u0101tmetri.<\/p>\n<\/blockquote>\n<h2 style=\"text-align: justify\">Sp\u0101nijas kr\u0101su karogs<\/h2>\n<p style=\"text-align: justify\">M\u016bsdienu karoga s\u0101kotn\u0113jie dizaini bija sarkan\u0101, dzelten\u0101, balt\u0101 un zil\u0101 kr\u0101s\u0101. Past\u0101v pasaules uzskats, ka dzelten\u0101 un sarkan\u0101 kr\u0101sa tika izv\u0113l\u0113ta, lai saglab\u0101tu Sp\u0101nijas \u0123erbon\u012b eso\u0161\u0101s heraldisk\u0101s kr\u0101sas. Bet varb\u016bt toreiz izv\u0113li ietekm\u0113ja \u0161o izmaksu neskait\u012b\u0161ana un izejvielu pieejam\u012bba beic\u0113\u0161anai.<\/p>\n<p style=\"text-align: justify\">Taut\u0101 karogu kr\u0101soja &quot;Rohigualda&quot;, \u0161is v\u0101rds ir saloc\u012bts no 2 da\u013c\u0101m: ROJO r\u0101da &quot;Sarkans&quot;. Un \u0161eit ir v\u0101rda 2. da\u013ca &#8211; nor\u0101da dzeltenu kr\u0101su &#8211; Amarillo, un Gualda &#8211; sp\u0101\u0146u z\u0101les nosaukums. \u0160asija tika \u012bpa\u0161i audz\u0113ta, lai kr\u0101sotu audumus neparast\u0101 zeltaini dzelten\u0101 kr\u0101s\u0101, un \u0161\u012b auga sula iekr\u0101soja 1. Sp\u0101nijas karogus un k\u013cuva par da\u013cu no vi\u0146a popul\u0101r\u0101 v\u0101rda.<\/p>\n<h2 style=\"text-align: justify\">Noz\u012bm\u0113 kr\u0101sas un karoga z\u012bme<\/h2>\n<p style=\"text-align: justify\">Ir le\u0123enda, ka taj\u0101 laik\u0101, kad kungi izv\u0113l\u0113j\u0101s Vec\u0101 karoga nomai\u0146u, vi\u0146\u0161 izv\u0113l\u0113j\u0101s karoga zelta versiju, kas simboliz\u0113ja Sp\u0101nijas lauku augl\u012bbu. Bet, t\u0101 k\u0101 valdnieks bija kaisl\u012bgs Koridas fans, vi\u0146\u0161 tika ierindots rind\u0101, lai iem\u016b\u017ein\u0101tu \u0161o labo sp\u0101\u0146u sp\u0113li un pav\u0113l\u0113ja kalpiem atnest vi\u0146am kausu ar bullish asin\u012bm, lai novilktu divas sarkanas sv\u012btras, kas simboliz\u0113tu ar\u0113n\u0101 izliet\u0101s asinis. T\u0101d\u0113j\u0101di Sp\u0101nijas karogs ieguva personisku \u012bstu izskatu.<\/p>\n<p style=\"text-align: justify\">Uz valsts \u0123erbo\u0146a vi\u0146i atrada Sp\u0101nijas teritori\u0101lo da\u013cu personisku atspulgu: Kast\u012blija ir att\u0113lota akmens pils form\u0101, Leona, Ast\u016brija un Gal\u012bcija &#8211; lauvas form\u0101, Aragona, Katalonija un Bale\u0101ru salas ir att\u0113lotas sarkandzeltenu vertik\u0101lu sloks\u0146u veid\u0101, dzelzs \u0137\u0113des ir Navarro. Uz \u0123erbo\u0146a \u0161is gran\u0101t\u0101bols nav ieskait\u012bts &#8211; tas ir Andal\u016bzijas simbols &#8211; vietas, kur aug slaven\u0101k\u0101s Sp\u0101nijas gran\u0101tas.<\/p>\n<blockquote>\n<p style=\"text-align: justify\">Karoga nolai\u0161anas un pacel\u0161anas laik\u0101 faktiski vismaz cikos izpild\u0101s himna, kuras partit\u016bru pasniedza K\u0101rlis III Pr\u016bsijas karalis Fr\u012bdrihs Lielais.<\/p>\n<\/blockquote>\n<p style=\"text-align: justify\">Sp\u0101nijas karogs izdz\u012bvoja ilgu v\u0113sturi, lai k\u013c\u016btu par valsts uzvar\u0101m un vis\u0101m sak\u0101v\u0113m. Vi\u0146\u0161 m\u012bl savu tautu, un Sp\u0101nijas pilso\u0146i ar lepnumu un cie\u0146u pieder pie savas valsts vienot\u012bbas simbola.<\/p>\n<h2 style=\"text-align: justify\">Nespecializ\u0113ta inform\u0101cija par Sp\u0101niju<\/h2>\n<table style=\"width: 100%;height: 144px\">\n<tbody>\n<tr style=\"height: 24px;text-align: justify\">\n<td style=\"height: 24px\">Ofici\u0101l\u0101 valoda<\/td>\n<td style=\"height: 24px\">sp\u0101\u0146u valoda<\/td>\n<\/tr>\n<tr style=\"height: 24px;text-align: justify\">\n<td style=\"height: 24px\">Kapit\u0101ls<\/td>\n<td style=\"height: 24px\">Madride<\/td>\n<\/tr>\n<tr style=\"height: 24px;text-align: justify\">\n<td style=\"height: 24px\">Teritorija<\/td>\n<td style=\"height: 24px\">505 990 km2<\/td>\n<\/tr>\n<tr style=\"height: 24px;text-align: justify\">\n<td style=\"height: 24px\">Popul\u0101cija<\/td>\n<td style=\"height: 24px\">46 714 997 cilv\u0113ki<\/td>\n<\/tr>\n<tr style=\"height: 24px;text-align: justify\">\n<td style=\"height: 24px\">Val\u016bta<\/td>\n<td style=\"height: 24px\">Eiro (EUR, kods 978)<\/td>\n<\/tr>\n<tr style=\"height: 24px\">\n<td style=\"height: 24px;text-align: justify\">Telefona kods<\/td>\n<td style=\"height: 24px;text-align: justify\">+34<\/td>\n<\/tr>\n<\/tbody>\n<\/table>\n","protected":false},"excerpt":{"rendered":"<p>Sp\u0101nijas karogs &#8211; valsts atpaz\u012bstam\u0101k\u0101 z\u012bme. Vi\u0146a rad\u012b\u0161anas v\u0113sture nav atdal\u0101ma no pa\u0161as valsts v\u0113stures. Sp\u0101nijas karogs ir piedz\u012bvojis milz\u012bgu skaitu konfigur\u0101ciju un ir k\u013cuvis par aculiecinieku daudziem&#8230;<\/p>\n","protected":false},"author":1,"featured_media":5953,"comment_status":"open","ping_status":"open","sticky":false,"template":"","format":"standard","meta":{"footnotes":""},"categories":[3],"tags":[],"class_list":["post-1566","post","type-post","status-publish","format-standard","has-post-thumbnail","","category-eiropas-karogi"],"aioseo_notices":[],"_links":{"self":[{"href":"https:\/\/flags-world.com\/lv\/wp-json\/wp\/v2\/posts\/1566","targetHints":{"allow":["GET"]}}],"collection":[{"href":"https:\/\/flags-world.com\/lv\/wp-json\/wp\/v2\/posts"}],"about":[{"href":"https:\/\/flags-world.com\/lv\/wp-json\/wp\/v2\/types\/post"}],"author":[{"embeddable":true,"href":"https:\/\/flags-world.com\/lv\/wp-json\/wp\/v2\/users\/1"}],"replies":[{"embeddable":true,"href":"https:\/\/flags-world.com\/lv\/wp-json\/wp\/v2\/comments?post=1566"}],"version-history":[{"count":0,"href":"https:\/\/flags-world.com\/lv\/wp-json\/wp\/v2\/posts\/1566\/revisions"}],"wp:featuredmedia":[{"embeddable":true,"href":"https:\/\/flags-world.com\/lv\/wp-json\/wp\/v2\/media\/5953"}],"wp:attachment":[{"href":"https:\/\/flags-world.com\/lv\/wp-json\/wp\/v2\/media?parent=1566"}],"wp:term":[{"taxonomy":"category","embeddable":true,"href":"https:\/\/flags-world.com\/lv\/wp-json\/wp\/v2\/categories?post=1566"},{"taxonomy":"post_tag","embeddable":true,"href":"https:\/\/flags-world.com\/lv\/wp-json\/wp\/v2\/tags?post=1566"}],"curies":[{"name":"wp","href":"https:\/\/api.w.org\/{rel}","templated":true}]}}