{"id":1565,"date":"2021-01-04T17:18:13","date_gmt":"2021-01-04T14:18:13","guid":{"rendered":"https:\/\/flags-world.com\/lv\/2021\/01\/04\/islandes-karogs-nozme-un-krsas\/"},"modified":"2021-01-04T17:18:13","modified_gmt":"2021-01-04T14:18:13","slug":"islandes-karogs-nozme-un-krsas","status":"publish","type":"post","link":"https:\/\/flags-world.com\/lv\/islandes-karogs-nozme-un-krsas\/","title":{"rendered":"Islandes karogs: noz\u012bme un kr\u0101sas"},"content":{"rendered":"<p style=\"text-align: justify\">Islandi sauc par &quot;ledus valsti&quot;. Vald\u012bba atrodas Zieme\u013ceiropas rietumu da\u013c\u0101. Visa teritorija veidojas no sal\u0101m un sal\u0101m, un to apskalo Atlantijas oke\u0101ns. Islandei, t\u0101pat k\u0101 vismaz da\u017e\u0101m valst\u012bm, ir personiska simbolika. Rakst\u0101 m\u0113s c\u012bt\u012bgi p\u013c\u0101p\u0101jam par karogu.<\/p>\n<p style=\"text-align: justify\">T\u0101tad m\u016bsdienu Islandes karogs izskat\u0101s:<\/p>\n<p style=\"text-align: justify\"><span itemprop=\"image\" itemscope itemtype=\"https:\/\/schema.org\/ImageObject\"><img itemprop=\"url image\" loading=\"lazy\" decoding=\"async\" class=\"alignnone  wp-image-3541\" src=\"\/wp-content\/uploads\/2021\/01\/flag-of-iceland_1.png\" width=\"500\" height=\"360\" alt=\"Islandes karogs-1\" \/><meta itemprop=\"width\" content=\"500\"><meta itemprop=\"height\" content=\"360\"><\/span><\/p>\n<h2 style=\"text-align: justify\">\u012aslandes v\u0113stures karogs<\/h2>\n<p style=\"text-align: justify\">Islandes at\u0161\u0137ir\u012bgajai z\u012bmei ir bag\u0101ta v\u0113sture.<\/p>\n<ul style=\"text-align: justify\">\n<li>Pirm\u0101 pa\u0161vald\u012bbas simbolika \u0161\u0137ita devi\u0146padsmit\u0101 gadsimta 90. gadu otraj\u0101 pus\u0113: tad Islande v\u0113l bija D\u0101nijas da\u013ca. Karogs bija taisnst\u016brveida tum\u0161i zils audekls ar Balt\u0101 Skandin\u0101vijas krusta att\u0113lu. \u0160\u012b iesp\u0113ja neierad\u0101s liel\u0101s l\u012bdz\u012bbas ar Grie\u0137ijas karogu d\u0113\u013c. Atrib\u016btu sauca &quot;Kvitblaown&quot;.<\/li>\n<\/ul>\n<ul style=\"text-align: justify\">\n<li>1913. gad\u0101 Ministru prezidents iece\u013c \u012bpa\u0161u komiteju, kuras m\u0113r\u0137is b\u016bs jaun\u0101 karoga pielikuma izstr\u0101de un apstiprin\u0101\u0161ana. Komisijas dal\u012bbnieki ir laidu\u0161i klaj\u0101 2 kr\u0101su dekor\u0113\u0161anas pied\u0101v\u0101jumus: zils ar baltu krustu un, glu\u017ei pret\u0113ji, balts ar zilu sv\u012btru un debesu krustu.<\/li>\n<\/ul>\n<p style=\"text-align: justify\">2 gadus v\u0113l\u0101k tika pie\u0146emts zili-baltsarkans karogs, bet to dr\u012bkst\u0113ja lietot tikai uz sauszemes. Galven\u0101 at\u0161\u0137ir\u012bba starp tr\u012bskr\u0101su no m\u016bsdienu, kas pie\u0146emta divdesmit\u0101 gadsimta 40. gadu pirmaj\u0101 pus\u0113, bija kr\u0101su kr\u0101su pies\u0101tin\u0101jums.<\/p>\n<p style=\"text-align: justify\"><span itemprop=\"image\" itemscope itemtype=\"https:\/\/schema.org\/ImageObject\"><img itemprop=\"url image\" loading=\"lazy\" decoding=\"async\" class=\"alignnone  wp-image-3542\" src=\"\/wp-content\/uploads\/2021\/01\/flag-of-iceland_2.png\" width=\"500\" height=\"359\" alt=\"Islandes karogs-2\" \/><meta itemprop=\"width\" content=\"500\"><meta itemprop=\"height\" content=\"359\"><\/span><\/p>\n<p style=\"text-align: justify\">1918. gada 30. novembris. Vladyk Danmark\u00a0Pie\u0146em likumu par Islandes ofici\u0101l\u0101 karoga apstiprin\u0101\u0161anu. Tas tiek svin\u012bgi pacelts zem 21 lielgabala ska\u0146\u0101m. Svin\u012bg\u0101 ceremonija nosl\u0113dz\u0101s ar himnas izpild\u012bjumu.<\/p>\n<h2 style=\"text-align: justify\">Apraksts<\/h2>\n<p style=\"text-align: justify\">Uz zil\u0101 audekla skandin\u0101vu sarkanais krusts, ko ap\u0146em balta kont\u016bra; Vi\u0146a centrs sakust\u0113j\u0101s. Perpendikul\u0101rais krusts iet p\u0101ri karoga platumam un vis\u0101 garum\u0101.<\/p>\n<p style=\"text-align: justify\">Pane\u013ciem ir 2 iesp\u0113jas &#8211; st\u0101voklis un st\u0101voklis. T\u0101s at\u0161\u0137iras viena no otras garum\u0101 un ar 2 \u0113rt\u012bb\u0101m, ko veido tr\u012bsst\u016brveida kakla izgriezums.<\/p>\n<p><span itemprop=\"image\" itemscope itemtype=\"https:\/\/schema.org\/ImageObject\"><img itemprop=\"url image\" loading=\"lazy\" decoding=\"async\" class=\"alignnone  wp-image-3543\" src=\"\/wp-content\/uploads\/2021\/01\/flag-of-iceland_3.png\" width=\"500\" height=\"360\" alt=\"Islandes karogs-3\" \/><meta itemprop=\"width\" content=\"500\"><meta itemprop=\"height\" content=\"360\"><\/span><\/p>\n<p>Islandes karogs<\/p>\n<p><span itemprop=\"image\" itemscope itemtype=\"https:\/\/schema.org\/ImageObject\"><img itemprop=\"url image\" loading=\"lazy\" decoding=\"async\" class=\"alignnone  wp-image-3544\" src=\"\/wp-content\/uploads\/2021\/01\/flag-of-iceland_4.png\" width=\"500\" height=\"281\" alt=\"Islandes karogs-4\" \/><meta itemprop=\"width\" content=\"500\"><meta itemprop=\"height\" content=\"281\"><\/span><\/p>\n<p>Islandes vald\u012bbas karogs<\/p>\n<p style=\"text-align: justify\">Islandes karogs izskat\u0101s k\u0101 norv\u0113\u0123u karogs: Islandes tautas sen\u010di dz\u012bvoja Norv\u0113\u0123ij\u0101. Un ziedu un balto sarkano radinieku kl\u0101tb\u016btne ar D\u0101nijas karogu.<\/p>\n<p style=\"text-align: justify\">Saska\u0146ojot ar Islandes vald\u012bbu, karoga ievie\u0161ana ir priek\u0161roc\u012bba, nevis ties\u012bbas. Pamatojoties uz to, \u0161\u0101das valsts simbolikas \u012bpa\u0161niekam vajadz\u0113tu iev\u0113rot galvenos noteikumus un satur\u0113t &quot;rekl\u0101mkarogu&quot; lab\u0101 st\u0101vokl\u012b. Cit\u0101 gad\u012bjum\u0101 \u012bpa\u0161nieks var draud\u0113t ar milz\u012bgu sodu vai neskaitot \u0161o ieslodz\u012bjumu.<\/p>\n<h2 style=\"text-align: justify\">Kr\u0101su Islandes karogs<\/h2>\n<p style=\"text-align: justify\">Islandes karogam ir 3 kr\u0101sas: balta, zila un sarkana. Zil\u0101 un balt\u0101 kr\u0101sa valst\u012b nav slikta; Tie ir saist\u012bti ar Islandes Piek\u016bna orde\u0146a kr\u0101s\u0101m &#8211; Valsts apbalvojumu, ko pie\u0161\u0137ir par \u012bpa\u0161\u0101m balv\u0101m. Putns, neskaitot to, tika att\u0113lots uz Islandes karalisk\u0101 karoga. Un sarkans man atg\u0101dina D\u0101nijas darb\u012bbu.<\/p>\n<p style=\"text-align: justify\">Viens no salas likumiem skan: valsts karogu nedr\u012bkst pacelt l\u012bdz 7 no r\u012bta, bet tuk\u0161s &#8211; agr\u0101ks saulriets. Iz\u0146\u0113mums ir svin\u012bgi un ofici\u0101li pas\u0101kumi un s\u0113ru ceremonijas: \u0161obr\u012bd karogs var pl\u012bvot visu dienu.<\/p>\n<h2 style=\"text-align: justify\">Noz\u012bm\u0113 kr\u0101sas un karoga z\u012bme<\/h2>\n<p style=\"text-align: justify\">Kr\u0101su atbilde ir izv\u0113l\u0113ta ne tikai t\u0101 &#8211; tai ir noteikta b\u016bt\u012bba un t\u0101 ir saist\u012bta ar Islandes ainavu:<\/p>\n<ol style=\"text-align: justify\">\n<li>Sarkan\u0101 kr\u0101sa simboliz\u0113 v\u0113st\u012bjumu ar Norv\u0113\u0123iju\u00a0\u2014 v\u0113sturisko Islandi. Tas nor\u0101da uz akt\u012bviem vulk\u0101niem, to pussal\u0101 ir pietiekami daudz.<\/li>\n<li>Zils &#8211; nes Atlantijas oke\u0101na \u016bdeni, debesis un kalnu virsotnes, kuras ieskauj Islande.<\/li>\n<li>Balts \u2013 atg\u0101dina sniegu Pokrovu un ledu.<\/li>\n<\/ol>\n<blockquote>\n<p style=\"text-align: justify\">\u012aslandes karoga b\u0101ze kalpoja Norv\u0113\u0123ijas tr\u012bskr\u0101sainam. Krusts ir kristiet\u012bbas simbols; To var atrast uz visu Skandin\u0101vijas valstu karogiem.<\/p>\n<\/blockquote>\n<p style=\"text-align: justify\">Divdesmit\u0101 gadsimta 40. gadu pirmaj\u0101 pus\u0113 Islande k\u013cuva par republiku &#8211; pa\u0161reiz\u0113jais karogs tika ieviests likum\u0101 k\u0101 valsts. \u012aslandes premjerministra vietn\u0113 ir ievietoti ticami dati par karoga proporcij\u0101m un kr\u0101s\u0101m.<\/p>\n<h2 style=\"text-align: justify\">Nespecializ\u0113ta inform\u0101cija par Islandi<\/h2>\n<table>\n<tbody>\n<tr style=\"text-align: justify\">\n<td>Ofici\u0101l\u0101 valoda<\/td>\n<td>islandie\u0161u<\/td>\n<\/tr>\n<tr style=\"text-align: justify\">\n<td>Kapit\u0101ls<\/td>\n<td>Reikjav\u012bka<\/td>\n<\/tr>\n<tr style=\"text-align: justify\">\n<td>Teritorija<\/td>\n<td>103 125 km2<\/td>\n<\/tr>\n<tr style=\"text-align: justify\">\n<td>Popul\u0101cija<\/td>\n<td>357 050 cilv\u0113ki<\/td>\n<\/tr>\n<tr style=\"text-align: justify\">\n<td>Val\u016bta<\/td>\n<td>Islande Krona, (ISK, kods 352)<\/td>\n<\/tr>\n<tr>\n<td style=\"text-align: justify\">Telefona kods<\/td>\n<td style=\"text-align: justify\">+354<\/td>\n<\/tr>\n<\/tbody>\n<\/table>\n","protected":false},"excerpt":{"rendered":"<p>Islandi sauc par &quot;ledus valsti&quot;. Vald\u012bba atrodas Zieme\u013ceiropas rietumu da\u013c\u0101. Visa teritorija veidojas no sal\u0101m un sal\u0101m, un to apskalo Atlantijas oke\u0101ns. Islandei, t\u0101pat k\u0101 vismaz da\u017e\u0101m valst\u012bm,&#8230;<\/p>\n","protected":false},"author":1,"featured_media":5847,"comment_status":"open","ping_status":"open","sticky":false,"template":"","format":"standard","meta":{"footnotes":""},"categories":[3],"tags":[],"class_list":["post-1565","post","type-post","status-publish","format-standard","has-post-thumbnail","","category-eiropas-karogi"],"aioseo_notices":[],"_links":{"self":[{"href":"https:\/\/flags-world.com\/lv\/wp-json\/wp\/v2\/posts\/1565","targetHints":{"allow":["GET"]}}],"collection":[{"href":"https:\/\/flags-world.com\/lv\/wp-json\/wp\/v2\/posts"}],"about":[{"href":"https:\/\/flags-world.com\/lv\/wp-json\/wp\/v2\/types\/post"}],"author":[{"embeddable":true,"href":"https:\/\/flags-world.com\/lv\/wp-json\/wp\/v2\/users\/1"}],"replies":[{"embeddable":true,"href":"https:\/\/flags-world.com\/lv\/wp-json\/wp\/v2\/comments?post=1565"}],"version-history":[{"count":0,"href":"https:\/\/flags-world.com\/lv\/wp-json\/wp\/v2\/posts\/1565\/revisions"}],"wp:featuredmedia":[{"embeddable":true,"href":"https:\/\/flags-world.com\/lv\/wp-json\/wp\/v2\/media\/5847"}],"wp:attachment":[{"href":"https:\/\/flags-world.com\/lv\/wp-json\/wp\/v2\/media?parent=1565"}],"wp:term":[{"taxonomy":"category","embeddable":true,"href":"https:\/\/flags-world.com\/lv\/wp-json\/wp\/v2\/categories?post=1565"},{"taxonomy":"post_tag","embeddable":true,"href":"https:\/\/flags-world.com\/lv\/wp-json\/wp\/v2\/tags?post=1565"}],"curies":[{"name":"wp","href":"https:\/\/api.w.org\/{rel}","templated":true}]}}