{"id":1564,"date":"2021-01-04T17:18:12","date_gmt":"2021-01-04T14:18:12","guid":{"rendered":"https:\/\/flags-world.com\/lv\/2021\/01\/04\/rijas-karogs-krsa-un-attls\/"},"modified":"2021-01-04T17:18:12","modified_gmt":"2021-01-04T14:18:12","slug":"rijas-karogs-krsa-un-attls","status":"publish","type":"post","link":"https:\/\/flags-world.com\/lv\/rijas-karogs-krsa-un-attls\/","title":{"rendered":"\u012arijas karogs: kr\u0101sa un att\u0113ls"},"content":{"rendered":"<p style=\"text-align: justify\">\u012arijas karogs \u2014 \u0161\u012bs valsts pa\u0161vald\u012bbas z\u012bme. Vi\u0146a st\u0101sts s\u0101k\u0101s v\u0113l viens p\u0101ris gadu iepriek\u0161. Iepriek\u0161\u0113j\u0101 laik\u0101 karoga forma tika iev\u0113rojami main\u012bta, kr\u0101su v\u0113rt\u012bbas tika main\u012btas. M\u016bsdienu \u012arijas pa\u0161vald\u012bbas z\u012bme uzsver t\u0101s valsts neatkar\u012bbu un neatkar\u012bbu, kas pasludina demokr\u0101tiju.<\/p>\n<p style=\"text-align: justify\">T\u0101tad m\u016bsdienu \u012arijas karogs izskat\u0101s:<\/p>\n<p style=\"text-align: justify\"><span itemprop=\"image\" itemscope itemtype=\"https:\/\/schema.org\/ImageObject\"><img itemprop=\"url image\" loading=\"lazy\" decoding=\"async\" class=\"alignnone size-full wp-image-3309\" src=\"\/wp-content\/uploads\/2021\/01\/flag-of-ireland_1.png\" width=\"500\" height=\"250\" alt=\"\u012arijas karogs-1\" \/><meta itemprop=\"width\" content=\"500\"><meta itemprop=\"height\" content=\"250\"><\/span><\/p>\n<h2 style=\"text-align: justify\">\u012arijas v\u0113stures karogs<\/h2>\n<p style=\"text-align: justify\">S\u0101kum\u0101 \u012arijas karogs bija vienkr\u0101sains audekls ar za\u013cganu p\u0101rslu. Tika att\u0113lots Hape g\u0113lu instruments &#8211; Zelta arfa. \u0160o simboliku pla\u0161i izmantoja pussalas bazn\u012bcu konfeder\u0101cij\u0101, kur\u0101 ietilpa anglonorm\u0101\u0146u iedz\u012bvot\u0101ji. Organiz\u0101cija pussal\u0101 past\u0101v\u0113ja l\u012bdz 1651. gadam.<\/p>\n<p style=\"text-align: justify\">\u0160obr\u012bd za\u013cganaj\u0101 audum\u0101 ar arfu izmantota Leinsteres province, kas atrodas \u012arijas austrumu da\u013c\u0101. \u0160is karogs var sazin\u0101ties valsts flot\u0113.<\/p>\n<p style=\"text-align: justify\"><span itemprop=\"image\" itemscope itemtype=\"https:\/\/schema.org\/ImageObject\"><img itemprop=\"url image\" loading=\"lazy\" decoding=\"async\" class=\"alignnone size-full wp-image-3310\" src=\"\/wp-content\/uploads\/2021\/01\/flag-of-ireland_2.png\" width=\"500\" height=\"250\" alt=\"\u012arijas karogs-2\" \/><meta itemprop=\"width\" content=\"500\"><meta itemprop=\"height\" content=\"250\"><\/span><\/p>\n<p style=\"text-align: justify\">Za\u013cganais audekls ar arfas att\u0113lu neofici\u0101li atpaz\u012bst \u012arijas karogu. Tas ilga l\u012bdz 1922. gadam.<\/p>\n<p style=\"text-align: justify\">Oran\u017e\u0101s kr\u0101sas izcelsme uz valsts pa\u0161vald\u012bbas z\u012bmes za\u013cgan\u0101 fona s\u0101kotn\u0113ji iez\u012bm\u0113ja kato\u013cu nepatiku pret protestantiem. K\u0101 zin\u0101ms, protestanti bija Lielbrit\u0101nijas Kunga Vilhelma II pus\u0113 ar iesauku Viljams Reds.<\/p>\n<p style=\"text-align: justify\">Oran\u017es &#8211; laba Vilhelma III karalisk\u0101s \u0123imenes kr\u0101sa Oran\u017es. \u0160is kungs ir sak\u0101vis iev\u0113rojamu c\u012b\u0146u up\u0113 l\u012bdz nokau\u0161anai, kas pal\u012bdz\u0113ja saglab\u0101t protestantu aktu pussal\u0101. V\u0113l\u0101k balta sv\u012btra uz karoga iez\u012bm\u0113ja kato\u013cu samierin\u0101\u0161anos ar protestantiem.<\/p>\n<p style=\"text-align: justify\">\u012aru tr\u012bskr\u0101sas izcelsme interpret\u0113 divas versijas. Abi ir saist\u012bti ar \u012bsto revolucion\u0101ru, nacion\u0101listu Tomasu M\u012bgeru. S\u0101kotn\u0113ji vi\u0146\u0161 r\u0101d\u012bja rekl\u0101mkarogu Francijas galvaspils\u0113t\u0101 Par\u012bz\u0113. Tas notika 1848. gad\u0101.<\/p>\n<p style=\"text-align: justify\"><span itemprop=\"image\" itemscope itemtype=\"https:\/\/schema.org\/ImageObject\"><img itemprop=\"url image\" loading=\"lazy\" decoding=\"async\" class=\"alignnone size-full wp-image-3311\" src=\"\/wp-content\/uploads\/2021\/01\/flag-of-ireland_3.png\" width=\"500\" height=\"250\" alt=\"\u012arijas karogs-3\" \/><meta itemprop=\"width\" content=\"500\"><meta itemprop=\"height\" content=\"250\"><\/span><\/p>\n<p style=\"text-align: justify\">Saska\u0146ojot ar vienu no min\u0113jumiem, \u012arijas karoga kr\u0101sa ir tie\u0161i saist\u012bta ar salu karogiem: \u0145\u016bfaundlenda, Labradora. Turkl\u0101t 1. pussal\u0101 ir gan\u012bbu megera. Saska\u0146\u0101 ar otro pie\u0146\u0113mumu m\u016bsdienu karoga sugas \u0161\u0137ita, pateicoties fran\u010du rekl\u0101mkarogam.<\/p>\n<p style=\"text-align: justify\">1906. gad\u0101 Tricolor izmantoja Shinn Faine kust\u012bbu. Ar \u0161o karogu uzst\u0101j\u0101s akt\u012bvi c\u012bn\u012bt\u0101ji par neatkar\u012bbu. Karogi palika masveida politiskaj\u0101s san\u0101ksm\u0113s. Karogs nor\u0101d\u012bja Shinn Faine z\u012bmi. Es saku, ka taj\u0101 laik\u0101 audekla str\u0113melei bija iesp\u0113ja likt horizont\u0101li. Za\u013c\u0101s un oran\u017e\u0101s kr\u0101sas periodiski main\u012bja vietas.<\/p>\n<p style=\"text-align: justify\">S\u0101kotn\u0113ji \u012arijas tr\u012bskr\u0101su karogs ar vertik\u0101l\u0101m sv\u012btr\u0101m tika uzst\u0101d\u012bts virs pasta noda\u013cas Dublinas pils\u0113t\u0101 1916. \u0160is atbild\u012bgais notikums tika public\u0113ts Lieldienu sacel\u0161an\u0101s laik\u0101, kas bija velt\u012bta c\u012b\u0146ai par Republikas neatkar\u012bbu. Tr\u012bs gadus v\u0113l\u0101k \u012arijas parlaments apstiprin\u0101ja valsts tr\u012bskr\u0101su simbolu. No 1919. gada. l\u012bdz 1921. gadam. Rekl\u0101mkarogs tika izmantots pilso\u0146u kar\u0101.<\/p>\n<p style=\"text-align: justify\">1921.\u00a0gada decembris: Lielbrit\u0101nija atzina \u012ariju par br\u012bvu valsti, kurai ir kundz\u012bbas statuss. Valsts ir k\u013cuvusi br\u012bva k\u0101 da\u013ca no Sadraudz\u012bbas. Tr\u012bskr\u0101sas atz\u012b\u0161ana valsts l\u012bmen\u012b \u012arijas karogs izn\u0101ca divdesmit\u0101 gadsimta 30. gadu otraj\u0101 pus\u0113 (29. decembr\u012b).<\/p>\n<p style=\"text-align: justify\">Karogs \u012arij\u0101 ir gandr\u012bz vis\u0101s valsts iest\u0101d\u0113s. Par necien\u012bgu attieksmi pret to sod\u0101mas valsts likums.<\/p>\n<p style=\"text-align: justify\">S\u016bt\u012bt, lai samazin\u0101tu Zieme\u013c\u012briju\u00a0Atrodas Lielbrit\u0101nijas Apvienotaj\u0101 Karalist\u0113. Tas ir br\u012bvs no \u012arijas Republikas, un taj\u0101 ir ar\u012b personiskas nacion\u0101l\u0101s z\u012bmes. Zieme\u013cvalsts ofici\u0101lo rekl\u0101mkarogu atz\u012bst Apvienot\u0101s Karalistes Potnists.<\/p>\n<h2 style=\"text-align: justify\">Apraksts<\/h2>\n<p style=\"text-align: justify\">\u012arijas karogs ir taisnst\u016bra formas audums, kura garums divas reizes p\u0101rsniedz platumu. To atdala 3 vertik\u0101las sv\u012btras, kas ir l\u012bdz\u012bga izm\u0113ra, bet at\u0161\u0137iras p\u0113c kr\u0101sas. Uz auduma nav papildu z\u012bmju.<\/p>\n<h2 style=\"text-align: justify\">\u012arijas kr\u0101su karogs<\/h2>\n<p style=\"text-align: justify\">P\u0101r\u0101k gai\u0161s \u012arijas karogs. Pie pa\u0161a kr\u0101juma ir za\u013ca sloksne, centr\u0101 &#8211; Balta, vi\u0146ai oran\u017ea.<\/p>\n<p style=\"text-align: justify\">Tricolor Ireland ir milz\u012bga l\u012bdz\u012bba ar tr\u012bskr\u0101su lielgabalu Kotdivu\u0101ra (\u0100frikas vald\u012bba). Abus pane\u013cus norobe\u017eo vertik\u0101las baltas, za\u013cas, oran\u017eas kr\u0101sas sv\u012btras. Ta\u010du U \u0100frikas karoga oran\u017e\u0101 kr\u0101sa ir iek\u013cauta.<\/p>\n<h2 style=\"text-align: justify\">Karoga kr\u0101su noz\u012bme<\/h2>\n<p style=\"text-align: justify\">Lai gan Tricolor Ireland nokr\u0101sai ir noteikta noz\u012bme:<\/p>\n<ol style=\"text-align: justify\">\n<li>Za\u013c\u0161 simboliz\u0113 bazn\u012bcas tic\u012bbas atbalst\u012bt\u0101jus, ir laba valsts kr\u0101sa.<\/li>\n<li>Apels\u012bns &#8211; protestantu sabiedr\u012bbas simbols.<\/li>\n<li>Balt\u0101 nokr\u0101sa liecina par mier\u012bgu 2 konfesiju l\u012bdz\u0101spast\u0101v\u0113\u0161anu.<\/li>\n<\/ol>\n<p style=\"text-align: justify\">Tr\u012bskr\u0101su \u012arijas karogs simboliz\u0113 sabiedr\u012bbas reli\u0123isko bag\u0101t\u012bbu un \u0161\u012bs valsts iedz\u012bvot\u0101ju vienot\u012bbu. \u012ari lepojas ar savu tr\u012bskr\u0101su un v\u0113sturi. \u0160is valsts simbols atrodas visos sv\u0113tkos, sporta sacens\u012bb\u0101s un citos nopietnos pas\u0101kumos.<\/p>\n<h2 style=\"text-align: justify\">Nespecializ\u0113ta inform\u0101cija par \u012ariju<\/h2>\n<table>\n<tbody>\n<tr style=\"text-align: justify\">\n<td>Ofici\u0101l\u0101 valoda<\/td>\n<td>\u012bru, ang\u013cu<\/td>\n<\/tr>\n<tr style=\"text-align: justify\">\n<td>Kapit\u0101ls<\/td>\n<td>Dublina<\/td>\n<\/tr>\n<tr style=\"text-align: justify\">\n<td>Teritorija<\/td>\n<td>70 273 km2<\/td>\n<\/tr>\n<tr style=\"text-align: justify\">\n<td>Popul\u0101cija<\/td>\n<td>4\u00a0921\u00a0500 cilv\u0113ku<\/td>\n<\/tr>\n<tr style=\"text-align: justify\">\n<td>Val\u016bta<\/td>\n<td>Eiro (EUR, kods 978)<\/td>\n<\/tr>\n<tr>\n<td style=\"text-align: justify\">Telefona kods<\/td>\n<td style=\"text-align: justify\">+353<\/td>\n<\/tr>\n<\/tbody>\n<\/table>\n","protected":false},"excerpt":{"rendered":"<p>\u012arijas karogs \u2014 \u0161\u012bs valsts pa\u0161vald\u012bbas z\u012bme. Vi\u0146a st\u0101sts s\u0101k\u0101s v\u0113l viens p\u0101ris gadu iepriek\u0161. Iepriek\u0161\u0113j\u0101 laik\u0101 karoga forma tika iev\u0113rojami main\u012bta, kr\u0101su v\u0113rt\u012bbas tika main\u012btas. M\u016bsdienu \u012arijas&#8230;<\/p>\n","protected":false},"author":1,"featured_media":5846,"comment_status":"open","ping_status":"open","sticky":false,"template":"","format":"standard","meta":{"footnotes":""},"categories":[3],"tags":[],"class_list":["post-1564","post","type-post","status-publish","format-standard","has-post-thumbnail","","category-eiropas-karogi"],"aioseo_notices":[],"_links":{"self":[{"href":"https:\/\/flags-world.com\/lv\/wp-json\/wp\/v2\/posts\/1564","targetHints":{"allow":["GET"]}}],"collection":[{"href":"https:\/\/flags-world.com\/lv\/wp-json\/wp\/v2\/posts"}],"about":[{"href":"https:\/\/flags-world.com\/lv\/wp-json\/wp\/v2\/types\/post"}],"author":[{"embeddable":true,"href":"https:\/\/flags-world.com\/lv\/wp-json\/wp\/v2\/users\/1"}],"replies":[{"embeddable":true,"href":"https:\/\/flags-world.com\/lv\/wp-json\/wp\/v2\/comments?post=1564"}],"version-history":[{"count":0,"href":"https:\/\/flags-world.com\/lv\/wp-json\/wp\/v2\/posts\/1564\/revisions"}],"wp:featuredmedia":[{"embeddable":true,"href":"https:\/\/flags-world.com\/lv\/wp-json\/wp\/v2\/media\/5846"}],"wp:attachment":[{"href":"https:\/\/flags-world.com\/lv\/wp-json\/wp\/v2\/media?parent=1564"}],"wp:term":[{"taxonomy":"category","embeddable":true,"href":"https:\/\/flags-world.com\/lv\/wp-json\/wp\/v2\/categories?post=1564"},{"taxonomy":"post_tag","embeddable":true,"href":"https:\/\/flags-world.com\/lv\/wp-json\/wp\/v2\/tags?post=1564"}],"curies":[{"name":"wp","href":"https:\/\/api.w.org\/{rel}","templated":true}]}}